{"id":72926,"date":"2024-01-04T08:32:35","date_gmt":"2024-01-04T12:32:35","guid":{"rendered":"https:\/\/lasprimeras.com.do\/?p=72926"},"modified":"2024-01-04T08:32:37","modified_gmt":"2024-01-04T12:32:37","slug":"el-presidente-de-el-salvador-nayib-bukele-lleva-su-campana-de-reeleccion-mas-alla-de-las-fronteras","status":"publish","type":"post","link":"https:\/\/lasprimeras.com.do\/index.php\/2024\/01\/04\/el-presidente-de-el-salvador-nayib-bukele-lleva-su-campana-de-reeleccion-mas-alla-de-las-fronteras\/","title":{"rendered":"El presidente de El Salvador, Nayib Bukele, lleva su campa\u00f1a de reelecci\u00f3n m\u00e1s all\u00e1 de las fronteras"},"content":{"rendered":"\n<p>POR MARCOS ALEMAN<\/p>\n\n\n\n<p>SAN SALVADOR, El Salvador (AP) \u2014 Nayib Bukele de El Salvador llev\u00f3 su campa\u00f1a de reelecci\u00f3n presidencial m\u00e1s all\u00e1 de las fronteras del peque\u00f1o pa\u00eds centroamericano el mi\u00e9rcoles por la noche para capitalizar su creciente perfil en toda Am\u00e9rica Latina.<\/p>\n\n\n\n<p>Durante un foro de dos horas en la plataforma X, Bukele acus\u00f3 a los cr\u00edticos de sus controvertidas pol\u00edticas \u2013incluida la Comisi\u00f3n Interamericana de Derechos Humanos e instituciones internacionales similares\u2013 de tratar de mantener a El Salvador y otras naciones en desarrollo bajo control.<\/p>\n\n\n\n<p>A Bukele se le concedi\u00f3 una licencia presidencial de seis meses a partir de diciembre para postularse a la reelecci\u00f3n, a pesar de la prohibici\u00f3n constitucional de la reelecci\u00f3n. El Congreso aprob\u00f3 la selecci\u00f3n por parte del presidente de su secretario privado para ser el l\u00edder interino del pa\u00eds.<\/p>\n\n\n\n<p>La Corte Suprema, repleta de jueces seleccionados por los aliados de Bukele en el Congreso, dictamin\u00f3 en 2021 que Bukele podr\u00eda buscar un segundo mandato de cinco a\u00f1os en las elecciones del 4 de febrero.<\/p>\n\n\n\n<p>Cuando se le pregunt\u00f3 el mi\u00e9rcoles si buscar\u00eda cambiar la constituci\u00f3n para permitir su reelecci\u00f3n indefinida, Bukele dijo que no.<\/p>\n\n\n\n<p>En abril de 2023, la comisi\u00f3n pidi\u00f3 a El Salvador que levantara el estado de emergencia instituido en marzo de 2022 que permiti\u00f3 al gobierno de Bukele intensificar su lucha contra las poderosas pandillas del pa\u00eds.<\/p>\n\n\n\n<p>El estado de emergencia suspende algunos derechos fundamentales como el de que la polic\u00eda tenga que informar a las personas del motivo de su detenci\u00f3n o darles acceso a un abogado.<\/p>\n\n\n\n<p>Unas 74.000 personas han sido arrestadas bajo la guerra de Bukele contra las pandillas . Posteriormente, los jueces liberaron a m\u00e1s de 7.000 de ellos.<\/p>\n\n\n\n<p>Grupos de derechos humanos en El Salvador y en el extranjero han criticado a Bukele por la falta de debido proceso y otros abusos. Pero la ca\u00edda resultante en los homicidios ha consolidado el apoyo a Bukele entre la mayor\u00eda de los salvadore\u00f1os.<\/p>\n\n\n\n<p>Bukele ha declarado a El Salvador el pa\u00eds m\u00e1s seguro de Am\u00e9rica Latina, apenas unos a\u00f1os despu\u00e9s de que fuera catalogado como uno de los m\u00e1s mort\u00edferos del mundo . Muchos han expresado su voluntad de pasar por alto la erosi\u00f3n de los controles y equilibrios a cambio de vecindarios seguros.<\/p>\n\n\n\n<p>Sus intercambios con personas de una gran cantidad de pa\u00edses latinoamericanos reflejaron c\u00f3mo su \u00e9xito ha resonado m\u00e1s all\u00e1 de las fronteras de El Salvador, incluso frente a cr\u00edticas a veces fulminantes de Estados Unidos y Europa.<\/p>\n\n\n\n<p>Su respuesta a los cr\u00edticos del mi\u00e9rcoles hizo eco de su discurso de 2023 ante la Asamblea General de las Naciones Unidas , en el que dijo que si El Salvador hubiera escuchado a sus cr\u00edticos volver\u00eda a ser la capital del asesinato.<\/p>\n\n\n\n<p>\u201cHoy vengo a decirles que ese debate termin\u00f3\u201d, dijo Bukele en la ONU. \u201cLas decisiones que tomamos fueron correctas. Ya no somos la capital mundial de la muerte y lo logramos en un tiempo r\u00e9cord. Hoy somos un modelo de seguridad y nadie lo puede dudar. Ah\u00ed est\u00e1n los resultados. Son irrefutables\u201d.<\/p>\n\n\n\n<p>Bukele disfruta de alt\u00edsimos \u00edndices de aprobaci\u00f3n en El Salvador. Impuls\u00f3 la imagen internacional de su pa\u00eds al albergar eventos como los Juegos Centroamericanos y del Caribe en julio y el certamen Miss Universo en noviembre.<\/p>\n\n\n\n<p>El presidente ha respondido descaradamente a sus cr\u00edticos, acus\u00e1ndolos de defender a mafiosos.&nbsp;Su \u00e9xito ha estimulado a una serie de aspirantes pol\u00edticos en otros pa\u00edses latinoamericanos, desde Argentina hasta Guatemala, que prometen emular sus t\u00e1cticas de mano dura.<\/p>\n\n\n\n<p>El mi\u00e9rcoles, Bukele dijo que hab\u00eda hablado con uno de esos pol\u00edticos extranjeros en un pa\u00eds donde la gente estaba harta de los partidos pol\u00edticos tradicionales: el&nbsp;<a href=\"https:\/\/apnews.com\/article\/argentina-milei-inauguration-president-46b73d6a705e1c4652303022a37dbbb0\" target=\"_blank\" rel=\"noreferrer noopener\">reci\u00e9n electo Javier Milei<\/a>&nbsp;de Argentina , el autoproclamado \u201canarcocapitalista\u201d que corri\u00f3 hacia la victoria haciendo campa\u00f1a contra lo que llam\u00f3 la casta pol\u00edtica argentina.<\/p>\n\n\n\n<p>En una conversaci\u00f3n de dos horas, dijo Bukele, le dijo a Milei que tendr\u00eda que enfrentar un sistema que no le conven\u00eda.<\/p>\n\n\n\n<p>\u201cLe dije que le deseaba suerte, le deseamos lo mejor y esperamos que pueda superar esos obst\u00e1culos, el obst\u00e1culo de la realidad, as\u00ed como el obst\u00e1culo del sistema que va a intentar bloquearlo y que es&#8217; No le voy a dejar hacer los cambios que quiere hacer\u201d, dijo Bukele.<\/p>\n","protected":false},"excerpt":{"rendered":"<p>POR MARCOS ALEMAN SAN SALVADOR, El Salvador (AP) \u2014 Nayib Bukele de El Salvador llev\u00f3 su campa\u00f1a de reelecci\u00f3n presidencial m\u00e1s all\u00e1 de las fronteras del peque\u00f1o pa\u00eds centroamericano el&hellip;<\/p>\n","protected":false},"author":2,"featured_media":72927,"comment_status":"open","ping_status":"open","sticky":false,"template":"","format":"standard","meta":{"content-type":"","jetpack_post_was_ever_published":false,"_jetpack_newsletter_access":"","_jetpack_dont_email_post_to_subs":false,"_jetpack_newsletter_tier_id":0,"_jetpack_memberships_contains_paywalled_content":false,"_jetpack_memberships_contains_paid_content":false,"footnotes":""},"categories":[1],"tags":[147,598,1233,338,2004],"class_list":["post-72926","post","type-post","status-publish","format-standard","has-post-thumbnail","hentry","category-sin-categoria","tag-campana","tag-el-salvador","tag-fronteras","tag-nayib-bukele","tag-reeleccion"],"jetpack_featured_media_url":"https:\/\/lasprimeras.com.do\/wp-content\/uploads\/2024\/01\/Nayib-Bukele.jpg","jetpack-related-posts":[{"id":62267,"url":"https:\/\/lasprimeras.com.do\/index.php\/2023\/10\/04\/el-salvador-se-inicia-campana-electoral-bukele-busca-reeleccion\/","url_meta":{"origin":72926,"position":0},"title":"EL SALVADOR: Se inicia campa\u00f1a electoral; Bukele busca reelecci\u00f3n","author":"BIMARY DE JES\u00daS Matos","date":"4 de octubre de 2023","format":false,"excerpt":"SAN SALVADOR (France 24).- El periodo para registrar a los aspirantes a la Presidencia salvadore\u00f1a ante el Tribunal Supremo Electoral (TSE) ya se inici\u00f3, rumbo a unas elecciones que tambi\u00e9n ver\u00e1n elegidos nuevos diputados de la Asamblea Legislativa, el Parlamento y 44 alcaldes y concejos municipales. A pesar de su\u2026","rel":"","context":"En \u00abSin categor\u00eda\u00bb","block_context":{"text":"Sin categor\u00eda","link":"https:\/\/lasprimeras.com.do\/index.php\/category\/sin-categoria\/"},"img":{"alt_text":"","src":"https:\/\/i0.wp.com\/lasprimeras.com.do\/wp-content\/uploads\/2023\/10\/WhatsApp-Image-2023-10-03-at-10.20.05-AM-3-scaled.jpeg?resize=350%2C200&ssl=1","width":350,"height":200,"srcset":"https:\/\/i0.wp.com\/lasprimeras.com.do\/wp-content\/uploads\/2023\/10\/WhatsApp-Image-2023-10-03-at-10.20.05-AM-3-scaled.jpeg?resize=350%2C200&ssl=1 1x, https:\/\/i0.wp.com\/lasprimeras.com.do\/wp-content\/uploads\/2023\/10\/WhatsApp-Image-2023-10-03-at-10.20.05-AM-3-scaled.jpeg?resize=525%2C300&ssl=1 1.5x, https:\/\/i0.wp.com\/lasprimeras.com.do\/wp-content\/uploads\/2023\/10\/WhatsApp-Image-2023-10-03-at-10.20.05-AM-3-scaled.jpeg?resize=700%2C400&ssl=1 2x, https:\/\/i0.wp.com\/lasprimeras.com.do\/wp-content\/uploads\/2023\/10\/WhatsApp-Image-2023-10-03-at-10.20.05-AM-3-scaled.jpeg?resize=1050%2C600&ssl=1 3x, https:\/\/i0.wp.com\/lasprimeras.com.do\/wp-content\/uploads\/2023\/10\/WhatsApp-Image-2023-10-03-at-10.20.05-AM-3-scaled.jpeg?resize=1400%2C800&ssl=1 4x"},"classes":[]},{"id":75712,"url":"https:\/\/lasprimeras.com.do\/index.php\/2024\/02\/04\/el-salvador-celebra-elecciones-bajo-suspension-de-derechos-y-en-polemica-por-reeleccion\/","url_meta":{"origin":72926,"position":1},"title":"El Salvador celebra elecciones bajo suspensi\u00f3n de derechos y en pol\u00e9mica por reelecci\u00f3n","author":"Nelson Feliz","date":"4 de febrero de 2024","format":false,"excerpt":"El domingo 4 de febrero de 2024, los m\u00e1s de 5,5 millones de salvadore\u00f1os convocados a votar elegir\u00e1n a su pr\u00f3ximo presidente entre una terna de seis partidos pol\u00edticos. San Salvador, EFE.-. El Salvador celebra este domingo elecciones presidenciales y legislativas bajo un r\u00e9gimen de excepci\u00f3n, que suspende algunas garant\u00edas\u2026","rel":"","context":"En \u00abSin categor\u00eda\u00bb","block_context":{"text":"Sin categor\u00eda","link":"https:\/\/lasprimeras.com.do\/index.php\/category\/sin-categoria\/"},"img":{"alt_text":"Elecciones Bukele","src":"https:\/\/i0.wp.com\/lasprimeras.com.do\/wp-content\/uploads\/2024\/02\/Elecciones-Bukele.jpg?resize=350%2C200&ssl=1","width":350,"height":200,"srcset":"https:\/\/i0.wp.com\/lasprimeras.com.do\/wp-content\/uploads\/2024\/02\/Elecciones-Bukele.jpg?resize=350%2C200&ssl=1 1x, https:\/\/i0.wp.com\/lasprimeras.com.do\/wp-content\/uploads\/2024\/02\/Elecciones-Bukele.jpg?resize=525%2C300&ssl=1 1.5x"},"classes":[]},{"id":75767,"url":"https:\/\/lasprimeras.com.do\/index.php\/2024\/02\/05\/nayib-bukele-se-autoproclama-ganador-con-mas-del-85-de-los-votos\/","url_meta":{"origin":72926,"position":2},"title":"Nayib Bukele se autoproclama ganador &#8220;con m\u00e1s del 85 % de los votos&#8221;","author":"Nelson Feliz","date":"5 de febrero de 2024","format":false,"excerpt":"Bukele, que se postul\u00f3 para la reelecci\u00f3n a pesar de que la Constituci\u00f3n lo impide, ech\u00f3 mano de una argucia legal para presentarse a los comicios. El Salvador, EFE.-.El presidente de El Salvador, Nayib Bukele, se autoproclam\u00f3 hoy ganador de las elecciones generales celebradas este domingo, \"con m\u00e1s del 85\u2026","rel":"","context":"En \u00abSin categor\u00eda\u00bb","block_context":{"text":"Sin categor\u00eda","link":"https:\/\/lasprimeras.com.do\/index.php\/category\/sin-categoria\/"},"img":{"alt_text":"Nayib Bukele","src":"https:\/\/i0.wp.com\/lasprimeras.com.do\/wp-content\/uploads\/2024\/02\/Nayib-Bukele.jpeg?resize=350%2C200&ssl=1","width":350,"height":200,"srcset":"https:\/\/i0.wp.com\/lasprimeras.com.do\/wp-content\/uploads\/2024\/02\/Nayib-Bukele.jpeg?resize=350%2C200&ssl=1 1x, https:\/\/i0.wp.com\/lasprimeras.com.do\/wp-content\/uploads\/2024\/02\/Nayib-Bukele.jpeg?resize=525%2C300&ssl=1 1.5x, https:\/\/i0.wp.com\/lasprimeras.com.do\/wp-content\/uploads\/2024\/02\/Nayib-Bukele.jpeg?resize=700%2C400&ssl=1 2x"},"classes":[]},{"id":51616,"url":"https:\/\/lasprimeras.com.do\/index.php\/2023\/06\/01\/fallo-que-habilita-candidatura-de-bukele-en-el-salvador-carece-de-legitimidad-dice-ong\/","url_meta":{"origin":72926,"position":3},"title":"Fallo que habilita candidatura de Bukele en El Salvador carece de &#8220;legitimidad&#8221;, dice ONG","author":"prenxa100","date":"1 de junio de 2023","format":false,"excerpt":"En septiembre de 2022, Bukele anunci\u00f3 que buscar\u00e1 en 2024 su reelecci\u00f3n. San Salvador, El Salvador, EFE.-. La Fundaci\u00f3n de Estudios para la Aplicaci\u00f3n del Derecho (Fespad) se\u00f1al\u00f3 este jueves que el fallo que habilita que el presidente Nayib Bukele pueda presentar su candidatura para la reelecci\u00f3n inmediata \"carece de\u2026","rel":"","context":"En \u00abSin categor\u00eda\u00bb","block_context":{"text":"Sin categor\u00eda","link":"https:\/\/lasprimeras.com.do\/index.php\/category\/sin-categoria\/"},"img":{"alt_text":"","src":"","width":0,"height":0},"classes":[]},{"id":54437,"url":"https:\/\/lasprimeras.com.do\/index.php\/2023\/07\/10\/oficializan-candidatura-del-presidente-nayib-bukele\/","url_meta":{"origin":72926,"position":4},"title":"Oficializan candidatura del presidente Nayib Bukele","author":"Nelson Feliz","date":"10 de julio de 2023","format":false,"excerpt":"El Partido Nuevas Ideas oficializ\u00f3 la candidatura del presidente Nayib Bukele para los comicios de febrero de 2024, en donde buscar\u00eda su reelecci\u00f3n por otros cinco a\u00f1os a pesar de que abogados constitucionalistas y pol\u00edticos opositores aseguran que la carta magna proh\u00edbe la reelecci\u00f3n en El Salvador. El presidente del\u2026","rel":"","context":"En \u00abSin categor\u00eda\u00bb","block_context":{"text":"Sin categor\u00eda","link":"https:\/\/lasprimeras.com.do\/index.php\/category\/sin-categoria\/"},"img":{"alt_text":"","src":"","width":0,"height":0},"classes":[]},{"id":55975,"url":"https:\/\/lasprimeras.com.do\/index.php\/2023\/07\/26\/bukele-reacciona-a-publicacion-de-periodico-de-eeuu-y-pregunta-por-que-nos-tienen-miedo\/","url_meta":{"origin":72926,"position":5},"title":"Bukele reacciona a publicaci\u00f3n de peri\u00f3dico de EEUU y pregunta: \u00bfPor qu\u00e9 nos tienen miedo?","author":"Nelson Feliz","date":"26 de julio de 2023","format":false,"excerpt":"El presidente de El Salvador, Nayib Bukele, reaccion\u00f3 a una publicaci\u00f3n del peri\u00f3dico estadounidense Los Angeles Times y pregunt\u00f3: \u00bfPor qu\u00e9 los principales medios de comunicaci\u00f3n nos tienen tanto medio? En la publicaci\u00f3n, 'Dentro del creciente culto a Nayib Bukele de El Salvador, la estrella pol\u00edtica de Am\u00e9rica Latina', se\u2026","rel":"","context":"En \u00abSin categor\u00eda\u00bb","block_context":{"text":"Sin categor\u00eda","link":"https:\/\/lasprimeras.com.do\/index.php\/category\/sin-categoria\/"},"img":{"alt_text":"El presidente de El Salvador, Nayib Bukele","src":"https:\/\/i0.wp.com\/lasprimeras.com.do\/wp-content\/uploads\/2023\/07\/Bukele.jpg?resize=350%2C200&ssl=1","width":350,"height":200,"srcset":"https:\/\/i0.wp.com\/lasprimeras.com.do\/wp-content\/uploads\/2023\/07\/Bukele.jpg?resize=350%2C200&ssl=1 1x, https:\/\/i0.wp.com\/lasprimeras.com.do\/wp-content\/uploads\/2023\/07\/Bukele.jpg?resize=525%2C300&ssl=1 1.5x"},"classes":[]}],"jetpack_sharing_enabled":true,"_links":{"self":[{"href":"https:\/\/lasprimeras.com.do\/index.php\/wp-json\/wp\/v2\/posts\/72926","targetHints":{"allow":["GET"]}}],"collection":[{"href":"https:\/\/lasprimeras.com.do\/index.php\/wp-json\/wp\/v2\/posts"}],"about":[{"href":"https:\/\/lasprimeras.com.do\/index.php\/wp-json\/wp\/v2\/types\/post"}],"author":[{"embeddable":true,"href":"https:\/\/lasprimeras.com.do\/index.php\/wp-json\/wp\/v2\/users\/2"}],"replies":[{"embeddable":true,"href":"https:\/\/lasprimeras.com.do\/index.php\/wp-json\/wp\/v2\/comments?post=72926"}],"version-history":[{"count":1,"href":"https:\/\/lasprimeras.com.do\/index.php\/wp-json\/wp\/v2\/posts\/72926\/revisions"}],"predecessor-version":[{"id":72928,"href":"https:\/\/lasprimeras.com.do\/index.php\/wp-json\/wp\/v2\/posts\/72926\/revisions\/72928"}],"wp:featuredmedia":[{"embeddable":true,"href":"https:\/\/lasprimeras.com.do\/index.php\/wp-json\/wp\/v2\/media\/72927"}],"wp:attachment":[{"href":"https:\/\/lasprimeras.com.do\/index.php\/wp-json\/wp\/v2\/media?parent=72926"}],"wp:term":[{"taxonomy":"category","embeddable":true,"href":"https:\/\/lasprimeras.com.do\/index.php\/wp-json\/wp\/v2\/categories?post=72926"},{"taxonomy":"post_tag","embeddable":true,"href":"https:\/\/lasprimeras.com.do\/index.php\/wp-json\/wp\/v2\/tags?post=72926"}],"curies":[{"name":"wp","href":"https:\/\/api.w.org\/{rel}","templated":true}]}}