{"id":72979,"date":"2024-01-04T15:02:20","date_gmt":"2024-01-04T19:02:20","guid":{"rendered":"https:\/\/lasprimeras.com.do\/?p=72979"},"modified":"2024-01-04T15:02:21","modified_gmt":"2024-01-04T19:02:21","slug":"muere-paco-arevalo-humorista-espanol-de-risas-y-estrellas","status":"publish","type":"post","link":"https:\/\/lasprimeras.com.do\/index.php\/2024\/01\/04\/muere-paco-arevalo-humorista-espanol-de-risas-y-estrellas\/","title":{"rendered":"Muere Paco Ar\u00e9valo, humorista espa\u00f1ol de risas y estrellas"},"content":{"rendered":"\n<p>EFE-El c\u00f3mico Paco Ar\u00e9valo falleci\u00f3 este mi\u00e9rcoles en Valencia a los 76 a\u00f1os, seg\u00fan confirmaron a EFE fuentes pr\u00f3ximas a la familia, explicando que el artista llevaba unos d\u00edas que no se encontraba muy bien, pero nada hac\u00eda presagiar este desenlace.<\/p>\n\n\n\n<p>Las mismas fuentes han precisado que el fallecimiento se produjo en su casa de la capital valenciana, despu\u00e9s de que llevara unos d\u00edas que estaba \u201cmareado, sin ganas de nada\u201d, pero no sab\u00edan a qu\u00e9 se deb\u00eda.<\/p>\n\n\n\n<p>Nacido en septiembre de 1947 en Madrid, se cri\u00f3 en la localidad valenciana de Catarroja y comenz\u00f3 su carrera en 1970 como torero c\u00f3mico en los espect\u00e1culos de \u2018El Bombero Torero\u2019.<\/p>\n\n\n\n<p>Alcanz\u00f3 una gran popularidad con sus casetes de chistes, habituales en las gasolineras de toda Espa\u00f1a y, sobre todo a partir de 1983 con sus intervenciones en el concurso de TVE \u2018Un, dos, tres responda otra vez\u2019, el de mayor audiencia y repercusi\u00f3n de la televisi\u00f3n espa\u00f1ola.<\/p>\n\n\n\n<p>Apareci\u00f3 en otros espacios televisivos como \u2018Risas y estrellas\u2019, tambi\u00e9n de TVE en 1997.<\/p>\n\n\n\n<p>En los \u00faltimos a\u00f1os hab\u00eda hecho colaboraciones televisivas en espacios como \u2018S\u00e1bado Deluxe\u2019 y \u2018En tu casa o en la m\u00eda\u2019 de su gran amigo Bert\u00edn Osborne.<\/p>\n\n\n\n<p>Debut\u00f3 en el cine en 1981 con la pel\u00edcula \u2018Su majestad la risa\u2019 y particip\u00f3 en numerosas de cintas c\u00f3micas a lo largo de esa d\u00e9cada, entre ellas \u2018El currante\u2019 (1983), \u2018Ag\u00edtese antes de usarla\u2019 (1983) o \u2018El pan debajo del brazo\u2019 (1983).<\/p>\n\n\n\n<p>Su carrera cinematogr\u00e1fica continu\u00f3 en los a\u00f1os 90 y 2000 en filmes como \u2018\u00a1Ja me maaten\u2026!\u2019 (2000), \u2018El oro de Mosc\u00fa\u2019 (2003), \u2018Isi &amp; Disi, alto voltaje\u2019 (2006) entre otras.<\/p>\n\n\n\n<p>En los escenarios, y tras una larga carrera de actuaciones en salas de fiestas y locales de toda Espa\u00f1a desde los a\u00f1os 80, entre sus \u00faltimos trabajos se encuentra la obra \u2018Dos mellizos\u2019 que protagoniz\u00f3 a partir de 2011 con Bert\u00edn Osborne.<\/p>\n\n\n\n<p>La Uni\u00f3n de Actores y Actrices tambi\u00e9n se ha hecho eco del fallecimiento del c\u00f3mico en la redes sociales.<\/p>\n\n\n\n<p>Tras conocerse la noticia, el president de la Generalitat, Carlos Maz\u00f3n, ha se\u00f1alado en redes sociales que \u201cse va un hombre divertido, afable y amante de la Comunitat Valenciana\u201d, y ha transmitido sus condolencias a la familia y amigos cercanos.<\/p>\n\n\n\n<p>Asimismo, el vicepresidente primero del Gobierno valenciano y conseller de Cultura, Vicente Barrera, ha se\u00f1alado: \u201cNuestro gran artista y mi gran amigo se ha ido en paz. Gracias por tantos buenos momentos regalados y compartidos\u201d.<\/p>\n","protected":false},"excerpt":{"rendered":"<p>EFE-El c\u00f3mico Paco Ar\u00e9valo falleci\u00f3 este mi\u00e9rcoles en Valencia a los 76 a\u00f1os, seg\u00fan confirmaron a EFE fuentes pr\u00f3ximas a la familia, explicando que el artista llevaba unos d\u00edas que&hellip;<\/p>\n","protected":false},"author":3,"featured_media":72980,"comment_status":"open","ping_status":"open","sticky":false,"template":"","format":"standard","meta":{"content-type":"","jetpack_post_was_ever_published":false,"_jetpack_newsletter_access":"","_jetpack_dont_email_post_to_subs":false,"_jetpack_newsletter_tier_id":0,"_jetpack_memberships_contains_paywalled_content":false,"_jetpack_memberships_contains_paid_content":false,"footnotes":""},"categories":[84],"tags":[],"class_list":["post-72979","post","type-post","status-publish","format-standard","has-post-thumbnail","hentry","category-entretenimiento"],"jetpack_featured_media_url":"https:\/\/lasprimeras.com.do\/wp-content\/uploads\/2024\/01\/Llego-el-primer-crucero-del-2024-a-Puerto-de-Cabo-Rojo-1.jpg","jetpack-related-posts":[{"id":58175,"url":"https:\/\/lasprimeras.com.do\/index.php\/2023\/08\/21\/bernardo-arevalo-el-primer-politico-progresista-que-llega-a-la-presidencia-en-guatemala\/","url_meta":{"origin":72979,"position":0},"title":"Bernardo Ar\u00e9valo, el primer pol\u00edtico progresista que llega a la presidencia en Guatemala","author":"Nelson Feliz","date":"21 de agosto de 2023","format":false,"excerpt":"Sin tachas en su carrera pol\u00edtica y con un car\u00e1cter ampliamente conciliador, Ar\u00e9valo de Le\u00f3n llega a la Presidencia despu\u00e9s de una sorpresiva primera vuelta electoral el pasado 25 de junio. El acad\u00e9mico Bernardo Ar\u00e9valo de Le\u00f3n, elegido este domingo como el pr\u00f3ximo presidente de Guatemala, ser\u00e1 el primer mandatario\u2026","rel":"","context":"En \u00abSin categor\u00eda\u00bb","block_context":{"text":"Sin categor\u00eda","link":"https:\/\/lasprimeras.com.do\/index.php\/category\/sin-categoria\/"},"img":{"alt_text":"El candidato presidencial Bernardo Ar\u00e9valo saluda a sus simpatizantes desde un balc\u00f3n despu\u00e9s de que los resultados preliminares lo mostraran como el vencedor en la segunda vuelta de las elecciones presidenciales en la Ciudad de Guatemala, el domingo 20 de agosto de 2023MOISES CASTILLO","src":"https:\/\/i0.wp.com\/lasprimeras.com.do\/wp-content\/uploads\/2023\/08\/Bernardo-Arevalo-1.jpeg?resize=350%2C200&ssl=1","width":350,"height":200,"srcset":"https:\/\/i0.wp.com\/lasprimeras.com.do\/wp-content\/uploads\/2023\/08\/Bernardo-Arevalo-1.jpeg?resize=350%2C200&ssl=1 1x, https:\/\/i0.wp.com\/lasprimeras.com.do\/wp-content\/uploads\/2023\/08\/Bernardo-Arevalo-1.jpeg?resize=525%2C300&ssl=1 1.5x, https:\/\/i0.wp.com\/lasprimeras.com.do\/wp-content\/uploads\/2023\/08\/Bernardo-Arevalo-1.jpeg?resize=700%2C400&ssl=1 2x"},"classes":[]},{"id":113449,"url":"https:\/\/lasprimeras.com.do\/index.php\/2025\/11\/03\/mazon-anuncia-su-dimision-como-presidente-de-la-generalitat-ya-no-puedo-mas\/","url_meta":{"origin":72979,"position":1},"title":"Maz\u00f3n anuncia su dimisi\u00f3n como presidente de la Generalitat: &#8220;Ya no puedo m\u00e1s&#8221;","author":"Nelson Feliz","date":"3 de noviembre de 2025","format":false,"excerpt":"Feij\u00f3o pide a Vox que facilite \u201ccuanto antes\u201d la elecci\u00f3n de un nuevo presidente El l\u00edder valenciano no aclara los plazos de su dimisi\u00f3n, avanza que acudir\u00e1 a una \u201cconsulta m\u00e9dica\u201d y parar\u00e1 unos d\u00edas su actividad | El PP espera que Maz\u00f3n firme hoy su dimisi\u00f3n y pase a\u2026","rel":"","context":"En \u00abINTERNACIONALES\u00bb","block_context":{"text":"INTERNACIONALES","link":"https:\/\/lasprimeras.com.do\/index.php\/category\/sin-categoria\/internacionales\/"},"img":{"alt_text":"","src":"https:\/\/i0.wp.com\/lasprimeras.com.do\/wp-content\/uploads\/2025\/11\/Carlos-Mazon.jpg?resize=350%2C200&ssl=1","width":350,"height":200,"srcset":"https:\/\/i0.wp.com\/lasprimeras.com.do\/wp-content\/uploads\/2025\/11\/Carlos-Mazon.jpg?resize=350%2C200&ssl=1 1x, https:\/\/i0.wp.com\/lasprimeras.com.do\/wp-content\/uploads\/2025\/11\/Carlos-Mazon.jpg?resize=525%2C300&ssl=1 1.5x, https:\/\/i0.wp.com\/lasprimeras.com.do\/wp-content\/uploads\/2025\/11\/Carlos-Mazon.jpg?resize=700%2C400&ssl=1 2x"},"classes":[]},{"id":88315,"url":"https:\/\/lasprimeras.com.do\/index.php\/2024\/08\/26\/guatemala-y-belice-dialogan-sobre-seguridad-turismo-sostenible-y-desarrollo-economico\/","url_meta":{"origin":72979,"position":2},"title":"Guatemala y Belice dialogan sobre seguridad, turismo sostenible y desarrollo econ\u00f3mico","author":"Nelson Feliz","date":"26 de agosto de 2024","format":false,"excerpt":"Ciudad de Guatemala, (EFE).- El presidente de Guatemala, Bernardo Ar\u00e9valo de Le\u00f3n, y el primer ministro de Belice, John Brice\u00f1o, sostuvieron este lunes un encuentro para dialogar sobre migraci\u00f3n, comercio, turismo sostenible y tambi\u00e9n la interconexi\u00f3n el\u00e9ctrica entre los dos pa\u00edses vecinos. Ar\u00e9valo recibi\u00f3 al primer ministro belice\u00f1o en el\u2026","rel":"","context":"En \u00abSin categor\u00eda\u00bb","block_context":{"text":"Sin categor\u00eda","link":"https:\/\/lasprimeras.com.do\/index.php\/category\/sin-categoria\/"},"img":{"alt_text":"Guatemala y Belice","src":"https:\/\/i0.wp.com\/lasprimeras.com.do\/wp-content\/uploads\/2024\/08\/Guatemala-y-Belice.jpg?resize=350%2C200&ssl=1","width":350,"height":200,"srcset":"https:\/\/i0.wp.com\/lasprimeras.com.do\/wp-content\/uploads\/2024\/08\/Guatemala-y-Belice.jpg?resize=350%2C200&ssl=1 1x, https:\/\/i0.wp.com\/lasprimeras.com.do\/wp-content\/uploads\/2024\/08\/Guatemala-y-Belice.jpg?resize=525%2C300&ssl=1 1.5x"},"classes":[]},{"id":58847,"url":"https:\/\/lasprimeras.com.do\/index.php\/2023\/08\/28\/tribunal-electoral-de-guatemala-proclama-presidente-electo-a-bernardo-arevalo\/","url_meta":{"origin":72979,"position":3},"title":"Tribunal Electoral de Guatemala proclama presidente electo a Bernardo Ar\u00e9valo","author":"Nelson Feliz","date":"28 de agosto de 2023","format":false,"excerpt":"El Tribunal Electoral de Guatemala proclama presidente electo a Ar\u00e9valo, poco despu\u00e9s de que suspendieran a su partido, el Movimiento Semilla. Ar\u00e9valo gan\u00f3 las elecciones en segunda vuelta. Ar\u00e9valo se enfrent\u00f3 en el balotaje a la ex primera dama Sandra Torres. Seg\u00fan el conteo oficial el progresista obtuvo 58.01 %\u2026","rel":"","context":"En \u00abSin categor\u00eda\u00bb","block_context":{"text":"Sin categor\u00eda","link":"https:\/\/lasprimeras.com.do\/index.php\/category\/sin-categoria\/"},"img":{"alt_text":"Bernardo Ar\u00e9valo y Karin Herrera","src":"https:\/\/i0.wp.com\/lasprimeras.com.do\/wp-content\/uploads\/2023\/08\/Bernardo-Arevalo-y-Karin-Herrera.jpg?resize=350%2C200&ssl=1","width":350,"height":200,"srcset":"https:\/\/i0.wp.com\/lasprimeras.com.do\/wp-content\/uploads\/2023\/08\/Bernardo-Arevalo-y-Karin-Herrera.jpg?resize=350%2C200&ssl=1 1x, https:\/\/i0.wp.com\/lasprimeras.com.do\/wp-content\/uploads\/2023\/08\/Bernardo-Arevalo-y-Karin-Herrera.jpg?resize=525%2C300&ssl=1 1.5x, https:\/\/i0.wp.com\/lasprimeras.com.do\/wp-content\/uploads\/2023\/08\/Bernardo-Arevalo-y-Karin-Herrera.jpg?resize=700%2C400&ssl=1 2x"},"classes":[]},{"id":61810,"url":"https:\/\/lasprimeras.com.do\/index.php\/2023\/10\/01\/presidente-electo-de-guatemala-reitera-que-continua-el-golpe-de-estado-en-su-contra\/","url_meta":{"origin":72979,"position":4},"title":"Presidente electo de Guatemala reitera que contin\u00faa el \u00abgolpe de Estado\u00bb en su contra","author":"BIMARY DE JES\u00daS Matos","date":"1 de octubre de 2023","format":false,"excerpt":"Ciudad de Guatemala.- El presidente electo de Guatemala, Bernardo Ar\u00e9valo de Le\u00f3n, reiter\u00f3 este s\u00e1bado que sigue en marcha un \u00abgolpe de Estado\u00bb en contra de su investidura, dirigido por la fiscal general y jefa del Ministerio P\u00fablico, Consuelo Porras, entre otros actores. Desde M\u00e9xico, donde se encuentra por un\u2026","rel":"","context":"En \u00abSin categor\u00eda\u00bb","block_context":{"text":"Sin categor\u00eda","link":"https:\/\/lasprimeras.com.do\/index.php\/category\/sin-categoria\/"},"img":{"alt_text":"","src":"https:\/\/i0.wp.com\/lasprimeras.com.do\/wp-content\/uploads\/2023\/10\/WhatsApp-Image-2023-09-25-at-1.05.22-PM-11.jpeg?resize=350%2C200&ssl=1","width":350,"height":200,"srcset":"https:\/\/i0.wp.com\/lasprimeras.com.do\/wp-content\/uploads\/2023\/10\/WhatsApp-Image-2023-09-25-at-1.05.22-PM-11.jpeg?resize=350%2C200&ssl=1 1x, https:\/\/i0.wp.com\/lasprimeras.com.do\/wp-content\/uploads\/2023\/10\/WhatsApp-Image-2023-09-25-at-1.05.22-PM-11.jpeg?resize=525%2C300&ssl=1 1.5x, https:\/\/i0.wp.com\/lasprimeras.com.do\/wp-content\/uploads\/2023\/10\/WhatsApp-Image-2023-09-25-at-1.05.22-PM-11.jpeg?resize=700%2C400&ssl=1 2x"},"classes":[]},{"id":71128,"url":"https:\/\/lasprimeras.com.do\/index.php\/2023\/12\/17\/presidente-electo-de-guatemala-bernardo-arevalo-visitara-republica-dominicana-este-lunes-18\/","url_meta":{"origin":72979,"position":5},"title":"Presidente electo de Guatemala Bernardo Ar\u00e9valo visitar\u00e1 Rep\u00fablica Dominicana este lunes 18","author":"Nelson Feliz","date":"17 de diciembre de 2023","format":false,"excerpt":"El presidente elector de Guatemala, C\u00e9sar Bernardo Ar\u00e9valo de Le\u00f3n, realizar\u00e1 una visita a la Rep\u00fablica Dominicana este lunes 18 de diciembre, para sostener un encuentro con el mandatario dominicano, Luis Abinader. La llegada del presidente electo del pa\u00eds centroamericano y su delegaci\u00f3n est\u00e1 programada para la 1:00 de la\u2026","rel":"","context":"En \u00abNACIONALES\u00bb","block_context":{"text":"NACIONALES","link":"https:\/\/lasprimeras.com.do\/index.php\/category\/nacionales\/"},"img":{"alt_text":"Bernardo Ar\u00e9valo","src":"https:\/\/i0.wp.com\/lasprimeras.com.do\/wp-content\/uploads\/2023\/12\/Bernardo-Arevalo.jpg?resize=350%2C200&ssl=1","width":350,"height":200,"srcset":"https:\/\/i0.wp.com\/lasprimeras.com.do\/wp-content\/uploads\/2023\/12\/Bernardo-Arevalo.jpg?resize=350%2C200&ssl=1 1x, https:\/\/i0.wp.com\/lasprimeras.com.do\/wp-content\/uploads\/2023\/12\/Bernardo-Arevalo.jpg?resize=525%2C300&ssl=1 1.5x, https:\/\/i0.wp.com\/lasprimeras.com.do\/wp-content\/uploads\/2023\/12\/Bernardo-Arevalo.jpg?resize=700%2C400&ssl=1 2x"},"classes":[]}],"jetpack_sharing_enabled":true,"_links":{"self":[{"href":"https:\/\/lasprimeras.com.do\/index.php\/wp-json\/wp\/v2\/posts\/72979","targetHints":{"allow":["GET"]}}],"collection":[{"href":"https:\/\/lasprimeras.com.do\/index.php\/wp-json\/wp\/v2\/posts"}],"about":[{"href":"https:\/\/lasprimeras.com.do\/index.php\/wp-json\/wp\/v2\/types\/post"}],"author":[{"embeddable":true,"href":"https:\/\/lasprimeras.com.do\/index.php\/wp-json\/wp\/v2\/users\/3"}],"replies":[{"embeddable":true,"href":"https:\/\/lasprimeras.com.do\/index.php\/wp-json\/wp\/v2\/comments?post=72979"}],"version-history":[{"count":1,"href":"https:\/\/lasprimeras.com.do\/index.php\/wp-json\/wp\/v2\/posts\/72979\/revisions"}],"predecessor-version":[{"id":72981,"href":"https:\/\/lasprimeras.com.do\/index.php\/wp-json\/wp\/v2\/posts\/72979\/revisions\/72981"}],"wp:featuredmedia":[{"embeddable":true,"href":"https:\/\/lasprimeras.com.do\/index.php\/wp-json\/wp\/v2\/media\/72980"}],"wp:attachment":[{"href":"https:\/\/lasprimeras.com.do\/index.php\/wp-json\/wp\/v2\/media?parent=72979"}],"wp:term":[{"taxonomy":"category","embeddable":true,"href":"https:\/\/lasprimeras.com.do\/index.php\/wp-json\/wp\/v2\/categories?post=72979"},{"taxonomy":"post_tag","embeddable":true,"href":"https:\/\/lasprimeras.com.do\/index.php\/wp-json\/wp\/v2\/tags?post=72979"}],"curies":[{"name":"wp","href":"https:\/\/api.w.org\/{rel}","templated":true}]}}