{"id":73006,"date":"2024-01-04T22:00:43","date_gmt":"2024-01-05T02:00:43","guid":{"rendered":"https:\/\/lasprimeras.com.do\/?p=73006"},"modified":"2024-01-04T22:00:44","modified_gmt":"2024-01-05T02:00:44","slug":"incendio-destruye-negocios-playa-de-los-pescadores-en-las-terrenas","status":"publish","type":"post","link":"https:\/\/lasprimeras.com.do\/index.php\/2024\/01\/04\/incendio-destruye-negocios-playa-de-los-pescadores-en-las-terrenas\/","title":{"rendered":"Incendio destruye negocios playa de los pescadores en Las Terrenas"},"content":{"rendered":"\n<p>Un incendio destruy\u00f3 todos los establecimientos ubicados en la playa de Los Pescadores de Las Terrenas, Saman\u00e1, como consecuencia de la explosi\u00f3n de un tanque de gas en uno de los restaurantes, seg\u00fan las informaciones preliminares facilitadas a EFE por el alcalde del municipio, Eduardo Esteban.<\/p>\n\n\n\n<p>Las llamas han devastado los 14 negocios ubicados detr\u00e1s del cementerio, a pie de playa, tras producirse \u00abla explosi\u00f3n de un tanque de gas\u00bb en una de las cocinas, aunque \u00abeso es preliminar, todav\u00eda no se ha hecho el levantamiento, no se ha concluido\u00bb, indic\u00f3 el alcalde.<\/p>\n\n\n\n<p>El fuego ha avanzado con extrema rapidez al resto de los restaurantes, espacios de cana y de madera que se han consumido en cuesti\u00f3n de minutos, quedando totalmente destruidos, apunt\u00f3 Esteban.<\/p>\n\n\n\n<p>Precisamente para evitar futuros incidentes, que ya se han producido con anterioridad en un \u00e1rea cercana a la del siniestro de este jueves, en el Ayuntamiento \u00abestamos ahora mismo obligados a reorientar las permisolog\u00edas con este tipo de infraestructura de madera y cana en lugares de servicio\u00bb de comidas.<\/p>\n\n\n\n<p>El alcalde garantiz\u00f3 que se va a dar apoyo a los propietarios de los establecimientos y se\u00f1al\u00f3 que ya est\u00e1 \u00aben comunicaci\u00f3n con el Ministerio de Turismo.<\/p>\n\n\n\n<p>\u00abMa\u00f1ana hay una comisi\u00f3n que llega de Santo Domingo, para hacer los levantamientos del lugar. Vamos a plantear alternativas\u00bb para brindarles ese apoyo, \u00abel tema estar\u00e1 en el tiempo en que se va a dar respuesta contundente\u00bb, apunt\u00f3.<\/p>\n\n\n\n<p>Los propietarios \u00abson gente que viven del d\u00eda a d\u00eda, realmente no son empresarios grandes\u00bb y los establecimientos se identificaban mucho \u00abcon lo que de verdad era el pueblo de los pecadores\u00bb, lament\u00f3 Esteban.<\/p>\n\n\n\n<p>En el a\u00f1o 2022 hubo un incendio que, igualmente, afect\u00f3 a una serie de restaurantes de Las Terrenas y se espera que las nuevas estructuras, mejor preparadas para soportar un eventual incendio, estar\u00e1n listas para abril de este a\u00f1o.<\/p>\n\n\n\n<p>\u00abLa magnitud de la inversi\u00f3n supera los 200 millones de pesos. Hubo que hacer una licitaci\u00f3n p\u00fablica, crear un dise\u00f1o que tuviera las condiciones para protegerse de un fuego, un modelo diferente\u00bb en el que las casetas no se levanten de manera contigua para que, si se quema una, las llamas no se extiendan al resto. \u00abEso dilat\u00f3 el proceso much\u00edsimo por la burocracia\u00bb, explic\u00f3 el alcalde.EFE<\/p>\n","protected":false},"excerpt":{"rendered":"<p>Un incendio destruy\u00f3 todos los establecimientos ubicados en la playa de Los Pescadores de Las Terrenas, Saman\u00e1, como consecuencia de la explosi\u00f3n de un tanque de gas en uno de&hellip;<\/p>\n","protected":false},"author":2,"featured_media":73007,"comment_status":"open","ping_status":"open","sticky":false,"template":"","format":"standard","meta":{"content-type":"","jetpack_post_was_ever_published":false,"_jetpack_newsletter_access":"","_jetpack_dont_email_post_to_subs":false,"_jetpack_newsletter_tier_id":0,"_jetpack_memberships_contains_paywalled_content":false,"_jetpack_memberships_contains_paid_content":false,"footnotes":""},"categories":[35],"tags":[1399,6330,1613,10918,5335],"class_list":["post-73006","post","type-post","status-publish","format-standard","has-post-thumbnail","hentry","category-nacionales","tag-incendio","tag-las-terrenas","tag-negocios","tag-pescadores","tag-playa"],"jetpack_featured_media_url":"https:\/\/lasprimeras.com.do\/wp-content\/uploads\/2024\/01\/fuego.jpeg","jetpack-related-posts":[{"id":57856,"url":"https:\/\/lasprimeras.com.do\/index.php\/2023\/08\/16\/incendio-destruye-varios-locales-en-plaza-comercial-las-terrenas\/","url_meta":{"origin":73006,"position":0},"title":"Incendio destruye varios locales en plaza comercial Las Terrenas","author":"Nelson Feliz","date":"16 de agosto de 2023","format":false,"excerpt":"Un incendio afect\u00f3 este mi\u00e9rcoles a una plaza comercial de municipio de Las Terrenas, Saman\u00e1, quemando varios establecimientos, aunque el incendio se ha sofocado sin que se hayan registrados da\u00f1os personales, inform\u00f3 el alcalde la localidad, Eduardo Esteban. El funcionario se\u00f1al\u00f3 a EFE que el fuego se origin\u00f3 en la\u2026","rel":"","context":"En \u00abNACIONALES\u00bb","block_context":{"text":"NACIONALES","link":"https:\/\/lasprimeras.com.do\/index.php\/category\/nacionales\/"},"img":{"alt_text":"incendio","src":"https:\/\/i0.wp.com\/lasprimeras.com.do\/wp-content\/uploads\/2023\/08\/incendio.jpg?resize=350%2C200&ssl=1","width":350,"height":200,"srcset":"https:\/\/i0.wp.com\/lasprimeras.com.do\/wp-content\/uploads\/2023\/08\/incendio.jpg?resize=350%2C200&ssl=1 1x, https:\/\/i0.wp.com\/lasprimeras.com.do\/wp-content\/uploads\/2023\/08\/incendio.jpg?resize=525%2C300&ssl=1 1.5x"},"classes":[]},{"id":93841,"url":"https:\/\/lasprimeras.com.do\/index.php\/2025\/02\/21\/abinader-encabeza-acto-de-inauguracion-el-pueblo-de-los-pescadores-en-las-terrenas\/","url_meta":{"origin":73006,"position":1},"title":"Abinader encabeza acto de inauguraci\u00f3n &#8220;El Pueblo de los Pescadores&#8221; en Las Terrenas","author":"Nelson Feliz","date":"21 de febrero de 2025","format":false,"excerpt":"El presidente Luis Abinader, acompa\u00f1ado del ministro de Turismo, David Collado, encabez\u00f3 el acto de inauguraci\u00f3n, resaltando que esta infraestructura es parte de un plan de inversi\u00f3n del Gobierno que asciende a 1,388 millones de pesos en Saman\u00e1. La obra, que requiri\u00f3 una inversi\u00f3n de 293.6 millones de pesos, busca\u2026","rel":"","context":"En \u00abECONOM\u00cdA\u00bb","block_context":{"text":"ECONOM\u00cdA","link":"https:\/\/lasprimeras.com.do\/index.php\/category\/economia\/"},"img":{"alt_text":"El Pueblo de los Pescadores","src":"https:\/\/i0.wp.com\/lasprimeras.com.do\/wp-content\/uploads\/2025\/02\/El-Pueblo-de-los-Pescadores-1.jpg?resize=350%2C200&ssl=1","width":350,"height":200,"srcset":"https:\/\/i0.wp.com\/lasprimeras.com.do\/wp-content\/uploads\/2025\/02\/El-Pueblo-de-los-Pescadores-1.jpg?resize=350%2C200&ssl=1 1x, https:\/\/i0.wp.com\/lasprimeras.com.do\/wp-content\/uploads\/2025\/02\/El-Pueblo-de-los-Pescadores-1.jpg?resize=525%2C300&ssl=1 1.5x, https:\/\/i0.wp.com\/lasprimeras.com.do\/wp-content\/uploads\/2025\/02\/El-Pueblo-de-los-Pescadores-1.jpg?resize=700%2C400&ssl=1 2x"},"classes":[]},{"id":71543,"url":"https:\/\/lasprimeras.com.do\/index.php\/2023\/12\/20\/inician-demolicion-de-establecimiento-afectado-por-explosion-en-palenque\/","url_meta":{"origin":73006,"position":2},"title":"Inician demolici\u00f3n de establecimiento afectado por explosi\u00f3n en Palenque","author":"BIMARY DE JES\u00daS Matos","date":"20 de diciembre de 2023","format":false,"excerpt":"Santo Domingo.-La ma\u00f1ana de este mi\u00e9rcoles iniciaron los trabajos de demolici\u00f3n de uno de los establecimientos m\u00e1s afectados por la explosi\u00f3n registrada este martes 19 de diciembre en la comunidad Sabana Grande del municipio Palenque, provincia San Crist\u00f3bal. El establecimiento se encuentra al lado de la vivienda donde se presume\u2026","rel":"","context":"En \u00abPORTADA\u00bb","block_context":{"text":"PORTADA","link":"https:\/\/lasprimeras.com.do\/index.php\/category\/portada\/"},"img":{"alt_text":"","src":"","width":0,"height":0},"classes":[]},{"id":93116,"url":"https:\/\/lasprimeras.com.do\/index.php\/2025\/01\/25\/incendio-destruye-varios-negocios-en-carrizal-elias-pina\/","url_meta":{"origin":73006,"position":3},"title":"Incendio destruye varios negocios en Carrizal, El\u00edas Pi\u00f1a","author":"Nelson Feliz","date":"25 de enero de 2025","format":false,"excerpt":"El senador Johnson Encarnaci\u00f3n supervisa los da\u00f1os tras incendio en Carrizal. El senador de la provincia El\u00edas Pi\u00f1a, Johnson Encarnaci\u00f3n, realiz\u00f3 una visita de supervisi\u00f3n al \u00e1rea afectada por un devastador incendio que dej\u00f3 varios negocios convertidos en cenizas en la comunidad El Carrizal, provincia El\u00edas Pi\u00f1a. El siniestro, que\u2026","rel":"","context":"En \u00abNACIONALES\u00bb","block_context":{"text":"NACIONALES","link":"https:\/\/lasprimeras.com.do\/index.php\/category\/nacionales\/"},"img":{"alt_text":"","src":"https:\/\/i0.wp.com\/lasprimeras.com.do\/wp-content\/uploads\/2025\/01\/Encarnacion-1.jpg?resize=350%2C200&ssl=1","width":350,"height":200,"srcset":"https:\/\/i0.wp.com\/lasprimeras.com.do\/wp-content\/uploads\/2025\/01\/Encarnacion-1.jpg?resize=350%2C200&ssl=1 1x, https:\/\/i0.wp.com\/lasprimeras.com.do\/wp-content\/uploads\/2025\/01\/Encarnacion-1.jpg?resize=525%2C300&ssl=1 1.5x, https:\/\/i0.wp.com\/lasprimeras.com.do\/wp-content\/uploads\/2025\/01\/Encarnacion-1.jpg?resize=700%2C400&ssl=1 2x"},"classes":[]},{"id":65330,"url":"https:\/\/lasprimeras.com.do\/index.php\/2023\/10\/27\/incendio-destruye-fabrica-textil-en-santiago\/","url_meta":{"origin":73006,"position":4},"title":"Incendio destruye f\u00e1brica textil en Santiago","author":"Nelson Feliz","date":"27 de octubre de 2023","format":false,"excerpt":"Unidades de los bomberos de varias localidades se suman para controlar el fuego. Desde la noche del viernes, unidades del Cuerpo de Bomberos de Santiago intentan apagar un incendio que afecta la instalaci\u00f3n de una zona franca especial, dedicada a la fabricaci\u00f3n de textiles, en Villa Liberaci\u00f3n, la Otra Banda\u2026","rel":"","context":"En \u00abNACIONALES\u00bb","block_context":{"text":"NACIONALES","link":"https:\/\/lasprimeras.com.do\/index.php\/category\/nacionales\/"},"img":{"alt_text":"","src":"https:\/\/i0.wp.com\/lasprimeras.com.do\/wp-content\/uploads\/2023\/10\/Incendio.jpeg?resize=350%2C200&ssl=1","width":350,"height":200,"srcset":"https:\/\/i0.wp.com\/lasprimeras.com.do\/wp-content\/uploads\/2023\/10\/Incendio.jpeg?resize=350%2C200&ssl=1 1x, https:\/\/i0.wp.com\/lasprimeras.com.do\/wp-content\/uploads\/2023\/10\/Incendio.jpeg?resize=525%2C300&ssl=1 1.5x, https:\/\/i0.wp.com\/lasprimeras.com.do\/wp-content\/uploads\/2023\/10\/Incendio.jpeg?resize=700%2C400&ssl=1 2x"},"classes":[]},{"id":60744,"url":"https:\/\/lasprimeras.com.do\/index.php\/2023\/09\/18\/ocho-vehiculos-destruidos-y-otros-11-afectados-en-incendio-en-santiago\/","url_meta":{"origin":73006,"position":5},"title":"Ocho veh\u00edculos destruidos y otros 11 afectados en incendio en Santiago","author":"Nelson Feliz","date":"18 de septiembre de 2023","format":false,"excerpt":"No hay reportes de personas afectadas por el incendio ocurrido en parqueo subterr\u00e1neo. Ocho veh\u00edculos fueron destruidos y otros 11 resultaron afectados en un incendio que ocurri\u00f3 en el parqueo subterr\u00e1neo de un residencial en el sector El Dorado, al norte de Santiago. Los residentes del complejo habitacional Milhojas fueron\u2026","rel":"","context":"En \u00abNACIONALES\u00bb","block_context":{"text":"NACIONALES","link":"https:\/\/lasprimeras.com.do\/index.php\/category\/nacionales\/"},"img":{"alt_text":"incendio","src":"https:\/\/i0.wp.com\/lasprimeras.com.do\/wp-content\/uploads\/2023\/09\/incendio.jpg?resize=350%2C200&ssl=1","width":350,"height":200,"srcset":"https:\/\/i0.wp.com\/lasprimeras.com.do\/wp-content\/uploads\/2023\/09\/incendio.jpg?resize=350%2C200&ssl=1 1x, https:\/\/i0.wp.com\/lasprimeras.com.do\/wp-content\/uploads\/2023\/09\/incendio.jpg?resize=525%2C300&ssl=1 1.5x, https:\/\/i0.wp.com\/lasprimeras.com.do\/wp-content\/uploads\/2023\/09\/incendio.jpg?resize=700%2C400&ssl=1 2x"},"classes":[]}],"jetpack_sharing_enabled":true,"_links":{"self":[{"href":"https:\/\/lasprimeras.com.do\/index.php\/wp-json\/wp\/v2\/posts\/73006","targetHints":{"allow":["GET"]}}],"collection":[{"href":"https:\/\/lasprimeras.com.do\/index.php\/wp-json\/wp\/v2\/posts"}],"about":[{"href":"https:\/\/lasprimeras.com.do\/index.php\/wp-json\/wp\/v2\/types\/post"}],"author":[{"embeddable":true,"href":"https:\/\/lasprimeras.com.do\/index.php\/wp-json\/wp\/v2\/users\/2"}],"replies":[{"embeddable":true,"href":"https:\/\/lasprimeras.com.do\/index.php\/wp-json\/wp\/v2\/comments?post=73006"}],"version-history":[{"count":1,"href":"https:\/\/lasprimeras.com.do\/index.php\/wp-json\/wp\/v2\/posts\/73006\/revisions"}],"predecessor-version":[{"id":73008,"href":"https:\/\/lasprimeras.com.do\/index.php\/wp-json\/wp\/v2\/posts\/73006\/revisions\/73008"}],"wp:featuredmedia":[{"embeddable":true,"href":"https:\/\/lasprimeras.com.do\/index.php\/wp-json\/wp\/v2\/media\/73007"}],"wp:attachment":[{"href":"https:\/\/lasprimeras.com.do\/index.php\/wp-json\/wp\/v2\/media?parent=73006"}],"wp:term":[{"taxonomy":"category","embeddable":true,"href":"https:\/\/lasprimeras.com.do\/index.php\/wp-json\/wp\/v2\/categories?post=73006"},{"taxonomy":"post_tag","embeddable":true,"href":"https:\/\/lasprimeras.com.do\/index.php\/wp-json\/wp\/v2\/tags?post=73006"}],"curies":[{"name":"wp","href":"https:\/\/api.w.org\/{rel}","templated":true}]}}