{"id":73029,"date":"2024-01-05T06:30:54","date_gmt":"2024-01-05T10:30:54","guid":{"rendered":"https:\/\/lasprimeras.com.do\/?p=73029"},"modified":"2024-01-05T06:30:55","modified_gmt":"2024-01-05T10:30:55","slug":"pld-lamenta-muerte-de-ontiveros-y-resalta-vinculos-con-juan-bosch","status":"publish","type":"post","link":"https:\/\/lasprimeras.com.do\/index.php\/2024\/01\/05\/pld-lamenta-muerte-de-ontiveros-y-resalta-vinculos-con-juan-bosch\/","title":{"rendered":"PLD lamenta muerte de Ontiveros y resalta v\u00ednculos con Juan Bosch"},"content":{"rendered":"\n<p>El Partido de la Liberaci\u00f3n Dominicana (PLD) mostr\u00f3 su pesar por el fallecimiento de la maestra de la televisi\u00f3n, Anita Ontiveros, de quien el pa\u00eds se siente m\u00e1s que agradecido por sus aportes a la cultura nacional.<\/p>\n\n\n\n<p>Sus familiares informaron que su velatorio se realizar\u00e1 el viernes a partir de la 1.00 p.m. en la Funeraria Blandino de la avenida Lincoln en la capital.<\/p>\n\n\n\n<p>Se\u00f1al\u00f3 que la fenecida cultiv\u00f3 una amistad con el l\u00edder del PLD, profesor Juan Bosch, con una admiraci\u00f3n rec\u00edproca y como profesional de la televisi\u00f3n colabor\u00f3 en campa\u00f1as electorales a favor de \u00e9ste y otras candidaturas del partido.<\/p>\n\n\n\n<p>H\u00e9ctor Olivo, secretario de Comunicaciones del PLD, resalt\u00f3 su amplio magisterio como t\u00e9cnica de televisi\u00f3n, a lo que sum\u00f3 la capacitaci\u00f3n, de manera voluntaria, a camar\u00f3grafos, editores, productores y coordinadores de televisi\u00f3n, miembros del PLD, que cuentan ya con una gran experiencia en sus especialidades.<\/p>\n\n\n\n<p>\u00abEn los archivos f\u00edlmicos del PLD se conservan cientos de im\u00e1genes captadas por Anita Ontiveros de comparecencias del profesor Juan Bosch y en las campa\u00f1as electorales en que particip\u00f3 de forma voluntaria\u00bb, manifest\u00f3.<\/p>\n","protected":false},"excerpt":{"rendered":"<p>El Partido de la Liberaci\u00f3n Dominicana (PLD) mostr\u00f3 su pesar por el fallecimiento de la maestra de la televisi\u00f3n, Anita Ontiveros, de quien el pa\u00eds se siente m\u00e1s que agradecido&hellip;<\/p>\n","protected":false},"author":2,"featured_media":62550,"comment_status":"open","ping_status":"open","sticky":false,"template":"","format":"standard","meta":{"content-type":"","jetpack_post_was_ever_published":false,"_jetpack_newsletter_access":"","_jetpack_dont_email_post_to_subs":false,"_jetpack_newsletter_tier_id":0,"_jetpack_memberships_contains_paywalled_content":false,"_jetpack_memberships_contains_paid_content":false,"footnotes":""},"categories":[35],"tags":[10926,4092,330,269,5039],"class_list":["post-73029","post","type-post","status-publish","format-standard","has-post-thumbnail","hentry","category-nacionales","tag-anita-ontiveros","tag-juan-bosch","tag-muerte","tag-pld","tag-vinculos"],"jetpack_featured_media_url":"https:\/\/lasprimeras.com.do\/wp-content\/uploads\/2023\/10\/WhatsApp-Image-2023-10-05-at-9.55.14-AM-2.jpeg","jetpack-related-posts":[{"id":73040,"url":"https:\/\/lasprimeras.com.do\/index.php\/2024\/01\/05\/pld-lamenta-muerte-de-ontiveros-y-resalta-vinculos-con-juan-bosch-2\/","url_meta":{"origin":73029,"position":0},"title":"PLD lamenta muerte de Ontiveros y resalta v\u00ednculos con Juan Bosch","author":"BIMARY DE JES\u00daS Matos","date":"5 de enero de 2024","format":false,"excerpt":"SANTO DOMINGO.- El Partido de la Liberaci\u00f3n Dominicana (PLD) mostr\u00f3 su pesar por el fallecimiento de la maestra de la televisi\u00f3n, Anita Ontiveros, de quien el pa\u00eds se siente m\u00e1s que agradecido por sus aportes a la cultura nacional. Sus familiares informaron que su velatorio se realizar\u00e1 el viernes a\u2026","rel":"","context":"En \u00abSin categor\u00eda\u00bb","block_context":{"text":"Sin categor\u00eda","link":"https:\/\/lasprimeras.com.do\/index.php\/category\/sin-categoria\/"},"img":{"alt_text":"","src":"https:\/\/i0.wp.com\/lasprimeras.com.do\/wp-content\/uploads\/2024\/01\/Noticias-de-energia-2024-01-03T235756.173-1.jpg?resize=350%2C200&ssl=1","width":350,"height":200},"classes":[]},{"id":72899,"url":"https:\/\/lasprimeras.com.do\/index.php\/2024\/01\/04\/muere-anita-ontiveros-la-primera-mujer-directora-de-camara-en-republica-dominicana\/","url_meta":{"origin":73029,"position":1},"title":"Muere Anita Ontiveros, la primera mujer directora de c\u00e1mara en Rep\u00fablica Dominicana","author":"BIMARY DE JES\u00daS Matos","date":"4 de enero de 2024","format":false,"excerpt":"Santo Domingo.-Anita Ontiveros, quien se convirti\u00f3 en la primera mujer en ser directora de c\u00e1mara en Rep\u00fablica Dominicana, muri\u00f3 este mi\u00e9rcoles 3 de enero en su residencia luego de una larga batalla contra el Alzheimer. Ten\u00eda 76 a\u00f1os de edad. \u00abLamento informarte del fallecimiento de mami esta ma\u00f1ana. Se encontraba\u2026","rel":"","context":"En \u00abENTRETENIMIENTO\u00bb","block_context":{"text":"ENTRETENIMIENTO","link":"https:\/\/lasprimeras.com.do\/index.php\/category\/entretenimiento\/"},"img":{"alt_text":"","src":"https:\/\/i0.wp.com\/lasprimeras.com.do\/wp-content\/uploads\/2024\/01\/WhatsApp-Image-2024-01-03-at-11.55.29-PM-2.jpeg?resize=350%2C200&ssl=1","width":350,"height":200,"srcset":"https:\/\/i0.wp.com\/lasprimeras.com.do\/wp-content\/uploads\/2024\/01\/WhatsApp-Image-2024-01-03-at-11.55.29-PM-2.jpeg?resize=350%2C200&ssl=1 1x, https:\/\/i0.wp.com\/lasprimeras.com.do\/wp-content\/uploads\/2024\/01\/WhatsApp-Image-2024-01-03-at-11.55.29-PM-2.jpeg?resize=525%2C300&ssl=1 1.5x"},"classes":[]},{"id":68162,"url":"https:\/\/lasprimeras.com.do\/index.php\/2023\/11\/22\/imaginativa-en-su-quinta-edicion-estara-dedicada-a-la-productora-anita-ontiveros\/","url_meta":{"origin":73029,"position":2},"title":"&#8220;Imaginativa&#8221; en su quinta edici\u00f3n estar\u00e1 dedicada a la productora Anita Ontiveros","author":"BIMARY DE JES\u00daS Matos","date":"22 de noviembre de 2023","format":false,"excerpt":"Santo Domingo.-En la celebraci\u00f3n de su quinta edici\u00f3n, \u00abImaginativa, la semana de la televisi\u00f3n dominicana\u00bb abrir\u00e1 nuevamente las puertas de su estudio de televisi\u00f3n con una agenda de transmisiones en vivo, conferencias y conversatorios del 23 al 26 de noviembre en el Hotel Jaragua. La productora Edilenia Tactuk manifest\u00f3 que\u2026","rel":"","context":"En \u00abENTRETENIMIENTO\u00bb","block_context":{"text":"ENTRETENIMIENTO","link":"https:\/\/lasprimeras.com.do\/index.php\/category\/entretenimiento\/"},"img":{"alt_text":"","src":"https:\/\/i0.wp.com\/lasprimeras.com.do\/wp-content\/uploads\/2023\/11\/Noticias-de-energia-6-20.jpg?resize=350%2C200&ssl=1","width":350,"height":200,"srcset":"https:\/\/i0.wp.com\/lasprimeras.com.do\/wp-content\/uploads\/2023\/11\/Noticias-de-energia-6-20.jpg?resize=350%2C200&ssl=1 1x, https:\/\/i0.wp.com\/lasprimeras.com.do\/wp-content\/uploads\/2023\/11\/Noticias-de-energia-6-20.jpg?resize=525%2C300&ssl=1 1.5x"},"classes":[]},{"id":68831,"url":"https:\/\/lasprimeras.com.do\/index.php\/2023\/11\/28\/edilenia-tactuk-impulsa-el-talento-para-la-comunicacion-de-mas-de-200-jovenes-en-imaginativa-tv\/","url_meta":{"origin":73029,"position":3},"title":"Edilenia Tactuk impulsa el talento para la comunicaci\u00f3n de m\u00e1s de 200 j\u00f3venes en Imaginativa TV","author":"BIMARY DE JES\u00daS Matos","date":"28 de noviembre de 2023","format":false,"excerpt":"En una edici\u00f3n dedicada a\u00a0Anita Ontiveros,\u00a0la primera mujer en ser directora de c\u00e1mara en Rep\u00fablica Dominicana,\u00a0\u201cImaginativa TV,\u00a0la semana de la televisi\u00f3n dominicana\u201d\u00a0impuls\u00f3 el talento en los medios de comunicaci\u00f3n de m\u00e1s de 200 j\u00f3venes. Durante cuatro d\u00edas en el Teatro La Fiesta del hotel Jaragua, la plataforma creada y encabezada\u2026","rel":"","context":"En \u00abENTRETENIMIENTO\u00bb","block_context":{"text":"ENTRETENIMIENTO","link":"https:\/\/lasprimeras.com.do\/index.php\/category\/entretenimiento\/"},"img":{"alt_text":"","src":"https:\/\/i0.wp.com\/lasprimeras.com.do\/wp-content\/uploads\/2023\/11\/Noticias-de-economia-2-7.jpg?resize=350%2C200&ssl=1","width":350,"height":200,"srcset":"https:\/\/i0.wp.com\/lasprimeras.com.do\/wp-content\/uploads\/2023\/11\/Noticias-de-economia-2-7.jpg?resize=350%2C200&ssl=1 1x, https:\/\/i0.wp.com\/lasprimeras.com.do\/wp-content\/uploads\/2023\/11\/Noticias-de-economia-2-7.jpg?resize=525%2C300&ssl=1 1.5x, https:\/\/i0.wp.com\/lasprimeras.com.do\/wp-content\/uploads\/2023\/11\/Noticias-de-economia-2-7.jpg?resize=700%2C400&ssl=1 2x"},"classes":[]},{"id":102055,"url":"https:\/\/lasprimeras.com.do\/index.php\/2025\/06\/30\/pld-destaca-legado-etico-y-politico-del-profesor-juan-bosch\/","url_meta":{"origin":73029,"position":4},"title":"PLD destaca legado \u00e9tico y pol\u00edtico del Profesor Juan Bosch","author":"Nelson Feliz","date":"30 de junio de 2025","format":false,"excerpt":"\u201cEl PLD ha sido el instrumento pol\u00edtico que m\u00e1s ha contribuido al incremento de la riqueza nacional y al desarrollo institucional del pa\u00eds durante sus gobiernos\u201d, afirm\u00f3 Rafael Calder\u00f3n. En ocasi\u00f3n del 116 aniversario del natalicio del Profesor Juan Bosch, fundador del Partido de la Liberaci\u00f3n Dominicana (PLD), el titular\u2026","rel":"","context":"En \u00abPOLITICA\u00bb","block_context":{"text":"POLITICA","link":"https:\/\/lasprimeras.com.do\/index.php\/category\/politica\/"},"img":{"alt_text":"","src":"https:\/\/i0.wp.com\/lasprimeras.com.do\/wp-content\/uploads\/2025\/06\/Rafael-Calderon.jpg?resize=350%2C200&ssl=1","width":350,"height":200,"srcset":"https:\/\/i0.wp.com\/lasprimeras.com.do\/wp-content\/uploads\/2025\/06\/Rafael-Calderon.jpg?resize=350%2C200&ssl=1 1x, https:\/\/i0.wp.com\/lasprimeras.com.do\/wp-content\/uploads\/2025\/06\/Rafael-Calderon.jpg?resize=525%2C300&ssl=1 1.5x, https:\/\/i0.wp.com\/lasprimeras.com.do\/wp-content\/uploads\/2025\/06\/Rafael-Calderon.jpg?resize=700%2C400&ssl=1 2x"},"classes":[]},{"id":128565,"url":"https:\/\/lasprimeras.com.do\/index.php\/2026\/04\/24\/la-revolucion-de-1965-marco-el-quiebre-que-llevo-a-juan-bosch-a-fundar-el-pld-anos-despues\/","url_meta":{"origin":73029,"position":5},"title":"La Revoluci\u00f3n de 1965 marc\u00f3 el quiebre que llev\u00f3 a Juan Bosch a fundar el PLD a\u00f1os despu\u00e9s","author":"Nelson Feliz","date":"24 de abril de 2026","format":false,"excerpt":"La Guerra de abril 1965 es uno de los episodios m\u00e1s trascendentes de la historia de la Rep\u00fablica Dominicana, resalta el historiador Rafael P\u00e9rez Modesto. El historiador y miembro del Comit\u00e9 Central del Partido de la Liberaci\u00f3n Dominicana (PLD), Rafael P\u00e9rez Modesto, en la fecha de conmemoraci\u00f3n de la Guerra\u2026","rel":"","context":"En \u00abHISTORIA\u00bb","block_context":{"text":"HISTORIA","link":"https:\/\/lasprimeras.com.do\/index.php\/category\/historia\/"},"img":{"alt_text":"Rafael P\u00e9rez Modesto","src":"https:\/\/i0.wp.com\/lasprimeras.com.do\/wp-content\/uploads\/2026\/04\/Rafael-Perez-Modesto.jpg?resize=350%2C200&ssl=1","width":350,"height":200,"srcset":"https:\/\/i0.wp.com\/lasprimeras.com.do\/wp-content\/uploads\/2026\/04\/Rafael-Perez-Modesto.jpg?resize=350%2C200&ssl=1 1x, https:\/\/i0.wp.com\/lasprimeras.com.do\/wp-content\/uploads\/2026\/04\/Rafael-Perez-Modesto.jpg?resize=525%2C300&ssl=1 1.5x, https:\/\/i0.wp.com\/lasprimeras.com.do\/wp-content\/uploads\/2026\/04\/Rafael-Perez-Modesto.jpg?resize=700%2C400&ssl=1 2x"},"classes":[]}],"jetpack_sharing_enabled":true,"_links":{"self":[{"href":"https:\/\/lasprimeras.com.do\/index.php\/wp-json\/wp\/v2\/posts\/73029","targetHints":{"allow":["GET"]}}],"collection":[{"href":"https:\/\/lasprimeras.com.do\/index.php\/wp-json\/wp\/v2\/posts"}],"about":[{"href":"https:\/\/lasprimeras.com.do\/index.php\/wp-json\/wp\/v2\/types\/post"}],"author":[{"embeddable":true,"href":"https:\/\/lasprimeras.com.do\/index.php\/wp-json\/wp\/v2\/users\/2"}],"replies":[{"embeddable":true,"href":"https:\/\/lasprimeras.com.do\/index.php\/wp-json\/wp\/v2\/comments?post=73029"}],"version-history":[{"count":1,"href":"https:\/\/lasprimeras.com.do\/index.php\/wp-json\/wp\/v2\/posts\/73029\/revisions"}],"predecessor-version":[{"id":73030,"href":"https:\/\/lasprimeras.com.do\/index.php\/wp-json\/wp\/v2\/posts\/73029\/revisions\/73030"}],"wp:featuredmedia":[{"embeddable":true,"href":"https:\/\/lasprimeras.com.do\/index.php\/wp-json\/wp\/v2\/media\/62550"}],"wp:attachment":[{"href":"https:\/\/lasprimeras.com.do\/index.php\/wp-json\/wp\/v2\/media?parent=73029"}],"wp:term":[{"taxonomy":"category","embeddable":true,"href":"https:\/\/lasprimeras.com.do\/index.php\/wp-json\/wp\/v2\/categories?post=73029"},{"taxonomy":"post_tag","embeddable":true,"href":"https:\/\/lasprimeras.com.do\/index.php\/wp-json\/wp\/v2\/tags?post=73029"}],"curies":[{"name":"wp","href":"https:\/\/api.w.org\/{rel}","templated":true}]}}