{"id":73070,"date":"2024-01-05T13:17:25","date_gmt":"2024-01-05T17:17:25","guid":{"rendered":"https:\/\/lasprimeras.com.do\/?p=73070"},"modified":"2024-01-05T13:17:27","modified_gmt":"2024-01-05T17:17:27","slug":"la-unica-ocasion-en-que-wander-franco-se-ha-defendido-sobre-vinculaciones-con-menor","status":"publish","type":"post","link":"https:\/\/lasprimeras.com.do\/index.php\/2024\/01\/05\/la-unica-ocasion-en-que-wander-franco-se-ha-defendido-sobre-vinculaciones-con-menor\/","title":{"rendered":"La \u00fanica ocasi\u00f3n en que Wander Franco se ha defendido sobre vinculaciones con menor"},"content":{"rendered":"\n<p><strong>Ocurri\u00f3 en agosto del a\u00f1o 2023, en una transmisi\u00f3n en vivo, cuando el beisbolista habl\u00f3 por primera y \u00faltima vez sobre el caso.<\/strong><\/p>\n\n\n\n<p>Horas despu\u00e9s de que comenzara a ventilarse la informaci\u00f3n de que Wander Franco tuvo un v\u00ednculo amoroso con una menor de edad, el pelotero de los Rays de Tampa Bay, desde uno de los vestidores del equipo, habl\u00f3 por \u00fanica vez sobre el caso.<\/p>\n\n\n\n<p>Ha sido la primera y \u00faltima vez que ha emitido una opini\u00f3n p\u00fablica sobre el caso que lo llev\u00f3 este viernes a presentarse ante un juez en el conocimiento de medida de coerci\u00f3n en el Palacio de Justicia de Puerto Plata, acusado de abuso sexual contra una adolescente de 15 a\u00f1os, procedente de la ciudad en el norte del pa\u00eds.<\/p>\n\n\n\n<p>En una transmisi\u00f3n en vivo, realizada desde su cuenta de Instagram (@w_franco_4), Franco dijo que para el 13 de agosto del pasado a\u00f1o hab\u00eda rumores de que estaba con una menor de edad. Pero entre risas y preocupaci\u00f3n, dijo que no era cierto.<\/p>\n\n\n\n<p>&#8220;Dique que uh, que ando con una menor por ah\u00ed, y esa loquera\u2026 La gente no haya qu\u00e9 hacer\u2026 E\u2019 mira a ver, esos tigueres que se recojan que uno anda enfocao&#8217;, metiendo mano, gracias a Dios\u2026 Por eso yo mejor prefiero estar en mi lao&#8217;, para no meterme con nadie, porque la gente es muy chismosa y muy vaina&#8221;, explic\u00f3 a sus seguidores, mientras en la imagen se colaba su compa\u00f1ero de equipo, el jardinero central Jos\u00e9 Sir\u00ed, en el club house del equipo.<\/p>\n\n\n\n<figure class=\"wp-block-embed is-type-rich is-provider-twitter wp-block-embed-twitter\"><div class=\"wp-block-embed__wrapper\">\n<div class=\"embed-twitter\"><blockquote class=\"twitter-tweet\" data-width=\"500\" data-dnt=\"true\"><p lang=\"es\" dir=\"ltr\">Parte de las palabras de Wander Franco en un live en instagram en el d\u00eda de hoy donde desminti\u00f3 los rumores de las redes.<br><br>Nota: Si alguien tiene la otra parte, ser\u00eda genial que la comparta.<br><br>Video de <a href=\"https:\/\/twitter.com\/jackisierass?ref_src=twsrc%5Etfw\">@jackisierass<\/a> <a href=\"https:\/\/t.co\/vdiYA8eD9Q\">pic.twitter.com\/vdiYA8eD9Q<\/a><\/p>&mdash; Erick Jos\u00e9 Lantigua (@EJLantigua) <a href=\"https:\/\/twitter.com\/EJLantigua\/status\/1690904912966598656?ref_src=twsrc%5Etfw\">August 14, 2023<\/a><\/blockquote><script async src=\"https:\/\/platform.twitter.com\/widgets.js\" charset=\"utf-8\"><\/script><\/div>\n<\/div><\/figure>\n\n\n\n<figure class=\"wp-block-embed is-type-rich is-provider-twitter wp-block-embed-twitter\"><div class=\"wp-block-embed__wrapper\">\n<div class=\"embed-twitter\"><blockquote class=\"twitter-tweet\" data-width=\"500\" data-dnt=\"true\"><p lang=\"es\" dir=\"ltr\">Aqu\u00ed ese ve su comentario desde el principio. <a href=\"https:\/\/t.co\/VR4hGPEHVV\">pic.twitter.com\/VR4hGPEHVV<\/a><\/p>&mdash; Erick Jos\u00e9 Lantigua (@EJLantigua) <a href=\"https:\/\/twitter.com\/EJLantigua\/status\/1691073488973426688?ref_src=twsrc%5Etfw\">August 14, 2023<\/a><\/blockquote><script async src=\"https:\/\/platform.twitter.com\/widgets.js\" charset=\"utf-8\"><\/script><\/div>\n<\/div><\/figure>\n\n\n\n<p>Desde entonces Wander Franco desapareci\u00f3 de las redes sociales, y no fue hasta este lunes 1 de enero cuando se vio por primera vez al presentarse ante la Unidad de Atenci\u00f3n a V\u00edctimas de Violencia de G\u00e9nero de Puerto Plata, siendo detenido el mismo d\u00eda.<\/p>\n\n\n\n<p>La ma\u00f1ana de este viernes 5 de enero, Franco se present\u00f3 en un tribunal del Palacio de Justicia de la referida ciudad, donde se conoce la medida de coerci\u00f3n, con la que el Ministerio P\u00fablico busca el pago de una garant\u00eda econ\u00f3mica de cinco millones de pesos, impedimiento de salida y arresto domiciliario contra el campocorto dominicano.<\/p>\n\n\n\n<p>Durante su llegada, periodistas de distintos medios de comunicaci\u00f3n se acercaron al jugador de 22 a\u00f1os, sin embargo este no emiti\u00f3 ning\u00fan comentario.<\/p>\n\n\n\n<p>Tambi\u00e9n se pudo ver que mientras entraba a la audiencia, las manos de Wander estaban cubiertas con una toalla para que no se vieran las esposas.<\/p>\n\n\n\n<p>Su padre, quien tambi\u00e9n es llamado Wander Franco, se neg\u00f3 a dar declaraciones a su salida de la fiscal\u00eda.<\/p>\n\n\n\n<p>Fuente List\u00edn Diario<\/p>\n","protected":false},"excerpt":{"rendered":"<p>Ocurri\u00f3 en agosto del a\u00f1o 2023, en una transmisi\u00f3n en vivo, cuando el beisbolista habl\u00f3 por primera y \u00faltima vez sobre el caso. Horas despu\u00e9s de que comenzara a ventilarse&hellip;<\/p>\n","protected":false},"author":2,"featured_media":73071,"comment_status":"open","ping_status":"open","sticky":false,"template":"","format":"standard","meta":{"content-type":"","jetpack_post_was_ever_published":false,"_jetpack_newsletter_access":"","_jetpack_dont_email_post_to_subs":false,"_jetpack_newsletter_tier_id":0,"_jetpack_memberships_contains_paywalled_content":false,"_jetpack_memberships_contains_paid_content":false,"footnotes":""},"categories":[1],"tags":[10943,1573,10944,470],"class_list":["post-73070","post","type-post","status-publish","format-standard","has-post-thumbnail","hentry","category-sin-categoria","tag-defendido","tag-menor","tag-vinculaciones","tag-wander-franco"],"jetpack_featured_media_url":"https:\/\/lasprimeras.com.do\/wp-content\/uploads\/2024\/01\/Wander-Franco-2.jpeg","jetpack-related-posts":[{"id":59080,"url":"https:\/\/lasprimeras.com.do\/index.php\/2023\/08\/30\/investigan-segunda-denuncia-contra-wander-franco\/","url_meta":{"origin":73070,"position":0},"title":"Investigan segunda denuncia contra Wander Franco","author":"Nelson Feliz","date":"30 de agosto de 2023","format":false,"excerpt":"Un fiscal especial en Rep\u00fablica Dominicana investiga una segunda denuncia formal de una supuesta relaci\u00f3n con una menor por parte del campocorto de los Tampa Bay Rays, Wander Franco, la \u00faltima de tres acusaciones contra el joven de 22 a\u00f1os, dijeron fuentes a Juan Recio de ESPN. Luego de que\u2026","rel":"","context":"En \u00abSin categor\u00eda\u00bb","block_context":{"text":"Sin categor\u00eda","link":"https:\/\/lasprimeras.com.do\/index.php\/category\/sin-categoria\/"},"img":{"alt_text":"wander-franco","src":"https:\/\/i0.wp.com\/lasprimeras.com.do\/wp-content\/uploads\/2023\/08\/wander-franco.jpg?resize=350%2C200&ssl=1","width":350,"height":200,"srcset":"https:\/\/i0.wp.com\/lasprimeras.com.do\/wp-content\/uploads\/2023\/08\/wander-franco.jpg?resize=350%2C200&ssl=1 1x, https:\/\/i0.wp.com\/lasprimeras.com.do\/wp-content\/uploads\/2023\/08\/wander-franco.jpg?resize=525%2C300&ssl=1 1.5x, https:\/\/i0.wp.com\/lasprimeras.com.do\/wp-content\/uploads\/2023\/08\/wander-franco.jpg?resize=700%2C400&ssl=1 2x"},"classes":[]},{"id":101804,"url":"https:\/\/lasprimeras.com.do\/index.php\/2025\/06\/27\/dictan-dos-anos-de-prision-suspendida-para-wander-franco\/","url_meta":{"origin":73070,"position":1},"title":"Dictan dos a\u00f1os de prisi\u00f3n suspendida para Wander Franco","author":"Nelson Feliz","date":"27 de junio de 2025","format":false,"excerpt":"El pelotero Wander Franco, acusado de abuso y explotaci\u00f3n contra una menor de 16 a\u00f1os es condenado a dos a\u00f1os de prisi\u00f3n suspendida El Tribunal Colegiado del Distrito Judicial de Puerto Plata le dict\u00f3 dos a\u00f1os de prisi\u00f3n suspendida al pelotero Wander Franco, acusado de abuso y explotaci\u00f3n contra una\u2026","rel":"","context":"En \u00abJUSTICIA\u00bb","block_context":{"text":"JUSTICIA","link":"https:\/\/lasprimeras.com.do\/index.php\/category\/justicia\/"},"img":{"alt_text":"","src":"https:\/\/i0.wp.com\/lasprimeras.com.do\/wp-content\/uploads\/2025\/06\/Wander-Franco-tendra-que-cumplir-una-serie-de-requisitos-impuesto-por-la-jueza-Jakayra-Veras-para-no-cumplir-la-pena-en-prision.jpeg?resize=350%2C200&ssl=1","width":350,"height":200,"srcset":"https:\/\/i0.wp.com\/lasprimeras.com.do\/wp-content\/uploads\/2025\/06\/Wander-Franco-tendra-que-cumplir-una-serie-de-requisitos-impuesto-por-la-jueza-Jakayra-Veras-para-no-cumplir-la-pena-en-prision.jpeg?resize=350%2C200&ssl=1 1x, https:\/\/i0.wp.com\/lasprimeras.com.do\/wp-content\/uploads\/2025\/06\/Wander-Franco-tendra-que-cumplir-una-serie-de-requisitos-impuesto-por-la-jueza-Jakayra-Veras-para-no-cumplir-la-pena-en-prision.jpeg?resize=525%2C300&ssl=1 1.5x, https:\/\/i0.wp.com\/lasprimeras.com.do\/wp-content\/uploads\/2025\/06\/Wander-Franco-tendra-que-cumplir-una-serie-de-requisitos-impuesto-por-la-jueza-Jakayra-Veras-para-no-cumplir-la-pena-en-prision.jpeg?resize=700%2C400&ssl=1 2x"},"classes":[]},{"id":73283,"url":"https:\/\/lasprimeras.com.do\/index.php\/2024\/01\/08\/wander-franco-la-increible-y-triste-historia-de-la-candida-menor-y-la-madre-desalmada\/","url_meta":{"origin":73070,"position":2},"title":"Wander Franco: La incre\u00edble y triste historia de la c\u00e1ndida menor y la madre desalmada","author":"Nelson Feliz","date":"8 de enero de 2024","format":false,"excerpt":"El pelotero de Grandes Ligas y la progenitora de la menor est\u00e1n acusados de explotaci\u00f3n sexual. Es el pan cotidiano, pero la nombrad\u00eda del depredador sexual convierte en espect\u00e1culo inocuo el delito. Satisfacci\u00f3n circense de una sociedad que mira para otro lado cuando lo comete un don nadie. Pero no\u2026","rel":"","context":"En \u00abJUSTICIA\u00bb","block_context":{"text":"JUSTICIA","link":"https:\/\/lasprimeras.com.do\/index.php\/category\/justicia\/"},"img":{"alt_text":"Martha Vanessa Chevalier y Wander Franco en la audiencia medidas de coerci\u00f3n en Puerto Plata. (ANEUDY TAV\u00c1REZ)","src":"https:\/\/i0.wp.com\/lasprimeras.com.do\/wp-content\/uploads\/2024\/01\/Martha-Vanessa-Chevalier.jpg?resize=350%2C200&ssl=1","width":350,"height":200,"srcset":"https:\/\/i0.wp.com\/lasprimeras.com.do\/wp-content\/uploads\/2024\/01\/Martha-Vanessa-Chevalier.jpg?resize=350%2C200&ssl=1 1x, https:\/\/i0.wp.com\/lasprimeras.com.do\/wp-content\/uploads\/2024\/01\/Martha-Vanessa-Chevalier.jpg?resize=525%2C300&ssl=1 1.5x, https:\/\/i0.wp.com\/lasprimeras.com.do\/wp-content\/uploads\/2024\/01\/Martha-Vanessa-Chevalier.jpg?resize=700%2C400&ssl=1 2x"},"classes":[]},{"id":73073,"url":"https:\/\/lasprimeras.com.do\/index.php\/2024\/01\/05\/padre-de-menor-se-querella-contra-wander-franco\/","url_meta":{"origin":73070,"position":3},"title":"Padre de menor se querella contra Wander Franco","author":"BIMARY DE JES\u00daS Matos","date":"5 de enero de 2024","format":false,"excerpt":"SANTO DOMINGO.- El padre de la menor con la cual Wander Franco sosten\u00eda una relaci\u00f3n amorosa, se querell\u00f3 este viernes en contra del pelotero de Grandes Ligas quien est\u00e1 acusado de explotaci\u00f3n sexual comercial y lavado de activo. Los abogados Mar\u00eda Dignora Dilon\u00e9 Cruz y Ruddy Gonz\u00e1lez Pe\u00f1a est\u00e1n apoderados\u2026","rel":"","context":"En \u00abPORTADA\u00bb","block_context":{"text":"PORTADA","link":"https:\/\/lasprimeras.com.do\/index.php\/category\/portada\/"},"img":{"alt_text":"","src":"https:\/\/i0.wp.com\/lasprimeras.com.do\/wp-content\/uploads\/2024\/01\/Noticias-de-energia-2024-01-05T110914.641.webp?resize=350%2C200&ssl=1","width":350,"height":200,"srcset":"https:\/\/i0.wp.com\/lasprimeras.com.do\/wp-content\/uploads\/2024\/01\/Noticias-de-energia-2024-01-05T110914.641.webp?resize=350%2C200&ssl=1 1x, https:\/\/i0.wp.com\/lasprimeras.com.do\/wp-content\/uploads\/2024\/01\/Noticias-de-energia-2024-01-05T110914.641.webp?resize=525%2C300&ssl=1 1.5x"},"classes":[]},{"id":72291,"url":"https:\/\/lasprimeras.com.do\/index.php\/2023\/12\/28\/audo-vicente-niega-este-involucrado-en-la-viralizacion-de-la-foto-de-wander-franco-con-una-menor\/","url_meta":{"origin":73070,"position":4},"title":"Audo Vicente niega est\u00e9 involucrado en la viralizaci\u00f3n de la foto de Wander Franco con una menor","author":"Nelson Feliz","date":"28 de diciembre de 2023","format":false,"excerpt":"El gerente de los Tigres del Licey, Audo Vicente, neg\u00f3 este jueves que haya sido el responsable de poner a circular la foto donde el pelotero dominicano de Grandes Ligas, Wander Franco, aparece junto a una menor de edad, hecho por el que est\u00e1 siendo investigado. Mediante una llamada realizada\u2026","rel":"","context":"En \u00abPORTADA\u00bb","block_context":{"text":"PORTADA","link":"https:\/\/lasprimeras.com.do\/index.php\/category\/portada\/"},"img":{"alt_text":"Audo Vicente","src":"https:\/\/i0.wp.com\/lasprimeras.com.do\/wp-content\/uploads\/2023\/12\/Audo-Vicente.jpg?resize=350%2C200&ssl=1","width":350,"height":200},"classes":[]},{"id":72285,"url":"https:\/\/lasprimeras.com.do\/index.php\/2023\/08\/16\/fiscales-sobre-casos-de-ninos-ninas-y-violencia-investigan-a-wander-franco-en-el-pais\/","url_meta":{"origin":73070,"position":5},"title":"Fiscales sobre casos de ni\u00f1os, ni\u00f1as y violencia investigan a Wander Franco en el pa\u00eds","author":"Nelson Feliz","date":"16 de agosto de 2023","format":false,"excerpt":"El fiscal inform\u00f3 que no ha tenido contacto con ejecutivos de las Grandes Ligas ni con ning\u00fan organismo de Estados Unidos. Una fiscal\u00eda en Rep\u00fablica Dominicana inform\u00f3 el mi\u00e9rcoles que la investigaci\u00f3n sobre la presunta relaci\u00f3n del campocorto de los Rays de Tampa Bay Wander Franco con una menor de\u2026","rel":"","context":"En \u00abSin categor\u00eda\u00bb","block_context":{"text":"Sin categor\u00eda","link":"https:\/\/lasprimeras.com.do\/index.php\/category\/sin-categoria\/"},"img":{"alt_text":"Wander Franco","src":"https:\/\/i0.wp.com\/lasprimeras.com.do\/wp-content\/uploads\/2023\/12\/Wander-Franco-1.jpg?resize=350%2C200&ssl=1","width":350,"height":200,"srcset":"https:\/\/i0.wp.com\/lasprimeras.com.do\/wp-content\/uploads\/2023\/12\/Wander-Franco-1.jpg?resize=350%2C200&ssl=1 1x, https:\/\/i0.wp.com\/lasprimeras.com.do\/wp-content\/uploads\/2023\/12\/Wander-Franco-1.jpg?resize=525%2C300&ssl=1 1.5x, https:\/\/i0.wp.com\/lasprimeras.com.do\/wp-content\/uploads\/2023\/12\/Wander-Franco-1.jpg?resize=700%2C400&ssl=1 2x"},"classes":[]}],"jetpack_sharing_enabled":true,"_links":{"self":[{"href":"https:\/\/lasprimeras.com.do\/index.php\/wp-json\/wp\/v2\/posts\/73070","targetHints":{"allow":["GET"]}}],"collection":[{"href":"https:\/\/lasprimeras.com.do\/index.php\/wp-json\/wp\/v2\/posts"}],"about":[{"href":"https:\/\/lasprimeras.com.do\/index.php\/wp-json\/wp\/v2\/types\/post"}],"author":[{"embeddable":true,"href":"https:\/\/lasprimeras.com.do\/index.php\/wp-json\/wp\/v2\/users\/2"}],"replies":[{"embeddable":true,"href":"https:\/\/lasprimeras.com.do\/index.php\/wp-json\/wp\/v2\/comments?post=73070"}],"version-history":[{"count":1,"href":"https:\/\/lasprimeras.com.do\/index.php\/wp-json\/wp\/v2\/posts\/73070\/revisions"}],"predecessor-version":[{"id":73072,"href":"https:\/\/lasprimeras.com.do\/index.php\/wp-json\/wp\/v2\/posts\/73070\/revisions\/73072"}],"wp:featuredmedia":[{"embeddable":true,"href":"https:\/\/lasprimeras.com.do\/index.php\/wp-json\/wp\/v2\/media\/73071"}],"wp:attachment":[{"href":"https:\/\/lasprimeras.com.do\/index.php\/wp-json\/wp\/v2\/media?parent=73070"}],"wp:term":[{"taxonomy":"category","embeddable":true,"href":"https:\/\/lasprimeras.com.do\/index.php\/wp-json\/wp\/v2\/categories?post=73070"},{"taxonomy":"post_tag","embeddable":true,"href":"https:\/\/lasprimeras.com.do\/index.php\/wp-json\/wp\/v2\/tags?post=73070"}],"curies":[{"name":"wp","href":"https:\/\/api.w.org\/{rel}","templated":true}]}}