{"id":73082,"date":"2024-01-05T14:39:09","date_gmt":"2024-01-05T18:39:09","guid":{"rendered":"https:\/\/lasprimeras.com.do\/?p=73082"},"modified":"2024-01-05T14:39:11","modified_gmt":"2024-01-05T18:39:11","slug":"gaza-sigue-sumando-muertos-y-heridos-tras-91-dias-de-fuertes-combates-entre-israel-y-hamas","status":"publish","type":"post","link":"https:\/\/lasprimeras.com.do\/index.php\/2024\/01\/05\/gaza-sigue-sumando-muertos-y-heridos-tras-91-dias-de-fuertes-combates-entre-israel-y-hamas\/","title":{"rendered":"Gaza sigue sumando muertos y heridos tras 91 d\u00edas de fuertes combates entre Israel y Ham\u00e1s"},"content":{"rendered":"\n<p>Ir\u00e1n.- Las autoridades iran\u00edes vincularon el viernes a Israel y Estados Unidos con un atentado suicida reivindicado por el grupo Estado Isl\u00e1mico durante el funeral de algunas de las 89 personas que murieron en el incidente, tratando de entrelazar el ataque con las tensiones m\u00e1s extensas en Oriente Medio derivadas de la guerra entre Israel y Ham\u00e1s.<\/p>\n\n\n\n<p>El presidente iran\u00ed Ebrahim Raisi y el comandante en jefe de la fuerza paramilitar de Ir\u00e1n, la Guardia Revolucionaria, trataron de establecer el v\u00ednculo sin ofrecer pruebas de sus afirmaciones. La multitud congregada ante los f\u00e9retros envueltos en banderas grit\u00f3 en respuesta: \u201d\u00a1Muerte a Estados Unidos!\u201d y \u201d\u00a1Muerte a Israel!\u201d.<\/p>\n\n\n\n<p>\u201cEl enemigo siempre ve el poder de la Rep\u00fablica Isl\u00e1mica. El mundo entero est\u00e1 reconociendo este poder y esta capacidad\u201d, dijo Raisi, sin nombrar directamente a alg\u00fan pa\u00eds. \u201cEst\u00e9n seguros, la iniciativa est\u00e1 en manos de nuestras poderosas fuerzas. El lugar y el momento ser\u00e1n determinados por nuestras fuerzas\u201d.<\/p>\n\n\n\n<p>La televisora estatal iran\u00ed tambi\u00e9n trat\u00f3 de implicar a Estados Unidos con el ataque. En un momento dado, volvi\u00f3 a emitir unas declaraciones realizadas en 2016 por Donald Trump, que entonces era candidato a la presidencia del pa\u00eds, quien acus\u00f3 err\u00f3neamente a su predecesor Barack Obama de ser el \u201cfundador\u201d del grupo extremista.<\/p>\n","protected":false},"excerpt":{"rendered":"<p>Ir\u00e1n.- Las autoridades iran\u00edes vincularon el viernes a Israel y Estados Unidos con un atentado suicida reivindicado por el grupo Estado Isl\u00e1mico durante el funeral de algunas de las 89&hellip;<\/p>\n","protected":false},"author":3,"featured_media":73083,"comment_status":"open","ping_status":"open","sticky":false,"template":"","format":"standard","meta":{"content-type":"","jetpack_post_was_ever_published":false,"_jetpack_newsletter_access":"","_jetpack_dont_email_post_to_subs":false,"_jetpack_newsletter_tier_id":0,"_jetpack_memberships_contains_paywalled_content":false,"_jetpack_memberships_contains_paid_content":false,"footnotes":""},"categories":[1],"tags":[8295,8296,3499,686],"class_list":["post-73082","post","type-post","status-publish","format-standard","has-post-thumbnail","hentry","category-sin-categoria","tag-gaza","tag-hamas","tag-israel","tag-muertos"],"jetpack_featured_media_url":"https:\/\/lasprimeras.com.do\/wp-content\/uploads\/2024\/01\/Noticias-de-energia-2024-01-05T110914.641-2.webp","jetpack-related-posts":[{"id":86723,"url":"https:\/\/lasprimeras.com.do\/index.php\/2024\/07\/31\/el-grupo-terrorista-hamas-confirmo-la-muerte-de-su-lider-ismail-haniyeh-en-un-ataque-en-teheran\/","url_meta":{"origin":73082,"position":0},"title":"El grupo terrorista Hamas confirm\u00f3 la muerte de su l\u00edder Ismail Haniyeh en un ataque en Teher\u00e1n","author":"Nelson Feliz","date":"31 de julio de 2024","format":false,"excerpt":"La noticia tambi\u00e9n fue difundida por el r\u00e9gimen iran\u00ed a trav\u00e9s de su Ej\u00e9rcito, el cual confirm\u00f3 que uno de los guardaespaldas del l\u00edder palestino tambi\u00e9n falleci\u00f3 en el ataque. El grupo terrorista Hamas confirm\u00f3 este mi\u00e9rcoles la muerte de su l\u00edder, Ismail Haniyeh, en un ataque en Teher\u00e1n, donde\u2026","rel":"","context":"En \u00abSin categor\u00eda\u00bb","block_context":{"text":"Sin categor\u00eda","link":"https:\/\/lasprimeras.com.do\/index.php\/category\/sin-categoria\/"},"img":{"alt_text":"Ismail Haniyeh","src":"https:\/\/i0.wp.com\/lasprimeras.com.do\/wp-content\/uploads\/2024\/07\/Ismail-Haniyeh.png?resize=350%2C200&ssl=1","width":350,"height":200,"srcset":"https:\/\/i0.wp.com\/lasprimeras.com.do\/wp-content\/uploads\/2024\/07\/Ismail-Haniyeh.png?resize=350%2C200&ssl=1 1x, https:\/\/i0.wp.com\/lasprimeras.com.do\/wp-content\/uploads\/2024\/07\/Ismail-Haniyeh.png?resize=525%2C300&ssl=1 1.5x, https:\/\/i0.wp.com\/lasprimeras.com.do\/wp-content\/uploads\/2024\/07\/Ismail-Haniyeh.png?resize=700%2C400&ssl=1 2x"},"classes":[]},{"id":65364,"url":"https:\/\/lasprimeras.com.do\/index.php\/2023\/10\/27\/ee-uu-impone-mas-sanciones-a-hamas-incluida-una-empresa-en-espana-vinculada-al-grupo\/","url_meta":{"origin":73082,"position":1},"title":"EE.UU. impone m\u00e1s sanciones a Ham\u00e1s, incluida una empresa en Espa\u00f1a vinculada al grupo","author":"BIMARY DE JES\u00daS Matos","date":"27 de octubre de 2023","format":false,"excerpt":"Washington.- Estados Unidos volvi\u00f3 a castigar este viernes al grupo islamista palestino Ham\u00e1s con nuevas sanciones contra miembros clave y redes financieras de la organizaci\u00f3n, incluida una empresa en Espa\u00f1a, adem\u00e1s de a responsables iran\u00edes que han entrenado a sus milicianos. Las sanciones de este viernes impuestas por el Departamento\u2026","rel":"","context":"En \u00abSin categor\u00eda\u00bb","block_context":{"text":"Sin categor\u00eda","link":"https:\/\/lasprimeras.com.do\/index.php\/category\/sin-categoria\/"},"img":{"alt_text":"","src":"https:\/\/i0.wp.com\/lasprimeras.com.do\/wp-content\/uploads\/2023\/10\/WhatsApp-Image-2023-10-27-at-9.26.25-AM.jpeg?resize=350%2C200&ssl=1","width":350,"height":200,"srcset":"https:\/\/i0.wp.com\/lasprimeras.com.do\/wp-content\/uploads\/2023\/10\/WhatsApp-Image-2023-10-27-at-9.26.25-AM.jpeg?resize=350%2C200&ssl=1 1x, https:\/\/i0.wp.com\/lasprimeras.com.do\/wp-content\/uploads\/2023\/10\/WhatsApp-Image-2023-10-27-at-9.26.25-AM.jpeg?resize=525%2C300&ssl=1 1.5x, https:\/\/i0.wp.com\/lasprimeras.com.do\/wp-content\/uploads\/2023\/10\/WhatsApp-Image-2023-10-27-at-9.26.25-AM.jpeg?resize=700%2C400&ssl=1 2x, https:\/\/i0.wp.com\/lasprimeras.com.do\/wp-content\/uploads\/2023\/10\/WhatsApp-Image-2023-10-27-at-9.26.25-AM.jpeg?resize=1050%2C600&ssl=1 3x, https:\/\/i0.wp.com\/lasprimeras.com.do\/wp-content\/uploads\/2023\/10\/WhatsApp-Image-2023-10-27-at-9.26.25-AM.jpeg?resize=1400%2C800&ssl=1 4x"},"classes":[]},{"id":74224,"url":"https:\/\/lasprimeras.com.do\/index.php\/2024\/01\/20\/iran-dice-que-respondera-a-israel-por-muerte-de-guardias-revolucionarios-en-siria\/","url_meta":{"origin":73082,"position":2},"title":"Ir\u00e1n dice que responder\u00e1 a Israel por muerte de guardias revolucionarios en Siria","author":"BIMARY DE JES\u00daS Matos","date":"20 de enero de 2024","format":false,"excerpt":"Teher\u00e1n.- Este s\u00e1bado Ir\u00e1n afirm\u00f3 que tiene el \u00abderecho a responder\u00bb a Israel \u201cen el momento y lugar apropiados\u201d por la muerte de cinco miembros de la poderosa Guardia Revolucionaria en un ataque en Siria, unas muertes que se producen medio de una tensi\u00f3n m\u00e1xima en Oriente Medio. \u201cLa Rep\u00fablica\u2026","rel":"","context":"En \u00abSin categor\u00eda\u00bb","block_context":{"text":"Sin categor\u00eda","link":"https:\/\/lasprimeras.com.do\/index.php\/category\/sin-categoria\/"},"img":{"alt_text":"","src":"https:\/\/i0.wp.com\/lasprimeras.com.do\/wp-content\/uploads\/2024\/01\/Diseno-sin-titulo-10.webp?resize=350%2C200&ssl=1","width":350,"height":200,"srcset":"https:\/\/i0.wp.com\/lasprimeras.com.do\/wp-content\/uploads\/2024\/01\/Diseno-sin-titulo-10.webp?resize=350%2C200&ssl=1 1x, https:\/\/i0.wp.com\/lasprimeras.com.do\/wp-content\/uploads\/2024\/01\/Diseno-sin-titulo-10.webp?resize=525%2C300&ssl=1 1.5x"},"classes":[]},{"id":62827,"url":"https:\/\/lasprimeras.com.do\/index.php\/2023\/10\/08\/el-ataque-de-hamas-a-israel-empuja-a-biden-a-la-crisis-de-medio-oriente-y-lo-hace-defenderse-de-las-criticas-del-partido-republicano\/","url_meta":{"origin":73082,"position":3},"title":"El ataque de Hamas a Israel empuja a Biden a la crisis de Medio Oriente y lo hace defenderse de las cr\u00edticas del Partido Republicano","author":"Nelson Feliz","date":"8 de octubre de 2023","format":false,"excerpt":"POR MATTHEW LEE Y AAMER MADHANI WASHINGTON (AP) \u2014 El ataque militante de Hamas contra Israel y las represalias masivas que provoc\u00f3 desde Jerusal\u00e9n han empujado al presidente Joe Biden a una crisis en Medio Oriente que corre el riesgo de expandirse a un conflicto m\u00e1s amplio y lo ha\u2026","rel":"","context":"En \u00abSin categor\u00eda\u00bb","block_context":{"text":"Sin categor\u00eda","link":"https:\/\/lasprimeras.com.do\/index.php\/category\/sin-categoria\/"},"img":{"alt_text":"Joe Biden","src":"https:\/\/i0.wp.com\/lasprimeras.com.do\/wp-content\/uploads\/2023\/08\/Joe-Biden-1.jpg?resize=350%2C200&ssl=1","width":350,"height":200,"srcset":"https:\/\/i0.wp.com\/lasprimeras.com.do\/wp-content\/uploads\/2023\/08\/Joe-Biden-1.jpg?resize=350%2C200&ssl=1 1x, https:\/\/i0.wp.com\/lasprimeras.com.do\/wp-content\/uploads\/2023\/08\/Joe-Biden-1.jpg?resize=525%2C300&ssl=1 1.5x, https:\/\/i0.wp.com\/lasprimeras.com.do\/wp-content\/uploads\/2023\/08\/Joe-Biden-1.jpg?resize=700%2C400&ssl=1 2x"},"classes":[]},{"id":62910,"url":"https:\/\/lasprimeras.com.do\/index.php\/2023\/10\/09\/mas-de-1100-muertos-en-primeros-dias-de-guerra-entre-israel-y-gaza\/","url_meta":{"origin":73082,"position":4},"title":"M\u00e1s de 1,100 muertos en primeros d\u00edas de guerra entre Israel y Gaza","author":"BIMARY DE JES\u00daS Matos","date":"9 de octubre de 2023","format":false,"excerpt":"EIsrael y las milicias palestinas de Gaza viven hoy su segundo d\u00eda de guerra con intensos combates en zonas israel\u00edes cercanas a la Franja donde todav\u00eda hay presencia de Ham\u00e1s, mientras contin\u00faan el disparo de cohetes y los bombardeos, con m\u00e1s de 1,100 muertos a ambos lados en un conflicto\u2026","rel":"","context":"En \u00abSin categor\u00eda\u00bb","block_context":{"text":"Sin categor\u00eda","link":"https:\/\/lasprimeras.com.do\/index.php\/category\/sin-categoria\/"},"img":{"alt_text":"","src":"https:\/\/i0.wp.com\/lasprimeras.com.do\/wp-content\/uploads\/2023\/10\/WhatsApp-Image-2023-10-08-at-12.09.51-PM-1.png?resize=350%2C200&ssl=1","width":350,"height":200,"srcset":"https:\/\/i0.wp.com\/lasprimeras.com.do\/wp-content\/uploads\/2023\/10\/WhatsApp-Image-2023-10-08-at-12.09.51-PM-1.png?resize=350%2C200&ssl=1 1x, https:\/\/i0.wp.com\/lasprimeras.com.do\/wp-content\/uploads\/2023\/10\/WhatsApp-Image-2023-10-08-at-12.09.51-PM-1.png?resize=525%2C300&ssl=1 1.5x, https:\/\/i0.wp.com\/lasprimeras.com.do\/wp-content\/uploads\/2023\/10\/WhatsApp-Image-2023-10-08-at-12.09.51-PM-1.png?resize=700%2C400&ssl=1 2x"},"classes":[]},{"id":69297,"url":"https:\/\/lasprimeras.com.do\/index.php\/2023\/12\/01\/tregua-entre-israel-y-hamas-expira-y-se-reanuda-el-combate-en-gaza\/","url_meta":{"origin":73082,"position":5},"title":"Tregua entre Israel y Ham\u00e1s expira y se reanuda el combate en Gaza","author":"BIMARY DE JES\u00daS Matos","date":"1 de diciembre de 2023","format":false,"excerpt":"ISRAEL.-La tregua en la Franja de Gaza ha expirado este viernes y se ha reanudado el intercambio de fuego entre Israel y la milicia islamista palestina de Ham\u00e1s tras siete d\u00edas de cese al fuego que permitieron la liberaci\u00f3n de algunos rehenes capturados por el grupo islamista a cambio de\u2026","rel":"","context":"En \u00abSin categor\u00eda\u00bb","block_context":{"text":"Sin categor\u00eda","link":"https:\/\/lasprimeras.com.do\/index.php\/category\/sin-categoria\/"},"img":{"alt_text":"","src":"https:\/\/i0.wp.com\/lasprimeras.com.do\/wp-content\/uploads\/2023\/12\/Noticias-de-energia-51-4.jpg?resize=350%2C200&ssl=1","width":350,"height":200,"srcset":"https:\/\/i0.wp.com\/lasprimeras.com.do\/wp-content\/uploads\/2023\/12\/Noticias-de-energia-51-4.jpg?resize=350%2C200&ssl=1 1x, https:\/\/i0.wp.com\/lasprimeras.com.do\/wp-content\/uploads\/2023\/12\/Noticias-de-energia-51-4.jpg?resize=525%2C300&ssl=1 1.5x"},"classes":[]}],"jetpack_sharing_enabled":true,"_links":{"self":[{"href":"https:\/\/lasprimeras.com.do\/index.php\/wp-json\/wp\/v2\/posts\/73082","targetHints":{"allow":["GET"]}}],"collection":[{"href":"https:\/\/lasprimeras.com.do\/index.php\/wp-json\/wp\/v2\/posts"}],"about":[{"href":"https:\/\/lasprimeras.com.do\/index.php\/wp-json\/wp\/v2\/types\/post"}],"author":[{"embeddable":true,"href":"https:\/\/lasprimeras.com.do\/index.php\/wp-json\/wp\/v2\/users\/3"}],"replies":[{"embeddable":true,"href":"https:\/\/lasprimeras.com.do\/index.php\/wp-json\/wp\/v2\/comments?post=73082"}],"version-history":[{"count":1,"href":"https:\/\/lasprimeras.com.do\/index.php\/wp-json\/wp\/v2\/posts\/73082\/revisions"}],"predecessor-version":[{"id":73084,"href":"https:\/\/lasprimeras.com.do\/index.php\/wp-json\/wp\/v2\/posts\/73082\/revisions\/73084"}],"wp:featuredmedia":[{"embeddable":true,"href":"https:\/\/lasprimeras.com.do\/index.php\/wp-json\/wp\/v2\/media\/73083"}],"wp:attachment":[{"href":"https:\/\/lasprimeras.com.do\/index.php\/wp-json\/wp\/v2\/media?parent=73082"}],"wp:term":[{"taxonomy":"category","embeddable":true,"href":"https:\/\/lasprimeras.com.do\/index.php\/wp-json\/wp\/v2\/categories?post=73082"},{"taxonomy":"post_tag","embeddable":true,"href":"https:\/\/lasprimeras.com.do\/index.php\/wp-json\/wp\/v2\/tags?post=73082"}],"curies":[{"name":"wp","href":"https:\/\/api.w.org\/{rel}","templated":true}]}}