{"id":73097,"date":"2024-01-05T21:18:52","date_gmt":"2024-01-06T01:18:52","guid":{"rendered":"https:\/\/lasprimeras.com.do\/?p=73097"},"modified":"2024-01-05T21:18:54","modified_gmt":"2024-01-06T01:18:54","slug":"abinader-designa-a-paliza-y-faride-raful-como-coordinadores-de-su-campana","status":"publish","type":"post","link":"https:\/\/lasprimeras.com.do\/index.php\/2024\/01\/05\/abinader-designa-a-paliza-y-faride-raful-como-coordinadores-de-su-campana\/","title":{"rendered":"Abinader designa a Paliza y Faride Raful como coordinadores de su campa\u00f1a"},"content":{"rendered":"\n<p>Santo Domingo.-Jos\u00e9 Ignacio Paliza, presidente del Partido Revolucionario Moderno (PRM), inform\u00f3 que asumir\u00e1 el rol de coordinador general en la campa\u00f1a presidencial de Luis Abinader, accediendo a la solicitud formal realizada por el jefe de Estado.<\/p>\n\n\n\n<p>Explic\u00f3 que la actual senadora del Distrito Nacional, Faride Raful, estar\u00e1 como co-cordinadora de la campa\u00f1a; mientras que Eduardo Estrella, presidente de partido aliado Dominicanos por el Cambio, asumir\u00e1 la coordinaci\u00f3n de la gran coalici\u00f3n de partidos pol\u00edticos que han confluido juntos durante todo el proceso electoral.<\/p>\n\n\n\n<p>Dijo que m\u00e1s de 20 partidos pol\u00edticos han coincidido en las ideas de profundizar el cambio que representa el presidente&nbsp;Luis Abinader.<\/p>\n\n\n\n<p>Expres\u00f3, adem\u00e1s, que en los pr\u00f3ximos d\u00edas presentar\u00e1 una licencia a las funciones de servicio p\u00fablico que desempe\u00f1a como ministro administrativo de la Presidencia, para poder dedicarle todo el tiempo al proyecto presidencial.<\/p>\n","protected":false},"excerpt":{"rendered":"<p>Santo Domingo.-Jos\u00e9 Ignacio Paliza, presidente del Partido Revolucionario Moderno (PRM), inform\u00f3 que asumir\u00e1 el rol de coordinador general en la campa\u00f1a presidencial de Luis Abinader, accediendo a la solicitud formal&hellip;<\/p>\n","protected":false},"author":3,"featured_media":73098,"comment_status":"open","ping_status":"open","sticky":false,"template":"","format":"standard","meta":{"content-type":"","jetpack_post_was_ever_published":false,"_jetpack_newsletter_access":"","_jetpack_dont_email_post_to_subs":false,"_jetpack_newsletter_tier_id":0,"_jetpack_memberships_contains_paywalled_content":false,"_jetpack_memberships_contains_paid_content":false,"footnotes":""},"categories":[1],"tags":[7931,996,1420,31],"class_list":["post-73097","post","type-post","status-publish","format-standard","has-post-thumbnail","hentry","category-sin-categoria","tag-coordinadores","tag-faride-raful","tag-jose-ignacio-paliza","tag-prm"],"jetpack_featured_media_url":"https:\/\/lasprimeras.com.do\/wp-content\/uploads\/2024\/01\/657cfd6f3a4da.png","jetpack-related-posts":[{"id":73131,"url":"https:\/\/lasprimeras.com.do\/index.php\/2024\/01\/06\/faride-raful-agradece-designacion-de-abinader-como-co-coordinadora-de-su-campana-presidencial\/","url_meta":{"origin":73097,"position":0},"title":"Faride Raful agradece designaci\u00f3n de Abinader como co-coordinadora de su campa\u00f1a presidencial","author":"BIMARY DE JES\u00daS Matos","date":"6 de enero de 2024","format":false,"excerpt":"SANTO DOMINGO.\u2013La senadora por el Distrito Nacional, Faride Raful, agradeci\u00f3 al presidente Luis Abinader la designaci\u00f3n como co-coordinadora de campa\u00f1a presidencial del mandatario junto al Ministro Administrativo de la Presidencia, Jos\u00e9 Ignacio Paliza. Paliza, presidente del Partido Revolucionario Moderno (PRM), anunci\u00f3 ayer viernes que ser\u00e1 el coordinador general de la\u2026","rel":"","context":"En \u00abSin categor\u00eda\u00bb","block_context":{"text":"Sin categor\u00eda","link":"https:\/\/lasprimeras.com.do\/index.php\/category\/sin-categoria\/"},"img":{"alt_text":"","src":"https:\/\/i0.wp.com\/lasprimeras.com.do\/wp-content\/uploads\/2024\/01\/Noticias-de-energia-2024-01-04T183445.722-4.jpg?resize=350%2C200&ssl=1","width":350,"height":200,"srcset":"https:\/\/i0.wp.com\/lasprimeras.com.do\/wp-content\/uploads\/2024\/01\/Noticias-de-energia-2024-01-04T183445.722-4.jpg?resize=350%2C200&ssl=1 1x, https:\/\/i0.wp.com\/lasprimeras.com.do\/wp-content\/uploads\/2024\/01\/Noticias-de-energia-2024-01-04T183445.722-4.jpg?resize=525%2C300&ssl=1 1.5x"},"classes":[]},{"id":74815,"url":"https:\/\/lasprimeras.com.do\/index.php\/2024\/01\/26\/faride-raful-en-el-prm-algunos-me-respetan-y-otros-no\/","url_meta":{"origin":73097,"position":1},"title":"Faride Raful: En el PRM algunos me respetan y otros no","author":"Nelson Feliz","date":"26 de enero de 2024","format":false,"excerpt":"Raful dijo que est\u00e1 muy enfocada en la estructuraci\u00f3n del comando a nivel nacional y que como co coordinadora apoyar\u00e1 a todos los candidatos de la alianza que encabeza el PRM. La senadora por el Distrito Nacional, Faride Raful, reflexion\u00f3 en dos ocasiones sobre los desafectos que le tienen algunos\u2026","rel":"","context":"En \u00abPORTADA\u00bb","block_context":{"text":"PORTADA","link":"https:\/\/lasprimeras.com.do\/index.php\/category\/portada\/"},"img":{"alt_text":"Faride Raful","src":"https:\/\/i0.wp.com\/lasprimeras.com.do\/wp-content\/uploads\/2023\/08\/Faride-Raful.jpeg?resize=350%2C200&ssl=1","width":350,"height":200,"srcset":"https:\/\/i0.wp.com\/lasprimeras.com.do\/wp-content\/uploads\/2023\/08\/Faride-Raful.jpeg?resize=350%2C200&ssl=1 1x, https:\/\/i0.wp.com\/lasprimeras.com.do\/wp-content\/uploads\/2023\/08\/Faride-Raful.jpeg?resize=525%2C300&ssl=1 1.5x"},"classes":[]},{"id":75083,"url":"https:\/\/lasprimeras.com.do\/index.php\/2024\/01\/29\/faride-raful-asegura-que-luis-abinader-tendra-un-triunfo-aplastante-en-el-exterior\/","url_meta":{"origin":73097,"position":2},"title":"Faride Raful asegura que Luis Abinader tendr\u00e1 un triunfo aplastante en el exterior","author":"BIMARY DE JES\u00daS Matos","date":"29 de enero de 2024","format":false,"excerpt":"NUEVA YORK.- La co-coordinadora nacional de campa\u00f1a del Partido Revolucionario Moderno (PRM), Faride Raful, asegur\u00f3 en esta cuidad que el presidente Luis Abinader tendr\u00e1 una victoria aplastante en el exterior en las pr\u00f3ximas elecciones generales pautadas para el 19 de mayo. Raful explic\u00f3 que durante todo el d\u00eda hab\u00edan estado\u2026","rel":"","context":"En \u00abSin categor\u00eda\u00bb","block_context":{"text":"Sin categor\u00eda","link":"https:\/\/lasprimeras.com.do\/index.php\/category\/sin-categoria\/"},"img":{"alt_text":"","src":"https:\/\/i0.wp.com\/lasprimeras.com.do\/wp-content\/uploads\/2024\/01\/WhatsApp-Image-2024-01-29-at-10.56.46-AM.jpeg?resize=350%2C200&ssl=1","width":350,"height":200,"srcset":"https:\/\/i0.wp.com\/lasprimeras.com.do\/wp-content\/uploads\/2024\/01\/WhatsApp-Image-2024-01-29-at-10.56.46-AM.jpeg?resize=350%2C200&ssl=1 1x, https:\/\/i0.wp.com\/lasprimeras.com.do\/wp-content\/uploads\/2024\/01\/WhatsApp-Image-2024-01-29-at-10.56.46-AM.jpeg?resize=525%2C300&ssl=1 1.5x, https:\/\/i0.wp.com\/lasprimeras.com.do\/wp-content\/uploads\/2024\/01\/WhatsApp-Image-2024-01-29-at-10.56.46-AM.jpeg?resize=700%2C400&ssl=1 2x, https:\/\/i0.wp.com\/lasprimeras.com.do\/wp-content\/uploads\/2024\/01\/WhatsApp-Image-2024-01-29-at-10.56.46-AM.jpeg?resize=1050%2C600&ssl=1 3x, https:\/\/i0.wp.com\/lasprimeras.com.do\/wp-content\/uploads\/2024\/01\/WhatsApp-Image-2024-01-29-at-10.56.46-AM.jpeg?resize=1400%2C800&ssl=1 4x"},"classes":[]},{"id":72150,"url":"https:\/\/lasprimeras.com.do\/index.php\/2023\/12\/27\/faride-raful-anuncia-que-no-va-como-candidata-a-senadora-por-el-distrito-nacional\/","url_meta":{"origin":73097,"position":3},"title":"Faride Raful anuncia que no va como candidata a Senadora por el Distrito Nacional","author":"Nelson Feliz","date":"27 de diciembre de 2023","format":false,"excerpt":"La senadora del Partido Revolucionario Moderno (PRM) en el Distrito Nacional anunci\u00f3 a trav\u00e9s de un video en sus redes sociales que no ser\u00e1 la candidata a repetir para la senadur\u00eda de la capital debido a que el presidente Luis Abinader le ha solicitado asumir una responsabilidad de mayor \u201cenvergadura\u201d\u2026","rel":"","context":"En \u00abPORTADA\u00bb","block_context":{"text":"PORTADA","link":"https:\/\/lasprimeras.com.do\/index.php\/category\/portada\/"},"img":{"alt_text":"Faride Raful","src":"https:\/\/i0.wp.com\/lasprimeras.com.do\/wp-content\/uploads\/2023\/08\/Faride-Raful.jpeg?resize=350%2C200&ssl=1","width":350,"height":200,"srcset":"https:\/\/i0.wp.com\/lasprimeras.com.do\/wp-content\/uploads\/2023\/08\/Faride-Raful.jpeg?resize=350%2C200&ssl=1 1x, https:\/\/i0.wp.com\/lasprimeras.com.do\/wp-content\/uploads\/2023\/08\/Faride-Raful.jpeg?resize=525%2C300&ssl=1 1.5x"},"classes":[]},{"id":73396,"url":"https:\/\/lasprimeras.com.do\/index.php\/2024\/01\/10\/prm-anuncia-candidatura-de-guillermo-moreno-a-senaduria-del-distrito-nacional\/","url_meta":{"origin":73097,"position":4},"title":"PRM anuncia candidatura de Guillermo Moreno a senadur\u00eda del Distrito Nacional","author":"BIMARY DE JES\u00daS Matos","date":"10 de enero de 2024","format":false,"excerpt":"Santo Domingo.-El Partido Revolucionario Moderno (PRM) ha hecho oficial el anuncio de Guillermo Moreno como su candidato para senador por el Distrito Nacional. El presidente del Partido Alianza Pa\u00eds ocupar\u00e1 el lugar de la actual senadora Faride Raful en la boleta electoral. Raful anunci\u00f3 que, debido a una \u00abdecisi\u00f3n estrat\u00e9gica\u00bb\u2026","rel":"","context":"En \u00abSin categor\u00eda\u00bb","block_context":{"text":"Sin categor\u00eda","link":"https:\/\/lasprimeras.com.do\/index.php\/category\/sin-categoria\/"},"img":{"alt_text":"","src":"https:\/\/i0.wp.com\/lasprimeras.com.do\/wp-content\/uploads\/2024\/01\/En-Ecuador-encapuchados-armados-tomaron-canal-de-television-mientras-transmitia-en-vivo-3-3.jpg?resize=350%2C200&ssl=1","width":350,"height":200,"srcset":"https:\/\/i0.wp.com\/lasprimeras.com.do\/wp-content\/uploads\/2024\/01\/En-Ecuador-encapuchados-armados-tomaron-canal-de-television-mientras-transmitia-en-vivo-3-3.jpg?resize=350%2C200&ssl=1 1x, https:\/\/i0.wp.com\/lasprimeras.com.do\/wp-content\/uploads\/2024\/01\/En-Ecuador-encapuchados-armados-tomaron-canal-de-television-mientras-transmitia-en-vivo-3-3.jpg?resize=525%2C300&ssl=1 1.5x"},"classes":[]},{"id":119246,"url":"https:\/\/lasprimeras.com.do\/index.php\/2026\/01\/09\/paliza-asegura-que-vendran-otros-cambios-mas\/","url_meta":{"origin":73097,"position":5},"title":"Paliza asegura que \u201cvendr\u00e1n otros cambios m\u00e1s\u201d","author":"Nelson Feliz","date":"9 de enero de 2026","format":false,"excerpt":"Jos\u00e9 Ignacio Paliza","rel":"","context":"En \u00abPOLITICA\u00bb","block_context":{"text":"POLITICA","link":"https:\/\/lasprimeras.com.do\/index.php\/category\/politica\/"},"img":{"alt_text":"","src":"https:\/\/i0.wp.com\/lasprimeras.com.do\/wp-content\/uploads\/2025\/07\/paliza.jpg?resize=350%2C200&ssl=1","width":350,"height":200,"srcset":"https:\/\/i0.wp.com\/lasprimeras.com.do\/wp-content\/uploads\/2025\/07\/paliza.jpg?resize=350%2C200&ssl=1 1x, https:\/\/i0.wp.com\/lasprimeras.com.do\/wp-content\/uploads\/2025\/07\/paliza.jpg?resize=525%2C300&ssl=1 1.5x, https:\/\/i0.wp.com\/lasprimeras.com.do\/wp-content\/uploads\/2025\/07\/paliza.jpg?resize=700%2C400&ssl=1 2x"},"classes":[]}],"jetpack_sharing_enabled":true,"_links":{"self":[{"href":"https:\/\/lasprimeras.com.do\/index.php\/wp-json\/wp\/v2\/posts\/73097","targetHints":{"allow":["GET"]}}],"collection":[{"href":"https:\/\/lasprimeras.com.do\/index.php\/wp-json\/wp\/v2\/posts"}],"about":[{"href":"https:\/\/lasprimeras.com.do\/index.php\/wp-json\/wp\/v2\/types\/post"}],"author":[{"embeddable":true,"href":"https:\/\/lasprimeras.com.do\/index.php\/wp-json\/wp\/v2\/users\/3"}],"replies":[{"embeddable":true,"href":"https:\/\/lasprimeras.com.do\/index.php\/wp-json\/wp\/v2\/comments?post=73097"}],"version-history":[{"count":1,"href":"https:\/\/lasprimeras.com.do\/index.php\/wp-json\/wp\/v2\/posts\/73097\/revisions"}],"predecessor-version":[{"id":73099,"href":"https:\/\/lasprimeras.com.do\/index.php\/wp-json\/wp\/v2\/posts\/73097\/revisions\/73099"}],"wp:featuredmedia":[{"embeddable":true,"href":"https:\/\/lasprimeras.com.do\/index.php\/wp-json\/wp\/v2\/media\/73098"}],"wp:attachment":[{"href":"https:\/\/lasprimeras.com.do\/index.php\/wp-json\/wp\/v2\/media?parent=73097"}],"wp:term":[{"taxonomy":"category","embeddable":true,"href":"https:\/\/lasprimeras.com.do\/index.php\/wp-json\/wp\/v2\/categories?post=73097"},{"taxonomy":"post_tag","embeddable":true,"href":"https:\/\/lasprimeras.com.do\/index.php\/wp-json\/wp\/v2\/tags?post=73097"}],"curies":[{"name":"wp","href":"https:\/\/api.w.org\/{rel}","templated":true}]}}