{"id":73198,"date":"2024-01-06T23:55:51","date_gmt":"2024-01-07T03:55:51","guid":{"rendered":"https:\/\/lasprimeras.com.do\/?p=73198"},"modified":"2024-01-06T23:55:53","modified_gmt":"2024-01-07T03:55:53","slug":"buena-vista-primera-el-residencial-de-los-hoyos","status":"publish","type":"post","link":"https:\/\/lasprimeras.com.do\/index.php\/2024\/01\/06\/buena-vista-primera-el-residencial-de-los-hoyos\/","title":{"rendered":"Buena Vista Primera: El Residencial de los hoyos"},"content":{"rendered":"\n<p class=\"wp-block-paragraph\">Por Anneris Hern\u00e1ndez Ortega<\/p>\n\n\n\n<p class=\"wp-block-paragraph\">Es lamentable el completo deterioro de las principales calles del Residencial Buena Vista Primera del municipio Santo Domingo Norte (Villa Mella), toda vez que las autoridades, incluidos los s\u00edndicos, Juntas de Vecinos, la Corporaci\u00f3n de Acueducto y Alcantarillado de Santo Domingo (CAASD) y grupos comunitarios, se hacen de la vista gorda para que esta problem\u00e1tica sea corregida lo m\u00e1s pronto posible.<\/p>\n\n\n\n<p class=\"wp-block-paragraph\">En la actualidad, el sector Buena Vista Primera en Santo Domingo Norte se encuentra en una situaci\u00f3n deplorable debido al mal estado de varias calles importantes que sirven como salida y desahogo a la avenida principal Hermanas Mirabal.<\/p>\n\n\n\n<p class=\"wp-block-paragraph\">Entrando por la calle Penetraci\u00f3n, calle principal del sector se encuentra un peligroso hoyo, adem\u00e1s, la calle Comercio, entrando por el Residencial Hermanas Mirabal las calles luce en completo deterioro, solamente mencionando una de estas calles porque no se pueden mencionar todas,&nbsp; son un verdadero desastre. En iguales condiciones, se encuentra la calle intercomunicaci\u00f3n, paralela a la Parroquia Santa Lucia M\u00e1rtir.<\/p>\n\n\n\n<p class=\"wp-block-paragraph\">Lamentablemente, estas calles alternativas est\u00e1n en un estado deplorable, lo que hace que conducir por ellas sea una tarea peligrosa y tediosa. Es un verdadero pandem\u00f3nium.<\/p>\n\n\n\n<p class=\"wp-block-paragraph\">Un desaf\u00edo para sus residentes, donde, transitar en ella, es un verdadero desatino.<\/p>\n\n\n\n<p class=\"wp-block-paragraph\">Adem\u00e1s, las calles como Lucero, Venus, J\u00fapiter y Jardines del Encanto, del sector Buenas Vista Segunda que sirven de desahogo para ambos sectores se encuentran tambi\u00e9n en completo deterioro, lo que dificulta la movilidad de los residentes y visitantes de la zona.<\/p>\n\n\n\n<p class=\"wp-block-paragraph\">La situaci\u00f3n se agrava a\u00fan m\u00e1s debido al constante tr\u00e1fico que se forma en la avenida principal, lo que genera un tremendo tap\u00f3n, obligando a los conductores a buscar rutas alternativas para evitar quedar atrapados en el congestionamiento vehicular.<\/p>\n\n\n\n<p class=\"wp-block-paragraph\">Es decir, que la situaci\u00f3n se complica a\u00fan m\u00e1s debido a la actitud de algunos motoristas que circulan sin respetar las normas de tr\u00e1nsito y sin consideraci\u00f3n hacia otros conductores y peatones, lo que aumenta el riesgo de accidentes.<\/p>\n\n\n\n<p class=\"wp-block-paragraph\">Tal parece que no hay autoridad que se percate de ello y de verdad que no las hay porque brillan por su ausencia.&nbsp;<\/p>\n\n\n\n<p class=\"wp-block-paragraph\">Por favor, es necesario y urgente que se tomen las medidas para remediar esta agria situaci\u00f3n, a los fines de &nbsp;brindar una soluci\u00f3n satisfactoria para los ciudadanos que se ven afectados por esta terrible realidad.<\/p>\n\n\n\n<p class=\"wp-block-paragraph\">Los residentes y visitantes de Buena Vista Primera y Segunda merecen poder transitar por calles seguras y en buen estado. Es responsabilidad de las autoridades asegurarse de que esto sea posible. Se debe trabajar de manera urgente para solucionar este problema y brindar una soluci\u00f3n satisfactoria para los ciudadanos que se ven afectados por esta terrible realidad.<\/p>\n\n\n\n<p class=\"wp-block-paragraph\">Es primordial, urgente que se tomen medidas para el remozamiento de estas calles, el buen \u00e1nimo y la salud mental afecta a muchos residentes y visitantes de la zona.<\/p>\n\n\n\n<p class=\"wp-block-paragraph\">Pedimos a gritos que se solucione este problema y garantizar que, nosotros los residentes y visitantes de este sector, podamos &nbsp;transitar por calles seguras y en buen estado. No se puede seguir ignorando esta desgracia que, de no ser as\u00ed, Buena Vista Primera seguir\u00e1 siendo el sector de los hoyos.<\/p>\n","protected":false},"excerpt":{"rendered":"<p>Por Anneris Hern\u00e1ndez Ortega Es lamentable el completo deterioro de las principales calles del Residencial Buena Vista Primera del municipio Santo Domingo Norte (Villa Mella), toda vez que las autoridades,&hellip;<\/p>\n","protected":false},"author":2,"featured_media":73199,"comment_status":"open","ping_status":"open","sticky":false,"template":"","format":"standard","meta":{"content-type":"","_jetpack_newsletter_access":"","_jetpack_dont_email_post_to_subs":false,"_jetpack_newsletter_tier_id":0,"_jetpack_memberships_contains_paywalled_content":false,"_jetpack_feature_clip_id":0,"_jetpack_memberships_contains_paid_content":false,"footnotes":"","jetpack_post_was_ever_published":false},"categories":[95],"tags":[10958,10959],"class_list":["post-73198","post","type-post","status-publish","format-standard","has-post-thumbnail","hentry","category-opinion","tag-buena-vista-primera","tag-el-residencial-de-los-hoyos"],"jetpack-related-posts":[{"id":64048,"url":"https:\/\/lasprimeras.com.do\/index.php\/2023\/10\/17\/edeeste-resolvera-necesidades-energeticas-en-sector-buena-vista-ii-de-sdn\/","url_meta":{"origin":73198,"position":0},"title":"Edeeste resolver\u00e1 necesidades energ\u00e9ticas en sector Buena Vista II de SDN","author":"Nelson Feliz","date":"17 de octubre de 2023","format":false,"excerpt":"Por Martin Restituyo La Empresa Distribuidora de Electricidad del Este (Edeeste) indag\u00f3 y document\u00f3 las necesidades que presentan sus clientes en relaci\u00f3n al servicio que ofrece en Buena Vista II, durante un encuentro con l\u00edderes comunitarios de ese sector, ubicado en el municipio Santo Domingo Norte. El gerente general de\u2026","rel":"","context":"En \u00abNACIONALES\u00bb","block_context":{"text":"NACIONALES","link":"https:\/\/lasprimeras.com.do\/index.php\/category\/nacionales\/"},"img":{"alt_text":"edeeste","src":"https:\/\/i0.wp.com\/lasprimeras.com.do\/wp-content\/uploads\/2023\/10\/edeeste.jpg?resize=350%2C200&ssl=1","width":350,"height":200,"srcset":"https:\/\/i0.wp.com\/lasprimeras.com.do\/wp-content\/uploads\/2023\/10\/edeeste.jpg?resize=350%2C200&ssl=1 1x, https:\/\/i0.wp.com\/lasprimeras.com.do\/wp-content\/uploads\/2023\/10\/edeeste.jpg?resize=525%2C300&ssl=1 1.5x, https:\/\/i0.wp.com\/lasprimeras.com.do\/wp-content\/uploads\/2023\/10\/edeeste.jpg?resize=700%2C400&ssl=1 2x"},"classes":[]},{"id":57445,"url":"https:\/\/lasprimeras.com.do\/index.php\/2023\/08\/12\/carlos-guzman-deja-iniciados-trabajos-de-construccion-de-aceras-contenes-badenes-y-bacheos-de-calles\/","url_meta":{"origin":73198,"position":1},"title":"Carlos Guzm\u00e1n deja iniciados trabajos de construcci\u00f3n de aceras, contenes, badenes y bacheos de calles","author":"Nelson Feliz","date":"12 de agosto de 2023","format":false,"excerpt":"Con recursos del PPM adem\u00e1s se realizar\u00e1 el saneamiento de ca\u00f1adas y remozamiento de canchas y centros comunales en barrios de Villa Mella, Los Guaricanos, Sabana Perdida y zonas rurales de SDN. Por Martin Restituyo El alcalde de Santo Domingo Norte (SDN), Carlos Guzm\u00e1n, dej\u00f3 iniciados los trabajos de construcci\u00f3n\u2026","rel":"","context":"En \u00abECONOM\u00cdA\u00bb","block_context":{"text":"ECONOM\u00cdA","link":"https:\/\/lasprimeras.com.do\/index.php\/category\/economia\/"},"img":{"alt_text":"Carlos Guzman","src":"https:\/\/i0.wp.com\/lasprimeras.com.do\/wp-content\/uploads\/2023\/08\/Carlos-Guzman.jpg?resize=350%2C200&ssl=1","width":350,"height":200,"srcset":"https:\/\/i0.wp.com\/lasprimeras.com.do\/wp-content\/uploads\/2023\/08\/Carlos-Guzman.jpg?resize=350%2C200&ssl=1 1x, https:\/\/i0.wp.com\/lasprimeras.com.do\/wp-content\/uploads\/2023\/08\/Carlos-Guzman.jpg?resize=525%2C300&ssl=1 1.5x, https:\/\/i0.wp.com\/lasprimeras.com.do\/wp-content\/uploads\/2023\/08\/Carlos-Guzman.jpg?resize=700%2C400&ssl=1 2x"},"classes":[]},{"id":76380,"url":"https:\/\/lasprimeras.com.do\/index.php\/2024\/02\/09\/abinader-encabezara-marcha-caravana-en-apoyo-a-betty-geronimo-manana-sabado\/","url_meta":{"origin":73198,"position":2},"title":"Abinader encabezar\u00e1 marcha caravana en apoyo a Betty Ger\u00f3nimo, ma\u00f1ana s\u00e1bado","author":"BIMARY DE JES\u00daS Matos","date":"9 de febrero de 2024","format":false,"excerpt":"Santo Domingo.-El presidente Lu\u00eds Abinader encabezar\u00e1 este s\u00e1bado una marcha caravana en apoyo a la candidata a la alcald\u00eda del municipio Santo Domingo Norte,\u00a0 Betty Ger\u00f3nimo. La marcha caravana partir\u00e1 a las 2:00 de la tarde, y recorrer\u00e1 las principales calles y avenidas de Los Guaricanos y Villa Mella Sur.\u2026","rel":"","context":"En \u00abSin categor\u00eda\u00bb","block_context":{"text":"Sin categor\u00eda","link":"https:\/\/lasprimeras.com.do\/index.php\/category\/sin-categoria\/"},"img":{"alt_text":"","src":"https:\/\/i0.wp.com\/lasprimeras.com.do\/wp-content\/uploads\/2024\/02\/WhatsApp-Image-2024-02-09-at-11.51.46-AM-1-scaled.jpeg.webp?resize=350%2C200&ssl=1","width":350,"height":200,"srcset":"https:\/\/i0.wp.com\/lasprimeras.com.do\/wp-content\/uploads\/2024\/02\/WhatsApp-Image-2024-02-09-at-11.51.46-AM-1-scaled.jpeg.webp?resize=350%2C200&ssl=1 1x, https:\/\/i0.wp.com\/lasprimeras.com.do\/wp-content\/uploads\/2024\/02\/WhatsApp-Image-2024-02-09-at-11.51.46-AM-1-scaled.jpeg.webp?resize=525%2C300&ssl=1 1.5x, https:\/\/i0.wp.com\/lasprimeras.com.do\/wp-content\/uploads\/2024\/02\/WhatsApp-Image-2024-02-09-at-11.51.46-AM-1-scaled.jpeg.webp?resize=700%2C400&ssl=1 2x, https:\/\/i0.wp.com\/lasprimeras.com.do\/wp-content\/uploads\/2024\/02\/WhatsApp-Image-2024-02-09-at-11.51.46-AM-1-scaled.jpeg.webp?resize=1050%2C600&ssl=1 3x, https:\/\/i0.wp.com\/lasprimeras.com.do\/wp-content\/uploads\/2024\/02\/WhatsApp-Image-2024-02-09-at-11.51.46-AM-1-scaled.jpeg.webp?resize=1400%2C800&ssl=1 4x"},"classes":[]},{"id":94883,"url":"https:\/\/lasprimeras.com.do\/index.php\/2025\/03\/06\/denuncian-cumulo-de-basura-en-la-entrada-de-residencial-el-polvorin-santo-domingo-norte\/","url_meta":{"origin":73198,"position":3},"title":"Denuncian c\u00famulo de basura en la entrada de residencial El Polvor\u00edn, Santo Domingo Norte","author":"Nelson Feliz","date":"6 de marzo de 2025","format":false,"excerpt":"Por Carlos Miguel Fern\u00e1ndez Residentes del sector El Polvor\u00edn, en Villa Mella, han denunciado el c\u00famulo de basura en la entrada de su residencial, una situaci\u00f3n que, seg\u00fan ellos, se ha convertido en un problema de salud p\u00fablica y contaminaci\u00f3n ambiental. De acuerdo con las declaraciones enviadas a este medio,\u2026","rel":"","context":"En \u00abNACIONALES\u00bb","block_context":{"text":"NACIONALES","link":"https:\/\/lasprimeras.com.do\/index.php\/category\/nacionales\/"},"img":{"alt_text":"c\u00famulo de basura","src":"https:\/\/i0.wp.com\/lasprimeras.com.do\/wp-content\/uploads\/2025\/03\/cumulo-de-basura-1.jpg?resize=350%2C200&ssl=1","width":350,"height":200,"srcset":"https:\/\/i0.wp.com\/lasprimeras.com.do\/wp-content\/uploads\/2025\/03\/cumulo-de-basura-1.jpg?resize=350%2C200&ssl=1 1x, https:\/\/i0.wp.com\/lasprimeras.com.do\/wp-content\/uploads\/2025\/03\/cumulo-de-basura-1.jpg?resize=525%2C300&ssl=1 1.5x, https:\/\/i0.wp.com\/lasprimeras.com.do\/wp-content\/uploads\/2025\/03\/cumulo-de-basura-1.jpg?resize=700%2C400&ssl=1 2x"},"classes":[]},{"id":138567,"url":"https:\/\/lasprimeras.com.do\/index.php\/2026\/08\/31\/gobierno-avanza-en-la-construccion-del-monoriel-de-santo-domingo-con-financiamiento-de-francia\/","url_meta":{"origin":73198,"position":4},"title":"Gobierno avanza en la construcci\u00f3n del Monoriel de Santo Domingo con financiamiento de Francia","author":"Nelson Feliz","date":"31 de agosto de 2026","format":false,"excerpt":"SANTO DOMINGO OESTE.\u2013 El Gobierno dominicano inici\u00f3 formalmente los trabajos de construcci\u00f3n del Monorriel de Santo Domingo, un ambicioso proyecto vial de transporte masivo anunciado por el presidente Luis Abinader que contar\u00e1 con el financiamiento del Gobierno de Francia. Durante un recorrido realizado este domingo por el Residencial Santo Domingo,\u2026","rel":"","context":"En \u00abPORTADA\u00bb","block_context":{"text":"PORTADA","link":"https:\/\/lasprimeras.com.do\/index.php\/category\/portada\/"},"img":{"alt_text":"Monoriel de Santo Domingo","src":"https:\/\/i0.wp.com\/lasprimeras.com.do\/wp-content\/uploads\/2026\/08\/Monoriel-de-Santo-Domingo-2.jpg?resize=350%2C200&ssl=1","width":350,"height":200,"srcset":"https:\/\/i0.wp.com\/lasprimeras.com.do\/wp-content\/uploads\/2026\/08\/Monoriel-de-Santo-Domingo-2.jpg?resize=350%2C200&ssl=1 1x, https:\/\/i0.wp.com\/lasprimeras.com.do\/wp-content\/uploads\/2026\/08\/Monoriel-de-Santo-Domingo-2.jpg?resize=525%2C300&ssl=1 1.5x, https:\/\/i0.wp.com\/lasprimeras.com.do\/wp-content\/uploads\/2026\/08\/Monoriel-de-Santo-Domingo-2.jpg?resize=700%2C400&ssl=1 2x"},"classes":[]},{"id":80428,"url":"https:\/\/lasprimeras.com.do\/index.php\/2024\/04\/08\/luis-el-gallo-cree-trabajo-tesonero-y-sin-pausas-del-presidente-luis-abinader-le-garantiza-ganar-en-primera-vuelta\/","url_meta":{"origin":73198,"position":5},"title":"Luis \u201cEl Gallo\u201d cree trabajo tesonero y sin pausas del presidente Luis Abinader, le garantiza ganar en primera vuelta","author":"BIMARY DE JES\u00daS Matos","date":"8 de abril de 2024","format":false,"excerpt":"Santo Domingo.-El l\u00edder de la Uni\u00f3n Dem\u00f3crata Cristiana. Luis Acosta Moreta, Luis \u201cEl Gallo\u201d asegur\u00f3 hoy que el trabajo tesonero y sin pausas que est\u00e1 haciendo el presidente Luis Abinader le garantiza ganar en la primera vuelta de las pr\u00f3ximas elecciones del 19 de mayo. Luis \u201cEl Gallo hizo sus\u2026","rel":"","context":"En \u00abNACIONALES\u00bb","block_context":{"text":"NACIONALES","link":"https:\/\/lasprimeras.com.do\/index.php\/category\/nacionales\/"},"img":{"alt_text":"","src":"https:\/\/i0.wp.com\/lasprimeras.com.do\/wp-content\/uploads\/2024\/04\/WhatsApp-Image-2024-04-08-at-9.23.09-AM.jpeg?resize=350%2C200&ssl=1","width":350,"height":200,"srcset":"https:\/\/i0.wp.com\/lasprimeras.com.do\/wp-content\/uploads\/2024\/04\/WhatsApp-Image-2024-04-08-at-9.23.09-AM.jpeg?resize=350%2C200&ssl=1 1x, https:\/\/i0.wp.com\/lasprimeras.com.do\/wp-content\/uploads\/2024\/04\/WhatsApp-Image-2024-04-08-at-9.23.09-AM.jpeg?resize=525%2C300&ssl=1 1.5x, https:\/\/i0.wp.com\/lasprimeras.com.do\/wp-content\/uploads\/2024\/04\/WhatsApp-Image-2024-04-08-at-9.23.09-AM.jpeg?resize=700%2C400&ssl=1 2x, https:\/\/i0.wp.com\/lasprimeras.com.do\/wp-content\/uploads\/2024\/04\/WhatsApp-Image-2024-04-08-at-9.23.09-AM.jpeg?resize=1050%2C600&ssl=1 3x, https:\/\/i0.wp.com\/lasprimeras.com.do\/wp-content\/uploads\/2024\/04\/WhatsApp-Image-2024-04-08-at-9.23.09-AM.jpeg?resize=1400%2C800&ssl=1 4x"},"classes":[]}],"jetpack_sharing_enabled":true,"jetpack_featured_media_url":"https:\/\/lasprimeras.com.do\/wp-content\/uploads\/2024\/01\/Anneris-Hernandez-Ortega.jpg","_links":{"self":[{"href":"https:\/\/lasprimeras.com.do\/index.php\/wp-json\/wp\/v2\/posts\/73198","targetHints":{"allow":["GET"]}}],"collection":[{"href":"https:\/\/lasprimeras.com.do\/index.php\/wp-json\/wp\/v2\/posts"}],"about":[{"href":"https:\/\/lasprimeras.com.do\/index.php\/wp-json\/wp\/v2\/types\/post"}],"author":[{"embeddable":true,"href":"https:\/\/lasprimeras.com.do\/index.php\/wp-json\/wp\/v2\/users\/2"}],"replies":[{"embeddable":true,"href":"https:\/\/lasprimeras.com.do\/index.php\/wp-json\/wp\/v2\/comments?post=73198"}],"version-history":[{"count":1,"href":"https:\/\/lasprimeras.com.do\/index.php\/wp-json\/wp\/v2\/posts\/73198\/revisions"}],"predecessor-version":[{"id":73200,"href":"https:\/\/lasprimeras.com.do\/index.php\/wp-json\/wp\/v2\/posts\/73198\/revisions\/73200"}],"wp:featuredmedia":[{"embeddable":true,"href":"https:\/\/lasprimeras.com.do\/index.php\/wp-json\/wp\/v2\/media\/73199"}],"wp:attachment":[{"href":"https:\/\/lasprimeras.com.do\/index.php\/wp-json\/wp\/v2\/media?parent=73198"}],"wp:term":[{"taxonomy":"category","embeddable":true,"href":"https:\/\/lasprimeras.com.do\/index.php\/wp-json\/wp\/v2\/categories?post=73198"},{"taxonomy":"post_tag","embeddable":true,"href":"https:\/\/lasprimeras.com.do\/index.php\/wp-json\/wp\/v2\/tags?post=73198"}],"curies":[{"name":"wp","href":"https:\/\/api.w.org\/{rel}","templated":true}]}}