{"id":73210,"date":"2024-01-07T17:36:22","date_gmt":"2024-01-07T21:36:22","guid":{"rendered":"https:\/\/lasprimeras.com.do\/?p=73210"},"modified":"2024-01-07T17:36:23","modified_gmt":"2024-01-07T21:36:23","slug":"pedro-jimenez-entrega-juguetes-a-cientos-de-ninos-y-los-exhorta-a-estudiar-y-respetar-a-sus-padres","status":"publish","type":"post","link":"https:\/\/lasprimeras.com.do\/index.php\/2024\/01\/07\/pedro-jimenez-entrega-juguetes-a-cientos-de-ninos-y-los-exhorta-a-estudiar-y-respetar-a-sus-padres\/","title":{"rendered":"Pedro Jim\u00e9nez entrega juguetes a cientos de ni\u00f1os y los exhorta a estudiar y respetar a sus padres"},"content":{"rendered":"\n<p><strong>El Comunicador y Candidato a diputado por la Circunscripci\u00f3n 2 del Distrito Nacional lleva alegr\u00eda a cientos de ni\u00f1os y entrega juguetes a ni\u00f1os de Cristo Rey, Los R\u00edos, El Manzano, Los Girasoles y Palma Real.-<\/strong><\/p>\n\n\n\n<p>Al celebrarse este s\u00e1bado la epifan\u00eda de los Santos Reyes, el candidato a Diputado por el Partido Fuerza del Pueblo, Pedro Jim\u00e9nez comparti\u00f3 con cientos de ni\u00f1os de la circunscripci\u00f3n 2 del Distrito Nacional, a quienes les entreg\u00f3 juguetes, llevando alegr\u00eda y felicidad a los peque\u00f1os, en este d\u00eda tan especial.<\/p>\n\n\n\n<p>Los ni\u00f1os de Cristo Rey, Los R\u00edos, el Manzano, Los Girasoles y Palma Real, adem\u00e1s de recibir juguetes disfrutaron de un show con payasos, pinta caritas, palomitas, algod\u00f3n y golosinas.<\/p>\n\n\n\n<p>Mu\u00f1ecas, bicicletas, patinetas entre otros juguetes fueron entregados a los peque\u00f1os que junto a sus padres y de forma ordenada recibieron sus obsequios.<\/p>\n\n\n\n<p>Al realizar la entrega, el candidato a diputado exhort\u00f3 a los peque\u00f1os a ser obediente con sus padres, a practicar deporte y dedicarse a los estudios, pues es la \u00fanica manera de progresar con dignidad<\/p>\n\n\n\n<p>Pedro Jim\u00e9nez enfatiz\u00f3, &nbsp;que aunque el trabajo de un diputado es representar, legislar y, no es menor cierto, que llevar alegr\u00eda a su gente, palear la pobreza y ayudar a ser m\u00e1s f\u00e1cil y llevadera su situaci\u00f3n econ\u00f3mica, es parte del acompa\u00f1amiento que debe realizar un representante del pueblo.<\/p>\n\n\n\n<p>El candidato a diputado estuvo acompa\u00f1ado por las candidatas a regidoras Isabel Reyes, Avelina Garc\u00eda y Mildred Terrero.<\/p>\n","protected":false},"excerpt":{"rendered":"<p>El Comunicador y Candidato a diputado por la Circunscripci\u00f3n 2 del Distrito Nacional lleva alegr\u00eda a cientos de ni\u00f1os y entrega juguetes a ni\u00f1os de Cristo Rey, Los R\u00edos, El&hellip;<\/p>\n","protected":false},"author":2,"featured_media":73211,"comment_status":"open","ping_status":"open","sticky":false,"template":"","format":"standard","meta":{"content-type":"","jetpack_post_was_ever_published":false,"_jetpack_newsletter_access":"","_jetpack_dont_email_post_to_subs":false,"_jetpack_newsletter_tier_id":0,"_jetpack_memberships_contains_paywalled_content":false,"_jetpack_memberships_contains_paid_content":false,"footnotes":""},"categories":[25],"tags":[4719,158,10955,58,2446,4442,10964],"class_list":["post-73210","post","type-post","status-publish","format-standard","has-post-thumbnail","hentry","category-portada","tag-estudiar","tag-fuerza-del-pueblo","tag-juguetes","tag-ninos","tag-padres","tag-pedro-jimenez","tag-respetar"],"jetpack_featured_media_url":"https:\/\/lasprimeras.com.do\/wp-content\/uploads\/2024\/01\/Pedro-Jimenez-1.jpg","jetpack-related-posts":[{"id":107286,"url":"https:\/\/lasprimeras.com.do\/index.php\/2025\/08\/25\/pedro-jimenez-entrega-utiles-escolares-a-cientos-de-ninos-de-la-circ-2-del-distrito-nacional\/","url_meta":{"origin":73210,"position":0},"title":"Pedro Jim\u00e9nez entrega \u00fatiles escolares a cientos de ni\u00f1os de la Circ. 2 del Distrito Nacional","author":"Nelson Feliz","date":"25 de agosto de 2025","format":false,"excerpt":"El periodista y miembro de la Direcci\u00f3n Central de la Fuerza del Pueblo, hizo un llamado para que los padres acudan en masa a llevar a sus hijos a las escuelas, porque la construcci\u00f3n del futuro inicia en el presente.- El periodista, Pedro jim\u00e9nez entreg\u00f3 este fin de semana \u00fatiles\u2026","rel":"","context":"En \u00abPOLITICA\u00bb","block_context":{"text":"POLITICA","link":"https:\/\/lasprimeras.com.do\/index.php\/category\/politica\/"},"img":{"alt_text":"Pedro Jim\u00e9nez","src":"https:\/\/i0.wp.com\/lasprimeras.com.do\/wp-content\/uploads\/2025\/08\/Pedro-Jimenez.jpg?resize=350%2C200&ssl=1","width":350,"height":200,"srcset":"https:\/\/i0.wp.com\/lasprimeras.com.do\/wp-content\/uploads\/2025\/08\/Pedro-Jimenez.jpg?resize=350%2C200&ssl=1 1x, https:\/\/i0.wp.com\/lasprimeras.com.do\/wp-content\/uploads\/2025\/08\/Pedro-Jimenez.jpg?resize=525%2C300&ssl=1 1.5x, https:\/\/i0.wp.com\/lasprimeras.com.do\/wp-content\/uploads\/2025\/08\/Pedro-Jimenez.jpg?resize=700%2C400&ssl=1 2x"},"classes":[]},{"id":92626,"url":"https:\/\/lasprimeras.com.do\/index.php\/2025\/01\/06\/cirilo-moronta-entrega-juguetes-a-ninos-de-san-francisco-de-macoris\/","url_meta":{"origin":73210,"position":1},"title":"Cirilo Moronta entrega juguetes a ni\u00f1os de San Francisco de Macor\u00eds","author":"Nelson Feliz","date":"6 de enero de 2025","format":false,"excerpt":"El Diputado Cirilo Moronta, reuni\u00f3 a cientos de ni\u00f1os para hacerle entrega de juguetes en la iglesia Santa Rosa de Lima de San Francisco de Macoris. Al hacer la entrega el legislador Moronta, expres\u00f3 que es una tradici\u00f3n llevar este tipo de actividad durante la celebraci\u00f3n del d\u00eda de los\u2026","rel":"","context":"En \u00abNACIONALES\u00bb","block_context":{"text":"NACIONALES","link":"https:\/\/lasprimeras.com.do\/index.php\/category\/nacionales\/"},"img":{"alt_text":"","src":"https:\/\/i0.wp.com\/lasprimeras.com.do\/wp-content\/uploads\/2025\/01\/cirilo.jpg?resize=350%2C200&ssl=1","width":350,"height":200,"srcset":"https:\/\/i0.wp.com\/lasprimeras.com.do\/wp-content\/uploads\/2025\/01\/cirilo.jpg?resize=350%2C200&ssl=1 1x, https:\/\/i0.wp.com\/lasprimeras.com.do\/wp-content\/uploads\/2025\/01\/cirilo.jpg?resize=525%2C300&ssl=1 1.5x, https:\/\/i0.wp.com\/lasprimeras.com.do\/wp-content\/uploads\/2025\/01\/cirilo.jpg?resize=700%2C400&ssl=1 2x"},"classes":[]},{"id":56920,"url":"https:\/\/lasprimeras.com.do\/index.php\/2023\/08\/07\/pedro-jimenez-afirma-inseguridad-y-desempleo-es-la-mayor-preocupacion-de-los-habitantes-circunscripcion-numero-2\/","url_meta":{"origin":73210,"position":2},"title":"Pedro Jim\u00e9nez afirma inseguridad, y desempleo es la mayor preocupaci\u00f3n de los habitantes circunscripci\u00f3n n\u00famero 2.","author":"Nelson Feliz","date":"7 de agosto de 2023","format":false,"excerpt":"El aspirante a diputado por la fuerza del pueblo, Pedro Jim\u00e9nez revel\u00f3 hoy que la situaci\u00f3n de inseguridad que viven los residentes de Cristo Rey, Los R\u00edos, Girasoles, La Puya y otros sectores se han convertido en el dolor de cabeza y principal preocupaci\u00f3n, seg\u00fan una encuesta realizada por el\u2026","rel":"","context":"En \u00abPORTADA\u00bb","block_context":{"text":"PORTADA","link":"https:\/\/lasprimeras.com.do\/index.php\/category\/portada\/"},"img":{"alt_text":"Pedro Jimenez","src":"https:\/\/i0.wp.com\/lasprimeras.com.do\/wp-content\/uploads\/2023\/08\/Pedro-Jimenez-1.jpg?resize=350%2C200&ssl=1","width":350,"height":200,"srcset":"https:\/\/i0.wp.com\/lasprimeras.com.do\/wp-content\/uploads\/2023\/08\/Pedro-Jimenez-1.jpg?resize=350%2C200&ssl=1 1x, https:\/\/i0.wp.com\/lasprimeras.com.do\/wp-content\/uploads\/2023\/08\/Pedro-Jimenez-1.jpg?resize=525%2C300&ssl=1 1.5x, https:\/\/i0.wp.com\/lasprimeras.com.do\/wp-content\/uploads\/2023\/08\/Pedro-Jimenez-1.jpg?resize=700%2C400&ssl=1 2x"},"classes":[]},{"id":118980,"url":"https:\/\/lasprimeras.com.do\/index.php\/2026\/01\/05\/voluntariado-banreservas-llena-de-alegria-el-dia-de-reyes-con-entrega-de-juguetes\/","url_meta":{"origin":73210,"position":3},"title":"Voluntariado Banreservas llena de alegr\u00eda el D\u00eda de Reyes con entrega de juguetes","author":"Nelson Feliz","date":"5 de enero de 2026","format":false,"excerpt":"Voluntarios participantes en la jornada de entrega de juguetes dirigida a los hijos de colaboradores del Banco de Reservas.","rel":"","context":"En \u00abNACIONALES\u00bb","block_context":{"text":"NACIONALES","link":"https:\/\/lasprimeras.com.do\/index.php\/category\/nacionales\/"},"img":{"alt_text":"Voluntarios participantes en la jornada de entrega de juguetes dirigida a los hijos de colaboradores del Banco de Reservas.","src":"https:\/\/i0.wp.com\/lasprimeras.com.do\/wp-content\/uploads\/2026\/01\/Voluntariado-Banreservas.jpg?resize=350%2C200&ssl=1","width":350,"height":200,"srcset":"https:\/\/i0.wp.com\/lasprimeras.com.do\/wp-content\/uploads\/2026\/01\/Voluntariado-Banreservas.jpg?resize=350%2C200&ssl=1 1x, https:\/\/i0.wp.com\/lasprimeras.com.do\/wp-content\/uploads\/2026\/01\/Voluntariado-Banreservas.jpg?resize=525%2C300&ssl=1 1.5x, https:\/\/i0.wp.com\/lasprimeras.com.do\/wp-content\/uploads\/2026\/01\/Voluntariado-Banreservas.jpg?resize=700%2C400&ssl=1 2x"},"classes":[]},{"id":73275,"url":"https:\/\/lasprimeras.com.do\/index.php\/2024\/01\/08\/cntu-y-empresarios-entregan-cientos-de-juguetes-inofensivos\/","url_meta":{"origin":73210,"position":4},"title":"CNTU y empresarios entregan cientos de juguetes inofensivos","author":"Nelson Feliz","date":"8 de enero de 2024","format":false,"excerpt":"Afirman fomentan movilidad el\u00e9ctrica y descontaminaci\u00f3n del planeta. La Central Nacional de Transporte Unificado (CNTU) y un grupo de empresarios entregaron hoy, cientos de juguetes a ni\u00f1os de diferentes sectores vulnerables, tras la celebraci\u00f3n del D\u00eda de los Santos ReyesDurante la campa\u00f1a \u201cSalva el Planeta desde Tu Hogar\u201d, el presidente\u2026","rel":"","context":"En \u00abNACIONALES\u00bb","block_context":{"text":"NACIONALES","link":"https:\/\/lasprimeras.com.do\/index.php\/category\/nacionales\/"},"img":{"alt_text":"William P\u00e9rez Figuereo","src":"https:\/\/i0.wp.com\/lasprimeras.com.do\/wp-content\/uploads\/2024\/01\/William-Perez-Figuereo-1.jpg?resize=350%2C200&ssl=1","width":350,"height":200,"srcset":"https:\/\/i0.wp.com\/lasprimeras.com.do\/wp-content\/uploads\/2024\/01\/William-Perez-Figuereo-1.jpg?resize=350%2C200&ssl=1 1x, https:\/\/i0.wp.com\/lasprimeras.com.do\/wp-content\/uploads\/2024\/01\/William-Perez-Figuereo-1.jpg?resize=525%2C300&ssl=1 1.5x, https:\/\/i0.wp.com\/lasprimeras.com.do\/wp-content\/uploads\/2024\/01\/William-Perez-Figuereo-1.jpg?resize=700%2C400&ssl=1 2x"},"classes":[]},{"id":118936,"url":"https:\/\/lasprimeras.com.do\/index.php\/2026\/01\/04\/propeep-lleva-alegria-y-diversion-a-los-ninos-con-la-entrega-de-regalos-por-el-dia-de-los-reyes\/","url_meta":{"origin":73210,"position":5},"title":"Propeep lleva alegr\u00eda y diversi\u00f3n a los ni\u00f1os con la entrega de regalos por el D\u00eda de los Reyes","author":"Nelson Feliz","date":"4 de enero de 2026","format":false,"excerpt":"Con la magia de los Reyes Magos, se reafirma el compromiso del presidente Luis Abinader de promover valores familiares como la solidaridad y la alegr\u00eda. El director de los Proyectos Estrat\u00e9gicos y Especiales de la Presidencia (Propeep), Robert Polanco, inici\u00f3 la entrega de regalos por el D\u00eda de los Reyes\u2026","rel":"","context":"En \u00abNACIONALES\u00bb","block_context":{"text":"NACIONALES","link":"https:\/\/lasprimeras.com.do\/index.php\/category\/nacionales\/"},"img":{"alt_text":"Robert Polanco","src":"https:\/\/i0.wp.com\/lasprimeras.com.do\/wp-content\/uploads\/2026\/01\/Robert-Polanco-1.jpg?resize=350%2C200&ssl=1","width":350,"height":200,"srcset":"https:\/\/i0.wp.com\/lasprimeras.com.do\/wp-content\/uploads\/2026\/01\/Robert-Polanco-1.jpg?resize=350%2C200&ssl=1 1x, https:\/\/i0.wp.com\/lasprimeras.com.do\/wp-content\/uploads\/2026\/01\/Robert-Polanco-1.jpg?resize=525%2C300&ssl=1 1.5x, https:\/\/i0.wp.com\/lasprimeras.com.do\/wp-content\/uploads\/2026\/01\/Robert-Polanco-1.jpg?resize=700%2C400&ssl=1 2x"},"classes":[]}],"jetpack_sharing_enabled":true,"_links":{"self":[{"href":"https:\/\/lasprimeras.com.do\/index.php\/wp-json\/wp\/v2\/posts\/73210","targetHints":{"allow":["GET"]}}],"collection":[{"href":"https:\/\/lasprimeras.com.do\/index.php\/wp-json\/wp\/v2\/posts"}],"about":[{"href":"https:\/\/lasprimeras.com.do\/index.php\/wp-json\/wp\/v2\/types\/post"}],"author":[{"embeddable":true,"href":"https:\/\/lasprimeras.com.do\/index.php\/wp-json\/wp\/v2\/users\/2"}],"replies":[{"embeddable":true,"href":"https:\/\/lasprimeras.com.do\/index.php\/wp-json\/wp\/v2\/comments?post=73210"}],"version-history":[{"count":1,"href":"https:\/\/lasprimeras.com.do\/index.php\/wp-json\/wp\/v2\/posts\/73210\/revisions"}],"predecessor-version":[{"id":73212,"href":"https:\/\/lasprimeras.com.do\/index.php\/wp-json\/wp\/v2\/posts\/73210\/revisions\/73212"}],"wp:featuredmedia":[{"embeddable":true,"href":"https:\/\/lasprimeras.com.do\/index.php\/wp-json\/wp\/v2\/media\/73211"}],"wp:attachment":[{"href":"https:\/\/lasprimeras.com.do\/index.php\/wp-json\/wp\/v2\/media?parent=73210"}],"wp:term":[{"taxonomy":"category","embeddable":true,"href":"https:\/\/lasprimeras.com.do\/index.php\/wp-json\/wp\/v2\/categories?post=73210"},{"taxonomy":"post_tag","embeddable":true,"href":"https:\/\/lasprimeras.com.do\/index.php\/wp-json\/wp\/v2\/tags?post=73210"}],"curies":[{"name":"wp","href":"https:\/\/api.w.org\/{rel}","templated":true}]}}