{"id":73312,"date":"2024-01-08T23:34:45","date_gmt":"2024-01-09T03:34:45","guid":{"rendered":"https:\/\/lasprimeras.com.do\/?p=73312"},"modified":"2024-01-08T23:34:46","modified_gmt":"2024-01-09T03:34:46","slug":"jaime-david-luis-alberto-en-el-corazon-de-sde-y-con-un-55","status":"publish","type":"post","link":"https:\/\/lasprimeras.com.do\/index.php\/2024\/01\/08\/jaime-david-luis-alberto-en-el-corazon-de-sde-y-con-un-55\/","title":{"rendered":"Jaime David: Luis Alberto en el coraz\u00f3n de SDE y con un 55%"},"content":{"rendered":"\n<p>El miembro del Comit\u00e9 Pol\u00edtico del PLD, Jaime David Fern\u00e1ndez Mirabal, manifest\u00f3 que el candidato a alcalde por el PRM, D\u00edo Astacio no arranca.<\/p>\n\n\n\n<p>Fern\u00e1ndez Mirabal, dijo que por tal raz\u00f3n el presidente de la Rep\u00fablica Luis Abinader fue este domingo a tratar de impulsar la candidatura de Astacio realizando una caravana en el municipio Santo Domingo Este.<\/p>\n\n\n\n<p>El ex vicepresidente de la Rep\u00fablica Jaime David Fern\u00e1ndez Mirabal, aseguro que Luis Alberto tiene un 55% de simpat\u00eda y est\u00e1 en el coraz\u00f3n del pueblo.<\/p>\n","protected":false},"excerpt":{"rendered":"<p>El miembro del Comit\u00e9 Pol\u00edtico del PLD, Jaime David Fern\u00e1ndez Mirabal, manifest\u00f3 que el candidato a alcalde por el PRM, D\u00edo Astacio no arranca. Fern\u00e1ndez Mirabal, dijo que por tal&hellip;<\/p>\n","protected":false},"author":2,"featured_media":63360,"comment_status":"open","ping_status":"open","sticky":false,"template":"","format":"standard","meta":{"content-type":"","jetpack_post_was_ever_published":false,"_jetpack_newsletter_access":"","_jetpack_dont_email_post_to_subs":false,"_jetpack_newsletter_tier_id":0,"_jetpack_memberships_contains_paywalled_content":false,"_jetpack_memberships_contains_paid_content":false,"footnotes":""},"categories":[25],"tags":[1937,3074,4694,1016],"class_list":["post-73312","post","type-post","status-publish","format-standard","has-post-thumbnail","hentry","category-portada","tag-corazon","tag-jaime-david","tag-luis-alberto","tag-sde"],"jetpack_featured_media_url":"https:\/\/lasprimeras.com.do\/wp-content\/uploads\/2023\/10\/Jaime-David.jpg","jetpack-related-posts":[{"id":126911,"url":"https:\/\/lasprimeras.com.do\/index.php\/2026\/04\/06\/jaime-david-critica-uso-de-dinero-publico-desde-la-lmd-para-estimular-el-transfuguismo\/","url_meta":{"origin":73312,"position":0},"title":"Jaime David critica uso de dinero p\u00fablico desde la LMD para estimular el transfuguismo","author":"Nelson Feliz","date":"6 de abril de 2026","format":false,"excerpt":"El ex vicepresidente de la Rep\u00fablica, Jaime David Fern\u00e1ndez Mirabal, miembro del Comit\u00e9 Pol\u00edtico del Partido de la Liberaci\u00f3n Dominicana (PLD), critic\u00f3 el uso de dinero p\u00fablico en la Liga Municipal Dominicana para sonsacar y estimular el transfuguismo. En un mensaje audiovisual Fern\u00e1ndez Mirabal denuncia la pr\u00e1ctica del transfuguismo en\u2026","rel":"","context":"En \u00abPOLITICA\u00bb","block_context":{"text":"POLITICA","link":"https:\/\/lasprimeras.com.do\/index.php\/category\/politica\/"},"img":{"alt_text":"Jaime David Fern\u00e1ndez Mirabal","src":"https:\/\/i0.wp.com\/lasprimeras.com.do\/wp-content\/uploads\/2026\/04\/Jaime-D.-Fernandez.jpg?resize=350%2C200&ssl=1","width":350,"height":200},"classes":[]},{"id":93610,"url":"https:\/\/lasprimeras.com.do\/index.php\/2025\/02\/15\/jaime-david-fernandez-pide-resolver-males-en-hermanas-mirabal\/","url_meta":{"origin":73312,"position":1},"title":"Jaime David Fern\u00e1ndez pide resolver males en Hermanas Mirabal","author":"Nelson Feliz","date":"15 de febrero de 2025","format":false,"excerpt":"El exvicepresidente de la Rep\u00fablica, Jaime David Fern\u00e1ndez llam\u00f3 a las autoridades de la provincia Hermanas Mirabal a que den la cara y resuelvan todas las problem\u00e1ticas de esta demarcaci\u00f3n. Fern\u00e1ndez, dijo confiar en el di\u00e1logo como alternativa. En un documento colgado en sus redes sociales, el exvicemandatario manifest\u00f3 una\u2026","rel":"","context":"En \u00abPOLITICA\u00bb","block_context":{"text":"POLITICA","link":"https:\/\/lasprimeras.com.do\/index.php\/category\/politica\/"},"img":{"alt_text":"Jaime David Fern\u00e1ndez Mirabal","src":"https:\/\/i0.wp.com\/lasprimeras.com.do\/wp-content\/uploads\/2024\/06\/Jaime-David-Fernandez-Mirabal.jpg?resize=350%2C200&ssl=1","width":350,"height":200,"srcset":"https:\/\/i0.wp.com\/lasprimeras.com.do\/wp-content\/uploads\/2024\/06\/Jaime-David-Fernandez-Mirabal.jpg?resize=350%2C200&ssl=1 1x, https:\/\/i0.wp.com\/lasprimeras.com.do\/wp-content\/uploads\/2024\/06\/Jaime-David-Fernandez-Mirabal.jpg?resize=525%2C300&ssl=1 1.5x, https:\/\/i0.wp.com\/lasprimeras.com.do\/wp-content\/uploads\/2024\/06\/Jaime-David-Fernandez-Mirabal.jpg?resize=700%2C400&ssl=1 2x"},"classes":[]},{"id":125947,"url":"https:\/\/lasprimeras.com.do\/index.php\/2026\/03\/27\/jaime-david-acusa-a-la-fp-de-sonsacar-a-dirigentes-del-pld\/","url_meta":{"origin":73312,"position":2},"title":"Jaime David acusa a la FP de sonsacar a dirigentes del PLD","author":"Nelson Feliz","date":"27 de marzo de 2026","format":false,"excerpt":"El ex vicepresidente de la Rep\u00fablica y miembro del Comit\u00e9 Pol\u00edtico del Partido de la Liberaci\u00f3n Dominicana (PLD), Jaime David Fern\u00e1ndez Mirabal, calific\u00f3 \u201cactitud de aves de carro\u00f1a\u201d de dirigentes del partido Fuerza del Pueblo de insistir en sonsacar a dirigentes del PLD para llevarlos a sus filas. \u201cEso no\u2026","rel":"","context":"En \u00abPOLITICA\u00bb","block_context":{"text":"POLITICA","link":"https:\/\/lasprimeras.com.do\/index.php\/category\/politica\/"},"img":{"alt_text":"Jaime David Fern\u00e1ndez Mirabal","src":"https:\/\/i0.wp.com\/lasprimeras.com.do\/wp-content\/uploads\/2026\/03\/Jaime-Sanchez-2.jpg?resize=350%2C200&ssl=1","width":350,"height":200,"srcset":"https:\/\/i0.wp.com\/lasprimeras.com.do\/wp-content\/uploads\/2026\/03\/Jaime-Sanchez-2.jpg?resize=350%2C200&ssl=1 1x, https:\/\/i0.wp.com\/lasprimeras.com.do\/wp-content\/uploads\/2026\/03\/Jaime-Sanchez-2.jpg?resize=525%2C300&ssl=1 1.5x, https:\/\/i0.wp.com\/lasprimeras.com.do\/wp-content\/uploads\/2026\/03\/Jaime-Sanchez-2.jpg?resize=700%2C400&ssl=1 2x"},"classes":[]},{"id":83979,"url":"https:\/\/lasprimeras.com.do\/index.php\/2024\/05\/28\/jaime-david-convocar-al-congreso-del-pld-es-un-llamado-a-trabajar-y-generar-ideas\/","url_meta":{"origin":73312,"position":3},"title":"Jaime David: Convocar al Congreso del PLD es un llamado a trabajar y generar ideas","author":"Nelson Feliz","date":"28 de mayo de 2024","format":false,"excerpt":"Jaime David Fern\u00e1ndez Mirabal: \u201cCon la decisi\u00f3n del CP de adelantar la celebraci\u00f3n su congreso, el PLD pone el o\u00eddo en el Coraz\u00f3n del Pueblo\u201d. El ex vicepresidente de la Republica Jaime David Fern\u00e1ndez Mirabal, miembro del Comit\u00e9 Pol\u00edtico del Partido de la Liberaci\u00f3n Dominicana (PLD), dijo sentirse regocijado con\u2026","rel":"","context":"En \u00abPORTADA\u00bb","block_context":{"text":"PORTADA","link":"https:\/\/lasprimeras.com.do\/index.php\/category\/portada\/"},"img":{"alt_text":"","src":"https:\/\/i0.wp.com\/lasprimeras.com.do\/wp-content\/uploads\/2024\/05\/Jaime-David-Fernandez-Mirabal-1.jpeg?resize=350%2C200&ssl=1","width":350,"height":200,"srcset":"https:\/\/i0.wp.com\/lasprimeras.com.do\/wp-content\/uploads\/2024\/05\/Jaime-David-Fernandez-Mirabal-1.jpeg?resize=350%2C200&ssl=1 1x, https:\/\/i0.wp.com\/lasprimeras.com.do\/wp-content\/uploads\/2024\/05\/Jaime-David-Fernandez-Mirabal-1.jpeg?resize=525%2C300&ssl=1 1.5x, https:\/\/i0.wp.com\/lasprimeras.com.do\/wp-content\/uploads\/2024\/05\/Jaime-David-Fernandez-Mirabal-1.jpeg?resize=700%2C400&ssl=1 2x"},"classes":[]},{"id":118697,"url":"https:\/\/lasprimeras.com.do\/index.php\/2026\/01\/02\/jaime-david-presenta-el-fortalecimiento-del-pld-en-el-2025-como-un-gran-triunfo-alcanzado\/","url_meta":{"origin":73312,"position":4},"title":"Jaime David presenta el fortalecimiento del PLD en el 2025 como un\u00a0gran triunfo alcanzado","author":"Nelson Feliz","date":"2 de enero de 2026","format":false,"excerpt":"El ex vicepresidente de la Rep\u00fablica, Jaime David Fern\u00e1ndez Mirabal, miembro del Comit\u00e9 Pol\u00edtico del Partido de la Liberaci\u00f3n Dominicana (PLD), resalt\u00f3 como un gran triunfo de esa organizaci\u00f3n mantenerse firme, estructurado y organizado.\u00a0 En su ya acostumbrados mensajes desde el campo y montando caballo, Fern\u00e1ndez Mirabal dijo que el\u2026","rel":"","context":"En \u00abPOLITICA\u00bb","block_context":{"text":"POLITICA","link":"https:\/\/lasprimeras.com.do\/index.php\/category\/politica\/"},"img":{"alt_text":"Jaime David Fernandez Mirabal","src":"https:\/\/i0.wp.com\/lasprimeras.com.do\/wp-content\/uploads\/2026\/01\/Jaime-David-VANG.jpg?resize=350%2C200&ssl=1","width":350,"height":200,"srcset":"https:\/\/i0.wp.com\/lasprimeras.com.do\/wp-content\/uploads\/2026\/01\/Jaime-David-VANG.jpg?resize=350%2C200&ssl=1 1x, https:\/\/i0.wp.com\/lasprimeras.com.do\/wp-content\/uploads\/2026\/01\/Jaime-David-VANG.jpg?resize=525%2C300&ssl=1 1.5x"},"classes":[]},{"id":103825,"url":"https:\/\/lasprimeras.com.do\/index.php\/2025\/07\/18\/jaime-david-advierte-sobre-intento-de-enemigos-del-pueblo-para-destruir-diferentes-organizaciones\/","url_meta":{"origin":73312,"position":5},"title":"Jaime David advierte sobre intento de \u201cenemigos del Pueblo\u201d para destruir diferentes organizaciones","author":"Nelson Feliz","date":"18 de julio de 2025","format":false,"excerpt":"El ex vicepresidente de la Rep\u00fablica y miembro del Comit\u00e9 Pol\u00edtico del Partido de la Liberaci\u00f3n Dominicana (PLD), Jaime David Fern\u00e1ndez Mirabal, advirti\u00f3 sobre los intentos de \u201cenemigos del pueblo dominicano\u201d, quienes se han propuesto destruir las organizaciones que aglutinan los sectores representativos del pa\u00eds. En una reflexi\u00f3n ma\u00f1anera Fern\u00e1ndez\u2026","rel":"","context":"En \u00abPOLITICA\u00bb","block_context":{"text":"POLITICA","link":"https:\/\/lasprimeras.com.do\/index.php\/category\/politica\/"},"img":{"alt_text":"","src":"https:\/\/i0.wp.com\/lasprimeras.com.do\/wp-content\/uploads\/2025\/07\/Jaime-David-Fernandez-Mirabal.jpg?resize=350%2C200&ssl=1","width":350,"height":200,"srcset":"https:\/\/i0.wp.com\/lasprimeras.com.do\/wp-content\/uploads\/2025\/07\/Jaime-David-Fernandez-Mirabal.jpg?resize=350%2C200&ssl=1 1x, https:\/\/i0.wp.com\/lasprimeras.com.do\/wp-content\/uploads\/2025\/07\/Jaime-David-Fernandez-Mirabal.jpg?resize=525%2C300&ssl=1 1.5x, https:\/\/i0.wp.com\/lasprimeras.com.do\/wp-content\/uploads\/2025\/07\/Jaime-David-Fernandez-Mirabal.jpg?resize=700%2C400&ssl=1 2x"},"classes":[]}],"jetpack_sharing_enabled":true,"_links":{"self":[{"href":"https:\/\/lasprimeras.com.do\/index.php\/wp-json\/wp\/v2\/posts\/73312","targetHints":{"allow":["GET"]}}],"collection":[{"href":"https:\/\/lasprimeras.com.do\/index.php\/wp-json\/wp\/v2\/posts"}],"about":[{"href":"https:\/\/lasprimeras.com.do\/index.php\/wp-json\/wp\/v2\/types\/post"}],"author":[{"embeddable":true,"href":"https:\/\/lasprimeras.com.do\/index.php\/wp-json\/wp\/v2\/users\/2"}],"replies":[{"embeddable":true,"href":"https:\/\/lasprimeras.com.do\/index.php\/wp-json\/wp\/v2\/comments?post=73312"}],"version-history":[{"count":1,"href":"https:\/\/lasprimeras.com.do\/index.php\/wp-json\/wp\/v2\/posts\/73312\/revisions"}],"predecessor-version":[{"id":73313,"href":"https:\/\/lasprimeras.com.do\/index.php\/wp-json\/wp\/v2\/posts\/73312\/revisions\/73313"}],"wp:featuredmedia":[{"embeddable":true,"href":"https:\/\/lasprimeras.com.do\/index.php\/wp-json\/wp\/v2\/media\/63360"}],"wp:attachment":[{"href":"https:\/\/lasprimeras.com.do\/index.php\/wp-json\/wp\/v2\/media?parent=73312"}],"wp:term":[{"taxonomy":"category","embeddable":true,"href":"https:\/\/lasprimeras.com.do\/index.php\/wp-json\/wp\/v2\/categories?post=73312"},{"taxonomy":"post_tag","embeddable":true,"href":"https:\/\/lasprimeras.com.do\/index.php\/wp-json\/wp\/v2\/tags?post=73312"}],"curies":[{"name":"wp","href":"https:\/\/api.w.org\/{rel}","templated":true}]}}