{"id":73374,"date":"2024-01-09T14:15:29","date_gmt":"2024-01-09T18:15:29","guid":{"rendered":"https:\/\/lasprimeras.com.do\/?p=73374"},"modified":"2024-01-09T14:15:30","modified_gmt":"2024-01-09T18:15:30","slug":"young-miko-colabora-con-bizarrap-en-su-sesion-58","status":"publish","type":"post","link":"https:\/\/lasprimeras.com.do\/index.php\/2024\/01\/09\/young-miko-colabora-con-bizarrap-en-su-sesion-58\/","title":{"rendered":"Young Miko colabora con Bizarrap en su &#8220;Sesi\u00f3n 58&#8221;"},"content":{"rendered":"\n<p class=\"wp-block-paragraph\">Santo Domingo.-La cantante puertorrique\u00f1a Young Miko ser\u00e1 la pr\u00f3xima invitada del productor y m\u00fasico argentino Bizarrap para su sesi\u00f3n 58, que saldr\u00e1 a la luz este mi\u00e9rcoles, seg\u00fan anunci\u00f3 el exitoso artista en sus redes sociales.<\/p>\n\n\n\n<p class=\"wp-block-paragraph\">El mensaje publicado por el de Ramos Mej\u00eda en su perfil de X sigue la t\u00f3nica habitual de sus anuncios: una fotograf\u00eda de Bizarrap y su pr\u00f3xima colaboradora en su ya c\u00e9lebre estudio de grabaci\u00f3n.<\/p>\n\n\n\n<p class=\"wp-block-paragraph\">Un breve texto, \u00abbzrp 58 || @itsyoungmiko\u00bb, acompa\u00f1a a la fotograf\u00eda junto a las banderas de Argentina y Puerto Rico.<\/p>\n\n\n\n<p class=\"wp-block-paragraph\">En la instant\u00e1nea, el productor argentino de 25 a\u00f1os -que cuenta con 37 millones y medio de oyentes mensuales en Spotify- va vestido con sus dos atributos cl\u00e1sicos, una gorra negra con su nombre art\u00edstico \u00abBZRP\u00bb y unas gafas de sol oscuras.<\/p>\n\n\n\n<p class=\"wp-block-paragraph\">En esta ocasi\u00f3n, Gonzalo Juli\u00e1n Conde tambi\u00e9n porta una cl\u00e1sica chaqueta azul de la selecci\u00f3n argentina.<\/p>\n\n\n\n<p class=\"wp-block-paragraph\">Mar\u00eda Victoria Ram\u00edrez de Arellano Cardona, conocida como Young Miko, no es ninguna desconocida en el g\u00e9nero de la m\u00fasica urbana latina.<\/p>\n\n\n\n<p class=\"wp-block-paragraph\">A sus 26 a\u00f1os, la de A\u00f1asco cuenta con 26,4 millones de oyentes mensuales en Spotify, y algunas de sus colaboraciones m\u00e1s escuchadas superan ampliamente las 100 millones de reproducciones en esta plataforma.<\/p>\n\n\n\n<p class=\"wp-block-paragraph\">Young Miko ha colaborado con artistas de la talla de su compatriota y fen\u00f3meno mundial de la m\u00fasica en espa\u00f1ol Bad Bunny, los colombianos Feid y Karol G, la dominicana Tokischa, la espa\u00f1ola Bad Gyal o la argentina Nicki Nicole.<\/p>\n\n\n\n<p class=\"wp-block-paragraph\">La artista puertorrique\u00f1a entr\u00f3 en 2017 en la vibrante escena musical de su isla.<\/p>\n\n\n\n<p class=\"wp-block-paragraph\">Comenz\u00f3 su carrera desde su casa y de manera autodidacta, publicando sus primeras maquetas en la plataforma de m\u00fasica en l\u00ednea SoundCloud.<\/p>\n\n\n\n<p class=\"wp-block-paragraph\">Antes, Young Miko hab\u00eda escrito varios poemas.<\/p>\n\n\n\n<p class=\"wp-block-paragraph\">Abiertamente lesbiana, la artista puertorrique\u00f1a ha reivindicado los derechos del colectivo LGTB+ en muchas de sus apariciones y algunas de sus canciones son muy populares entre los miembros de la comunidad.<\/p>\n\n\n\n<p class=\"wp-block-paragraph\">La \u00faltima sesi\u00f3n de Bizarrap, la n\u00famero 57, publicada en octubre pasado, cont\u00f3 con la participaci\u00f3n del joven rapero argentino Milo J y vino acompa\u00f1ada de varios temas conjuntos de los dos artistas argentinos en los que exploraron g\u00e9neros tan diversos como el trap, el flamenco o el R&amp;B.<\/p>\n\n\n\n<p class=\"wp-block-paragraph\">Anteriormente, rompi\u00f3 todos los r\u00e9cords con su sesiones con el espa\u00f1ol Quevedo y la colombiana Shakira.<\/p>\n\n\n\n<p class=\"wp-block-paragraph\">En la \u00faltima edici\u00f3n de los Premios Latin Grammy, celebrada en noviembre en Sevilla (Espa\u00f1a), el argentino fue uno de los grandes triunfadores de la noche haci\u00e9ndose con tres de los principales galardones.<\/p>\n","protected":false},"excerpt":{"rendered":"<p>Santo Domingo.-La cantante puertorrique\u00f1a Young Miko ser\u00e1 la pr\u00f3xima invitada del productor y m\u00fasico argentino Bizarrap para su sesi\u00f3n 58, que saldr\u00e1 a la luz este mi\u00e9rcoles, seg\u00fan anunci\u00f3 el&hellip;<\/p>\n","protected":false},"author":3,"featured_media":73375,"comment_status":"open","ping_status":"open","sticky":false,"template":"","format":"standard","meta":{"content-type":"","_jetpack_newsletter_access":"","_jetpack_dont_email_post_to_subs":false,"_jetpack_newsletter_tier_id":0,"_jetpack_memberships_contains_paywalled_content":false,"_jetpack_feature_clip_id":0,"_jetpack_memberships_contains_paid_content":false,"footnotes":"","jetpack_post_was_ever_published":false},"categories":[84],"tags":[],"class_list":["post-73374","post","type-post","status-publish","format-standard","has-post-thumbnail","hentry","category-entretenimiento"],"jetpack-related-posts":[{"id":67652,"url":"https:\/\/lasprimeras.com.do\/index.php\/2023\/11\/17\/quevedo-y-bizarrap-siguen-sumando-exitos-con-el-latin-grammy-a-mejor-cancion-urbana\/","url_meta":{"origin":73374,"position":0},"title":"Quevedo y Bizarrap siguen sumando \u00e9xitos con el Latin Grammy a mejor canci\u00f3n urbana","author":"BIMARY DE JES\u00daS Matos","date":"17 de noviembre de 2023","format":false,"excerpt":"Santo Domingo.-El espa\u00f1ol Quevedo y el argentino Bizarrap han obtenido este jueves el premio a mejor Canci\u00f3n Urbana en la 24\u00aa edici\u00f3n de los Latin Grammy como compositores de su famosa \u2018Bzrp Music Sessions, Vol. 52\u2019, que ya logr\u00f3 la proeza de mantenerse durante siete semanas en el n\u00famero 1\u2026","rel":"","context":"En \u00abENTRETENIMIENTO\u00bb","block_context":{"text":"ENTRETENIMIENTO","link":"https:\/\/lasprimeras.com.do\/index.php\/category\/entretenimiento\/"},"img":{"alt_text":"","src":"https:\/\/i0.wp.com\/lasprimeras.com.do\/wp-content\/uploads\/2023\/11\/valentin-31.jpg?resize=350%2C200&ssl=1","width":350,"height":200,"srcset":"https:\/\/i0.wp.com\/lasprimeras.com.do\/wp-content\/uploads\/2023\/11\/valentin-31.jpg?resize=350%2C200&ssl=1 1x, https:\/\/i0.wp.com\/lasprimeras.com.do\/wp-content\/uploads\/2023\/11\/valentin-31.jpg?resize=525%2C300&ssl=1 1.5x"},"classes":[]},{"id":75105,"url":"https:\/\/lasprimeras.com.do\/index.php\/2024\/01\/29\/quevedo-hace-una-pausa-musical-porque-no-soy-una-maquina\/","url_meta":{"origin":73374,"position":1},"title":"Quevedo hace una pausa musical porque \u00abno soy una m\u00e1quina\u00bb","author":"BIMARY DE JES\u00daS Matos","date":"29 de enero de 2024","format":false,"excerpt":"Las Palmas de Gran Canaria \u2013 Quevedo, el m\u00fasico espa\u00f1ol que lider\u00f3 las listas mundiales de reproducciones en Spotify, ha decidido poner en pausa su carrera, desconectarse de las redes sociales y abrir un par\u00e9ntesis que promete que ser\u00e1 temporal. \u201dNo soy una m\u00e1quina\u201d, se justific\u00f3 el joven cantante, de\u2026","rel":"","context":"En \u00abENTRETENIMIENTO\u00bb","block_context":{"text":"ENTRETENIMIENTO","link":"https:\/\/lasprimeras.com.do\/index.php\/category\/entretenimiento\/"},"img":{"alt_text":"","src":"https:\/\/i0.wp.com\/lasprimeras.com.do\/wp-content\/uploads\/2024\/01\/Diseno-sin-titulo-10-3.webp?resize=350%2C200&ssl=1","width":350,"height":200,"srcset":"https:\/\/i0.wp.com\/lasprimeras.com.do\/wp-content\/uploads\/2024\/01\/Diseno-sin-titulo-10-3.webp?resize=350%2C200&ssl=1 1x, https:\/\/i0.wp.com\/lasprimeras.com.do\/wp-content\/uploads\/2024\/01\/Diseno-sin-titulo-10-3.webp?resize=525%2C300&ssl=1 1.5x, https:\/\/i0.wp.com\/lasprimeras.com.do\/wp-content\/uploads\/2024\/01\/Diseno-sin-titulo-10-3.webp?resize=700%2C400&ssl=1 2x, https:\/\/i0.wp.com\/lasprimeras.com.do\/wp-content\/uploads\/2024\/01\/Diseno-sin-titulo-10-3.webp?resize=1050%2C600&ssl=1 3x, https:\/\/i0.wp.com\/lasprimeras.com.do\/wp-content\/uploads\/2024\/01\/Diseno-sin-titulo-10-3.webp?resize=1400%2C800&ssl=1 4x"},"classes":[]},{"id":63249,"url":"https:\/\/lasprimeras.com.do\/index.php\/2023\/10\/11\/keityn-recibe-siete-nominaciones-a-la-24a-entrega-de-los-premios-latin-grammy\/","url_meta":{"origin":73374,"position":2},"title":"Keityn recibe siete nominaciones a la 24\u00aa entrega de los Premios Lat\u00edn Grammy","author":"Nelson Feliz","date":"11 de octubre de 2023","format":false,"excerpt":"El exitoso compositor y productor del momento y el creador de los \u00e9xitos globales m\u00e1s populares de hoy en d\u00eda, ha sido nominado a la 24\u00aa Entrega Anual de los Premios Latin Grammy con siete nominaciones. Keityn se encuentra entre las estrellas con m\u00e1s nominaciones de este a\u00f1o. Con nominaciones\u2026","rel":"","context":"En \u00abENTRETENIMIENTO\u00bb","block_context":{"text":"ENTRETENIMIENTO","link":"https:\/\/lasprimeras.com.do\/index.php\/category\/entretenimiento\/"},"img":{"alt_text":"Keityn","src":"https:\/\/i0.wp.com\/lasprimeras.com.do\/wp-content\/uploads\/2023\/10\/Captura.jpg?resize=350%2C200&ssl=1","width":350,"height":200},"classes":[]},{"id":62709,"url":"https:\/\/lasprimeras.com.do\/index.php\/2023\/10\/06\/todos-los-ganadores-de-los-billboard-de-la-musica-latina-2023\/","url_meta":{"origin":73374,"position":3},"title":"Todos los ganadores de los Billboard de la M\u00fasica Latina 2023","author":"BIMARY DE JES\u00daS Matos","date":"6 de octubre de 2023","format":false,"excerpt":"Santo Domingo.-A continuaci\u00f3n, la lista de ganadores de los Premios Billboard de la M\u00fasica Latina, que se entregaron el jueves en Coral Gables, Florida. CATEGOR\u00cdAS DE ARTISTAS \u2014 Artista del a\u00f1o: Bad Bunny \u2014 Artista del a\u00f1o, debut: Peso Pluma \u2014 Gira del a\u00f1o: Bad Bunny \u2014 Artista crossover del\u2026","rel":"","context":"En \u00abENTRETENIMIENTO\u00bb","block_context":{"text":"ENTRETENIMIENTO","link":"https:\/\/lasprimeras.com.do\/index.php\/category\/entretenimiento\/"},"img":{"alt_text":"","src":"https:\/\/i0.wp.com\/lasprimeras.com.do\/wp-content\/uploads\/2023\/10\/WhatsApp-Image-2023-10-05-at-9.43.40-PM-10.jpeg?resize=350%2C200&ssl=1","width":350,"height":200,"srcset":"https:\/\/i0.wp.com\/lasprimeras.com.do\/wp-content\/uploads\/2023\/10\/WhatsApp-Image-2023-10-05-at-9.43.40-PM-10.jpeg?resize=350%2C200&ssl=1 1x, https:\/\/i0.wp.com\/lasprimeras.com.do\/wp-content\/uploads\/2023\/10\/WhatsApp-Image-2023-10-05-at-9.43.40-PM-10.jpeg?resize=525%2C300&ssl=1 1.5x, https:\/\/i0.wp.com\/lasprimeras.com.do\/wp-content\/uploads\/2023\/10\/WhatsApp-Image-2023-10-05-at-9.43.40-PM-10.jpeg?resize=700%2C400&ssl=1 2x"},"classes":[]},{"id":77698,"url":"https:\/\/lasprimeras.com.do\/index.php\/2024\/02\/24\/una-bachata-une-por-primera-vez-las-voces-de-kany-garcia-y-young-miko\/","url_meta":{"origin":73374,"position":4},"title":"Una bachata une por primera vez las voces de Kany Garc\u00eda y Young Miko","author":"BIMARY DE JES\u00daS Matos","date":"24 de febrero de 2024","format":false,"excerpt":"Puerto Rico. -La cantautora puertorrique\u00f1a Kany Garc\u00eda se une por primera vez a la artista urbana Young Miko en su nueva colaboraci\u00f3n musical, \u201cEn esta boca\u201d que estrena hoy jueves, 22 de febrero a trav\u00e9s de todas las plataformas digitales. Este tema formar\u00e1 parte del pr\u00f3ximo \u00e1lbum de estudio de\u2026","rel":"","context":"En \u00abENTRETENIMIENTO\u00bb","block_context":{"text":"ENTRETENIMIENTO","link":"https:\/\/lasprimeras.com.do\/index.php\/category\/entretenimiento\/"},"img":{"alt_text":"","src":"https:\/\/i0.wp.com\/lasprimeras.com.do\/wp-content\/uploads\/2024\/02\/65d94a9085f07.r_d.489-355.jpeg?resize=350%2C200&ssl=1","width":350,"height":200,"srcset":"https:\/\/i0.wp.com\/lasprimeras.com.do\/wp-content\/uploads\/2024\/02\/65d94a9085f07.r_d.489-355.jpeg?resize=350%2C200&ssl=1 1x, https:\/\/i0.wp.com\/lasprimeras.com.do\/wp-content\/uploads\/2024\/02\/65d94a9085f07.r_d.489-355.jpeg?resize=525%2C300&ssl=1 1.5x, https:\/\/i0.wp.com\/lasprimeras.com.do\/wp-content\/uploads\/2024\/02\/65d94a9085f07.r_d.489-355.jpeg?resize=700%2C400&ssl=1 2x"},"classes":[]},{"id":76876,"url":"https:\/\/lasprimeras.com.do\/index.php\/2024\/02\/15\/karol-g-estrena-contigo-con-romantico-video-junto-a-young-miko\/","url_meta":{"origin":73374,"position":5},"title":"Karol G estrena \u201cContigo\u201d con rom\u00e1ntico video junto a Young Miko","author":"BIMARY DE JES\u00daS Matos","date":"15 de febrero de 2024","format":false,"excerpt":"Santo Domingo.-La cantante colombiana Karol G celebr\u00f3 este mi\u00e9rcoles su 33 cumplea\u00f1os lanzando su nueva canci\u00f3n 'Contigo', una colaboraci\u00f3n con el DJ Tiesto en la que le canta al amor coincidiendo tambi\u00e9n con la celebraci\u00f3n del d\u00eda de San Valent\u00edn. 'Contigo' es la primera canci\u00f3n de la colombiana que ve\u2026","rel":"","context":"En \u00abENTRETENIMIENTO\u00bb","block_context":{"text":"ENTRETENIMIENTO","link":"https:\/\/lasprimeras.com.do\/index.php\/category\/entretenimiento\/"},"img":{"alt_text":"","src":"https:\/\/i0.wp.com\/lasprimeras.com.do\/wp-content\/uploads\/2024\/02\/65cd9757d329e.jpeg?resize=350%2C200&ssl=1","width":350,"height":200,"srcset":"https:\/\/i0.wp.com\/lasprimeras.com.do\/wp-content\/uploads\/2024\/02\/65cd9757d329e.jpeg?resize=350%2C200&ssl=1 1x, https:\/\/i0.wp.com\/lasprimeras.com.do\/wp-content\/uploads\/2024\/02\/65cd9757d329e.jpeg?resize=525%2C300&ssl=1 1.5x, https:\/\/i0.wp.com\/lasprimeras.com.do\/wp-content\/uploads\/2024\/02\/65cd9757d329e.jpeg?resize=700%2C400&ssl=1 2x"},"classes":[]}],"jetpack_sharing_enabled":true,"jetpack_featured_media_url":"https:\/\/lasprimeras.com.do\/wp-content\/uploads\/2024\/01\/Noticias-de-energia-2024-01-09T121924.120.png","_links":{"self":[{"href":"https:\/\/lasprimeras.com.do\/index.php\/wp-json\/wp\/v2\/posts\/73374","targetHints":{"allow":["GET"]}}],"collection":[{"href":"https:\/\/lasprimeras.com.do\/index.php\/wp-json\/wp\/v2\/posts"}],"about":[{"href":"https:\/\/lasprimeras.com.do\/index.php\/wp-json\/wp\/v2\/types\/post"}],"author":[{"embeddable":true,"href":"https:\/\/lasprimeras.com.do\/index.php\/wp-json\/wp\/v2\/users\/3"}],"replies":[{"embeddable":true,"href":"https:\/\/lasprimeras.com.do\/index.php\/wp-json\/wp\/v2\/comments?post=73374"}],"version-history":[{"count":1,"href":"https:\/\/lasprimeras.com.do\/index.php\/wp-json\/wp\/v2\/posts\/73374\/revisions"}],"predecessor-version":[{"id":73376,"href":"https:\/\/lasprimeras.com.do\/index.php\/wp-json\/wp\/v2\/posts\/73374\/revisions\/73376"}],"wp:featuredmedia":[{"embeddable":true,"href":"https:\/\/lasprimeras.com.do\/index.php\/wp-json\/wp\/v2\/media\/73375"}],"wp:attachment":[{"href":"https:\/\/lasprimeras.com.do\/index.php\/wp-json\/wp\/v2\/media?parent=73374"}],"wp:term":[{"taxonomy":"category","embeddable":true,"href":"https:\/\/lasprimeras.com.do\/index.php\/wp-json\/wp\/v2\/categories?post=73374"},{"taxonomy":"post_tag","embeddable":true,"href":"https:\/\/lasprimeras.com.do\/index.php\/wp-json\/wp\/v2\/tags?post=73374"}],"curies":[{"name":"wp","href":"https:\/\/api.w.org\/{rel}","templated":true}]}}