{"id":73471,"date":"2024-01-11T07:29:37","date_gmt":"2024-01-11T11:29:37","guid":{"rendered":"https:\/\/lasprimeras.com.do\/?p=73471"},"modified":"2024-01-11T07:29:38","modified_gmt":"2024-01-11T11:29:38","slug":"alex-matos-comparte-que-esta-oficialmente-casado","status":"publish","type":"post","link":"https:\/\/lasprimeras.com.do\/index.php\/2024\/01\/11\/alex-matos-comparte-que-esta-oficialmente-casado\/","title":{"rendered":"Alex Matos comparte que est\u00e1 oficialmente casado"},"content":{"rendered":"\n<p class=\"wp-block-paragraph\">Santo Domingo.-El salsero Alex Matos es un hombre casado. El artista contrajo matrimonio con una mujer de nombre Madelyn Rodr\u00edguez.<\/p>\n\n\n\n<p class=\"wp-block-paragraph\">Matos comparti\u00f3 en su cuenta de Instagram im\u00e1genes del momento en que une su vida a la de su ahora esposa.<\/p>\n\n\n\n<p class=\"wp-block-paragraph\">\u201cCuando te rindes al plan de Dios, El pone en orden tu vida\u2026 Gracias Padre Amado. Oficialmente casado con @madelyn_rod Te amo chiquita\u201d, escribi\u00f3 el salsero.<\/p>\n\n\n\n<p class=\"wp-block-paragraph\">De inmediato cientos de comentarios, de sus seguidores y personalidades del medio, colmaron la publicaci\u00f3n dese\u00e1ndole lo mejor a la pareja.<\/p>\n\n\n\n<p class=\"wp-block-paragraph\">Por su parte, Madelyn Rodr\u00edguez tambi\u00e9n comparti\u00f3 las fotograf\u00edas con el mensaje: \u201cCon la bendici\u00f3n que me dio Dios, aqu\u00ed les presento oficialmente a mi esposo\u201d.<\/p>\n\n\n\n<p class=\"wp-block-paragraph\">De acuerdo a su perfil en la red social de la camarita, Rodr\u00edguez una periodista y predicadora cristiana autora de varios libros.<\/p>\n\n\n\n<p class=\"wp-block-paragraph\">Se recuerda que hace un mes, Alex Matos dio a conocer que entreg\u00f3 su vida a Dios.<\/p>\n\n\n\n<p class=\"wp-block-paragraph\">Cristo me encontr\u00f3. El 9 de Julio, 2023, recib\u00ed a Jes\u00fas como mi Se\u00f1or y Salvador y hoy, 5 meses despu\u00e9s, 9 de diciembre confirmo mi fe y me declaro oficialmente seguidor de Jesucristo\u00bb, as\u00ed dijo Matos en un mensaje en Instagram para dar a conocer su conversi\u00f3n al cristianismo y posteriormente su bautizo.<\/p>\n\n\n\n<p class=\"wp-block-paragraph\">El salsero comparti\u00f3 im\u00e1genes de la ceremonia religiosa encabezada por el pastor Ezequiel Molina y los miembros de su iglesia, Iglesia Mahanaim.<\/p>\n\n\n\n<p class=\"wp-block-paragraph\">\u00abFelicito a mis valientes hermanos de la #Cosecha49 de nuestra iglesia<\/p>\n\n\n\n<p class=\"wp-block-paragraph\">iglesiamahanaimsd. Gracias a mis familiares y amigos por el apoyo. Dios bendiga a nuestro pastor @ezequielmolinaros y a nuestros maestros Berenice, Dinorah y Enriquillo, muchas gracias por 3 meses de excelente doctrina\u00bb, agreg\u00f3.<\/p>\n","protected":false},"excerpt":{"rendered":"<p>Santo Domingo.-El salsero Alex Matos es un hombre casado. El artista contrajo matrimonio con una mujer de nombre Madelyn Rodr\u00edguez. Matos comparti\u00f3 en su cuenta de Instagram im\u00e1genes del momento&hellip;<\/p>\n","protected":false},"author":3,"featured_media":73472,"comment_status":"open","ping_status":"open","sticky":false,"template":"","format":"standard","meta":{"content-type":"","_jetpack_newsletter_access":"","_jetpack_dont_email_post_to_subs":false,"_jetpack_newsletter_tier_id":0,"_jetpack_memberships_contains_paywalled_content":false,"_jetpack_feature_clip_id":0,"_jetpack_memberships_contains_paid_content":false,"footnotes":"","jetpack_post_was_ever_published":false},"categories":[84],"tags":[],"class_list":["post-73471","post","type-post","status-publish","format-standard","has-post-thumbnail","hentry","category-entretenimiento"],"jetpack-related-posts":[{"id":104029,"url":"https:\/\/lasprimeras.com.do\/index.php\/2025\/07\/21\/nyc-designa-calle-de-manhattan-como-guayacan-orquesta-way-en-homenaje-agrupacion-salsera-colombiana\/","url_meta":{"origin":73471,"position":0},"title":"NYC designa calle de Manhattan como \u201cGuayac\u00e1n Orquesta Way\u201d en homenaje agrupaci\u00f3n salsera colombiana","author":"Nelson Feliz","date":"21 de julio de 2025","format":false,"excerpt":"Por Ram\u00f3n Mercedes NUEVA YORK.- El Comisionado de Transporte en esta ciudad (DOT), el dominicano Ydanis Rodr\u00edguez, encabez\u00f3 el pasado fin de semana el acto de designaci\u00f3n de \u201cGuayac\u00e1n Orquesta Way\u201d a la esquina de la Calle 45 con 6ta. Avenida en Manhattan, un reconocimiento de la Alcald\u00eda de NYC\u2026","rel":"","context":"En \u00abENTRETENIMIENTO\u00bb","block_context":{"text":"ENTRETENIMIENTO","link":"https:\/\/lasprimeras.com.do\/index.php\/category\/entretenimiento\/"},"img":{"alt_text":"NYC designa calle de Manhattan como \u201cGuayac\u00e1n Orquesta Way\u201d en homenaje a orquesta salsera colombiana","src":"https:\/\/i0.wp.com\/lasprimeras.com.do\/wp-content\/uploads\/2025\/07\/WhatsApp-Image-2025-07-21-at-6.13.45-AM.jpeg?resize=350%2C200&ssl=1","width":350,"height":200,"srcset":"https:\/\/i0.wp.com\/lasprimeras.com.do\/wp-content\/uploads\/2025\/07\/WhatsApp-Image-2025-07-21-at-6.13.45-AM.jpeg?resize=350%2C200&ssl=1 1x, https:\/\/i0.wp.com\/lasprimeras.com.do\/wp-content\/uploads\/2025\/07\/WhatsApp-Image-2025-07-21-at-6.13.45-AM.jpeg?resize=525%2C300&ssl=1 1.5x"},"classes":[]},{"id":70963,"url":"https:\/\/lasprimeras.com.do\/index.php\/2023\/12\/15\/ricardo-montaner-tiene-cuatro-nacionalidades-y-la-dominicana-esta-en-su-corazon\/","url_meta":{"origin":73471,"position":1},"title":"Ricardo Montaner tiene cuatro nacionalidades y la dominicana est\u00e1 en su coraz\u00f3n","author":"BIMARY DE JES\u00daS Matos","date":"15 de diciembre de 2023","format":false,"excerpt":"RD.-Su verdadero nombre no es Ricardo Montaner. En sus papeles oficiales figura como H\u00e9ctor Eduardo Reglero Montaner, quien naci\u00f3 en Argentina hace 66 a\u00f1os. El renombrado cantautor tiene cuatro nacionalidades. Adem\u00e1s de argentino es ciudadano venezolano, colombiano y dominicano. Si bien su pa\u00eds natal es Argentina, pas\u00f3 la mayor parte\u2026","rel":"","context":"En \u00abENTRETENIMIENTO\u00bb","block_context":{"text":"ENTRETENIMIENTO","link":"https:\/\/lasprimeras.com.do\/index.php\/category\/entretenimiento\/"},"img":{"alt_text":"","src":"https:\/\/i0.wp.com\/lasprimeras.com.do\/wp-content\/uploads\/2023\/12\/WhatsApp-Image-2023-12-14-at-4.48.00-PM-23.jpeg?resize=350%2C200&ssl=1","width":350,"height":200,"srcset":"https:\/\/i0.wp.com\/lasprimeras.com.do\/wp-content\/uploads\/2023\/12\/WhatsApp-Image-2023-12-14-at-4.48.00-PM-23.jpeg?resize=350%2C200&ssl=1 1x, https:\/\/i0.wp.com\/lasprimeras.com.do\/wp-content\/uploads\/2023\/12\/WhatsApp-Image-2023-12-14-at-4.48.00-PM-23.jpeg?resize=525%2C300&ssl=1 1.5x"},"classes":[]},{"id":123388,"url":"https:\/\/lasprimeras.com.do\/index.php\/2026\/02\/28\/bobby-cruz-el-iconico-salsero-boricua-anuncia-su-retiro-en-un-memorable-espectaculo\/","url_meta":{"origin":73471,"position":2},"title":"Bobby Cruz: el ic\u00f3nico salsero boricua anuncia su retiro en un memorable espect\u00e1culo","author":"Nelson Feliz","date":"28 de febrero de 2026","format":false,"excerpt":"San Juan, Puerto Rico,EFE.\u2013 El veterano salsero puertorrique\u00f1o Bobby Cruz anunci\u00f3 en pleno concierto en San Juan que se retira definitivamente de los escenarios, poniendo fin a m\u00e1s de seis d\u00e9cadas de trayectoria art\u00edstica. Cruz, integrante del emblem\u00e1tico d\u00fao junto a Richie Ray, comunic\u00f3 al p\u00fablico que no ofrecer\u00e1 m\u00e1s\u2026","rel":"","context":"En \u00abENTRETENIMIENTO\u00bb","block_context":{"text":"ENTRETENIMIENTO","link":"https:\/\/lasprimeras.com.do\/index.php\/category\/entretenimiento\/"},"img":{"alt_text":"","src":"https:\/\/i0.wp.com\/lasprimeras.com.do\/wp-content\/uploads\/2026\/02\/BOBBY-CRUZ.jpg?resize=350%2C200&ssl=1","width":350,"height":200,"srcset":"https:\/\/i0.wp.com\/lasprimeras.com.do\/wp-content\/uploads\/2026\/02\/BOBBY-CRUZ.jpg?resize=350%2C200&ssl=1 1x, https:\/\/i0.wp.com\/lasprimeras.com.do\/wp-content\/uploads\/2026\/02\/BOBBY-CRUZ.jpg?resize=525%2C300&ssl=1 1.5x"},"classes":[]},{"id":61941,"url":"https:\/\/lasprimeras.com.do\/index.php\/2023\/10\/02\/teatro-nacional-inaugura-memorabilia-de-salsera-celia-cruz\/","url_meta":{"origin":73471,"position":3},"title":"Teatro Nacional inaugura memorabilia de salsera Celia Cruz","author":"BIMARY DE JES\u00daS Matos","date":"2 de octubre de 2023","format":false,"excerpt":"SANTO DOMINGO.- El Teatro Nacional Eduardo Brito, la Fundaci\u00f3n Legado de Celia Cruz y el Congreso de Salsa de la Rep\u00fablica Dominicana inauguraron la memorabilia del vestido usado por Celia Cruz al recibir el Premio Casandra en el 1996, durante un emotivo encuentro en la Mezzanine del Teatro Nacional. Celia\u2026","rel":"","context":"En \u00abENTRETENIMIENTO\u00bb","block_context":{"text":"ENTRETENIMIENTO","link":"https:\/\/lasprimeras.com.do\/index.php\/category\/entretenimiento\/"},"img":{"alt_text":"","src":"https:\/\/i0.wp.com\/lasprimeras.com.do\/wp-content\/uploads\/2023\/10\/WhatsApp-Image-2023-09-28-at-11.50.30-PM-1-4.jpeg?resize=350%2C200&ssl=1","width":350,"height":200,"srcset":"https:\/\/i0.wp.com\/lasprimeras.com.do\/wp-content\/uploads\/2023\/10\/WhatsApp-Image-2023-09-28-at-11.50.30-PM-1-4.jpeg?resize=350%2C200&ssl=1 1x, https:\/\/i0.wp.com\/lasprimeras.com.do\/wp-content\/uploads\/2023\/10\/WhatsApp-Image-2023-09-28-at-11.50.30-PM-1-4.jpeg?resize=525%2C300&ssl=1 1.5x, https:\/\/i0.wp.com\/lasprimeras.com.do\/wp-content\/uploads\/2023\/10\/WhatsApp-Image-2023-09-28-at-11.50.30-PM-1-4.jpeg?resize=700%2C400&ssl=1 2x"},"classes":[]},{"id":61982,"url":"https:\/\/lasprimeras.com.do\/index.php\/2023\/10\/02\/el-salsero-gilberto-santa-rosa-regresara-a-los-escenarios-en-rd\/","url_meta":{"origin":73471,"position":4},"title":"El salsero Gilberto Santa Rosa regresar\u00e1 a los escenarios en RD","author":"BIMARY DE JES\u00daS Matos","date":"2 de octubre de 2023","format":false,"excerpt":"SANTO DOMINGO, Rep\u00fablica Dominicana.- El afamado artista puertorrique\u00f1o Gilberto Santa Rosa presentar\u00e1 su nuevo espect\u00e1culo \u00abAut\u00e9ntico, Amor y Salsa\u00bb en el Teatro Nacional Eduardo Brito, de esta capital, en noviembre pr\u00f3ximo, se conoci\u00f3 hoy. El salsero se presentar\u00e1 en Santo Domingo los d\u00edas 10 y 11 de ese mes como\u2026","rel":"","context":"En \u00abENTRETENIMIENTO\u00bb","block_context":{"text":"ENTRETENIMIENTO","link":"https:\/\/lasprimeras.com.do\/index.php\/category\/entretenimiento\/"},"img":{"alt_text":"","src":"https:\/\/i0.wp.com\/lasprimeras.com.do\/wp-content\/uploads\/2023\/10\/WhatsApp-Image-2023-09-28-at-11.50.30-PM-1-9.jpeg?resize=350%2C200&ssl=1","width":350,"height":200,"srcset":"https:\/\/i0.wp.com\/lasprimeras.com.do\/wp-content\/uploads\/2023\/10\/WhatsApp-Image-2023-09-28-at-11.50.30-PM-1-9.jpeg?resize=350%2C200&ssl=1 1x, https:\/\/i0.wp.com\/lasprimeras.com.do\/wp-content\/uploads\/2023\/10\/WhatsApp-Image-2023-09-28-at-11.50.30-PM-1-9.jpeg?resize=525%2C300&ssl=1 1.5x, https:\/\/i0.wp.com\/lasprimeras.com.do\/wp-content\/uploads\/2023\/10\/WhatsApp-Image-2023-09-28-at-11.50.30-PM-1-9.jpeg?resize=700%2C400&ssl=1 2x"},"classes":[]},{"id":88108,"url":"https:\/\/lasprimeras.com.do\/index.php\/2024\/08\/22\/iglesia-de-dios-emite-comunicado-afirma-doctora-ana-josefa-cuello-no-mostraba-signos-violentos\/","url_meta":{"origin":73471,"position":5},"title":"Iglesia de Dios emite comunicado; afirma doctora Ana Josefa Cuello no mostraba signos violentos","author":"Nelson Feliz","date":"22 de agosto de 2024","format":false,"excerpt":"Por Tom\u00e1s Vidal Rodr\u00edguez El Concilio de las Iglesia de Dios junto a la congregaci\u00f3n Monte Moriah, en los Trinitarios II, en Santo Domingo Este, lament\u00f3 la muerte de la ni\u00f1a Elianna Fr\u00edas Garc\u00eda, ocasionada por su madre la doctora, catedr\u00e1tica universitaria y oficial m\u00e9dico del Ej\u00e9rcito de la Rep\u00fablica\u2026","rel":"","context":"En \u00abNACIONALES\u00bb","block_context":{"text":"NACIONALES","link":"https:\/\/lasprimeras.com.do\/index.php\/category\/nacionales\/"},"img":{"alt_text":"Ana Josefa Garc\u00eda","src":"https:\/\/i0.wp.com\/lasprimeras.com.do\/wp-content\/uploads\/2024\/08\/Ana-Josefa-Garcia.jpg?resize=350%2C200&ssl=1","width":350,"height":200,"srcset":"https:\/\/i0.wp.com\/lasprimeras.com.do\/wp-content\/uploads\/2024\/08\/Ana-Josefa-Garcia.jpg?resize=350%2C200&ssl=1 1x, https:\/\/i0.wp.com\/lasprimeras.com.do\/wp-content\/uploads\/2024\/08\/Ana-Josefa-Garcia.jpg?resize=525%2C300&ssl=1 1.5x, https:\/\/i0.wp.com\/lasprimeras.com.do\/wp-content\/uploads\/2024\/08\/Ana-Josefa-Garcia.jpg?resize=700%2C400&ssl=1 2x"},"classes":[]}],"jetpack_sharing_enabled":true,"jetpack_featured_media_url":"https:\/\/lasprimeras.com.do\/wp-content\/uploads\/2024\/01\/WhatsApp-Image-2024-01-10-at-11.22.13-PM-4.png","_links":{"self":[{"href":"https:\/\/lasprimeras.com.do\/index.php\/wp-json\/wp\/v2\/posts\/73471","targetHints":{"allow":["GET"]}}],"collection":[{"href":"https:\/\/lasprimeras.com.do\/index.php\/wp-json\/wp\/v2\/posts"}],"about":[{"href":"https:\/\/lasprimeras.com.do\/index.php\/wp-json\/wp\/v2\/types\/post"}],"author":[{"embeddable":true,"href":"https:\/\/lasprimeras.com.do\/index.php\/wp-json\/wp\/v2\/users\/3"}],"replies":[{"embeddable":true,"href":"https:\/\/lasprimeras.com.do\/index.php\/wp-json\/wp\/v2\/comments?post=73471"}],"version-history":[{"count":1,"href":"https:\/\/lasprimeras.com.do\/index.php\/wp-json\/wp\/v2\/posts\/73471\/revisions"}],"predecessor-version":[{"id":73473,"href":"https:\/\/lasprimeras.com.do\/index.php\/wp-json\/wp\/v2\/posts\/73471\/revisions\/73473"}],"wp:featuredmedia":[{"embeddable":true,"href":"https:\/\/lasprimeras.com.do\/index.php\/wp-json\/wp\/v2\/media\/73472"}],"wp:attachment":[{"href":"https:\/\/lasprimeras.com.do\/index.php\/wp-json\/wp\/v2\/media?parent=73471"}],"wp:term":[{"taxonomy":"category","embeddable":true,"href":"https:\/\/lasprimeras.com.do\/index.php\/wp-json\/wp\/v2\/categories?post=73471"},{"taxonomy":"post_tag","embeddable":true,"href":"https:\/\/lasprimeras.com.do\/index.php\/wp-json\/wp\/v2\/tags?post=73471"}],"curies":[{"name":"wp","href":"https:\/\/api.w.org\/{rel}","templated":true}]}}