{"id":73480,"date":"2024-01-11T15:11:20","date_gmt":"2024-01-11T19:11:20","guid":{"rendered":"https:\/\/lasprimeras.com.do\/?p=73480"},"modified":"2024-01-11T15:11:22","modified_gmt":"2024-01-11T19:11:22","slug":"domingo-y-omar-encabezan-campana-para-solucionar-inundaciones","status":"publish","type":"post","link":"https:\/\/lasprimeras.com.do\/index.php\/2024\/01\/11\/domingo-y-omar-encabezan-campana-para-solucionar-inundaciones\/","title":{"rendered":"Domingo y Omar encabezan campa\u00f1a para solucionar inundaciones"},"content":{"rendered":"\n<p>Santo Domingo \u2013 En un esfuerzo conjunto, Domingo Contreras, y Omar Fern\u00e1ndez encabezaron este mi\u00e9rcoles el inicio de una jornada masiva de recolecci\u00f3n de firmas en apoyo a la propuesta convertida en proyecto de ley para la soluci\u00f3n del problema del drenaje pluvial en la capital, con el objetivo de poner fin a las recurrentes inundaciones.<\/p>\n\n\n\n<p>Con el lema \u00abMi firma por el drenaje\u00bb, la campa\u00f1a inici\u00f3 una extensa ruta de concientizaci\u00f3n y respaldo para abordar las problem\u00e1ticas que causan las inundaciones en el Distrito Nacional.<\/p>\n\n\n\n<p>\u201cCientos de voluntarios se desplegar\u00e1n casa por casa en toda la capital, sumando apoyos, voluntades, concientizando y promoviendo la soluci\u00f3n a este problema\u201d, expres\u00f3 el candidato a alcalde del Distrito Nacional por el Partido de la Liberaci\u00f3n Dominicana y la Alianza Rescate RD.<\/p>\n\n\n\n<p>De su lado, Omar Fern\u00e1ndez, candidato a senador por la amplia coalici\u00f3n de partidos, indic\u00f3 que est\u00e1n comprometidos con la seguridad y el bienestar de los habitantes de la ciudad, al resaltar la necesidad de unificar esfuerzos para enfrentar el desaf\u00edo del drenaje de manera efectiva.<\/p>\n\n\n\n<p>\u201cLa recolecci\u00f3n de firmas marca el primer paso en la movilizaci\u00f3n de voluntades que contribuir\u00e1n a la soluci\u00f3n definitiva de las inundaciones que afectan a Santo Domingo\u201d, indic\u00f3 el candidato de la Fuerza del Pueblo y aliados.<\/p>\n\n\n\n<p>Esta campa\u00f1a tiene como objetivo recoger 200 mil firmas de residentes de la capital y abogar para que el Estado dominicano adopte la causa de convertir el Impuesto a la Propiedad Inmobiliaria (IPI), en la fuente de recursos para resolver los problemas de drenaje en la ciudad de Santo Domingo.<\/p>\n\n\n\n<p>La campa\u00f1a \u00abMi firma por el drenaje\u00bb se propone involucrar a la comunidad en la toma de decisiones y fomentar la participaci\u00f3n ciudadana activa.<\/p>\n\n\n\n<p>Domingo Contreras y Omar Fern\u00e1ndez expresaron su agradecimiento a todos los voluntarios y a la poblaci\u00f3n en general por su apoyo inquebrantable en esta lucha conjunta por un entorno m\u00e1s seguro y resiliente.<\/p>\n","protected":false},"excerpt":{"rendered":"<p>Santo Domingo \u2013 En un esfuerzo conjunto, Domingo Contreras, y Omar Fern\u00e1ndez encabezaron este mi\u00e9rcoles el inicio de una jornada masiva de recolecci\u00f3n de firmas en apoyo a la propuesta&hellip;<\/p>\n","protected":false},"author":3,"featured_media":73481,"comment_status":"open","ping_status":"open","sticky":false,"template":"","format":"standard","meta":{"content-type":"","jetpack_post_was_ever_published":false,"_jetpack_newsletter_access":"","_jetpack_dont_email_post_to_subs":false,"_jetpack_newsletter_tier_id":0,"_jetpack_memberships_contains_paywalled_content":false,"_jetpack_memberships_contains_paid_content":false,"footnotes":""},"categories":[1],"tags":[],"class_list":["post-73480","post","type-post","status-publish","format-standard","has-post-thumbnail","hentry","category-sin-categoria"],"jetpack_featured_media_url":"https:\/\/lasprimeras.com.do\/wp-content\/uploads\/2024\/01\/RD-y-Haiti-reanudan-conversaciones-sobre-diferendo-por-canal-en-rio-DajabonMasacre-5-2.jpg","jetpack-related-posts":[{"id":106932,"url":"https:\/\/lasprimeras.com.do\/index.php\/2025\/08\/21\/sde-se-propone-eliminar-punto-de-inundaciones-con-el-sisdrap\/","url_meta":{"origin":73480,"position":0},"title":"SDE se propone eliminar punto de inundaciones con el SISDRAP","author":"Nelson Feliz","date":"21 de agosto de 2025","format":false,"excerpt":"El Ayuntamiento de Santo Domingo Este, encabezado por el alcalde D\u00edo Astacio, dej\u00f3 iniciado este mi\u00e9rcoles la construcci\u00f3n de un moderno Sistema de Drenaje y Reservas de Aguas Pluviales, como soluci\u00f3n definitiva a los problemas de inundaciones que por m\u00e1s de tres d\u00e9cadas han afectado a cientos de familias del\u2026","rel":"","context":"En \u00abNACIONALES\u00bb","block_context":{"text":"NACIONALES","link":"https:\/\/lasprimeras.com.do\/index.php\/category\/nacionales\/"},"img":{"alt_text":"","src":"https:\/\/i0.wp.com\/lasprimeras.com.do\/wp-content\/uploads\/2025\/08\/Santo-Domingo-Este.jpg?resize=350%2C200&ssl=1","width":350,"height":200,"srcset":"https:\/\/i0.wp.com\/lasprimeras.com.do\/wp-content\/uploads\/2025\/08\/Santo-Domingo-Este.jpg?resize=350%2C200&ssl=1 1x, https:\/\/i0.wp.com\/lasprimeras.com.do\/wp-content\/uploads\/2025\/08\/Santo-Domingo-Este.jpg?resize=525%2C300&ssl=1 1.5x, https:\/\/i0.wp.com\/lasprimeras.com.do\/wp-content\/uploads\/2025\/08\/Santo-Domingo-Este.jpg?resize=700%2C400&ssl=1 2x"},"classes":[]},{"id":71456,"url":"https:\/\/lasprimeras.com.do\/index.php\/2023\/12\/20\/alexander-cardini-se-une-a-la-vision-de-domingo-contreras-para-transformar-el-distrito-nacional\/","url_meta":{"origin":73480,"position":1},"title":"Alexander Cardini se une a la visi\u00f3n de Domingo Contreras para transformar el Distrito Nacional","author":"Nelson Feliz","date":"20 de diciembre de 2023","format":false,"excerpt":"El aspirante a Regidor por la Cir.1 del Distrito Nacional\u00a0por el Bloque Institucional Socialdem\u00f3crata (BIS) y la Coalici\u00f3n Juntos Podemos en la Alianza Rescate RD, Alexander Cardini se une a la visi\u00f3n del candidato a Alcalde Domingo Contreras, para abordar los problemas apremiantes que afectan a los Mun\u00edcipes del Distrito\u2026","rel":"","context":"En \u00abPORTADA\u00bb","block_context":{"text":"PORTADA","link":"https:\/\/lasprimeras.com.do\/index.php\/category\/portada\/"},"img":{"alt_text":"Alexander Cardini","src":"https:\/\/i0.wp.com\/lasprimeras.com.do\/wp-content\/uploads\/2023\/12\/Alexander-Cardini.jpg?resize=350%2C200&ssl=1","width":350,"height":200,"srcset":"https:\/\/i0.wp.com\/lasprimeras.com.do\/wp-content\/uploads\/2023\/12\/Alexander-Cardini.jpg?resize=350%2C200&ssl=1 1x, https:\/\/i0.wp.com\/lasprimeras.com.do\/wp-content\/uploads\/2023\/12\/Alexander-Cardini.jpg?resize=525%2C300&ssl=1 1.5x"},"classes":[]},{"id":75325,"url":"https:\/\/lasprimeras.com.do\/index.php\/2024\/01\/31\/domingo-contreras-revela-estado-de-abandono-e-inoperancia-del-tunel-de-drenaje\/","url_meta":{"origin":73480,"position":2},"title":"Domingo Contreras revela estado de abandono e inoperancia del t\u00fanel de drenaje","author":"BIMARY DE JES\u00daS Matos","date":"31 de enero de 2024","format":false,"excerpt":"Santo Domingo, D.N.- El candidato a alcalde del Distrito Nacional por el Partido de la Liberaci\u00f3n Dominicana y la Alianza Rescate RD, Domingo Contreras, mostr\u00f3 a los medios de comunicaci\u00f3n el estado de abandono en que se encuentra el \u201ct\u00fanel de drenaje\u201d, de la avenida N\u00fa\u00f1ez de C\u00e1ceres, obra de\u2026","rel":"","context":"En \u00abPORTADA\u00bb","block_context":{"text":"PORTADA","link":"https:\/\/lasprimeras.com.do\/index.php\/category\/portada\/"},"img":{"alt_text":"","src":"https:\/\/i0.wp.com\/lasprimeras.com.do\/wp-content\/uploads\/2024\/01\/1-millon-de-jovenes-votaran-en-las-elecciones-municipales-2.jpg?resize=350%2C200&ssl=1","width":350,"height":200,"srcset":"https:\/\/i0.wp.com\/lasprimeras.com.do\/wp-content\/uploads\/2024\/01\/1-millon-de-jovenes-votaran-en-las-elecciones-municipales-2.jpg?resize=350%2C200&ssl=1 1x, https:\/\/i0.wp.com\/lasprimeras.com.do\/wp-content\/uploads\/2024\/01\/1-millon-de-jovenes-votaran-en-las-elecciones-municipales-2.jpg?resize=525%2C300&ssl=1 1.5x"},"classes":[]},{"id":51575,"url":"https:\/\/lasprimeras.com.do\/index.php\/2023\/06\/01\/prr-propone-medidas-para-evitar-inundaciones-en-temporada-ciclonica\/","url_meta":{"origin":73480,"position":3},"title":"PRR propone medidas para evitar inundaciones en temporada cicl\u00f3nica","author":"prenxa100","date":"1 de junio de 2023","format":false,"excerpt":"SANTO DOMINGO.- El Partido Renovador Reformista (PRR) propuso al gobierno la ampliaci\u00f3n del sistema de drenaje pluvial de la capital para evitar inundaciones por lluvias a prop\u00f3sito de iniciarse este jueves la Temporada Cicl\u00f3nica. La propuesta est\u00e1 contenida en un documento dado a conocer a la opini\u00f3n p\u00fablica en una\u2026","rel":"","context":"En \u00abPORTADA\u00bb","block_context":{"text":"PORTADA","link":"https:\/\/lasprimeras.com.do\/index.php\/category\/portada\/"},"img":{"alt_text":"","src":"","width":0,"height":0},"classes":[]},{"id":112871,"url":"https:\/\/lasprimeras.com.do\/index.php\/2025\/10\/27\/presidente-abinader-destaca-saneamiento-de-canadas-salva-vidas\/","url_meta":{"origin":73480,"position":4},"title":"Presidente Abinader destaca saneamiento de ca\u00f1adas salva vidas","author":"Nelson Feliz","date":"27 de octubre de 2025","format":false,"excerpt":"CAASD entrega 20 ca\u00f1adas en el GSD con inversi\u00f3n superior a RD$2,800,901,708.08 millones, impactando directamente a m\u00e1s de 461,500 personas. \u201cEs la acci\u00f3n m\u00e1s importante que se puede hacer para evitar muertes durante estas inundaciones\u201d, manifiesta el jefe de Estado al rendir informe tras paso tormenta Melissa. El presidente Luis\u2026","rel":"","context":"En \u00abECONOM\u00cdA\u00bb","block_context":{"text":"ECONOM\u00cdA","link":"https:\/\/lasprimeras.com.do\/index.php\/category\/economia\/"},"img":{"alt_text":"","src":"https:\/\/i0.wp.com\/lasprimeras.com.do\/wp-content\/uploads\/2025\/10\/fellito.jpg?resize=350%2C200&ssl=1","width":350,"height":200,"srcset":"https:\/\/i0.wp.com\/lasprimeras.com.do\/wp-content\/uploads\/2025\/10\/fellito.jpg?resize=350%2C200&ssl=1 1x, https:\/\/i0.wp.com\/lasprimeras.com.do\/wp-content\/uploads\/2025\/10\/fellito.jpg?resize=525%2C300&ssl=1 1.5x, https:\/\/i0.wp.com\/lasprimeras.com.do\/wp-content\/uploads\/2025\/10\/fellito.jpg?resize=700%2C400&ssl=1 2x"},"classes":[]},{"id":73736,"url":"https:\/\/lasprimeras.com.do\/index.php\/2024\/01\/16\/domingo-y-omar-tocaran-300-mil-puertas-en-dn\/","url_meta":{"origin":73480,"position":5},"title":"Domingo y Omar tocar\u00e1n 300 mil puertas en DN","author":"Nelson Feliz","date":"16 de enero de 2024","format":false,"excerpt":"A partir de hoy , Domingo Contreras y Omar Fern\u00e1ndez, emprenden un plan para estrechar v\u00ednculos con la ciudadan\u00eda del Distrito Nacional. Durante los pr\u00f3ximos 30 d\u00edas, llevar\u00e1n a cabo una operaci\u00f3n de puerta a puerta, visitando los diversos sectores de las tres circunscripciones, con el objetivo de conectarse directamente\u2026","rel":"","context":"En \u00abPORTADA\u00bb","block_context":{"text":"PORTADA","link":"https:\/\/lasprimeras.com.do\/index.php\/category\/portada\/"},"img":{"alt_text":"Domingo y Omar","src":"https:\/\/i0.wp.com\/lasprimeras.com.do\/wp-content\/uploads\/2024\/01\/Domingo-y-Omar-1.jpg?resize=350%2C200&ssl=1","width":350,"height":200,"srcset":"https:\/\/i0.wp.com\/lasprimeras.com.do\/wp-content\/uploads\/2024\/01\/Domingo-y-Omar-1.jpg?resize=350%2C200&ssl=1 1x, https:\/\/i0.wp.com\/lasprimeras.com.do\/wp-content\/uploads\/2024\/01\/Domingo-y-Omar-1.jpg?resize=525%2C300&ssl=1 1.5x, https:\/\/i0.wp.com\/lasprimeras.com.do\/wp-content\/uploads\/2024\/01\/Domingo-y-Omar-1.jpg?resize=700%2C400&ssl=1 2x"},"classes":[]}],"jetpack_sharing_enabled":true,"_links":{"self":[{"href":"https:\/\/lasprimeras.com.do\/index.php\/wp-json\/wp\/v2\/posts\/73480","targetHints":{"allow":["GET"]}}],"collection":[{"href":"https:\/\/lasprimeras.com.do\/index.php\/wp-json\/wp\/v2\/posts"}],"about":[{"href":"https:\/\/lasprimeras.com.do\/index.php\/wp-json\/wp\/v2\/types\/post"}],"author":[{"embeddable":true,"href":"https:\/\/lasprimeras.com.do\/index.php\/wp-json\/wp\/v2\/users\/3"}],"replies":[{"embeddable":true,"href":"https:\/\/lasprimeras.com.do\/index.php\/wp-json\/wp\/v2\/comments?post=73480"}],"version-history":[{"count":1,"href":"https:\/\/lasprimeras.com.do\/index.php\/wp-json\/wp\/v2\/posts\/73480\/revisions"}],"predecessor-version":[{"id":73482,"href":"https:\/\/lasprimeras.com.do\/index.php\/wp-json\/wp\/v2\/posts\/73480\/revisions\/73482"}],"wp:featuredmedia":[{"embeddable":true,"href":"https:\/\/lasprimeras.com.do\/index.php\/wp-json\/wp\/v2\/media\/73481"}],"wp:attachment":[{"href":"https:\/\/lasprimeras.com.do\/index.php\/wp-json\/wp\/v2\/media?parent=73480"}],"wp:term":[{"taxonomy":"category","embeddable":true,"href":"https:\/\/lasprimeras.com.do\/index.php\/wp-json\/wp\/v2\/categories?post=73480"},{"taxonomy":"post_tag","embeddable":true,"href":"https:\/\/lasprimeras.com.do\/index.php\/wp-json\/wp\/v2\/tags?post=73480"}],"curies":[{"name":"wp","href":"https:\/\/api.w.org\/{rel}","templated":true}]}}