{"id":73486,"date":"2024-01-11T15:13:28","date_gmt":"2024-01-11T19:13:28","guid":{"rendered":"https:\/\/lasprimeras.com.do\/?p=73486"},"modified":"2024-01-11T15:13:30","modified_gmt":"2024-01-11T19:13:30","slug":"costa-rica-panama-y-rd-expresan-apoyo-a-ecuador-ante-ola-de-violencia","status":"publish","type":"post","link":"https:\/\/lasprimeras.com.do\/index.php\/2024\/01\/11\/costa-rica-panama-y-rd-expresan-apoyo-a-ecuador-ante-ola-de-violencia\/","title":{"rendered":"Costa Rica, Panam\u00e1 y RD expresan apoyo a Ecuador ante ola de violencia"},"content":{"rendered":"\n<p>San Jos\u00e9.- Costa Rica, Panam\u00e1 y Rep\u00fablica Dominicana expresaron este jueves de forma conjunta su apoyo y solidaridad al Gobierno de Ecuador tras los hechos violentos que han ocurrido en ese pa\u00eds y que han llevado al presidente Daniel Noboa a declarar estado de emergencia y conflicto armado interno.<\/p>\n\n\n\n<p>\u00abCosta Rica, Panam\u00e1 y Rep\u00fablica Dominicana condenan categ\u00f3ricamente los hechos de grupos criminales y expresan su apoyo al Gobierno del presidente Daniel Noboa y a la defensa del Estado de derecho y los derechos humanos en el Ecuador\u00bb, indica un comunicado conjunto.<\/p>\n\n\n\n<p>El pronunciamiento de estos pa\u00edses que integran la Alianza para el Desarrollo en Democracia (ADD), de la cual tambi\u00e9n es parte Ecuador, tambi\u00e9n manifiesta la \u00absolidaridad al Gobierno de la Rep\u00fablica del Ecuador por los hechos violentos que comprometen la estabilidad de este hermano pa\u00eds\u00bb<\/p>\n\n\n\n<p>La violencia en Ecuador estall\u00f3 esta semana despu\u00e9s de operativos en una c\u00e1rcel de Guayaquil en busca de Jos\u00e9 Adolfo Mac\u00edas, alias \u2018Fito\u2019, l\u00edder de Los Choneros, considerada unas de las bandas criminales m\u00e1s peligrosas del pa\u00eds por sus presuntos nexos con c\u00e1rteles mexicanos y quien se fug\u00f3 el fin de semana.<\/p>\n\n\n\n<p>El pa\u00eds vivi\u00f3 una jornada de terror el martes, con al menos ocho muertos en diversos actos violentos, incluyendo la toma temporal de un canal de televisi\u00f3n en Guayaquil, veh\u00edculos incendiados y amenazas a universidades, instituciones estatales y comercios, y motines en c\u00e1rceles.<\/p>\n\n\n\n<p>El presidente Noboa tom\u00f3 la decisi\u00f3n in\u00e9dita de considerar a los grupos del crimen organizado como actores beligerantes contra la estabilidad del Estado.<\/p>\n\n\n\n<p>Y al decretar el \u00abconflicto armado interno\u00bb, las bandas criminales que operan en Ecuador pasaron a ser consideradas \u00abterroristas\u00bb y objetivos militares a ser \u00abneutralizados\u00bb, por lo que el primer d\u00eda bajo este escenario se sald\u00f3 con \u00ab329 terroristas\u00bb detenidos y cinco abatidos, mientras que tambi\u00e9n se registrados dos polic\u00edas fallecidos y uno herido. EFE<\/p>\n","protected":false},"excerpt":{"rendered":"<p>San Jos\u00e9.- Costa Rica, Panam\u00e1 y Rep\u00fablica Dominicana expresaron este jueves de forma conjunta su apoyo y solidaridad al Gobierno de Ecuador tras los hechos violentos que han ocurrido en&hellip;<\/p>\n","protected":false},"author":3,"featured_media":73487,"comment_status":"open","ping_status":"open","sticky":false,"template":"","format":"standard","meta":{"content-type":"","jetpack_post_was_ever_published":false,"_jetpack_newsletter_access":"","_jetpack_dont_email_post_to_subs":false,"_jetpack_newsletter_tier_id":0,"_jetpack_memberships_contains_paywalled_content":false,"_jetpack_memberships_contains_paid_content":false,"footnotes":""},"categories":[1],"tags":[],"class_list":["post-73486","post","type-post","status-publish","format-standard","has-post-thumbnail","hentry","category-sin-categoria"],"jetpack_featured_media_url":"https:\/\/lasprimeras.com.do\/wp-content\/uploads\/2024\/01\/RD-y-Haiti-reanudan-conversaciones-sobre-diferendo-por-canal-en-rio-DajabonMasacre-5-3.jpg","jetpack-related-posts":[{"id":114118,"url":"https:\/\/lasprimeras.com.do\/index.php\/2025\/11\/10\/presidente-confirma-traslado-de-300-peligrosos-presos-a-flamante-carcel-de-alta-seguridad-en-ecuador\/","url_meta":{"origin":73486,"position":0},"title":"Presidente confirma traslado de 300 peligrosos presos a flamante c\u00e1rcel de alta seguridad en Ecuador","author":"Nelson Feliz","date":"10 de noviembre de 2025","format":false,"excerpt":"QUITO (AP) \u2014 El presidente de Ecuador, Daniel Noboa, confirm\u00f3 el lunes el traslado de 300 peligrosos presos de distintas prisiones del pa\u00eds a una nueva c\u00e1rcel de m\u00e1xima seguridad, poco despu\u00e9s de que dos violentos motines en un centro presidiario del sur terminaron con un saldo de 31 internos\u2026","rel":"","context":"En \u00abINTERNACIONALES\u00bb","block_context":{"text":"INTERNACIONALES","link":"https:\/\/lasprimeras.com.do\/index.php\/category\/sin-categoria\/internacionales\/"},"img":{"alt_text":"","src":"https:\/\/i0.wp.com\/lasprimeras.com.do\/wp-content\/uploads\/2025\/11\/emerg.jpg?resize=350%2C200&ssl=1","width":350,"height":200,"srcset":"https:\/\/i0.wp.com\/lasprimeras.com.do\/wp-content\/uploads\/2025\/11\/emerg.jpg?resize=350%2C200&ssl=1 1x, https:\/\/i0.wp.com\/lasprimeras.com.do\/wp-content\/uploads\/2025\/11\/emerg.jpg?resize=525%2C300&ssl=1 1.5x, https:\/\/i0.wp.com\/lasprimeras.com.do\/wp-content\/uploads\/2025\/11\/emerg.jpg?resize=700%2C400&ssl=1 2x"},"classes":[]},{"id":88536,"url":"https:\/\/lasprimeras.com.do\/index.php\/2024\/08\/30\/noboa-extiende-por-30-dias-mas-el-estado-de-excepcion-en-seis-provincias-de-ecuador\/","url_meta":{"origin":73486,"position":1},"title":"Noboa extiende por 30 d\u00edas m\u00e1s el estado de excepci\u00f3n en seis provincias de Ecuador","author":"Nelson Feliz","date":"30 de agosto de 2024","format":false,"excerpt":"Quito, (EFE).- El presidente de Ecuador, Daniel Noboa, extendi\u00f3 este viernes por 30 d\u00edas m\u00e1s el \u00faltimo estado de excepci\u00f3n que hab\u00eda decretado en 6 de las 24 provincias del pa\u00eds y un municipio de una s\u00e9ptima provincia, por grave conmoci\u00f3n interna para hacer frente al crimen organizado. El estado\u2026","rel":"","context":"En \u00abSin categor\u00eda\u00bb","block_context":{"text":"Sin categor\u00eda","link":"https:\/\/lasprimeras.com.do\/index.php\/category\/sin-categoria\/"},"img":{"alt_text":"","src":"https:\/\/i0.wp.com\/lasprimeras.com.do\/wp-content\/uploads\/2024\/08\/Daniel-Noboa.jpg?resize=350%2C200&ssl=1","width":350,"height":200,"srcset":"https:\/\/i0.wp.com\/lasprimeras.com.do\/wp-content\/uploads\/2024\/08\/Daniel-Noboa.jpg?resize=350%2C200&ssl=1 1x, https:\/\/i0.wp.com\/lasprimeras.com.do\/wp-content\/uploads\/2024\/08\/Daniel-Noboa.jpg?resize=525%2C300&ssl=1 1.5x, https:\/\/i0.wp.com\/lasprimeras.com.do\/wp-content\/uploads\/2024\/08\/Daniel-Noboa.jpg?resize=700%2C400&ssl=1 2x"},"classes":[]},{"id":99581,"url":"https:\/\/lasprimeras.com.do\/index.php\/2025\/05\/23\/ecuador-fallece-expresidente-alfredo-palacio-a-los-86-anos\/","url_meta":{"origin":73486,"position":2},"title":"ECUADOR: Fallece expresidente Alfredo Palacio a los 86 a\u00f1os","author":"Nelson Feliz","date":"23 de mayo de 2025","format":false,"excerpt":"Palacio, que lleg\u00f3 a la Presidencia del pa\u00eds latinoamericano despu\u00e9s de que el presidente y exmilitar Lucio Guti\u00e9rrez (2003-2005) fuera derrocado tras varios d\u00edas de crisis pol\u00edtica y social en la \u2018Rebeli\u00f3n de los Forajidos\u2019, tambi\u00e9n fue vicepresidente (2003-2005) y, anteriormente, ministro de Salud (1994-1996). Con motivo de su muerte,\u2026","rel":"","context":"En \u00abINTERNACIONALES\u00bb","block_context":{"text":"INTERNACIONALES","link":"https:\/\/lasprimeras.com.do\/index.php\/category\/sin-categoria\/internacionales\/"},"img":{"alt_text":"","src":"https:\/\/i0.wp.com\/lasprimeras.com.do\/wp-content\/uploads\/2025\/05\/palacio-905x613-1.jpg?resize=350%2C200&ssl=1","width":350,"height":200,"srcset":"https:\/\/i0.wp.com\/lasprimeras.com.do\/wp-content\/uploads\/2025\/05\/palacio-905x613-1.jpg?resize=350%2C200&ssl=1 1x, https:\/\/i0.wp.com\/lasprimeras.com.do\/wp-content\/uploads\/2025\/05\/palacio-905x613-1.jpg?resize=525%2C300&ssl=1 1.5x, https:\/\/i0.wp.com\/lasprimeras.com.do\/wp-content\/uploads\/2025\/05\/palacio-905x613-1.jpg?resize=700%2C400&ssl=1 2x"},"classes":[]},{"id":89421,"url":"https:\/\/lasprimeras.com.do\/index.php\/2024\/09\/24\/unctad-manifiesta-su-apoyo-a-rd-para-seguir\/","url_meta":{"origin":73486,"position":3},"title":"UNCTAD manifiesta su apoyo a RD para seguir","author":"Nelson Feliz","date":"24 de septiembre de 2024","format":false,"excerpt":"Presidente Abinader sostiene bilaterales con la secretaria general del organismo y con el presidente ecuatoriano Daniel Noboa Nueva York.- El presidente Luis Abinader tuvo este martes dos importantes reuniones bilaterales con la secretaria general de la Conferencia de las Naciones Unidas sobre Comercio y Desarrollo (UNCTAD) y con el presidente\u2026","rel":"","context":"En \u00abNACIONALES\u00bb","block_context":{"text":"NACIONALES","link":"https:\/\/lasprimeras.com.do\/index.php\/category\/nacionales\/"},"img":{"alt_text":"","src":"https:\/\/i0.wp.com\/lasprimeras.com.do\/wp-content\/uploads\/2024\/09\/UNCTAD-1.jpg?resize=350%2C200&ssl=1","width":350,"height":200,"srcset":"https:\/\/i0.wp.com\/lasprimeras.com.do\/wp-content\/uploads\/2024\/09\/UNCTAD-1.jpg?resize=350%2C200&ssl=1 1x, https:\/\/i0.wp.com\/lasprimeras.com.do\/wp-content\/uploads\/2024\/09\/UNCTAD-1.jpg?resize=525%2C300&ssl=1 1.5x, https:\/\/i0.wp.com\/lasprimeras.com.do\/wp-content\/uploads\/2024\/09\/UNCTAD-1.jpg?resize=700%2C400&ssl=1 2x"},"classes":[]},{"id":119750,"url":"https:\/\/lasprimeras.com.do\/index.php\/2026\/01\/16\/miles-de-militares-refuerzan-seguridad-en-la-costa-de-ecuador-tras-repunte-de-la-violencia\/","url_meta":{"origin":73486,"position":4},"title":"Miles de militares refuerzan seguridad en la costa de Ecuador tras repunte de la violencia","author":"Nelson Feliz","date":"16 de enero de 2026","format":false,"excerpt":"QUITO (AP) \u2014 En medio de un repunte de la violencia criminal que asedia a Ecuador, miles de militares fueron desplegados el viernes en tres provincias de la costa ecuatoriana donde el gobierno anuncia una fuerte ofensiva contra organizaciones criminales. El presidente Daniel Noboa, quien anticip\u00f3 el regreso de sus\u2026","rel":"","context":"En \u00abINTERNACIONALES\u00bb","block_context":{"text":"INTERNACIONALES","link":"https:\/\/lasprimeras.com.do\/index.php\/category\/sin-categoria\/internacionales\/"},"img":{"alt_text":"","src":"https:\/\/i0.wp.com\/lasprimeras.com.do\/wp-content\/uploads\/2026\/01\/Miles-de-militares-refuerzan-seguridad-en-la-costa-de-Ecuador-tras-repunte-de-la-violencia.jpg?resize=350%2C200&ssl=1","width":350,"height":200,"srcset":"https:\/\/i0.wp.com\/lasprimeras.com.do\/wp-content\/uploads\/2026\/01\/Miles-de-militares-refuerzan-seguridad-en-la-costa-de-Ecuador-tras-repunte-de-la-violencia.jpg?resize=350%2C200&ssl=1 1x, https:\/\/i0.wp.com\/lasprimeras.com.do\/wp-content\/uploads\/2026\/01\/Miles-de-militares-refuerzan-seguridad-en-la-costa-de-Ecuador-tras-repunte-de-la-violencia.jpg?resize=525%2C300&ssl=1 1.5x"},"classes":[]},{"id":117402,"url":"https:\/\/lasprimeras.com.do\/index.php\/2025\/12\/10\/republica-dominicana-y-otros-paises-piden-a-oea-dar-informe-de-comicios-hondurenos\/","url_meta":{"origin":73486,"position":5},"title":"Rep\u00fablica Dominicana y otros pa\u00edses piden a OEA dar informe de comicios hondure\u00f1os","author":"Nelson Feliz","date":"10 de diciembre de 2025","format":false,"excerpt":"Luego de m\u00e1s de una semana de las elecciones generales del pasado 30 de noviembre en Honduras, su poblaci\u00f3n no conoce todav\u00eda al nuevo gobernante electo Ciudad de Panam\u00e1,EFE- La Alianza para el Desarrollo en Democracia (ADD), integrada por Costa Rica, Ecuador, Rep\u00fablica Dominicana y Panam\u00e1, pidi\u00f3 este mi\u00e9rcoles a\u2026","rel":"","context":"En \u00abINTERNACIONALES\u00bb","block_context":{"text":"INTERNACIONALES","link":"https:\/\/lasprimeras.com.do\/index.php\/category\/sin-categoria\/internacionales\/"},"img":{"alt_text":"","src":"https:\/\/i0.wp.com\/lasprimeras.com.do\/wp-content\/uploads\/2025\/12\/Republica-Dominicana-y-otros-paises-piden-a-OEA-dar-informe-de-comicios-hondurenos.jpg?resize=350%2C200&ssl=1","width":350,"height":200,"srcset":"https:\/\/i0.wp.com\/lasprimeras.com.do\/wp-content\/uploads\/2025\/12\/Republica-Dominicana-y-otros-paises-piden-a-OEA-dar-informe-de-comicios-hondurenos.jpg?resize=350%2C200&ssl=1 1x, https:\/\/i0.wp.com\/lasprimeras.com.do\/wp-content\/uploads\/2025\/12\/Republica-Dominicana-y-otros-paises-piden-a-OEA-dar-informe-de-comicios-hondurenos.jpg?resize=525%2C300&ssl=1 1.5x, https:\/\/i0.wp.com\/lasprimeras.com.do\/wp-content\/uploads\/2025\/12\/Republica-Dominicana-y-otros-paises-piden-a-OEA-dar-informe-de-comicios-hondurenos.jpg?resize=700%2C400&ssl=1 2x"},"classes":[]}],"jetpack_sharing_enabled":true,"_links":{"self":[{"href":"https:\/\/lasprimeras.com.do\/index.php\/wp-json\/wp\/v2\/posts\/73486","targetHints":{"allow":["GET"]}}],"collection":[{"href":"https:\/\/lasprimeras.com.do\/index.php\/wp-json\/wp\/v2\/posts"}],"about":[{"href":"https:\/\/lasprimeras.com.do\/index.php\/wp-json\/wp\/v2\/types\/post"}],"author":[{"embeddable":true,"href":"https:\/\/lasprimeras.com.do\/index.php\/wp-json\/wp\/v2\/users\/3"}],"replies":[{"embeddable":true,"href":"https:\/\/lasprimeras.com.do\/index.php\/wp-json\/wp\/v2\/comments?post=73486"}],"version-history":[{"count":1,"href":"https:\/\/lasprimeras.com.do\/index.php\/wp-json\/wp\/v2\/posts\/73486\/revisions"}],"predecessor-version":[{"id":73488,"href":"https:\/\/lasprimeras.com.do\/index.php\/wp-json\/wp\/v2\/posts\/73486\/revisions\/73488"}],"wp:featuredmedia":[{"embeddable":true,"href":"https:\/\/lasprimeras.com.do\/index.php\/wp-json\/wp\/v2\/media\/73487"}],"wp:attachment":[{"href":"https:\/\/lasprimeras.com.do\/index.php\/wp-json\/wp\/v2\/media?parent=73486"}],"wp:term":[{"taxonomy":"category","embeddable":true,"href":"https:\/\/lasprimeras.com.do\/index.php\/wp-json\/wp\/v2\/categories?post=73486"},{"taxonomy":"post_tag","embeddable":true,"href":"https:\/\/lasprimeras.com.do\/index.php\/wp-json\/wp\/v2\/tags?post=73486"}],"curies":[{"name":"wp","href":"https:\/\/api.w.org\/{rel}","templated":true}]}}