{"id":73492,"date":"2024-01-11T21:32:22","date_gmt":"2024-01-12T01:32:22","guid":{"rendered":"https:\/\/lasprimeras.com.do\/?p=73492"},"modified":"2024-01-11T21:32:24","modified_gmt":"2024-01-12T01:32:24","slug":"roberto-angel-asegura-prm-ganara-arrolladoramente-mayoria-de-alcaldias-y-distritos-municipales-en-febrero","status":"publish","type":"post","link":"https:\/\/lasprimeras.com.do\/index.php\/2024\/01\/11\/roberto-angel-asegura-prm-ganara-arrolladoramente-mayoria-de-alcaldias-y-distritos-municipales-en-febrero\/","title":{"rendered":"Roberto \u00c1ngel asegura PRM ganar\u00e1 arrolladoramente mayor\u00eda de alcald\u00edas y distritos municipales en febrero"},"content":{"rendered":"\n<p>San Luis -El miembro de la Direcci\u00f3n Ejecutiva del Partido Revolucionario Moderno (PRM) Roberto \u00c1ngel Salcedo realiz\u00f3 este jueves un recorrido de apoyo a Wendy Cepeda, candidata a alcaldesa del distrito municipal San Luis, provincia Santo Domingo, donde asegur\u00f3 que esa organizaci\u00f3n pol\u00edtica ganar\u00e1 arrolladoramente la inmensa mayor\u00eda de alcald\u00edas y distritos municipales en las elecciones de febrero pr\u00f3ximo.<\/p>\n\n\n\n<p>El alto dirigente pol\u00edtico habl\u00f3 al iniciar un recorrido por las calles de esa demarcaci\u00f3n, como parte del respaldo que ha estado ofreciendo a los candidatos a puestos municipales en todo el territorio nacional.<\/p>\n\n\n\n<p>Roberto \u00c1ngel resalt\u00f3 que desde que el presidente Luis Abinader lleg\u00f3 al poder ha tenido una interacci\u00f3n con los gobiernos locales, lo que ha contribuido con el desarrollo de los municipios y distritos municipales y con la descentralizaci\u00f3n de los poderes p\u00fablicos.<\/p>\n\n\n\n<p>\u201cPor tanto compa\u00f1eros, es fundamental una votaci\u00f3n robusta, hist\u00f3rica y que garantice que el PRM logre la mayor\u00eda en las alcald\u00edas y en los distritos municipales de todo el pa\u00eds\u201d, expres\u00f3.<\/p>\n\n\n\n<p>El miembro de la Direcci\u00f3n Ejecutiva perremeista destac\u00f3 las cualidades de la candidata Wendy Cepeda, a la que calific\u00f3 como una gran dirigente pol\u00edtica, activista social y como una joven comprometida con las mejores causas, no solo de San Luis, sino tambi\u00e9n de Santo Domingo y de toda Rep\u00fablica Dominicana.<\/p>\n\n\n\n<p>\u201cPor esa y por muchas otras razones Wendy ser\u00e1 nuestra alcaldesa a partir del 18 de febrero de este a\u00f1o, para continuar con el avance y el desarrollo de esta demarcaci\u00f3n\u201d, asegur\u00f3.<\/p>\n\n\n\n<p>Roberto \u00c1ngel asegur\u00f3 que la victoria de Wendy y de todos los candidatos a puestos municipales que lleva el PRM, ser\u00e1 el pre\u00e1mbulo para la gran victoria electoral de mayo pr\u00f3ximo, donde aumentar\u00e1n la matr\u00edcula en el Congreso Nacional y lograr\u00e1n el anhelo del pueblo dominicano, que es que el presidente Abinader siga dirigiendo los destinos del pa\u00eds m\u00e1s all\u00e1 de 2024.<\/p>\n\n\n\n<p>La actividad inici\u00f3 como un mano a mano, pero se convirti\u00f3 en una masiva caravana de apoyo a la candidata Wendy Cepeda y a los dem\u00e1s aspirantes municipales, que tambi\u00e9n participaron en el evento.<\/p>\n\n\n\n<p>El recorrido se inici\u00f3 frente al local del PRM, y se extendi\u00f3 por las calles de los sectores Corte Bolo, La Gallera, Batey Central, Bella Vista, Piragua, Sabaneta, La Balsa, Barrio Nuevo y Barrio Viejo, entre otros.<\/p>\n\n\n\n<figure class=\"wp-block-image size-large\"><img decoding=\"async\" width=\"1024\" height=\"611\" src=\"https:\/\/lasprimeras.com.do\/wp-content\/uploads\/2024\/01\/WhatsApp-Image-2024-01-11-at-9.04.36-PM-4-1024x611.jpeg\" alt=\"\" class=\"wp-image-73494\" srcset=\"https:\/\/lasprimeras.com.do\/wp-content\/uploads\/2024\/01\/WhatsApp-Image-2024-01-11-at-9.04.36-PM-4-1024x611.jpeg 1024w, https:\/\/lasprimeras.com.do\/wp-content\/uploads\/2024\/01\/WhatsApp-Image-2024-01-11-at-9.04.36-PM-4-300x179.jpeg 300w, https:\/\/lasprimeras.com.do\/wp-content\/uploads\/2024\/01\/WhatsApp-Image-2024-01-11-at-9.04.36-PM-4-768x458.jpeg 768w, https:\/\/lasprimeras.com.do\/wp-content\/uploads\/2024\/01\/WhatsApp-Image-2024-01-11-at-9.04.36-PM-4.jpeg 1280w\" sizes=\"(max-width: 1024px) 100vw, 1024px\" \/><\/figure>\n\n\n\n<figure class=\"wp-block-image size-large\"><img decoding=\"async\" width=\"1024\" height=\"698\" src=\"https:\/\/lasprimeras.com.do\/wp-content\/uploads\/2024\/01\/WhatsApp-Image-2024-01-11-at-9.04.36-PM-5-1024x698.jpeg\" alt=\"\" class=\"wp-image-73495\" srcset=\"https:\/\/lasprimeras.com.do\/wp-content\/uploads\/2024\/01\/WhatsApp-Image-2024-01-11-at-9.04.36-PM-5-1024x698.jpeg 1024w, https:\/\/lasprimeras.com.do\/wp-content\/uploads\/2024\/01\/WhatsApp-Image-2024-01-11-at-9.04.36-PM-5-300x204.jpeg 300w, https:\/\/lasprimeras.com.do\/wp-content\/uploads\/2024\/01\/WhatsApp-Image-2024-01-11-at-9.04.36-PM-5-768x523.jpeg 768w, https:\/\/lasprimeras.com.do\/wp-content\/uploads\/2024\/01\/WhatsApp-Image-2024-01-11-at-9.04.36-PM-5.jpeg 1280w\" sizes=\"(max-width: 1024px) 100vw, 1024px\" \/><\/figure>\n\n\n\n<figure class=\"wp-block-image size-large\"><img decoding=\"async\" width=\"1024\" height=\"682\" src=\"https:\/\/lasprimeras.com.do\/wp-content\/uploads\/2024\/01\/WhatsApp-Image-2024-01-11-at-9.04.37-PM-1-1024x682.jpeg\" alt=\"\" class=\"wp-image-73496\" srcset=\"https:\/\/lasprimeras.com.do\/wp-content\/uploads\/2024\/01\/WhatsApp-Image-2024-01-11-at-9.04.37-PM-1-1024x682.jpeg 1024w, https:\/\/lasprimeras.com.do\/wp-content\/uploads\/2024\/01\/WhatsApp-Image-2024-01-11-at-9.04.37-PM-1-300x200.jpeg 300w, https:\/\/lasprimeras.com.do\/wp-content\/uploads\/2024\/01\/WhatsApp-Image-2024-01-11-at-9.04.37-PM-1-768x511.jpeg 768w, https:\/\/lasprimeras.com.do\/wp-content\/uploads\/2024\/01\/WhatsApp-Image-2024-01-11-at-9.04.37-PM-1.jpeg 1280w\" sizes=\"(max-width: 1024px) 100vw, 1024px\" \/><\/figure>\n","protected":false},"excerpt":{"rendered":"<p>San Luis -El miembro de la Direcci\u00f3n Ejecutiva del Partido Revolucionario Moderno (PRM) Roberto \u00c1ngel Salcedo realiz\u00f3 este jueves un recorrido de apoyo a Wendy Cepeda, candidata a alcaldesa del&hellip;<\/p>\n","protected":false},"author":3,"featured_media":73493,"comment_status":"open","ping_status":"open","sticky":false,"template":"","format":"standard","meta":{"content-type":"","jetpack_post_was_ever_published":false,"_jetpack_newsletter_access":"","_jetpack_dont_email_post_to_subs":false,"_jetpack_newsletter_tier_id":0,"_jetpack_memberships_contains_paywalled_content":false,"_jetpack_memberships_contains_paid_content":false,"footnotes":""},"categories":[1],"tags":[31],"class_list":["post-73492","post","type-post","status-publish","format-standard","has-post-thumbnail","hentry","category-sin-categoria","tag-prm"],"jetpack_featured_media_url":"https:\/\/lasprimeras.com.do\/wp-content\/uploads\/2024\/01\/WhatsApp-Image-2024-01-11-at-9.04.36-PM-3.jpeg","jetpack-related-posts":[{"id":73513,"url":"https:\/\/lasprimeras.com.do\/index.php\/2024\/01\/12\/roberto-angel-asegura-prm-ganara-arrolladoramente-mayoria-de-alcaldias-y-distritos-municipales-en-febrero-2\/","url_meta":{"origin":73492,"position":0},"title":"Roberto \u00c1ngel asegura PRM ganar\u00e1 arrolladoramente mayor\u00eda de alcald\u00edas y distritos municipales en febrero","author":"BIMARY DE JES\u00daS Matos","date":"12 de enero de 2024","format":false,"excerpt":"San Luis -El miembro de la Direcci\u00f3n Ejecutiva del Partido Revolucionario Moderno (PRM) Roberto \u00c1ngel Salcedo realiz\u00f3 este jueves un recorrido de apoyo a Wendy Cepeda, candidata a alcaldesa del distrito municipal San Luis, provincia Santo Domingo, donde asegur\u00f3 que esa organizaci\u00f3n pol\u00edtica ganar\u00e1 arrolladoramente la inmensa mayor\u00eda de alcald\u00edas\u2026","rel":"","context":"En \u00abSin categor\u00eda\u00bb","block_context":{"text":"Sin categor\u00eda","link":"https:\/\/lasprimeras.com.do\/index.php\/category\/sin-categoria\/"},"img":{"alt_text":"","src":"https:\/\/i0.wp.com\/lasprimeras.com.do\/wp-content\/uploads\/2024\/01\/WhatsApp-Image-2024-01-12-at-10.09.00-AM.jpeg?resize=350%2C200&ssl=1","width":350,"height":200,"srcset":"https:\/\/i0.wp.com\/lasprimeras.com.do\/wp-content\/uploads\/2024\/01\/WhatsApp-Image-2024-01-12-at-10.09.00-AM.jpeg?resize=350%2C200&ssl=1 1x, https:\/\/i0.wp.com\/lasprimeras.com.do\/wp-content\/uploads\/2024\/01\/WhatsApp-Image-2024-01-12-at-10.09.00-AM.jpeg?resize=525%2C300&ssl=1 1.5x, https:\/\/i0.wp.com\/lasprimeras.com.do\/wp-content\/uploads\/2024\/01\/WhatsApp-Image-2024-01-12-at-10.09.00-AM.jpeg?resize=700%2C400&ssl=1 2x, https:\/\/i0.wp.com\/lasprimeras.com.do\/wp-content\/uploads\/2024\/01\/WhatsApp-Image-2024-01-12-at-10.09.00-AM.jpeg?resize=1050%2C600&ssl=1 3x"},"classes":[]},{"id":76028,"url":"https:\/\/lasprimeras.com.do\/index.php\/2024\/02\/06\/roberto-angel-vaticina-oposicion-recibira-una-pela-municipal-el-18-de-febrero\/","url_meta":{"origin":73492,"position":1},"title":"Roberto \u00c1ngel vaticina oposici\u00f3n recibir\u00e1 una \u201cpela municipal\u201d el 18 de febrero","author":"Nelson Feliz","date":"6 de febrero de 2024","format":false,"excerpt":"Durante mano a mano de apoyo a Junior Santos en Los Alcarrizos, manifest\u00f3 que con su unidad y fortaleza el PRM tiene ganadas del 70 al 75 por ciento de las alcald\u00edas. El miembro de la Direcci\u00f3n Ejecutiva del Partido Revolucionario Moderno (PRM), Roberto \u00c1ngel Salcedo, pronostic\u00f3 que los partidos\u2026","rel":"","context":"En \u00abPORTADA\u00bb","block_context":{"text":"PORTADA","link":"https:\/\/lasprimeras.com.do\/index.php\/category\/portada\/"},"img":{"alt_text":"Roberto \u00c1ngel Salcedo","src":"https:\/\/i0.wp.com\/lasprimeras.com.do\/wp-content\/uploads\/2024\/02\/Robertico-Angel-Salcedo-1.jpg?resize=350%2C200&ssl=1","width":350,"height":200,"srcset":"https:\/\/i0.wp.com\/lasprimeras.com.do\/wp-content\/uploads\/2024\/02\/Robertico-Angel-Salcedo-1.jpg?resize=350%2C200&ssl=1 1x, https:\/\/i0.wp.com\/lasprimeras.com.do\/wp-content\/uploads\/2024\/02\/Robertico-Angel-Salcedo-1.jpg?resize=525%2C300&ssl=1 1.5x, https:\/\/i0.wp.com\/lasprimeras.com.do\/wp-content\/uploads\/2024\/02\/Robertico-Angel-Salcedo-1.jpg?resize=700%2C400&ssl=1 2x"},"classes":[]},{"id":75609,"url":"https:\/\/lasprimeras.com.do\/index.php\/2024\/02\/02\/roberto-angel-la-verdadera-alianza-es-la-de-luis-abinader-y-el-prm-con-el-pueblo-dominicano\/","url_meta":{"origin":73492,"position":2},"title":"Roberto \u00c1ngel: \u201cLa verdadera alianza es la de Luis Abinader y el PRM con el pueblo dominicano\u201d","author":"Nelson Feliz","date":"2 de febrero de 2024","format":false,"excerpt":"El alto dirigente pol\u00edtico sostiene encuentros con dirigencia del PRM en Bonao y otras localidades de Bonao, Monse\u00f1or Nouel. El miembro de la Direcci\u00f3n Ejecutiva del Partido Revolucionario Moderno (PRM), Roberto \u00c1ngel Salcedo, afirm\u00f3 este viernes que \u201cLa verdadera alianza es la de Luis Abinader y el PRM con el\u2026","rel":"","context":"En \u00abPORTADA\u00bb","block_context":{"text":"PORTADA","link":"https:\/\/lasprimeras.com.do\/index.php\/category\/portada\/"},"img":{"alt_text":"Roberto \u00c1ngel Salcedo","src":"https:\/\/i0.wp.com\/lasprimeras.com.do\/wp-content\/uploads\/2024\/02\/Roberto-Angel-Salcedo-12.jpg?resize=350%2C200&ssl=1","width":350,"height":200,"srcset":"https:\/\/i0.wp.com\/lasprimeras.com.do\/wp-content\/uploads\/2024\/02\/Roberto-Angel-Salcedo-12.jpg?resize=350%2C200&ssl=1 1x, https:\/\/i0.wp.com\/lasprimeras.com.do\/wp-content\/uploads\/2024\/02\/Roberto-Angel-Salcedo-12.jpg?resize=525%2C300&ssl=1 1.5x, https:\/\/i0.wp.com\/lasprimeras.com.do\/wp-content\/uploads\/2024\/02\/Roberto-Angel-Salcedo-12.jpg?resize=700%2C400&ssl=1 2x"},"classes":[]},{"id":73641,"url":"https:\/\/lasprimeras.com.do\/index.php\/2024\/01\/14\/roberto-angel-asegura-que-el-prm-y-sus-aliados-arrasaran-en-la-provincia-de-san-cristobal\/","url_meta":{"origin":73492,"position":3},"title":"Roberto \u00c1ngel asegura que el PRM y sus aliados arrasar\u00e1n en la provincia de San Crist\u00f3bal","author":"BIMARY DE JES\u00daS Matos","date":"14 de enero de 2024","format":false,"excerpt":"San Crist\u00f3bal.- El miembro de la Direcci\u00f3n Ejecutiva del Partido Revolucionario Moderno (PRM), Roberto \u00c1ngel Salcedo, asegur\u00f3 este domingo que esta organizaci\u00f3n pol\u00edtica y sus aliados, arrasar\u00e1n en esta provincia en las elecciones del 18 de Febrero y 19 de Mayo. El alto dirigente pol\u00edtico se expres\u00f3 en estos t\u00e9rminos\u2026","rel":"","context":"En \u00abSin categor\u00eda\u00bb","block_context":{"text":"Sin categor\u00eda","link":"https:\/\/lasprimeras.com.do\/index.php\/category\/sin-categoria\/"},"img":{"alt_text":"","src":"https:\/\/i0.wp.com\/lasprimeras.com.do\/wp-content\/uploads\/2024\/01\/WhatsApp-Image-2024-01-14-at-8.38.10-PM.jpeg?resize=350%2C200&ssl=1","width":350,"height":200,"srcset":"https:\/\/i0.wp.com\/lasprimeras.com.do\/wp-content\/uploads\/2024\/01\/WhatsApp-Image-2024-01-14-at-8.38.10-PM.jpeg?resize=350%2C200&ssl=1 1x, https:\/\/i0.wp.com\/lasprimeras.com.do\/wp-content\/uploads\/2024\/01\/WhatsApp-Image-2024-01-14-at-8.38.10-PM.jpeg?resize=525%2C300&ssl=1 1.5x, https:\/\/i0.wp.com\/lasprimeras.com.do\/wp-content\/uploads\/2024\/01\/WhatsApp-Image-2024-01-14-at-8.38.10-PM.jpeg?resize=700%2C400&ssl=1 2x, https:\/\/i0.wp.com\/lasprimeras.com.do\/wp-content\/uploads\/2024\/01\/WhatsApp-Image-2024-01-14-at-8.38.10-PM.jpeg?resize=1050%2C600&ssl=1 3x"},"classes":[]},{"id":73602,"url":"https:\/\/lasprimeras.com.do\/index.php\/2024\/01\/13\/roberto-angel-vaticina-prm-ganara-mucho-a-poco-en-la-linea-noroeste\/","url_meta":{"origin":73492,"position":4},"title":"Roberto \u00c1ngel vaticina PRM ganar\u00e1 \u201cmucho a poco\u201d en la L\u00ednea Noroeste","author":"BIMARY DE JES\u00daS Matos","date":"13 de enero de 2024","format":false,"excerpt":"Esperanza, Valverde -Roberto \u00c1ngel Salcedo, miembro de la Direcci\u00f3n Ejecutiva del Partido Revolucionario Moderno (PRM) vaticin\u00f3 este s\u00e1bado que esa organizaci\u00f3n pol\u00edtica ganar\u00e1 \"mucho a poco\" en la L\u00ednea Noroeste, lo que es evidente por el efusivo y masivo respaldo que recibe de la gente en todas las actividades proselitistas\u2026","rel":"","context":"En \u00abPORTADA\u00bb","block_context":{"text":"PORTADA","link":"https:\/\/lasprimeras.com.do\/index.php\/category\/portada\/"},"img":{"alt_text":"","src":"https:\/\/i0.wp.com\/lasprimeras.com.do\/wp-content\/uploads\/2024\/01\/Bajo-Consigna-Arreglo-el-Sur-miles-de-ciudadanos-reciben-a-Luis-Abinader-en-su-primera-caravana-politica-en-Barahona.jpg?resize=350%2C200&ssl=1","width":350,"height":200,"srcset":"https:\/\/i0.wp.com\/lasprimeras.com.do\/wp-content\/uploads\/2024\/01\/Bajo-Consigna-Arreglo-el-Sur-miles-de-ciudadanos-reciben-a-Luis-Abinader-en-su-primera-caravana-politica-en-Barahona.jpg?resize=350%2C200&ssl=1 1x, https:\/\/i0.wp.com\/lasprimeras.com.do\/wp-content\/uploads\/2024\/01\/Bajo-Consigna-Arreglo-el-Sur-miles-de-ciudadanos-reciben-a-Luis-Abinader-en-su-primera-caravana-politica-en-Barahona.jpg?resize=525%2C300&ssl=1 1.5x, https:\/\/i0.wp.com\/lasprimeras.com.do\/wp-content\/uploads\/2024\/01\/Bajo-Consigna-Arreglo-el-Sur-miles-de-ciudadanos-reciben-a-Luis-Abinader-en-su-primera-caravana-politica-en-Barahona.jpg?resize=700%2C400&ssl=1 2x"},"classes":[]},{"id":75743,"url":"https:\/\/lasprimeras.com.do\/index.php\/2024\/02\/04\/roberto-angel-afirma-en-veron-y-el-este-el-prm-ganara-a-nivel-de-barrida-en-las-alcaldias\/","url_meta":{"origin":73492,"position":5},"title":"Roberto \u00c1ngel afirma en Ver\u00f3n y el Este, el PRM ganar\u00e1 a nivel de \u201cbarrida\u201d en las alcald\u00edas","author":"Nelson Feliz","date":"4 de febrero de 2024","format":false,"excerpt":"Encabeza junto a Carlos Bonilla y el candidato a Senador Rafael Bar\u00f3n Duluc \u201cCholitin\u201d, una gigantesca marcha-caravana de apoyo al candidato alcalde en Ver\u00f3n El miembro de la Direcci\u00f3n Ejecutiva del Partido Revolucionario Moderno (PRM) Roberto \u00c1ngel Salcedo afirm\u00f3 este s\u00e1bado que en Ver\u00f3n y en toda la zona Este\u2026","rel":"","context":"En \u00abPORTADA\u00bb","block_context":{"text":"PORTADA","link":"https:\/\/lasprimeras.com.do\/index.php\/category\/portada\/"},"img":{"alt_text":"Roberto \u00c1ngel Salcedo","src":"https:\/\/i0.wp.com\/lasprimeras.com.do\/wp-content\/uploads\/2024\/02\/Roberto-Angel-Salcedo-19.jpg?resize=350%2C200&ssl=1","width":350,"height":200,"srcset":"https:\/\/i0.wp.com\/lasprimeras.com.do\/wp-content\/uploads\/2024\/02\/Roberto-Angel-Salcedo-19.jpg?resize=350%2C200&ssl=1 1x, https:\/\/i0.wp.com\/lasprimeras.com.do\/wp-content\/uploads\/2024\/02\/Roberto-Angel-Salcedo-19.jpg?resize=525%2C300&ssl=1 1.5x, https:\/\/i0.wp.com\/lasprimeras.com.do\/wp-content\/uploads\/2024\/02\/Roberto-Angel-Salcedo-19.jpg?resize=700%2C400&ssl=1 2x"},"classes":[]}],"jetpack_sharing_enabled":true,"_links":{"self":[{"href":"https:\/\/lasprimeras.com.do\/index.php\/wp-json\/wp\/v2\/posts\/73492","targetHints":{"allow":["GET"]}}],"collection":[{"href":"https:\/\/lasprimeras.com.do\/index.php\/wp-json\/wp\/v2\/posts"}],"about":[{"href":"https:\/\/lasprimeras.com.do\/index.php\/wp-json\/wp\/v2\/types\/post"}],"author":[{"embeddable":true,"href":"https:\/\/lasprimeras.com.do\/index.php\/wp-json\/wp\/v2\/users\/3"}],"replies":[{"embeddable":true,"href":"https:\/\/lasprimeras.com.do\/index.php\/wp-json\/wp\/v2\/comments?post=73492"}],"version-history":[{"count":1,"href":"https:\/\/lasprimeras.com.do\/index.php\/wp-json\/wp\/v2\/posts\/73492\/revisions"}],"predecessor-version":[{"id":73497,"href":"https:\/\/lasprimeras.com.do\/index.php\/wp-json\/wp\/v2\/posts\/73492\/revisions\/73497"}],"wp:featuredmedia":[{"embeddable":true,"href":"https:\/\/lasprimeras.com.do\/index.php\/wp-json\/wp\/v2\/media\/73493"}],"wp:attachment":[{"href":"https:\/\/lasprimeras.com.do\/index.php\/wp-json\/wp\/v2\/media?parent=73492"}],"wp:term":[{"taxonomy":"category","embeddable":true,"href":"https:\/\/lasprimeras.com.do\/index.php\/wp-json\/wp\/v2\/categories?post=73492"},{"taxonomy":"post_tag","embeddable":true,"href":"https:\/\/lasprimeras.com.do\/index.php\/wp-json\/wp\/v2\/tags?post=73492"}],"curies":[{"name":"wp","href":"https:\/\/api.w.org\/{rel}","templated":true}]}}