{"id":73501,"date":"2024-01-12T07:03:51","date_gmt":"2024-01-12T11:03:51","guid":{"rendered":"https:\/\/lasprimeras.com.do\/?p=73501"},"modified":"2024-01-12T07:03:52","modified_gmt":"2024-01-12T11:03:52","slug":"capacitara-en-el-pais-a-fiscales-electorales","status":"publish","type":"post","link":"https:\/\/lasprimeras.com.do\/index.php\/2024\/01\/12\/capacitara-en-el-pais-a-fiscales-electorales\/","title":{"rendered":"Capacitar\u00e1 en el pa\u00eds a fiscales electorales"},"content":{"rendered":"\n<p>Santo Domingo.-El Instituto Especializado Superior en Formaci\u00f3n Pol\u00edtica y del Estado Civil de la Junta Central Electoral (Iespec) y la Escuela Nacional del Ministerio P\u00fablico (IES-ENMP) firmaron un convenio espec\u00edfico de cooperaci\u00f3n interinstitucional.<\/p>\n\n\n\n<p>El prop\u00f3sito es impartir un curso especializado en persecuci\u00f3n de delito electoral dirigido a los fiscales electorales. Este acuerdo, firmado por el rector interino del Iespec, Felipe Carvajal y por la rectora del IES-ENMP, Marien Montero Beard, se lleva a cabo en cumplimiento de lo establecido en el art\u00edculo 330 de la Ley 20-23 Org\u00e1nica de R\u00e9gimen Electoral, con lo que ambas instituciones acad\u00e9micas se convierten en el soporte de formaci\u00f3n en materia procesal penal electoral para impartir docencia especializada.<\/p>\n\n\n\n<p>Estuvieron presentes el procurador especializado contra los Delitos Electorales, Iv\u00e1n F\u00e9liz Vargas; la vicerrectora docente interina del Iespec, Daiyud Bret\u00f3n Alba; Laura Casado Ortiz, vicerrectora interina de Investigaci\u00f3n y Posgrado; Jos\u00e9 Ram\u00edrez Segura, vicerrector Administrativo y Financiero; Joel Rosario Gonz\u00e1lez, secretario interino del Consejo Acad\u00e9mico; y Leonardo Borregui, consultor jur\u00eddico de la Escuela del Ministerio P\u00fablico.<\/p>\n\n\n\n<p>Al agotar unas palabras el rector interino del Iespec, Felipe Carvajal, dijo que con esta firma de convenio se destaca que la confianza en el proceso electoral es un elemento clave en la legitimaci\u00f3n del acceso al poder p\u00fablico.<\/p>\n","protected":false},"excerpt":{"rendered":"<p>Santo Domingo.-El Instituto Especializado Superior en Formaci\u00f3n Pol\u00edtica y del Estado Civil de la Junta Central Electoral (Iespec) y la Escuela Nacional del Ministerio P\u00fablico (IES-ENMP) firmaron un convenio espec\u00edfico&hellip;<\/p>\n","protected":false},"author":3,"featured_media":73502,"comment_status":"open","ping_status":"open","sticky":false,"template":"","format":"standard","meta":{"content-type":"","jetpack_post_was_ever_published":false,"_jetpack_newsletter_access":"","_jetpack_dont_email_post_to_subs":false,"_jetpack_newsletter_tier_id":0,"_jetpack_memberships_contains_paywalled_content":false,"_jetpack_memberships_contains_paid_content":false,"footnotes":""},"categories":[1],"tags":[183],"class_list":["post-73501","post","type-post","status-publish","format-standard","has-post-thumbnail","hentry","category-sin-categoria","tag-jce"],"jetpack_featured_media_url":"https:\/\/lasprimeras.com.do\/wp-content\/uploads\/2024\/01\/WhatsApp-Image-2024-01-11-at-9.04.36-PM-4-2.jpeg","jetpack-related-posts":[{"id":75009,"url":"https:\/\/lasprimeras.com.do\/index.php\/2024\/01\/28\/capacitan-a-mas-de-200-fiscales-electorales-en-derecho-penal-electoral\/","url_meta":{"origin":73501,"position":0},"title":"Capacitan a m\u00e1s de 200 fiscales electorales en &#8220;Derecho Penal Electoral&#8221;","author":"Nelson Feliz","date":"28 de enero de 2024","format":false,"excerpt":"El Instituto Especializado Superior en Formaci\u00f3n Pol\u00edtica Electoral y del Estado Civil (IESPEC) y la Escuela Nacional del Ministerio P\u00fablico (IES-ENMP) dieron apertura el pasado s\u00e1bado al curso especializado en Derecho Penal Electoral dirigido a m\u00e1s de 200 fiscales a nivel nacional. La mesa de honor estuvo encabezada por el\u2026","rel":"","context":"En \u00abNACIONALES\u00bb","block_context":{"text":"NACIONALES","link":"https:\/\/lasprimeras.com.do\/index.php\/category\/nacionales\/"},"img":{"alt_text":"Rom\u00e1n Andr\u00e9s J\u00e1quez Liranzo","src":"https:\/\/i0.wp.com\/lasprimeras.com.do\/wp-content\/uploads\/2024\/01\/Roman-Andres-Jaquez-Liranzo-3.jpg?resize=350%2C200&ssl=1","width":350,"height":200,"srcset":"https:\/\/i0.wp.com\/lasprimeras.com.do\/wp-content\/uploads\/2024\/01\/Roman-Andres-Jaquez-Liranzo-3.jpg?resize=350%2C200&ssl=1 1x, https:\/\/i0.wp.com\/lasprimeras.com.do\/wp-content\/uploads\/2024\/01\/Roman-Andres-Jaquez-Liranzo-3.jpg?resize=525%2C300&ssl=1 1.5x, https:\/\/i0.wp.com\/lasprimeras.com.do\/wp-content\/uploads\/2024\/01\/Roman-Andres-Jaquez-Liranzo-3.jpg?resize=700%2C400&ssl=1 2x"},"classes":[]},{"id":100977,"url":"https:\/\/lasprimeras.com.do\/index.php\/2025\/06\/14\/rector-del-iespec-de-la-jce-no-existe-verdadera-democracia-sin-los-partidos-politicos\/","url_meta":{"origin":73501,"position":1},"title":"Rector del IESPEC de la JCE: \u201cNo existe verdadera democracia sin los partidos pol\u00edticos\u201d","author":"Nelson Feliz","date":"14 de junio de 2025","format":false,"excerpt":"El rector del Instituto Especializado Superior en Formaci\u00f3n Pol\u00edtica Electoral y del Estado Civil (IESPEC) de la Junta Central Electoral, Felipe Carvajal, en visita realizada a la sede nacional Partido de la Liberaci\u00f3n Dominicana (PLD) en donde se imparte el Diplomado Especializado en Administraci\u00f3n Electoral anim\u00f3 a los participantes a\u2026","rel":"","context":"En \u00abNACIONALES\u00bb","block_context":{"text":"NACIONALES","link":"https:\/\/lasprimeras.com.do\/index.php\/category\/nacionales\/"},"img":{"alt_text":"","src":"https:\/\/i0.wp.com\/lasprimeras.com.do\/wp-content\/uploads\/2025\/06\/diplomado-14-6.jpg?resize=350%2C200&ssl=1","width":350,"height":200,"srcset":"https:\/\/i0.wp.com\/lasprimeras.com.do\/wp-content\/uploads\/2025\/06\/diplomado-14-6.jpg?resize=350%2C200&ssl=1 1x, https:\/\/i0.wp.com\/lasprimeras.com.do\/wp-content\/uploads\/2025\/06\/diplomado-14-6.jpg?resize=525%2C300&ssl=1 1.5x, https:\/\/i0.wp.com\/lasprimeras.com.do\/wp-content\/uploads\/2025\/06\/diplomado-14-6.jpg?resize=700%2C400&ssl=1 2x"},"classes":[]},{"id":111219,"url":"https:\/\/lasprimeras.com.do\/index.php\/2025\/10\/06\/jce-iespec-concluye-primer-taller-en-materia-de-registro-civil-para-periodistas-y-comunicadores-en-sd-y-santiago\/","url_meta":{"origin":73501,"position":2},"title":"JCE-IESPEC concluye primer taller en materia de registro civil para periodistas y comunicadores en SD y Santiago","author":"Nelson Feliz","date":"6 de octubre de 2025","format":false,"excerpt":"La Junta Central Electoral (JCE), a trav\u00e9s de su Instituto Especializado Superior en Formaci\u00f3n Pol\u00edtica Electoral y del Estado Civil (IESPEC) y bajo la coordinaci\u00f3n de la Direcci\u00f3n de Comunicaciones, finaliz\u00f3 este s\u00e1bado con la entrega de certificados del \u201cCurso especializado sobre la Ley 4-23, Org\u00e1nica del Registro Civil y\u2026","rel":"","context":"En \u00abNACIONALES\u00bb","block_context":{"text":"NACIONALES","link":"https:\/\/lasprimeras.com.do\/index.php\/category\/nacionales\/"},"img":{"alt_text":"","src":"https:\/\/i0.wp.com\/lasprimeras.com.do\/wp-content\/uploads\/2025\/10\/DOS.jpg?resize=350%2C200&ssl=1","width":350,"height":200,"srcset":"https:\/\/i0.wp.com\/lasprimeras.com.do\/wp-content\/uploads\/2025\/10\/DOS.jpg?resize=350%2C200&ssl=1 1x, https:\/\/i0.wp.com\/lasprimeras.com.do\/wp-content\/uploads\/2025\/10\/DOS.jpg?resize=525%2C300&ssl=1 1.5x, https:\/\/i0.wp.com\/lasprimeras.com.do\/wp-content\/uploads\/2025\/10\/DOS.jpg?resize=700%2C400&ssl=1 2x"},"classes":[]},{"id":90050,"url":"https:\/\/lasprimeras.com.do\/index.php\/2024\/10\/12\/jce-iespec-gradua-252-miembros-de-partidos-en-diplomado-especializado-en-administracion-electoral\/","url_meta":{"origin":73501,"position":3},"title":"JCE-IESPEC grad\u00faa 252 miembros de partidos en \u201cDiplomado Especializado en Administraci\u00f3n Electoral\u201d","author":"Nelson Feliz","date":"12 de octubre de 2024","format":false,"excerpt":"La Junta Central Electoral (JCE), a trav\u00e9s de su Instituto Especializado Superior en Formaci\u00f3n Pol\u00edtica Electoral y del Estado Civil (IESPEC) gradu\u00f3 este s\u00e1bado a 252 miembros de Partidos, Agrupaciones y Movimientos Pol\u00edticos en el \u201cDiplomado Especializado en Administraci\u00f3n Electoral\u201d. El acto estuvo encabezado por el presidente del Pleno de\u2026","rel":"","context":"En \u00abNACIONALES\u00bb","block_context":{"text":"NACIONALES","link":"https:\/\/lasprimeras.com.do\/index.php\/category\/nacionales\/"},"img":{"alt_text":"Rom\u00e1n Andr\u00e9s J\u00e1quez Liranzo","src":"https:\/\/i0.wp.com\/lasprimeras.com.do\/wp-content\/uploads\/2024\/10\/Roman-Andres-Jaquez-Liranzo-1.jpg?resize=350%2C200&ssl=1","width":350,"height":200,"srcset":"https:\/\/i0.wp.com\/lasprimeras.com.do\/wp-content\/uploads\/2024\/10\/Roman-Andres-Jaquez-Liranzo-1.jpg?resize=350%2C200&ssl=1 1x, https:\/\/i0.wp.com\/lasprimeras.com.do\/wp-content\/uploads\/2024\/10\/Roman-Andres-Jaquez-Liranzo-1.jpg?resize=525%2C300&ssl=1 1.5x, https:\/\/i0.wp.com\/lasprimeras.com.do\/wp-content\/uploads\/2024\/10\/Roman-Andres-Jaquez-Liranzo-1.jpg?resize=700%2C400&ssl=1 2x"},"classes":[]},{"id":80440,"url":"https:\/\/lasprimeras.com.do\/index.php\/2024\/04\/08\/jce-y-el-iespec-graduan-178-periodistas-y-comunicadores-sociales-en-diplomado-especializado-en-administracion-electoral\/","url_meta":{"origin":73501,"position":4},"title":"JCE y el IESPEC grad\u00faan 178 periodistas y comunicadores sociales en \u201cDiplomado Especializado en Administraci\u00f3n Electoral\u201d","author":"BIMARY DE JES\u00daS Matos","date":"8 de abril de 2024","format":false,"excerpt":"Es el primer acto de graduaci\u00f3n, en calidad de instituto, que hace la escuela del \u00f3rgano electoral Santo Domingo, RD. - La Junta Central Electoral (JCE), a trav\u00e9s de su Instituto Especializado Superior en Formaci\u00f3n Pol\u00edtica Electoral y del Estado Civil (IESPEC), realiz\u00f3 este s\u00e1bado la graduaci\u00f3n del \u201cDiplomado Especializado\u2026","rel":"","context":"En \u00abECONOM\u00cdA\u00bb","block_context":{"text":"ECONOM\u00cdA","link":"https:\/\/lasprimeras.com.do\/index.php\/category\/economia\/"},"img":{"alt_text":"","src":"https:\/\/i0.wp.com\/lasprimeras.com.do\/wp-content\/uploads\/2024\/04\/IMG-20240408-WA0037.jpg?resize=350%2C200&ssl=1","width":350,"height":200,"srcset":"https:\/\/i0.wp.com\/lasprimeras.com.do\/wp-content\/uploads\/2024\/04\/IMG-20240408-WA0037.jpg?resize=350%2C200&ssl=1 1x, https:\/\/i0.wp.com\/lasprimeras.com.do\/wp-content\/uploads\/2024\/04\/IMG-20240408-WA0037.jpg?resize=525%2C300&ssl=1 1.5x, https:\/\/i0.wp.com\/lasprimeras.com.do\/wp-content\/uploads\/2024\/04\/IMG-20240408-WA0037.jpg?resize=700%2C400&ssl=1 2x, https:\/\/i0.wp.com\/lasprimeras.com.do\/wp-content\/uploads\/2024\/04\/IMG-20240408-WA0037.jpg?resize=1050%2C600&ssl=1 3x"},"classes":[]},{"id":102537,"url":"https:\/\/lasprimeras.com.do\/index.php\/2025\/07\/06\/jce-iespec-gradua-en-administracion-electoral-a-200-miembros-de-organizaciones-politicas\/","url_meta":{"origin":73501,"position":5},"title":"JCE-IESPEC grad\u00faa en Administraci\u00f3n Electoral a 200 miembros de organizaciones pol\u00edticas","author":"Nelson Feliz","date":"6 de julio de 2025","format":false,"excerpt":"Anuncian Licenciatura en Administraci\u00f3n Electoral para el a\u00f1o 2026. La Junta Central Electoral (JCE), a trav\u00e9s del Instituto Especializado Superior en Formaci\u00f3n Pol\u00edtica Electoral y del Estado Civil (IESPEC), celebr\u00f3 este s\u00e1bado en el Auditorio de la instituci\u00f3n, la graduaci\u00f3n de 200 miembros de partidos, agrupaciones y movimientos pol\u00edticos, quienes\u2026","rel":"","context":"En \u00abNACIONALES\u00bb","block_context":{"text":"NACIONALES","link":"https:\/\/lasprimeras.com.do\/index.php\/category\/nacionales\/"},"img":{"alt_text":"","src":"https:\/\/i0.wp.com\/lasprimeras.com.do\/wp-content\/uploads\/2025\/07\/JCE-1.jpg?resize=350%2C200&ssl=1","width":350,"height":200,"srcset":"https:\/\/i0.wp.com\/lasprimeras.com.do\/wp-content\/uploads\/2025\/07\/JCE-1.jpg?resize=350%2C200&ssl=1 1x, https:\/\/i0.wp.com\/lasprimeras.com.do\/wp-content\/uploads\/2025\/07\/JCE-1.jpg?resize=525%2C300&ssl=1 1.5x, https:\/\/i0.wp.com\/lasprimeras.com.do\/wp-content\/uploads\/2025\/07\/JCE-1.jpg?resize=700%2C400&ssl=1 2x"},"classes":[]}],"jetpack_sharing_enabled":true,"_links":{"self":[{"href":"https:\/\/lasprimeras.com.do\/index.php\/wp-json\/wp\/v2\/posts\/73501","targetHints":{"allow":["GET"]}}],"collection":[{"href":"https:\/\/lasprimeras.com.do\/index.php\/wp-json\/wp\/v2\/posts"}],"about":[{"href":"https:\/\/lasprimeras.com.do\/index.php\/wp-json\/wp\/v2\/types\/post"}],"author":[{"embeddable":true,"href":"https:\/\/lasprimeras.com.do\/index.php\/wp-json\/wp\/v2\/users\/3"}],"replies":[{"embeddable":true,"href":"https:\/\/lasprimeras.com.do\/index.php\/wp-json\/wp\/v2\/comments?post=73501"}],"version-history":[{"count":1,"href":"https:\/\/lasprimeras.com.do\/index.php\/wp-json\/wp\/v2\/posts\/73501\/revisions"}],"predecessor-version":[{"id":73503,"href":"https:\/\/lasprimeras.com.do\/index.php\/wp-json\/wp\/v2\/posts\/73501\/revisions\/73503"}],"wp:featuredmedia":[{"embeddable":true,"href":"https:\/\/lasprimeras.com.do\/index.php\/wp-json\/wp\/v2\/media\/73502"}],"wp:attachment":[{"href":"https:\/\/lasprimeras.com.do\/index.php\/wp-json\/wp\/v2\/media?parent=73501"}],"wp:term":[{"taxonomy":"category","embeddable":true,"href":"https:\/\/lasprimeras.com.do\/index.php\/wp-json\/wp\/v2\/categories?post=73501"},{"taxonomy":"post_tag","embeddable":true,"href":"https:\/\/lasprimeras.com.do\/index.php\/wp-json\/wp\/v2\/tags?post=73501"}],"curies":[{"name":"wp","href":"https:\/\/api.w.org\/{rel}","templated":true}]}}