{"id":73523,"date":"2024-01-12T11:29:43","date_gmt":"2024-01-12T15:29:43","guid":{"rendered":"https:\/\/lasprimeras.com.do\/?p=73523"},"modified":"2024-01-12T11:29:45","modified_gmt":"2024-01-12T15:29:45","slug":"incautan-frutas-al-cantante-julio-iglesias-en-el-aeropuerto-punta-cana","status":"publish","type":"post","link":"https:\/\/lasprimeras.com.do\/index.php\/2024\/01\/12\/incautan-frutas-al-cantante-julio-iglesias-en-el-aeropuerto-punta-cana\/","title":{"rendered":"Incautan frutas al cantante Julio Iglesias en el aeropuerto Punta Cana"},"content":{"rendered":"\n<p class=\"wp-block-paragraph\">PUNTA CANA, La Altagracia.- T\u00e9cnicos del servicio de Inspecci\u00f3n de Cuarentena Vegetal (AIPC), del Ministerio de Agricultura, en el aeropuerto Punta Cana, como parte de las medidas para enfrentar la propagaci\u00f3n de la Mosca del Mediterr\u00e1neo, decomisaron un alijo de frutas y vegetales que el artista de renombre internacional Julio Iglesias, residente en la zona de Punta Cana, intent\u00f3 entrar por la terminal a\u00e9rea.<\/p>\n\n\n\n<p class=\"wp-block-paragraph\">En el equipaje del artista se interceptaron 42.16 kilogramos de fresas, frambuesas, blueberry, cherry, tomate, remolacha, apio, frijol, espinaca, lechuga, hongos y r\u00facula, que pretend\u00eda pasar a la Rep\u00fablica Dominicana.<\/p>\n\n\n\n<p class=\"wp-block-paragraph\">El interprete fue sorprendido con la carga cuando ingres\u00f3 al pa\u00eds procedente de Bahamas en el vuelo n\u00famero N768JJ, la noche del pasado mi\u00e9rcoles 10 de enero, cuando trat\u00f3 pasar en su equipaje el alijo incautado. Su nombre en principio no fue ofrecido por las autoridades, pero posteriormente trascendi\u00f3 que se trata del estelar artista.<\/p>\n\n\n\n<p class=\"wp-block-paragraph\">La ingeniera Rosa Lazala, directora de Sanidad Vegetal, hablando a trav\u00e9s del Departamento de Comunicaciones de Agricultura, explic\u00f3 que t\u00e9cnicos de Sanidad y Cuarentena del pa\u00eds reforzaron la vigilancia e inspecci\u00f3n, pre chequeo y chequeo de equipaje y a todos los pasajeros.<\/p>\n\n\n\n<p class=\"wp-block-paragraph\">El Ministerio de Agricultura contin\u00faa aplicando estos controles en los distintos puertos, aeropuertos y la frontera terrestre, con miras a garantizar que no entre ning\u00fan producto de procedencia animal o vegetal que ponga en riesgo la producci\u00f3n nacional.<\/p>\n\n\n\n<p class=\"wp-block-paragraph\">El periodista Erick Montilla, vocero del Ministerio de Agricultura, dijo que conjuntamente con el Oirsa se mantiene una alerta permanente en todos los puntos de entrada a suelo dominicano, como parte del protocolo activado tras la detecci\u00f3n de especies de mosca del mediterr\u00e1neo.<\/p>\n\n\n\n<p class=\"wp-block-paragraph\">Este reportero fue testigo de que desde un principio que se conoci\u00f3 la informaci\u00f3n los rumores se\u00f1alaban a Julio Iglesias .<\/p>\n\n\n\n<p class=\"wp-block-paragraph\">Se dijo que incluso el actual brote detectado, los bichos fueron ubicados en las proximidades de la residencia del destacado artista.<\/p>\n","protected":false},"excerpt":{"rendered":"<p>PUNTA CANA, La Altagracia.- T\u00e9cnicos del servicio de Inspecci\u00f3n de Cuarentena Vegetal (AIPC), del Ministerio de Agricultura, en el aeropuerto Punta Cana, como parte de las medidas para enfrentar la&hellip;<\/p>\n","protected":false},"author":3,"featured_media":73524,"comment_status":"open","ping_status":"open","sticky":false,"template":"","format":"standard","meta":{"content-type":"","_jetpack_newsletter_access":"","_jetpack_dont_email_post_to_subs":false,"_jetpack_newsletter_tier_id":0,"_jetpack_memberships_contains_paywalled_content":false,"_jetpack_feature_clip_id":0,"_jetpack_memberships_contains_paid_content":false,"footnotes":"","jetpack_post_was_ever_published":false},"categories":[84],"tags":[],"class_list":["post-73523","post","type-post","status-publish","format-standard","has-post-thumbnail","hentry","category-entretenimiento"],"jetpack-related-posts":[{"id":74709,"url":"https:\/\/lasprimeras.com.do\/index.php\/2024\/01\/25\/dncd-atrapa-en-punta-cana-con-24-paquetes-de-marihuana\/","url_meta":{"origin":73523,"position":0},"title":"DNCD atrapa en Punta Cana con 24 paquetes de marihuana","author":"Nelson Feliz","date":"25 de enero de 2024","format":false,"excerpt":"Por Martin Restituyo Agentes de la Direcci\u00f3n Nacional de Control de Drogas (DNCD) apoyados por miembros del Cuerpo Especializado de Seguridad Aeroportuaria e inspectores de Aduanas, coordinados por el Ministerio P\u00fablico, confiscaron 24 paquetes presumiblemente marihuana, en un operativo de supervisi\u00f3n realizado en el Aeropuerto Internacional de Punta Cana, provincia\u2026","rel":"","context":"En \u00abMILITARES\u00bb","block_context":{"text":"MILITARES","link":"https:\/\/lasprimeras.com.do\/index.php\/category\/militares\/"},"img":{"alt_text":"Marihuana","src":"https:\/\/i0.wp.com\/lasprimeras.com.do\/wp-content\/uploads\/2024\/01\/marihuana.jpg?resize=350%2C200&ssl=1","width":350,"height":200,"srcset":"https:\/\/i0.wp.com\/lasprimeras.com.do\/wp-content\/uploads\/2024\/01\/marihuana.jpg?resize=350%2C200&ssl=1 1x, https:\/\/i0.wp.com\/lasprimeras.com.do\/wp-content\/uploads\/2024\/01\/marihuana.jpg?resize=525%2C300&ssl=1 1.5x, https:\/\/i0.wp.com\/lasprimeras.com.do\/wp-content\/uploads\/2024\/01\/marihuana.jpg?resize=700%2C400&ssl=1 2x"},"classes":[]},{"id":119067,"url":"https:\/\/lasprimeras.com.do\/index.php\/2026\/01\/06\/el-aeropuerto-de-punta-cana-movilizo-mas-de-11-millones-de-pasajeros-en-2025\/","url_meta":{"origin":73523,"position":1},"title":"El Aeropuerto de Punta Cana moviliz\u00f3 m\u00e1s de 11 millones de pasajeros en 2025","author":"Nelson Feliz","date":"6 de enero de 2026","format":false,"excerpt":"El flujo de viajeros creci\u00f3 cerca de un 11 % interanual, en un a\u00f1o marcado por r\u00e9cords operativos y mayor conectividad a\u00e9rea El Aeropuerto de Punta Cana (PUJ) cerr\u00f3 el a\u00f1o 2025 con la movilizaci\u00f3n de m\u00e1s de 11 millones de pasajeros, consolid\u00e1ndose como la principal puerta de entrada a\u00e9rea\u2026","rel":"","context":"En \u00abECONOM\u00cdA\u00bb","block_context":{"text":"ECONOM\u00cdA","link":"https:\/\/lasprimeras.com.do\/index.php\/category\/economia\/"},"img":{"alt_text":"Aeropuerto de Punta Cana","src":"https:\/\/i0.wp.com\/lasprimeras.com.do\/wp-content\/uploads\/2026\/01\/Aeropuerto-de-Punta-Cana.jpg?resize=350%2C200&ssl=1","width":350,"height":200,"srcset":"https:\/\/i0.wp.com\/lasprimeras.com.do\/wp-content\/uploads\/2026\/01\/Aeropuerto-de-Punta-Cana.jpg?resize=350%2C200&ssl=1 1x, https:\/\/i0.wp.com\/lasprimeras.com.do\/wp-content\/uploads\/2026\/01\/Aeropuerto-de-Punta-Cana.jpg?resize=525%2C300&ssl=1 1.5x, https:\/\/i0.wp.com\/lasprimeras.com.do\/wp-content\/uploads\/2026\/01\/Aeropuerto-de-Punta-Cana.jpg?resize=700%2C400&ssl=1 2x"},"classes":[]},{"id":94702,"url":"https:\/\/lasprimeras.com.do\/index.php\/2025\/03\/04\/dncd-incauta-79-paquetes-de-marihuana-en-el-aeropuerto-de-punta-cana\/","url_meta":{"origin":73523,"position":2},"title":"DNCD incauta 79 paquetes de marihuana en el Aeropuerto de Punta Cana","author":"Nelson Feliz","date":"4 de marzo de 2025","format":false,"excerpt":"Agentes de la Direcci\u00f3n Nacional de Control de Drogas (DNCD) y miembros del Cuerpo Especializado de Seguridad Aeroportuaria (CESAC), coordinados por el Ministerio P\u00fablico, en el marco de la ampliaci\u00f3n de las operaciones de interdicci\u00f3n conjunta, incautaron 79 paquetes de marihuana, en el Aeropuerto Internacional de Punta Cana, provincia de\u2026","rel":"","context":"En \u00abMILITARES\u00bb","block_context":{"text":"MILITARES","link":"https:\/\/lasprimeras.com.do\/index.php\/category\/militares\/"},"img":{"alt_text":"","src":"https:\/\/i0.wp.com\/lasprimeras.com.do\/wp-content\/uploads\/2025\/03\/marihuana.jpg?resize=350%2C200&ssl=1","width":350,"height":200,"srcset":"https:\/\/i0.wp.com\/lasprimeras.com.do\/wp-content\/uploads\/2025\/03\/marihuana.jpg?resize=350%2C200&ssl=1 1x, https:\/\/i0.wp.com\/lasprimeras.com.do\/wp-content\/uploads\/2025\/03\/marihuana.jpg?resize=525%2C300&ssl=1 1.5x"},"classes":[]},{"id":73207,"url":"https:\/\/lasprimeras.com.do\/index.php\/2024\/01\/07\/miguel-valerio-saluda-decreto-2-24-que-deroga-permisos-para-construir-aeropuerto-en-bavaro\/","url_meta":{"origin":73523,"position":3},"title":"Miguel Valerio saluda decreto 2-24 que deroga permisos para construir aeropuerto en B\u00e1varo","author":"Nelson Feliz","date":"7 de enero de 2024","format":false,"excerpt":"El abogado de la Corporaci\u00f3n Aeroportuaria del Este, propietaria del Aeropuerto Internacional de Punta Cana y del Grupo Punta Cana, Miguel Valerio, felicit\u00f3 la decisi\u00f3n del presidente Luis Abinader por anular el decreto 270-20 de julio de 2020 que otorgaba permisos al empresario Abraham Hazoury y al Grupo Abrisa, para\u2026","rel":"","context":"En \u00abNACIONALES\u00bb","block_context":{"text":"NACIONALES","link":"https:\/\/lasprimeras.com.do\/index.php\/category\/nacionales\/"},"img":{"alt_text":"Miguel Valerio","src":"https:\/\/i0.wp.com\/lasprimeras.com.do\/wp-content\/uploads\/2024\/01\/Miguel-Valerio.jpg?resize=350%2C200&ssl=1","width":350,"height":200,"srcset":"https:\/\/i0.wp.com\/lasprimeras.com.do\/wp-content\/uploads\/2024\/01\/Miguel-Valerio.jpg?resize=350%2C200&ssl=1 1x, https:\/\/i0.wp.com\/lasprimeras.com.do\/wp-content\/uploads\/2024\/01\/Miguel-Valerio.jpg?resize=525%2C300&ssl=1 1.5x"},"classes":[]},{"id":58416,"url":"https:\/\/lasprimeras.com.do\/index.php\/2023\/08\/23\/asonahores-tormenta-franklin-no-altero-actividades-de-la-zonas-turisticas-del-pais\/","url_meta":{"origin":73523,"position":4},"title":"Asonahores: Tormenta Franklin no alter\u00f3 actividades de la zonas tur\u00edsticas del pa\u00eds","author":"Nelson Feliz","date":"23 de agosto de 2023","format":false,"excerpt":"El paso de la tormenta Franklin no ha tenido un impacto importante en las principales zonas tur\u00edsticas del pa\u00eds, no afect\u00f3 hoteles ni otros establecimientos y no detuvo las operaciones del Aeropuerto Internacional de Punta Cana. As\u00ed lo confirm\u00f3 la Asociaci\u00f3n de Hoteles y Turismo de la Rep\u00fablica Dominicana (Asonahores)\u2026","rel":"","context":"En \u00abTURISMO\u00bb","block_context":{"text":"TURISMO","link":"https:\/\/lasprimeras.com.do\/index.php\/category\/turismo\/"},"img":{"alt_text":"Vista panor\u00e1mica de los hoteles resort de playa en B\u00e1varo, Punta Cana, Rep\u00fablica Dominicana","src":"https:\/\/i0.wp.com\/lasprimeras.com.do\/wp-content\/uploads\/2023\/08\/turismo.jpg?resize=350%2C200&ssl=1","width":350,"height":200,"srcset":"https:\/\/i0.wp.com\/lasprimeras.com.do\/wp-content\/uploads\/2023\/08\/turismo.jpg?resize=350%2C200&ssl=1 1x, https:\/\/i0.wp.com\/lasprimeras.com.do\/wp-content\/uploads\/2023\/08\/turismo.jpg?resize=525%2C300&ssl=1 1.5x, https:\/\/i0.wp.com\/lasprimeras.com.do\/wp-content\/uploads\/2023\/08\/turismo.jpg?resize=700%2C400&ssl=1 2x"},"classes":[]},{"id":91539,"url":"https:\/\/lasprimeras.com.do\/index.php\/2024\/11\/26\/igor-rodriguez-arajet-abrira-nuevo-hub-en-punta-cana\/","url_meta":{"origin":73523,"position":5},"title":"Igor Rodr\u00edguez: Arajet abrir\u00e1 nuevo hub en Punta Cana","author":"Nelson Feliz","date":"26 de noviembre de 2024","format":false,"excerpt":"El director general del Instituto Dominicano de Aviaci\u00f3n Civil (IDAC), Igor Rodr\u00edguez, destac\u00f3 la inauguraci\u00f3n del nuevo hub de Arajet en el Aeropuerto Internacional de Punta Cana, como un paso clave para reforzar la conectividad a\u00e9rea de la Rep\u00fablica Dominicana con Am\u00e9rica Latina y el resto del mundo. Rodr\u00edguez, dijo\u2026","rel":"","context":"En \u00abNACIONALES\u00bb","block_context":{"text":"NACIONALES","link":"https:\/\/lasprimeras.com.do\/index.php\/category\/nacionales\/"},"img":{"alt_text":"Arajet en Punta Cana","src":"https:\/\/i0.wp.com\/lasprimeras.com.do\/wp-content\/uploads\/2024\/11\/Arajet-en-Punta-Cana-1.jpg?resize=350%2C200&ssl=1","width":350,"height":200,"srcset":"https:\/\/i0.wp.com\/lasprimeras.com.do\/wp-content\/uploads\/2024\/11\/Arajet-en-Punta-Cana-1.jpg?resize=350%2C200&ssl=1 1x, https:\/\/i0.wp.com\/lasprimeras.com.do\/wp-content\/uploads\/2024\/11\/Arajet-en-Punta-Cana-1.jpg?resize=525%2C300&ssl=1 1.5x, https:\/\/i0.wp.com\/lasprimeras.com.do\/wp-content\/uploads\/2024\/11\/Arajet-en-Punta-Cana-1.jpg?resize=700%2C400&ssl=1 2x"},"classes":[]}],"jetpack_sharing_enabled":true,"jetpack_featured_media_url":"https:\/\/lasprimeras.com.do\/wp-content\/uploads\/2024\/01\/Noticias-de-energia-12.webp","_links":{"self":[{"href":"https:\/\/lasprimeras.com.do\/index.php\/wp-json\/wp\/v2\/posts\/73523","targetHints":{"allow":["GET"]}}],"collection":[{"href":"https:\/\/lasprimeras.com.do\/index.php\/wp-json\/wp\/v2\/posts"}],"about":[{"href":"https:\/\/lasprimeras.com.do\/index.php\/wp-json\/wp\/v2\/types\/post"}],"author":[{"embeddable":true,"href":"https:\/\/lasprimeras.com.do\/index.php\/wp-json\/wp\/v2\/users\/3"}],"replies":[{"embeddable":true,"href":"https:\/\/lasprimeras.com.do\/index.php\/wp-json\/wp\/v2\/comments?post=73523"}],"version-history":[{"count":1,"href":"https:\/\/lasprimeras.com.do\/index.php\/wp-json\/wp\/v2\/posts\/73523\/revisions"}],"predecessor-version":[{"id":73525,"href":"https:\/\/lasprimeras.com.do\/index.php\/wp-json\/wp\/v2\/posts\/73523\/revisions\/73525"}],"wp:featuredmedia":[{"embeddable":true,"href":"https:\/\/lasprimeras.com.do\/index.php\/wp-json\/wp\/v2\/media\/73524"}],"wp:attachment":[{"href":"https:\/\/lasprimeras.com.do\/index.php\/wp-json\/wp\/v2\/media?parent=73523"}],"wp:term":[{"taxonomy":"category","embeddable":true,"href":"https:\/\/lasprimeras.com.do\/index.php\/wp-json\/wp\/v2\/categories?post=73523"},{"taxonomy":"post_tag","embeddable":true,"href":"https:\/\/lasprimeras.com.do\/index.php\/wp-json\/wp\/v2\/tags?post=73523"}],"curies":[{"name":"wp","href":"https:\/\/api.w.org\/{rel}","templated":true}]}}