{"id":73602,"date":"2024-01-13T21:20:38","date_gmt":"2024-01-14T01:20:38","guid":{"rendered":"https:\/\/lasprimeras.com.do\/?p=73602"},"modified":"2024-01-13T21:20:51","modified_gmt":"2024-01-14T01:20:51","slug":"roberto-angel-vaticina-prm-ganara-mucho-a-poco-en-la-linea-noroeste","status":"publish","type":"post","link":"https:\/\/lasprimeras.com.do\/index.php\/2024\/01\/13\/roberto-angel-vaticina-prm-ganara-mucho-a-poco-en-la-linea-noroeste\/","title":{"rendered":"Roberto \u00c1ngel vaticina PRM ganar\u00e1 \u201cmucho a poco\u201d en la L\u00ednea Noroeste"},"content":{"rendered":"\n<p>Esperanza, Valverde -Roberto \u00c1ngel Salcedo, miembro de la Direcci\u00f3n Ejecutiva del Partido Revolucionario Moderno (PRM) vaticin\u00f3 este s\u00e1bado que esa organizaci\u00f3n pol\u00edtica ganar\u00e1 &#8220;mucho a poco&#8221; en la L\u00ednea Noroeste, lo que es evidente por el efusivo y masivo respaldo que recibe de la gente en todas las actividades proselitistas que realiza en esa zona del pa\u00eds.<\/p>\n\n\n\n<p>El alto dirigente pol\u00edtico hizo la aseveraci\u00f3n al hacer un recorrido por las provincias del noroeste, acompa\u00f1ado del expresidente Hip\u00f3lito Mej\u00eda y los tambi\u00e9n miembros de la Direcci\u00f3n Ejecutiva perremeista V\u00edctor D&#8217; Aza y Luis Delgado, en respaldo a los candidatos municipales en las demarcaciones de esas localidades.<\/p>\n\n\n\n<p>Afuera est\u00e1n y afuera se quedar\u00e1n<\/p>\n\n\n\n<p>Las palabras de apertura las pronunci\u00f3 el expresidente Mej\u00eda, quien indic\u00f3 que la gran multitud presente en la caravana le recuerda esas multitudinarias marchas que realizaba el fenecido l\u00edder Jos\u00e9 Francisco Pe\u00f1a G\u00f3mez.<\/p>\n\n\n\n<p>&#8220;Con esta gran marcha demostramos que afuera est\u00e1n y afuera se quedar\u00e1n. Se quedaron fuera&#8221;, expres\u00f3 Hip\u00f3lito, tras asegurar que la oposici\u00f3n pol\u00edtica no tiene nada que buscar.<\/p>\n\n\n\n<p>De su lado, Roberto \u00c1ngel indic\u00f3 que el PRM ha continuado su proceso de crecimiento y concitando el apoyo de los diferentes sectores, lo que tiene en un muy buen posicionamiento a la inmensa mayor\u00eda de sus candidatos, tanto en los municipios como en los distritos municipales.<\/p>\n\n\n\n<p>Manifest\u00f3 que eso se debe a la estructura que tiene el partido en todo el territorio nacional y sobre todo a la buena gesti\u00f3n que desde el gobierno realiza el PRM, con el presidente Luis Abinader a la cabeza.<\/p>\n\n\n\n<p>&#8220;Pero aunque eso es bueno y muy importante, debemos estar monol\u00edticamente integrados para lograr tanto en febrero como en mayo una abrumadora victoria de todos nuestros candidatos&#8221;, record\u00f3 a la militancia perremeista.<\/p>\n\n\n\n<p>El dirigente pol\u00edtico dijo que en la poblaci\u00f3n existe la percepci\u00f3n real de que el PRM tiene los m\u00e9ritos suficientes para ganar de forma contundente en las elecciones de febrero y tambi\u00e9n en mayo.<\/p>\n\n\n\n<p>&#8220;Estamos convencidos de que con la voluntad de Dios, el liderazgo del presidente Luis Abinader, la cohesi\u00f3n del partido y sus aliados y con la integraci\u00f3n de toda la sociedad dominicana, propinaremos una derrota aplastante a la oposici\u00f3n en los comicios venideros. Ganaremos mucho a poquito&#8221;, expuso.<\/p>\n\n\n\n<p>Marcha caravana<\/p>\n\n\n\n<p>El recorrido regional inici\u00f3 a las 2:00 de la tarde en el municipio Esperanza, de Valverde Mao, y se extendi\u00f3 a las provincias Santiago Rodr\u00edguez, Dajab\u00f3n y Montecristi.<\/p>\n\n\n\n<p>En la caravana participaron los candidatos a alcaldes, a directores de distritos municipales, regidores, y vocales de los diferentes municipios que conforman la boleta municipal del PRM en esas provincias.<\/p>\n\n\n\n<p>Participaron tambi\u00e9n otros dirigentes nacionales y provinciales, entre ellos Iv\u00e1n Hern\u00e1ndez, Fern\u00e1ndo Dur\u00e1n, el senador Antonio Marte y los diferentes candidatos a cargos congresuales y municipales de la regi\u00f3n noroeste del pa\u00eds.<\/p>\n\n\n\n<p>La marcha recorri\u00f3 calles y barrios de cada una de esas provincias, donde simpatizantes y miembros de la organizaci\u00f3n, gritaban consignas con mucho entusiasmo, promoviendo sus candidatos y la obra de gobierno de Luis Abinader.<\/p>\n","protected":false},"excerpt":{"rendered":"<p>Esperanza, Valverde -Roberto \u00c1ngel Salcedo, miembro de la Direcci\u00f3n Ejecutiva del Partido Revolucionario Moderno (PRM) vaticin\u00f3 este s\u00e1bado que esa organizaci\u00f3n pol\u00edtica ganar\u00e1 &#8220;mucho a poco&#8221; en la L\u00ednea Noroeste,&hellip;<\/p>\n","protected":false},"author":3,"featured_media":73603,"comment_status":"open","ping_status":"open","sticky":false,"template":"","format":"standard","meta":{"content-type":"","jetpack_post_was_ever_published":false,"_jetpack_newsletter_access":"","_jetpack_dont_email_post_to_subs":false,"_jetpack_newsletter_tier_id":0,"_jetpack_memberships_contains_paywalled_content":false,"_jetpack_memberships_contains_paid_content":false,"footnotes":""},"categories":[25],"tags":[31],"class_list":["post-73602","post","type-post","status-publish","format-standard","has-post-thumbnail","hentry","category-portada","tag-prm"],"jetpack_featured_media_url":"https:\/\/lasprimeras.com.do\/wp-content\/uploads\/2024\/01\/Bajo-Consigna-Arreglo-el-Sur-miles-de-ciudadanos-reciben-a-Luis-Abinader-en-su-primera-caravana-politica-en-Barahona.jpg","jetpack-related-posts":[{"id":67046,"url":"https:\/\/lasprimeras.com.do\/index.php\/2023\/11\/12\/roberto-angel-vaticina-contundente-victoria-de-candidatos-del-prm-en-santiago\/","url_meta":{"origin":73602,"position":0},"title":"Roberto \u00c1ngel vaticina contundente victoria de candidatos del PRM en Santiago","author":"Nelson Feliz","date":"12 de noviembre de 2023","format":false,"excerpt":"Participa este domingo junto a dirigentes del PRM en actos masivos de apoyo a los aspirantes a dirigir los municipios de Santiago y Santiago Oeste (Cienfuegos) El miembro de la Direcci\u00f3n Ejecutiva del Partido Revolucionario Moderno (PRM), Roberto \u00c1ngel Salcedo, dio un total respaldo a las candidaturas de Ulises Rodr\u00edguez,\u2026","rel":"","context":"En \u00abPORTADA\u00bb","block_context":{"text":"PORTADA","link":"https:\/\/lasprimeras.com.do\/index.php\/category\/portada\/"},"img":{"alt_text":"Roberto \u00c1ngel Salcedo","src":"https:\/\/i0.wp.com\/lasprimeras.com.do\/wp-content\/uploads\/2023\/11\/Roberto-Angel-Salcedo-1-1.jpg?resize=350%2C200&ssl=1","width":350,"height":200,"srcset":"https:\/\/i0.wp.com\/lasprimeras.com.do\/wp-content\/uploads\/2023\/11\/Roberto-Angel-Salcedo-1-1.jpg?resize=350%2C200&ssl=1 1x, https:\/\/i0.wp.com\/lasprimeras.com.do\/wp-content\/uploads\/2023\/11\/Roberto-Angel-Salcedo-1-1.jpg?resize=525%2C300&ssl=1 1.5x, https:\/\/i0.wp.com\/lasprimeras.com.do\/wp-content\/uploads\/2023\/11\/Roberto-Angel-Salcedo-1-1.jpg?resize=700%2C400&ssl=1 2x"},"classes":[]},{"id":60644,"url":"https:\/\/lasprimeras.com.do\/index.php\/2023\/09\/17\/roberto-angel-juramenta-en-unidad-externa-al-presidente-de-la-sala-capitular-de-guayubin\/","url_meta":{"origin":73602,"position":1},"title":"Roberto \u00c1ngel juramenta en Unidad Externa al presidente de la Sala Capitular de Guayub\u00edn","author":"Nelson Feliz","date":"17 de septiembre de 2023","format":false,"excerpt":"Vaticina que el presidente Luis Abinader y el PRM, ganar\u00e1n las elecciones presidenciales en primera vuelta en el 2024, con un porcentaje mayor que el obtenido en el 2020. El miembro de la Direcci\u00f3n Ejecutiva del Partido Revolucionario Moderno (PRM), Roberto \u00c1ngel Salcedo, jurament\u00f3 en la Unidad Externa con Luis\u2026","rel":"","context":"En \u00abPORTADA\u00bb","block_context":{"text":"PORTADA","link":"https:\/\/lasprimeras.com.do\/index.php\/category\/portada\/"},"img":{"alt_text":"Roberto \u00c1ngel Salcedo","src":"https:\/\/i0.wp.com\/lasprimeras.com.do\/wp-content\/uploads\/2023\/09\/Roberto-Angel-Salcedo-1-2.jpg?resize=350%2C200&ssl=1","width":350,"height":200,"srcset":"https:\/\/i0.wp.com\/lasprimeras.com.do\/wp-content\/uploads\/2023\/09\/Roberto-Angel-Salcedo-1-2.jpg?resize=350%2C200&ssl=1 1x, https:\/\/i0.wp.com\/lasprimeras.com.do\/wp-content\/uploads\/2023\/09\/Roberto-Angel-Salcedo-1-2.jpg?resize=525%2C300&ssl=1 1.5x, https:\/\/i0.wp.com\/lasprimeras.com.do\/wp-content\/uploads\/2023\/09\/Roberto-Angel-Salcedo-1-2.jpg?resize=700%2C400&ssl=1 2x"},"classes":[]},{"id":80870,"url":"https:\/\/lasprimeras.com.do\/index.php\/2024\/04\/13\/roberto-angel-la-linea-noroeste-tomo-su-decision-de-seguir-el-cambio-del-prm-y-abinader\/","url_meta":{"origin":73602,"position":2},"title":"Roberto \u00c1ngel: \u201cLa L\u00ednea Noroeste tom\u00f3 su decisi\u00f3n de seguir el cambio del PRM y Abinader\u201d","author":"Nelson Feliz","date":"13 de abril de 2024","format":false,"excerpt":"Realiza recorrido y participa en juramentaci\u00f3n de los comandos de campa\u00f1a,\u00a0 y prev\u00e9 que votaciones en candidatura presidencial y congresuales del PRM en Valverde, Santiago Rodr\u00edguez y Montecristi superar\u00e1n el 70% El destacado dirigente pol\u00edtico Roberto \u00c1ngel Salcedo llam\u00f3 a la dirigencia pol\u00edtica, a los militantes y simpatizantes del Partido\u2026","rel":"","context":"En \u00abPORTADA\u00bb","block_context":{"text":"PORTADA","link":"https:\/\/lasprimeras.com.do\/index.php\/category\/portada\/"},"img":{"alt_text":"Roberto \u00c1ngel Salcedo","src":"https:\/\/i0.wp.com\/lasprimeras.com.do\/wp-content\/uploads\/2024\/04\/Roberto-Angel-Salcedo-3.jpg?resize=350%2C200&ssl=1","width":350,"height":200,"srcset":"https:\/\/i0.wp.com\/lasprimeras.com.do\/wp-content\/uploads\/2024\/04\/Roberto-Angel-Salcedo-3.jpg?resize=350%2C200&ssl=1 1x, https:\/\/i0.wp.com\/lasprimeras.com.do\/wp-content\/uploads\/2024\/04\/Roberto-Angel-Salcedo-3.jpg?resize=525%2C300&ssl=1 1.5x"},"classes":[]},{"id":76028,"url":"https:\/\/lasprimeras.com.do\/index.php\/2024\/02\/06\/roberto-angel-vaticina-oposicion-recibira-una-pela-municipal-el-18-de-febrero\/","url_meta":{"origin":73602,"position":3},"title":"Roberto \u00c1ngel vaticina oposici\u00f3n recibir\u00e1 una \u201cpela municipal\u201d el 18 de febrero","author":"Nelson Feliz","date":"6 de febrero de 2024","format":false,"excerpt":"Durante mano a mano de apoyo a Junior Santos en Los Alcarrizos, manifest\u00f3 que con su unidad y fortaleza el PRM tiene ganadas del 70 al 75 por ciento de las alcald\u00edas. El miembro de la Direcci\u00f3n Ejecutiva del Partido Revolucionario Moderno (PRM), Roberto \u00c1ngel Salcedo, pronostic\u00f3 que los partidos\u2026","rel":"","context":"En \u00abPORTADA\u00bb","block_context":{"text":"PORTADA","link":"https:\/\/lasprimeras.com.do\/index.php\/category\/portada\/"},"img":{"alt_text":"Roberto \u00c1ngel Salcedo","src":"https:\/\/i0.wp.com\/lasprimeras.com.do\/wp-content\/uploads\/2024\/02\/Robertico-Angel-Salcedo-1.jpg?resize=350%2C200&ssl=1","width":350,"height":200,"srcset":"https:\/\/i0.wp.com\/lasprimeras.com.do\/wp-content\/uploads\/2024\/02\/Robertico-Angel-Salcedo-1.jpg?resize=350%2C200&ssl=1 1x, https:\/\/i0.wp.com\/lasprimeras.com.do\/wp-content\/uploads\/2024\/02\/Robertico-Angel-Salcedo-1.jpg?resize=525%2C300&ssl=1 1.5x, https:\/\/i0.wp.com\/lasprimeras.com.do\/wp-content\/uploads\/2024\/02\/Robertico-Angel-Salcedo-1.jpg?resize=700%2C400&ssl=1 2x"},"classes":[]},{"id":80797,"url":"https:\/\/lasprimeras.com.do\/index.php\/2024\/04\/12\/roberto-angel-recorre-san-cristobal-en-apoyo-a-gustavo-lara-y-reeleccion-de-abinader\/","url_meta":{"origin":73602,"position":4},"title":"Roberto \u00c1ngel recorre San Crist\u00f3bal en apoyo a Gustavo Lara y reelecci\u00f3n de Abinader","author":"Nelson Feliz","date":"12 de abril de 2024","format":false,"excerpt":"El miembro de la Direcci\u00f3n Ejecutiva del Partido Revolucionario Moderno (PRM), Roberto \u00c1ngel Salcedo, realiz\u00f3 este viernes junto al candidato a Senador, Gustavo Lara Salazar, un extenso recorrido por los territorios pertenecientes a las circunscripciones 1 y 2 de San Crist\u00f3bal, en apoyo a la reelecci\u00f3n del presidente Luis Abinader,\u2026","rel":"","context":"En \u00abPORTADA\u00bb","block_context":{"text":"PORTADA","link":"https:\/\/lasprimeras.com.do\/index.php\/category\/portada\/"},"img":{"alt_text":"Roberto \u00c1ngel Salcedo","src":"https:\/\/i0.wp.com\/lasprimeras.com.do\/wp-content\/uploads\/2024\/04\/Roberto-Angel-Salcedo-1.jpg?resize=350%2C200&ssl=1","width":350,"height":200,"srcset":"https:\/\/i0.wp.com\/lasprimeras.com.do\/wp-content\/uploads\/2024\/04\/Roberto-Angel-Salcedo-1.jpg?resize=350%2C200&ssl=1 1x, https:\/\/i0.wp.com\/lasprimeras.com.do\/wp-content\/uploads\/2024\/04\/Roberto-Angel-Salcedo-1.jpg?resize=525%2C300&ssl=1 1.5x, https:\/\/i0.wp.com\/lasprimeras.com.do\/wp-content\/uploads\/2024\/04\/Roberto-Angel-Salcedo-1.jpg?resize=700%2C400&ssl=1 2x"},"classes":[]},{"id":81404,"url":"https:\/\/lasprimeras.com.do\/index.php\/2024\/04\/20\/roberto-angel-afirma-que-sjm-y-elias-pina-respaldaran-a-abinader-y-el-prm\/","url_meta":{"origin":73602,"position":5},"title":"Roberto \u00c1ngel afirma que SJM y El\u00edas Pi\u00f1a respaldar\u00e1n a Abinader y el PRM","author":"Nelson Feliz","date":"20 de abril de 2024","format":false,"excerpt":"Cumple amplia agenda pol\u00edtica en ambas provincias para consolidar el voto por la reelecci\u00f3n de Abinader y ganar la mayor\u00eda en el Senado y la C\u00e1mara de Diputados. Por Martin Restituyo El miembro de la Direcci\u00f3n Ejecutiva del Partido Revolucionario Moderno (PRM), Roberto \u00c1ngel Salcedo, vaticin\u00f3 este s\u00e1bado que por\u2026","rel":"","context":"En \u00abPORTADA\u00bb","block_context":{"text":"PORTADA","link":"https:\/\/lasprimeras.com.do\/index.php\/category\/portada\/"},"img":{"alt_text":"Roberto \u00c1ngel Salcedo","src":"https:\/\/i0.wp.com\/lasprimeras.com.do\/wp-content\/uploads\/2024\/04\/Roberto-Angel-Salcedo-12.jpg?resize=350%2C200&ssl=1","width":350,"height":200,"srcset":"https:\/\/i0.wp.com\/lasprimeras.com.do\/wp-content\/uploads\/2024\/04\/Roberto-Angel-Salcedo-12.jpg?resize=350%2C200&ssl=1 1x, https:\/\/i0.wp.com\/lasprimeras.com.do\/wp-content\/uploads\/2024\/04\/Roberto-Angel-Salcedo-12.jpg?resize=525%2C300&ssl=1 1.5x"},"classes":[]}],"jetpack_sharing_enabled":true,"_links":{"self":[{"href":"https:\/\/lasprimeras.com.do\/index.php\/wp-json\/wp\/v2\/posts\/73602","targetHints":{"allow":["GET"]}}],"collection":[{"href":"https:\/\/lasprimeras.com.do\/index.php\/wp-json\/wp\/v2\/posts"}],"about":[{"href":"https:\/\/lasprimeras.com.do\/index.php\/wp-json\/wp\/v2\/types\/post"}],"author":[{"embeddable":true,"href":"https:\/\/lasprimeras.com.do\/index.php\/wp-json\/wp\/v2\/users\/3"}],"replies":[{"embeddable":true,"href":"https:\/\/lasprimeras.com.do\/index.php\/wp-json\/wp\/v2\/comments?post=73602"}],"version-history":[{"count":1,"href":"https:\/\/lasprimeras.com.do\/index.php\/wp-json\/wp\/v2\/posts\/73602\/revisions"}],"predecessor-version":[{"id":73604,"href":"https:\/\/lasprimeras.com.do\/index.php\/wp-json\/wp\/v2\/posts\/73602\/revisions\/73604"}],"wp:featuredmedia":[{"embeddable":true,"href":"https:\/\/lasprimeras.com.do\/index.php\/wp-json\/wp\/v2\/media\/73603"}],"wp:attachment":[{"href":"https:\/\/lasprimeras.com.do\/index.php\/wp-json\/wp\/v2\/media?parent=73602"}],"wp:term":[{"taxonomy":"category","embeddable":true,"href":"https:\/\/lasprimeras.com.do\/index.php\/wp-json\/wp\/v2\/categories?post=73602"},{"taxonomy":"post_tag","embeddable":true,"href":"https:\/\/lasprimeras.com.do\/index.php\/wp-json\/wp\/v2\/tags?post=73602"}],"curies":[{"name":"wp","href":"https:\/\/api.w.org\/{rel}","templated":true}]}}