{"id":73608,"date":"2024-01-14T12:45:37","date_gmt":"2024-01-14T16:45:37","guid":{"rendered":"https:\/\/lasprimeras.com.do\/?p=73608"},"modified":"2024-01-14T12:45:39","modified_gmt":"2024-01-14T16:45:39","slug":"acropol-lamenta-fallecimiento-madre-periodista-aurelio-henriquez","status":"publish","type":"post","link":"https:\/\/lasprimeras.com.do\/index.php\/2024\/01\/14\/acropol-lamenta-fallecimiento-madre-periodista-aurelio-henriquez\/","title":{"rendered":"ACROPOL lamenta fallecimiento madre periodista Aurelio Henr\u00edquez"},"content":{"rendered":"\n<p>Santo Domingo, RD.-\u00a0La Asociaci\u00f3n de Periodistas Cronistas Policiales (Acropol), lament\u00f3 el fallecimiento de la madre del periodista y presidente del Colegio Dominicano de Periodistas (CDP), Aurelio Henr\u00edquez, cuyo deceso se produjo la madrugada de este s\u00e1bado, la se\u00f1ora Alida Mendoza Olivares, de 81 a\u00f1os de edad.<\/p>\n\n\n\n<p>En tal sentido, el presidente Tony Vicente y vicepresidente Martin Restituy\u00f3, as\u00ed como su directiva nacional, enviaron sus condolencias a la familia, quienes dan el \u00faltimo adiosna su progenitora, en la comunidad La Cumbre, del municipio San V\u00edctor, provincia Espaillat.<\/p>\n\n\n\n<p>La dama era ministra de la Iglesia Cat\u00f3lica en su comunidad donde era una persona muy querida.<\/p>\n\n\n\n<p>La madre del presidente del CDP, ven\u00eda padeciendo quebrantos de salud desde que en plena pandemia del Covid-19 sufri\u00f3 un Accidente Cerebro Vascular (ACV) y le repiti\u00f3 en octubre del 2023.<\/p>\n\n\n\n<p>Le sobreviven, adem\u00e1s de Aurelio, quien es el hijo mayor, Alberto, Faride, Alexis, Gladdy, Erida, Alcadio, Arturo y Eduardo, procreado con \u00c1ngel Henr\u00edquez, quien falleci\u00f3 en el 2018, luego de 59 a\u00f1os de uni\u00f3n matrimonial.<\/p>\n\n\n\n<p>La se\u00f1ora Mendoza Olivares tuvo 11 hermanos y 24 nietos.<\/p>\n\n\n\n<p>El velatorio se lleva a cabo en la casa familiar en la comunidad de La Cumbre, en la carretera Jamao al Norte, de la referida provincia.<\/p>\n\n\n\n<p>El sepelio est\u00e1 previsto para las 10:30 de la ma\u00f1ana de este domingo en el cementerio municipal de San V\u00edctor.<\/p>\n","protected":false},"excerpt":{"rendered":"<p>Santo Domingo, RD.-\u00a0La Asociaci\u00f3n de Periodistas Cronistas Policiales (Acropol), lament\u00f3 el fallecimiento de la madre del periodista y presidente del Colegio Dominicano de Periodistas (CDP), Aurelio Henr\u00edquez, cuyo deceso se&hellip;<\/p>\n","protected":false},"author":3,"featured_media":73609,"comment_status":"open","ping_status":"open","sticky":false,"template":"","format":"standard","meta":{"content-type":"","jetpack_post_was_ever_published":false,"_jetpack_newsletter_access":"","_jetpack_dont_email_post_to_subs":false,"_jetpack_newsletter_tier_id":0,"_jetpack_memberships_contains_paywalled_content":false,"_jetpack_memberships_contains_paid_content":false,"footnotes":""},"categories":[25],"tags":[],"class_list":["post-73608","post","type-post","status-publish","format-standard","has-post-thumbnail","hentry","category-portada"],"jetpack_featured_media_url":"https:\/\/lasprimeras.com.do\/wp-content\/uploads\/2024\/01\/WhatsApp-Image-2024-01-14-at-12.38.39-PM.jpeg","jetpack-related-posts":[{"id":92845,"url":"https:\/\/lasprimeras.com.do\/index.php\/2025\/01\/17\/acropol-seccional-santiago-lamenta-muerte-del-general-retirado-simon-diaz\/","url_meta":{"origin":73608,"position":0},"title":"ACROPOL seccional Santiago lamenta muerte del general retirado Sim\u00f3n D\u00edaz","author":"Nelson Feliz","date":"17 de enero de 2025","format":false,"excerpt":"La Asociaci\u00f3n de Cronistas Policiales y Judiciales seccional Santiago, lamento la muerte del general retirado de la Policia Nacional, Simon Antonio Diaz, quien fuera presidente ad-vitam de la entidad que agrupa los periodistas que cubren la fuente policial. Hector Cepin presidente de dicha seccional, puso de amanifesto las luchas que\u2026","rel":"","context":"En \u00abNACIONALES\u00bb","block_context":{"text":"NACIONALES","link":"https:\/\/lasprimeras.com.do\/index.php\/category\/nacionales\/"},"img":{"alt_text":"","src":"https:\/\/i0.wp.com\/lasprimeras.com.do\/wp-content\/uploads\/2025\/01\/simon-diaz.jpg?resize=350%2C200&ssl=1","width":350,"height":200},"classes":[]},{"id":127470,"url":"https:\/\/lasprimeras.com.do\/index.php\/2026\/04\/12\/cdp-haina-celebra-su-dia-con-conferencia-y-reconocimientos-a-personalidades-y-periodistas\/","url_meta":{"origin":73608,"position":1},"title":"CDP-Haina celebra su d\u00eda con conferencia y reconocimientos a personalidades y periodistas","author":"Nelson Feliz","date":"12 de abril de 2026","format":false,"excerpt":"El Colegio Dominicano de Periodistas (CDP), filial Haina, celebr\u00f3 su d\u00eda con una conferencia magistral a cargo del periodista Cristian Cabrera, as\u00ed como con el reconocimiento a exsecretarios generales de la filial, en un acto que cont\u00f3 con la presencia de autoridades locales, periodistas y comunicadores. La secretaria general de\u2026","rel":"","context":"En \u00abNACIONALES\u00bb","block_context":{"text":"NACIONALES","link":"https:\/\/lasprimeras.com.do\/index.php\/category\/nacionales\/"},"img":{"alt_text":"","src":"https:\/\/i0.wp.com\/lasprimeras.com.do\/wp-content\/uploads\/2026\/04\/cdp-1.jpg?resize=350%2C200&ssl=1","width":350,"height":200,"srcset":"https:\/\/i0.wp.com\/lasprimeras.com.do\/wp-content\/uploads\/2026\/04\/cdp-1.jpg?resize=350%2C200&ssl=1 1x, https:\/\/i0.wp.com\/lasprimeras.com.do\/wp-content\/uploads\/2026\/04\/cdp-1.jpg?resize=525%2C300&ssl=1 1.5x, https:\/\/i0.wp.com\/lasprimeras.com.do\/wp-content\/uploads\/2026\/04\/cdp-1.jpg?resize=700%2C400&ssl=1 2x"},"classes":[]},{"id":48783,"url":"https:\/\/lasprimeras.com.do\/index.php\/2023\/05\/03\/cdp-pide-castigo-autor-muerte-hijo-cespedes-pena-y-se-investigue-amenaza-a-metz\/","url_meta":{"origin":73608,"position":2},"title":"CDP pide castigo autor muerte hijo C\u00e9spedes Pe\u00f1a y se investigue amenaza a Metz","author":"prenxa100","date":"3 de mayo de 2023","format":false,"excerpt":"SANTO DOMINGO.- El presidente del Colegio Dominicano de Periodistas (CDP), Aurelio Henr\u00edquez, pidi\u00f3 al fiscal de Tamboril, Manuel G\u00fcichardo, avanzar en las investigaciones que realiza para determinar responsabilidades panales y civiles en contra del conductor o la empresa vinculados a la muerte del hijo del periodista Luis C\u00e9spedes Pe\u00f1a, Luis\u2026","rel":"","context":"En \u00abNACIONALES\u00bb","block_context":{"text":"NACIONALES","link":"https:\/\/lasprimeras.com.do\/index.php\/category\/nacionales\/"},"img":{"alt_text":"","src":"","width":0,"height":0},"classes":[]},{"id":77303,"url":"https:\/\/lasprimeras.com.do\/index.php\/2024\/02\/20\/gremios-rechazan-presunta-agresion-pn-a-periodista\/","url_meta":{"origin":73608,"position":3},"title":"Gremios rechazan presunta agresi\u00f3n PN a periodista","author":"BIMARY DE JES\u00daS Matos","date":"20 de febrero de 2024","format":false,"excerpt":"Santo Domingo.-El Colegio Dominicano de Periodistas (CDP), y el Sindicato Nacional de Trabajadores de la Prensa (SNTP), calificaron de \u201creprochable\u201d el maltrato dado a la periodista Ruth Castillo, por un coronel de la Polic\u00eda Nacional, adscrito a la Direcci\u00f3n Central de Investigaciones (Dicrim), de puesto en el Destacamento de Boca\u2026","rel":"","context":"En \u00abPORTADA\u00bb","block_context":{"text":"PORTADA","link":"https:\/\/lasprimeras.com.do\/index.php\/category\/portada\/"},"img":{"alt_text":"","src":"https:\/\/i0.wp.com\/lasprimeras.com.do\/wp-content\/uploads\/2024\/02\/9_El-Pais_20_2p01.webp?resize=350%2C200&ssl=1","width":350,"height":200,"srcset":"https:\/\/i0.wp.com\/lasprimeras.com.do\/wp-content\/uploads\/2024\/02\/9_El-Pais_20_2p01.webp?resize=350%2C200&ssl=1 1x, https:\/\/i0.wp.com\/lasprimeras.com.do\/wp-content\/uploads\/2024\/02\/9_El-Pais_20_2p01.webp?resize=525%2C300&ssl=1 1.5x, https:\/\/i0.wp.com\/lasprimeras.com.do\/wp-content\/uploads\/2024\/02\/9_El-Pais_20_2p01.webp?resize=700%2C400&ssl=1 2x"},"classes":[]},{"id":77414,"url":"https:\/\/lasprimeras.com.do\/index.php\/2024\/02\/20\/filial-sntp-sde-lamenta-fallecimiento-del-ex-presidente-del-cdp-adriano-de-la-cruz\/","url_meta":{"origin":73608,"position":4},"title":"Filial SNTP-SDE lamenta fallecimiento del ex presidente del CDP Adriano de la Cruz","author":"Nelson Feliz","date":"20 de febrero de 2024","format":false,"excerpt":"La filial Santo Domingo Este del Sindicato Nacional de Trabajadores de la Prensa (SNTP-SDE) lamento el fallecimiento del ex presidente del Colegio Dominicano de Periodistas y profesor universitario, Adriano de la Cruz. El veterano periodista y educador falleci\u00f3 este martes en un centro de salud privado, donde se encontraba internado\u2026","rel":"","context":"En \u00abNACIONALES\u00bb","block_context":{"text":"NACIONALES","link":"https:\/\/lasprimeras.com.do\/index.php\/category\/nacionales\/"},"img":{"alt_text":"Wilson Guerrero y Adriano de la Cruz","src":"https:\/\/i0.wp.com\/lasprimeras.com.do\/wp-content\/uploads\/2024\/02\/Wilson-Guerrero-y-Adriano-de-la-Cruz.jpg?resize=350%2C200&ssl=1","width":350,"height":200,"srcset":"https:\/\/i0.wp.com\/lasprimeras.com.do\/wp-content\/uploads\/2024\/02\/Wilson-Guerrero-y-Adriano-de-la-Cruz.jpg?resize=350%2C200&ssl=1 1x, https:\/\/i0.wp.com\/lasprimeras.com.do\/wp-content\/uploads\/2024\/02\/Wilson-Guerrero-y-Adriano-de-la-Cruz.jpg?resize=525%2C300&ssl=1 1.5x"},"classes":[]},{"id":97745,"url":"https:\/\/lasprimeras.com.do\/index.php\/2025\/04\/27\/cdp-y-sntp-denuncian-funcionarios-quieren-callar-la-prensa-condenan-agresiones-a-periodistas\/","url_meta":{"origin":73608,"position":5},"title":"CDP y SNTP denuncian funcionarios quieren callar la prensa, condenan agresiones a periodistas","author":"Nelson Feliz","date":"27 de abril de 2025","format":false,"excerpt":"El Colegio Dominicano de Periodista y el Sindicato Nacional de Trabajadores de la Prensa condenan agresi\u00f3n a la libertad de prensa por los agentes de seguridad de la ministra de Interior y Polic\u00eda, Faride Raful. Aurelio Henr\u00edquez y Jos\u00e9 Beato pidieron a Raful controlar a sus agentes de seguridad y\u2026","rel":"","context":"En \u00abNACIONALES\u00bb","block_context":{"text":"NACIONALES","link":"https:\/\/lasprimeras.com.do\/index.php\/category\/nacionales\/"},"img":{"alt_text":"","src":"https:\/\/i0.wp.com\/lasprimeras.com.do\/wp-content\/uploads\/2025\/04\/Faride-Raful-2.jpg?resize=350%2C200&ssl=1","width":350,"height":200,"srcset":"https:\/\/i0.wp.com\/lasprimeras.com.do\/wp-content\/uploads\/2025\/04\/Faride-Raful-2.jpg?resize=350%2C200&ssl=1 1x, https:\/\/i0.wp.com\/lasprimeras.com.do\/wp-content\/uploads\/2025\/04\/Faride-Raful-2.jpg?resize=525%2C300&ssl=1 1.5x, https:\/\/i0.wp.com\/lasprimeras.com.do\/wp-content\/uploads\/2025\/04\/Faride-Raful-2.jpg?resize=700%2C400&ssl=1 2x"},"classes":[]}],"jetpack_sharing_enabled":true,"_links":{"self":[{"href":"https:\/\/lasprimeras.com.do\/index.php\/wp-json\/wp\/v2\/posts\/73608","targetHints":{"allow":["GET"]}}],"collection":[{"href":"https:\/\/lasprimeras.com.do\/index.php\/wp-json\/wp\/v2\/posts"}],"about":[{"href":"https:\/\/lasprimeras.com.do\/index.php\/wp-json\/wp\/v2\/types\/post"}],"author":[{"embeddable":true,"href":"https:\/\/lasprimeras.com.do\/index.php\/wp-json\/wp\/v2\/users\/3"}],"replies":[{"embeddable":true,"href":"https:\/\/lasprimeras.com.do\/index.php\/wp-json\/wp\/v2\/comments?post=73608"}],"version-history":[{"count":1,"href":"https:\/\/lasprimeras.com.do\/index.php\/wp-json\/wp\/v2\/posts\/73608\/revisions"}],"predecessor-version":[{"id":73610,"href":"https:\/\/lasprimeras.com.do\/index.php\/wp-json\/wp\/v2\/posts\/73608\/revisions\/73610"}],"wp:featuredmedia":[{"embeddable":true,"href":"https:\/\/lasprimeras.com.do\/index.php\/wp-json\/wp\/v2\/media\/73609"}],"wp:attachment":[{"href":"https:\/\/lasprimeras.com.do\/index.php\/wp-json\/wp\/v2\/media?parent=73608"}],"wp:term":[{"taxonomy":"category","embeddable":true,"href":"https:\/\/lasprimeras.com.do\/index.php\/wp-json\/wp\/v2\/categories?post=73608"},{"taxonomy":"post_tag","embeddable":true,"href":"https:\/\/lasprimeras.com.do\/index.php\/wp-json\/wp\/v2\/tags?post=73608"}],"curies":[{"name":"wp","href":"https:\/\/api.w.org\/{rel}","templated":true}]}}