{"id":73625,"date":"2024-01-14T17:51:46","date_gmt":"2024-01-14T21:51:46","guid":{"rendered":"https:\/\/lasprimeras.com.do\/?p=73625"},"modified":"2024-01-14T17:51:47","modified_gmt":"2024-01-14T21:51:47","slug":"penatrapego-pide-al-gobierno-los-incluya-en-el-transporte-escolar","status":"publish","type":"post","link":"https:\/\/lasprimeras.com.do\/index.php\/2024\/01\/14\/penatrapego-pide-al-gobierno-los-incluya-en-el-transporte-escolar\/","title":{"rendered":"Penatrapego pide al gobierno los incluya en el transporte escolar"},"content":{"rendered":"\n<p>Santo Domingo Este. &#8211; El presidente de la Federaci\u00f3n Nacional de Transporte Amigos de Pe\u00f1a G\u00f3mez, FENTRAPEGO, solicit\u00f3 al presidente de la Rep\u00fablica Luis Abinader su organizaci\u00f3n sea incluida en el Sistema Nacional de Transporte Estudiantil (TRAE) ya que la misma est\u00e1 al m\u00e1s alto nivel para realizar el trabajo.<\/p>\n\n\n\n<p>Eddy S\u00e1nchez, dijo que un grupo de empresarios e instituciones que nunca han dado un servicio de transporte est\u00e1n siendo favorecidas sin tomar en cuenta a las organizaciones que han prestado servicio por muchos a\u00f1os y ofrecen asistencia de transporte con el personal y la experiencia requerida, como es el caso de Fenatrapego.<\/p>\n\n\n\n<p>\u201cEs que no es justo que esas personas se queden con el transporte cuando realmente nosotros venimos dando un servicio durante d\u00e9cadas en este pa\u00eds y realmente nos han dejado fuera, \u201cindic\u00f3 el dirigente.<\/p>\n\n\n\n<p>Se\u00f1al\u00f3 tanto a la Presidencia de la Rep\u00fablica como al Instituto Nacional de Tr\u00e1nsito y Transporte Terrestre, INTRANT para que su organizaci\u00f3n sea tomada en cuenta para el transporte escolar porque no es justo un grupo de empresarios se queden con este, ya que nunca han brindado un servicio en este pa\u00eds.<\/p>\n\n\n\n<p>Dijo el dirigente que adem\u00e1s de la experiencia adquirida por los largos a\u00f1os de incursi\u00f3n en el servicio, los choferes y conductores de su organizaci\u00f3n han hecho la preparaci\u00f3n correspondiente durante el proyecto estuvo en carpeta<\/p>\n\n\n\n<p>\u201cF\u00edjate, tenemos la compa\u00f1\u00eda, todo preparado, solo esperando tener la oportunidad de poder participar en la licitaci\u00f3n del Intrant porque realmente uno licita, pero ustedes saben c\u00f3mo son las licitaciones en este pa\u00eds, ya los empresarios se est\u00e1n quedando con el transporte escolar\u201d, se\u00f1alo<\/p>\n","protected":false},"excerpt":{"rendered":"<p>Santo Domingo Este. &#8211; El presidente de la Federaci\u00f3n Nacional de Transporte Amigos de Pe\u00f1a G\u00f3mez, FENTRAPEGO, solicit\u00f3 al presidente de la Rep\u00fablica Luis Abinader su organizaci\u00f3n sea incluida en&hellip;<\/p>\n","protected":false},"author":3,"featured_media":73626,"comment_status":"open","ping_status":"open","sticky":false,"template":"","format":"standard","meta":{"content-type":"","jetpack_post_was_ever_published":false,"_jetpack_newsletter_access":"","_jetpack_dont_email_post_to_subs":false,"_jetpack_newsletter_tier_id":0,"_jetpack_memberships_contains_paywalled_content":false,"_jetpack_memberships_contains_paid_content":false,"footnotes":""},"categories":[25],"tags":[],"class_list":["post-73625","post","type-post","status-publish","format-standard","has-post-thumbnail","hentry","category-portada"],"jetpack_featured_media_url":"https:\/\/lasprimeras.com.do\/wp-content\/uploads\/2024\/01\/WhatsApp-Image-2024-01-14-at-5.32.30-PM.jpeg","jetpack-related-posts":[{"id":84662,"url":"https:\/\/lasprimeras.com.do\/index.php\/2024\/06\/12\/transportistas-favorecen-modernizacion-y-masificacion-pero-temen-exclusion\/","url_meta":{"origin":73625,"position":0},"title":"Transportistas favorecen modernizaci\u00f3n y masificaci\u00f3n, pero temen exclusi\u00f3n","author":"Nelson Feliz","date":"12 de junio de 2024","format":false,"excerpt":"Asimismo, la UNET, el COEMTRAIN y decenas de entidades denuncian violaci\u00f3n de perfiles e invasi\u00f3n de rutas. Revelan rechazaron licencia por estar \u201cama\u00f1ada\u201d. Por Martin Restituyo Decenas de empresas, asociaciones, cooperativas, sindicatos y otros estamentos legales que prestan servicio como operadores de rutas de transporte en corredores y rutas alimentadoras\u2026","rel":"","context":"En \u00abNACIONALES\u00bb","block_context":{"text":"NACIONALES","link":"https:\/\/lasprimeras.com.do\/index.php\/category\/nacionales\/"},"img":{"alt_text":"UNET","src":"https:\/\/i0.wp.com\/lasprimeras.com.do\/wp-content\/uploads\/2024\/06\/UNET.jpg?resize=350%2C200&ssl=1","width":350,"height":200,"srcset":"https:\/\/i0.wp.com\/lasprimeras.com.do\/wp-content\/uploads\/2024\/06\/UNET.jpg?resize=350%2C200&ssl=1 1x, https:\/\/i0.wp.com\/lasprimeras.com.do\/wp-content\/uploads\/2024\/06\/UNET.jpg?resize=525%2C300&ssl=1 1.5x, https:\/\/i0.wp.com\/lasprimeras.com.do\/wp-content\/uploads\/2024\/06\/UNET.jpg?resize=700%2C400&ssl=1 2x"},"classes":[]},{"id":86073,"url":"https:\/\/lasprimeras.com.do\/index.php\/2024\/07\/16\/transportistas-califican-como-revolucionario-el-transporte-escolar\/","url_meta":{"origin":73625,"position":1},"title":"Transportistas califican como \u201crevolucionario\u201d el transporte escolar","author":"Nelson Feliz","date":"16 de julio de 2024","format":false,"excerpt":"Para la UNET, el COEMTRAIN y decenas de entidades ligadas al transporte, el Ministerio de Educaci\u00f3n viola preceptos legales al comprar cientos de autobuses, cuando lo justo es contratar a los actores de ese sector. La Uni\u00f3n Nacional de Empresas de Transporte (UNET), el Consorcio Empresarial de Transportistas Innovadores (COEMTRAIN)\u2026","rel":"","context":"En \u00abNACIONALES\u00bb","block_context":{"text":"NACIONALES","link":"https:\/\/lasprimeras.com.do\/index.php\/category\/nacionales\/"},"img":{"alt_text":"","src":"https:\/\/i0.wp.com\/lasprimeras.com.do\/wp-content\/uploads\/2024\/07\/moreno.jpg?resize=350%2C200&ssl=1","width":350,"height":200,"srcset":"https:\/\/i0.wp.com\/lasprimeras.com.do\/wp-content\/uploads\/2024\/07\/moreno.jpg?resize=350%2C200&ssl=1 1x, https:\/\/i0.wp.com\/lasprimeras.com.do\/wp-content\/uploads\/2024\/07\/moreno.jpg?resize=525%2C300&ssl=1 1.5x"},"classes":[]},{"id":90846,"url":"https:\/\/lasprimeras.com.do\/index.php\/2024\/10\/30\/federacion-de-transporte-acusa-al-ministro-de-educacion-de-no-decir-toda-la-verdad-tras-suspender-licitaciones\/","url_meta":{"origin":73625,"position":2},"title":"Federaci\u00f3n de Transporte acusa al Ministro de Educaci\u00f3n de no decir toda la verdad tras suspender licitaciones","author":"Nelson Feliz","date":"30 de octubre de 2024","format":false,"excerpt":"El presidente de la Federaci\u00f3n Nacional de Transporte Escolar, acus\u00f3 al Ministro de Educaci\u00f3n de no decir toda la verdad al pa\u00eds, al declarar desiertas y suspender las licitaciones depositadas por los oferentes de ese rubro, alegando supuesta falta de documentaci\u00f3n, que no estaban en el pliego y tampoco fueron\u2026","rel":"","context":"En \u00abNACIONALES\u00bb","block_context":{"text":"NACIONALES","link":"https:\/\/lasprimeras.com.do\/index.php\/category\/nacionales\/"},"img":{"alt_text":"","src":"https:\/\/i0.wp.com\/lasprimeras.com.do\/wp-content\/uploads\/2024\/10\/Transporte-Escolar-1.jpg?resize=350%2C200&ssl=1","width":350,"height":200,"srcset":"https:\/\/i0.wp.com\/lasprimeras.com.do\/wp-content\/uploads\/2024\/10\/Transporte-Escolar-1.jpg?resize=350%2C200&ssl=1 1x, https:\/\/i0.wp.com\/lasprimeras.com.do\/wp-content\/uploads\/2024\/10\/Transporte-Escolar-1.jpg?resize=525%2C300&ssl=1 1.5x, https:\/\/i0.wp.com\/lasprimeras.com.do\/wp-content\/uploads\/2024\/10\/Transporte-Escolar-1.jpg?resize=700%2C400&ssl=1 2x"},"classes":[]},{"id":64821,"url":"https:\/\/lasprimeras.com.do\/index.php\/2023\/10\/23\/presidente-de-la-cntu-valoro-como-positivo-implementacion-sistema-transporte-escolar\/","url_meta":{"origin":73625,"position":3},"title":"Presidente de la CNTU valor\u00f3 como positivo implementaci\u00f3n Sistema Transporte Escolar","author":"Nelson Feliz","date":"23 de octubre de 2023","format":false,"excerpt":"El presidente de la Central Nacional de Transportistas Unificados (CNTU), valor\u00f3 como positiva la implementaci\u00f3n del Sistema de Transporte Escolar (Trae), puesto en marcha por el presidente Luis Abinader. William P\u00e9rez Figuereo, presidente de la entidad, calific\u00f3 como atinada la iniciativa, la cual est\u00e1 contenida en el Decreto presidencial 616-22,\u2026","rel":"","context":"En \u00abNACIONALES\u00bb","block_context":{"text":"NACIONALES","link":"https:\/\/lasprimeras.com.do\/index.php\/category\/nacionales\/"},"img":{"alt_text":"Sistema de Transporte Escolar","src":"https:\/\/i0.wp.com\/lasprimeras.com.do\/wp-content\/uploads\/2023\/10\/Trae.jpg?resize=350%2C200&ssl=1","width":350,"height":200,"srcset":"https:\/\/i0.wp.com\/lasprimeras.com.do\/wp-content\/uploads\/2023\/10\/Trae.jpg?resize=350%2C200&ssl=1 1x, https:\/\/i0.wp.com\/lasprimeras.com.do\/wp-content\/uploads\/2023\/10\/Trae.jpg?resize=525%2C300&ssl=1 1.5x, https:\/\/i0.wp.com\/lasprimeras.com.do\/wp-content\/uploads\/2023\/10\/Trae.jpg?resize=700%2C400&ssl=1 2x"},"classes":[]},{"id":56999,"url":"https:\/\/lasprimeras.com.do\/index.php\/2023\/08\/07\/fenatrano-y-asonaemtra-defenderan-derechos-adquiridos-de-transportistas-en-corredor-de-la-charle-de-gaulle\/","url_meta":{"origin":73625,"position":4},"title":"Fenatrano y Asonaemtra defenderan derechos adquiridos de transportistas en corredor de la Charle de Gaulle","author":"Nelson Feliz","date":"7 de agosto de 2023","format":false,"excerpt":"Someter\u00e1n a la justicia al Grupo Empresas de Transporte Mochotran por incumpliento. La Federaci\u00f3n Nacional de Transporte la Nueva Opci\u00f3n (Fenatrano) y La Asociaci\u00f3n Nacional de Empresarios del Transporte Progresao (Asonaemtra), anunciaron este lunes la firma de un acuerdo para defender los derechos de los transportistas del Corredor de la\u2026","rel":"","context":"En \u00abNACIONALES\u00bb","block_context":{"text":"NACIONALES","link":"https:\/\/lasprimeras.com.do\/index.php\/category\/nacionales\/"},"img":{"alt_text":"Fenatrano y Asonaemtra","src":"https:\/\/i0.wp.com\/lasprimeras.com.do\/wp-content\/uploads\/2023\/08\/Pacguli-y-Hubieres-1.jpg?resize=350%2C200&ssl=1","width":350,"height":200,"srcset":"https:\/\/i0.wp.com\/lasprimeras.com.do\/wp-content\/uploads\/2023\/08\/Pacguli-y-Hubieres-1.jpg?resize=350%2C200&ssl=1 1x, https:\/\/i0.wp.com\/lasprimeras.com.do\/wp-content\/uploads\/2023\/08\/Pacguli-y-Hubieres-1.jpg?resize=525%2C300&ssl=1 1.5x, https:\/\/i0.wp.com\/lasprimeras.com.do\/wp-content\/uploads\/2023\/08\/Pacguli-y-Hubieres-1.jpg?resize=700%2C400&ssl=1 2x"},"classes":[]},{"id":59142,"url":"https:\/\/lasprimeras.com.do\/index.php\/2023\/08\/31\/el-presidente-de-la-cntu-pide-ampliar-transporte-escolar-estatal\/","url_meta":{"origin":73625,"position":5},"title":"El presidente de la CNTU pide ampliar transporte escolar estatal","author":"Nelson Feliz","date":"31 de agosto de 2023","format":false,"excerpt":"La Central Nacional de Transportistas Unificados (CNTU) confirm\u00f3 hoy, su disposici\u00f3n de seguir luchando por preservar la vida de los estudiantes a trav\u00e9s de la soluci\u00f3n vehicular que permite el transporte escolar estatal. El presidente de la CNTU, William P\u00e9rez Figuereo, destac\u00f3 que la entidad que dirige tiene muchos a\u00f1os\u2026","rel":"","context":"En \u00abNACIONALES\u00bb","block_context":{"text":"NACIONALES","link":"https:\/\/lasprimeras.com.do\/index.php\/category\/nacionales\/"},"img":{"alt_text":"William P\u00e9rez Figuereo","src":"https:\/\/i0.wp.com\/lasprimeras.com.do\/wp-content\/uploads\/2023\/08\/William-Perez-Figuereo.jpg?resize=350%2C200&ssl=1","width":350,"height":200,"srcset":"https:\/\/i0.wp.com\/lasprimeras.com.do\/wp-content\/uploads\/2023\/08\/William-Perez-Figuereo.jpg?resize=350%2C200&ssl=1 1x, https:\/\/i0.wp.com\/lasprimeras.com.do\/wp-content\/uploads\/2023\/08\/William-Perez-Figuereo.jpg?resize=525%2C300&ssl=1 1.5x, https:\/\/i0.wp.com\/lasprimeras.com.do\/wp-content\/uploads\/2023\/08\/William-Perez-Figuereo.jpg?resize=700%2C400&ssl=1 2x"},"classes":[]}],"jetpack_sharing_enabled":true,"_links":{"self":[{"href":"https:\/\/lasprimeras.com.do\/index.php\/wp-json\/wp\/v2\/posts\/73625","targetHints":{"allow":["GET"]}}],"collection":[{"href":"https:\/\/lasprimeras.com.do\/index.php\/wp-json\/wp\/v2\/posts"}],"about":[{"href":"https:\/\/lasprimeras.com.do\/index.php\/wp-json\/wp\/v2\/types\/post"}],"author":[{"embeddable":true,"href":"https:\/\/lasprimeras.com.do\/index.php\/wp-json\/wp\/v2\/users\/3"}],"replies":[{"embeddable":true,"href":"https:\/\/lasprimeras.com.do\/index.php\/wp-json\/wp\/v2\/comments?post=73625"}],"version-history":[{"count":1,"href":"https:\/\/lasprimeras.com.do\/index.php\/wp-json\/wp\/v2\/posts\/73625\/revisions"}],"predecessor-version":[{"id":73627,"href":"https:\/\/lasprimeras.com.do\/index.php\/wp-json\/wp\/v2\/posts\/73625\/revisions\/73627"}],"wp:featuredmedia":[{"embeddable":true,"href":"https:\/\/lasprimeras.com.do\/index.php\/wp-json\/wp\/v2\/media\/73626"}],"wp:attachment":[{"href":"https:\/\/lasprimeras.com.do\/index.php\/wp-json\/wp\/v2\/media?parent=73625"}],"wp:term":[{"taxonomy":"category","embeddable":true,"href":"https:\/\/lasprimeras.com.do\/index.php\/wp-json\/wp\/v2\/categories?post=73625"},{"taxonomy":"post_tag","embeddable":true,"href":"https:\/\/lasprimeras.com.do\/index.php\/wp-json\/wp\/v2\/tags?post=73625"}],"curies":[{"name":"wp","href":"https:\/\/api.w.org\/{rel}","templated":true}]}}