{"id":73637,"date":"2024-01-14T19:17:25","date_gmt":"2024-01-14T23:17:25","guid":{"rendered":"https:\/\/lasprimeras.com.do\/?p=73637"},"modified":"2024-01-14T19:17:26","modified_gmt":"2024-01-14T23:17:26","slug":"pn-detiene-seis-personas-y-ocupa-una-arma-de-fuego-en-sabana-de-la-mar","status":"publish","type":"post","link":"https:\/\/lasprimeras.com.do\/index.php\/2024\/01\/14\/pn-detiene-seis-personas-y-ocupa-una-arma-de-fuego-en-sabana-de-la-mar\/","title":{"rendered":"PN detiene seis personas y ocupa una arma de fuego en Sabana De La Mar"},"content":{"rendered":"\n<p>San Pedro de Macor\u00eds. Agentes adscritos a la Divisi\u00f3n de Investigaciones Criminales (Dicrim) y la Polic\u00eda Preventiva del municipio de Sabana De La Mar, mediante la realizaci\u00f3n de operativos preventivos fueron apresados seis personas y ocupada una arma de fuego tipo Pistola Marca Prieto Beretta, color Plateada con empu\u00f1adura color negro, con su cargador y seis(6) c\u00e1psulas Calibre 9mm para el mismo, sirie y\/o numeraci\u00f3n no legibles, sin ning\u00fan tipo de documentos, dentro una Mochila peque\u00f1a color Negro con Gris y Marr\u00f3n, marca Paris Karllage.<\/p>\n\n\n\n<p>Los detenidos son los nombrados, Bienvenido Paul Trinidad, de 23 a\u00f1os, Mario Mojica Berroa, de 27 a\u00f1os, Wilians Castillo Monegro, de 29 a\u00f1os, Jerol Javier Garc\u00eda, de 21 a\u00f1os, Raudin Mauricio Vanterpool, de 30 a\u00f1os y Katerin Gabriela G\u00f3mez Pe\u00f1a, de 30 a\u00f1os, todos residentes en Sabana de la Mar. Los mismos tras notar la presencia policial emprendieron la huida hacia unos matorrales donde posteriormente fueron apresados.<\/p>\n\n\n\n<p>Los detenidos y las evidencias fueron puestos a disposici\u00f3n del Ministerio P\u00fablico para los fines legales correspondientes.<\/p>\n","protected":false},"excerpt":{"rendered":"<p>San Pedro de Macor\u00eds. Agentes adscritos a la Divisi\u00f3n de Investigaciones Criminales (Dicrim) y la Polic\u00eda Preventiva del municipio de Sabana De La Mar, mediante la realizaci\u00f3n de operativos preventivos&hellip;<\/p>\n","protected":false},"author":3,"featured_media":73638,"comment_status":"open","ping_status":"open","sticky":false,"template":"","format":"standard","meta":{"content-type":"","jetpack_post_was_ever_published":false,"_jetpack_newsletter_access":"","_jetpack_dont_email_post_to_subs":false,"_jetpack_newsletter_tier_id":0,"_jetpack_memberships_contains_paywalled_content":false,"_jetpack_memberships_contains_paid_content":false,"footnotes":""},"categories":[25],"tags":[],"class_list":["post-73637","post","type-post","status-publish","format-standard","has-post-thumbnail","hentry","category-portada"],"jetpack_featured_media_url":"https:\/\/lasprimeras.com.do\/wp-content\/uploads\/2024\/01\/WhatsApp-Image-2024-01-14-at-6.42.36-PM.jpeg","jetpack-related-posts":[{"id":82651,"url":"https:\/\/lasprimeras.com.do\/index.php\/2024\/05\/06\/cae-abatido-reconocido-delincuente-name-responsable-de-al-menos-seis-casos-de-homicidios-en-spm\/","url_meta":{"origin":73637,"position":0},"title":"Cae abatido reconocido delincuente \u201c\u00d1ame\u201d, responsable de al menos seis casos de homicidios en SPM","author":"BIMARY DE JES\u00daS Matos","date":"6 de mayo de 2024","format":false,"excerpt":"San Pedro de Macor\u00eds. Un reconocido delincuente que era activamente buscado mediante m\u00faltiples \u00f3rdenes de arresto por la comisi\u00f3n de diferentes hechos delictivos, incluyendo seis homicidios, herir de proyectil de arma de fuego a igual n\u00famero de personas y recientemente haber secuestrado a un hombre en el municipio el Valle\u2026","rel":"","context":"En \u00abNACIONALES\u00bb","block_context":{"text":"NACIONALES","link":"https:\/\/lasprimeras.com.do\/index.php\/category\/nacionales\/"},"img":{"alt_text":"","src":"https:\/\/i0.wp.com\/lasprimeras.com.do\/wp-content\/uploads\/2024\/05\/4f1db3ef-4bd4-48e6-b4a7-fcef9ce31fe9.jpeg?resize=350%2C200&ssl=1","width":350,"height":200,"srcset":"https:\/\/i0.wp.com\/lasprimeras.com.do\/wp-content\/uploads\/2024\/05\/4f1db3ef-4bd4-48e6-b4a7-fcef9ce31fe9.jpeg?resize=350%2C200&ssl=1 1x, https:\/\/i0.wp.com\/lasprimeras.com.do\/wp-content\/uploads\/2024\/05\/4f1db3ef-4bd4-48e6-b4a7-fcef9ce31fe9.jpeg?resize=525%2C300&ssl=1 1.5x, https:\/\/i0.wp.com\/lasprimeras.com.do\/wp-content\/uploads\/2024\/05\/4f1db3ef-4bd4-48e6-b4a7-fcef9ce31fe9.jpeg?resize=700%2C400&ssl=1 2x"},"classes":[]},{"id":77785,"url":"https:\/\/lasprimeras.com.do\/index.php\/2024\/02\/25\/imponen-prision-preventiva-contra-homicida-de-francisco-bautista-en-santiago\/","url_meta":{"origin":73637,"position":1},"title":"Imponen prisi\u00f3n preventiva contra homicida de Francisco Bautista en Santiago","author":"Nelson Feliz","date":"25 de febrero de 2024","format":false,"excerpt":"La solicitud hecha por la Fiscal\u00eda de Santiago para que se imponga prisi\u00f3n preventiva en contra del homicida en la Urbanizaci\u00f3n El Ejecutivo, del sector Los Robles de esta ciudad. La solicitud fue acogida por la jueza Yeritza Cabral de la Cruz, de la Oficina Judicial de Servicios de Atenci\u00f3n\u2026","rel":"","context":"En \u00abJUSTICIA\u00bb","block_context":{"text":"JUSTICIA","link":"https:\/\/lasprimeras.com.do\/index.php\/category\/justicia\/"},"img":{"alt_text":"esposas","src":"https:\/\/i0.wp.com\/lasprimeras.com.do\/wp-content\/uploads\/2024\/02\/esposas.jpg?resize=350%2C200&ssl=1","width":350,"height":200},"classes":[]},{"id":120597,"url":"https:\/\/lasprimeras.com.do\/index.php\/2026\/01\/26\/pn-interviene-punto-de-distribucion-de-drogas-y-ocupa-arma-de-fuego-ilegal-en-hermanas-mirabal\/","url_meta":{"origin":73637,"position":2},"title":"PN interviene punto de distribuci\u00f3n de drogas y ocupa arma de fuego ilegal en Hermanas Mirabal","author":"Nelson Feliz","date":"26 de enero de 2026","format":false,"excerpt":"-La interdicci\u00f3n fue realizada en el sector Los Cocos, municipio de Salcedo. Agentes de la Polic\u00eda Nacional, adscritos a la Direcci\u00f3n Regional Espaillat,intervieneron un punto de distribuci\u00f3n de drogas y ocupa arma de fuego ilegal en el municipio de Salcedo, provincia Hermanas Mirabal. La operaci\u00f3n fue ejecutada por miembros de\u2026","rel":"","context":"En \u00abMILITARES\u00bb","block_context":{"text":"MILITARES","link":"https:\/\/lasprimeras.com.do\/index.php\/category\/militares\/"},"img":{"alt_text":"","src":"https:\/\/i0.wp.com\/lasprimeras.com.do\/wp-content\/uploads\/2026\/01\/pn-1-2.jpg?resize=350%2C200&ssl=1","width":350,"height":200},"classes":[]},{"id":50026,"url":"https:\/\/lasprimeras.com.do\/index.php\/2023\/05\/17\/ocupan-cinco-armas-de-fuego-eran-portadas-de-manera-ilegal-en-una-discoteca\/","url_meta":{"origin":73637,"position":3},"title":"Ocupan cinco armas de fuego eran portadas de manera ilegal en una discoteca","author":"prenxa100","date":"17 de mayo de 2023","format":false,"excerpt":"Por Wilson P\u00e9rez Santo Domingo, RD.-- Miembros policiales, adscritos a las Direcciones Preventivas (Departamento C-4 de Villa Francisca), y Central de Investigaci\u00f3n (Dicrim), realizaron un operativo focalizado en la discoteca Makumba, del citado sector capitalino, donde fueron ocupadas cinco armas de fuego que eran portadas de manera ilegal. Los agentes\u2026","rel":"","context":"En \u00abNACIONALES\u00bb","block_context":{"text":"NACIONALES","link":"https:\/\/lasprimeras.com.do\/index.php\/category\/nacionales\/"},"img":{"alt_text":"","src":"","width":0,"height":0},"classes":[]},{"id":61290,"url":"https:\/\/lasprimeras.com.do\/index.php\/2023\/09\/25\/apresan-en-flagrante-delito-dos-individuos-por-trafico-de-drogas-en-bani\/","url_meta":{"origin":73637,"position":4},"title":"Apresan en flagrante delito dos individuos por tr\u00e1fico de drogas en Bani","author":"Nelson Feliz","date":"25 de septiembre de 2023","format":false,"excerpt":"Ocupan arma de fabricaci\u00f3n casera. Por Mart\u00edn Restituyo La Subdirecci\u00f3n de Investigaci\u00f3n de la Polic\u00eda Nacional y los miembros de la Polic\u00eda Preventiva capturar\u00f3n en flagrante delito a dos individuos involucrados en actividades ilegales en la ciudad de Bani. Los detenidos fueron identificados como Juan Jos\u00e9 Arias, de 21 a\u00f1os,\u2026","rel":"","context":"En \u00abMILITARES\u00bb","block_context":{"text":"MILITARES","link":"https:\/\/lasprimeras.com.do\/index.php\/category\/militares\/"},"img":{"alt_text":"drogas","src":"https:\/\/i0.wp.com\/lasprimeras.com.do\/wp-content\/uploads\/2023\/09\/drogas-1.jpg?resize=350%2C200&ssl=1","width":350,"height":200,"srcset":"https:\/\/i0.wp.com\/lasprimeras.com.do\/wp-content\/uploads\/2023\/09\/drogas-1.jpg?resize=350%2C200&ssl=1 1x, https:\/\/i0.wp.com\/lasprimeras.com.do\/wp-content\/uploads\/2023\/09\/drogas-1.jpg?resize=525%2C300&ssl=1 1.5x, https:\/\/i0.wp.com\/lasprimeras.com.do\/wp-content\/uploads\/2023\/09\/drogas-1.jpg?resize=700%2C400&ssl=1 2x"},"classes":[]},{"id":85621,"url":"https:\/\/lasprimeras.com.do\/index.php\/2024\/07\/04\/policia-identifica-presunto-autor-de-triple-homicidio-en-sabana-perdida\/","url_meta":{"origin":73637,"position":5},"title":"Polic\u00eda identifica presunto autor de triple homicidio en Sabana Perdida","author":"Nelson Feliz","date":"4 de julio de 2024","format":false,"excerpt":"Agentes policiales de la Direcci\u00f3n Central de Investigaci\u00f3n (DICRIM) identificaron un hombre sindicado como el preunto autor de los homicidios de otros tres,en el barrio Sabana Centro del sector Sabana Perdida, en el municipio Santo Domingo Norte. Entre los muertos se encuentra un sargento de la instituci\u00f3n. Se trata de\u2026","rel":"","context":"En \u00abMILITARES\u00bb","block_context":{"text":"MILITARES","link":"https:\/\/lasprimeras.com.do\/index.php\/category\/militares\/"},"img":{"alt_text":"","src":"https:\/\/i0.wp.com\/lasprimeras.com.do\/wp-content\/uploads\/2024\/07\/PN.jpg?resize=350%2C200&ssl=1","width":350,"height":200,"srcset":"https:\/\/i0.wp.com\/lasprimeras.com.do\/wp-content\/uploads\/2024\/07\/PN.jpg?resize=350%2C200&ssl=1 1x, https:\/\/i0.wp.com\/lasprimeras.com.do\/wp-content\/uploads\/2024\/07\/PN.jpg?resize=525%2C300&ssl=1 1.5x"},"classes":[]}],"jetpack_sharing_enabled":true,"_links":{"self":[{"href":"https:\/\/lasprimeras.com.do\/index.php\/wp-json\/wp\/v2\/posts\/73637","targetHints":{"allow":["GET"]}}],"collection":[{"href":"https:\/\/lasprimeras.com.do\/index.php\/wp-json\/wp\/v2\/posts"}],"about":[{"href":"https:\/\/lasprimeras.com.do\/index.php\/wp-json\/wp\/v2\/types\/post"}],"author":[{"embeddable":true,"href":"https:\/\/lasprimeras.com.do\/index.php\/wp-json\/wp\/v2\/users\/3"}],"replies":[{"embeddable":true,"href":"https:\/\/lasprimeras.com.do\/index.php\/wp-json\/wp\/v2\/comments?post=73637"}],"version-history":[{"count":1,"href":"https:\/\/lasprimeras.com.do\/index.php\/wp-json\/wp\/v2\/posts\/73637\/revisions"}],"predecessor-version":[{"id":73639,"href":"https:\/\/lasprimeras.com.do\/index.php\/wp-json\/wp\/v2\/posts\/73637\/revisions\/73639"}],"wp:featuredmedia":[{"embeddable":true,"href":"https:\/\/lasprimeras.com.do\/index.php\/wp-json\/wp\/v2\/media\/73638"}],"wp:attachment":[{"href":"https:\/\/lasprimeras.com.do\/index.php\/wp-json\/wp\/v2\/media?parent=73637"}],"wp:term":[{"taxonomy":"category","embeddable":true,"href":"https:\/\/lasprimeras.com.do\/index.php\/wp-json\/wp\/v2\/categories?post=73637"},{"taxonomy":"post_tag","embeddable":true,"href":"https:\/\/lasprimeras.com.do\/index.php\/wp-json\/wp\/v2\/tags?post=73637"}],"curies":[{"name":"wp","href":"https:\/\/api.w.org\/{rel}","templated":true}]}}