{"id":73673,"date":"2024-01-15T08:00:30","date_gmt":"2024-01-15T12:00:30","guid":{"rendered":"https:\/\/lasprimeras.com.do\/?p=73673"},"modified":"2024-01-15T08:00:32","modified_gmt":"2024-01-15T12:00:32","slug":"john-kerry-el-enviado-climatico-de-estados-unidos-dejara-la-administracion-biden","status":"publish","type":"post","link":"https:\/\/lasprimeras.com.do\/index.php\/2024\/01\/15\/john-kerry-el-enviado-climatico-de-estados-unidos-dejara-la-administracion-biden\/","title":{"rendered":"John Kerry, el enviado clim\u00e1tico de Estados Unidos, dejar\u00e1 la administraci\u00f3n Biden"},"content":{"rendered":"\n<p>POR SEUNG MIN KIM<\/p>\n\n\n\n<p>WASHINGTON (AP) \u2014 El enviado especial de Estados Unidos para el clima, John Kerry, dejar\u00e1 el gobierno de Biden en las pr\u00f3ximas semanas, seg\u00fan dos personas familiarizadas con sus planes.<\/p>\n\n\n\n<p>Kerry, senador y secretario de Estado desde hace mucho tiempo, fue elegido poco despu\u00e9s de las elecciones de Joe Biden en noviembre de 2020 para asumir el nuevo rol creado espec\u00edficamente para luchar contra el cambio clim\u00e1tico en nombre de la administraci\u00f3n en el escenario global.<\/p>\n\n\n\n<p>Los planes de salida de Kerry fueron informados por primera vez el s\u00e1bado por Axios.<\/p>\n\n\n\n<p>Kerry fue uno de los principales redactores de los acuerdos clim\u00e1ticos de Par\u00eds de 2015 y asumi\u00f3 el cargo con una experiencia significativa en el extranjero, como secretario de Estado durante la administraci\u00f3n Obama y durante casi tres d\u00e9cadas como miembro del Comit\u00e9 de Relaciones Exteriores del Senado.<\/p>\n\n\n\n<p>La decisi\u00f3n de Biden de elegir a Kerry para el cargo fue vista como una forma en que el presidente entrante estaba cumpliendo su promesa de campa\u00f1a de combatir el cambio clim\u00e1tico de una manera m\u00e1s contundente y visible que en administraciones anteriores.<\/p>\n\n\n\n<p>&#8220;La crisis clim\u00e1tica es una amenaza universal para la humanidad y todos tenemos la responsabilidad de abordarla lo m\u00e1s r\u00e1pido que podamos&#8221;, dijo Kerry en una visita a Beijing el verano pasado, cuando se reuni\u00f3 con el vicepresidente Han Zheng para discutir cuestiones clim\u00e1ticas.<\/p>\n\n\n\n<p>En las cumbres internacionales sobre el clima, Kerry siempre mantuvo un ritmo vertiginoso, yendo de una reuni\u00f3n a otra, con l\u00edderes mundiales, importantes figuras empresariales y cient\u00edficos, todos intercalados con una conferencia de prensa tras otra, para compartir lo que acababa de aprender, anunciar una iniciativa o pronuncie algunas palabras mientras los grupos civiles anuncian sus propios planes para ayudar a combatir el cambio clim\u00e1tico, dando as\u00ed credibilidad y peso a su discurso.<\/p>\n\n\n\n<p>En el lapso de una hora, en una reuni\u00f3n, Kerry hablaba en detalle sobre la necesidad de que las compa\u00f1\u00edas petroleras redujeran dr\u00e1sticamente el metano, un poderoso gas de efecto invernadero, y luego iba a otra reuni\u00f3n y detallaba su \u00faltima idea para ayudar a financiar la transici\u00f3n a la energ\u00eda verde en los pa\u00edses en desarrollo pa\u00edses y luego, unos minutos m\u00e1s tarde, entra en una larga explicaci\u00f3n sobre la pesca ilegal en todo el mundo mientras asiste a un evento con l\u00edderes de naciones insulares del Pac\u00edfico.<\/p>\n\n\n\n<p>\u201cEl trabajo incansable de John Kerry para lograr avances globales en la crisis clim\u00e1tica ha sido heroico\u201d, dijo el s\u00e1bado en un comunicado el ex vicepresidente Al Gore, quien se ha centrado principalmente en el clima en su vida posterior a su cargo p\u00fablico.\u00a0<\/p>\n\n\n\n<p>\u201cHa abordado este desaf\u00edo con una visi\u00f3n audaz, una determinaci\u00f3n decidida y la urgencia que exige esta crisis.\u00a0Por eso Estados Unidos y el mundo entero tienen con \u00e9l una enorme deuda de gratitud\u201d.<\/p>\n","protected":false},"excerpt":{"rendered":"<p>POR SEUNG MIN KIM WASHINGTON (AP) \u2014 El enviado especial de Estados Unidos para el clima, John Kerry, dejar\u00e1 el gobierno de Biden en las pr\u00f3ximas semanas, seg\u00fan dos personas&hellip;<\/p>\n","protected":false},"author":2,"featured_media":73674,"comment_status":"open","ping_status":"open","sticky":false,"template":"","format":"standard","meta":{"content-type":"","jetpack_post_was_ever_published":false,"_jetpack_newsletter_access":"","_jetpack_dont_email_post_to_subs":false,"_jetpack_newsletter_tier_id":0,"_jetpack_memberships_contains_paywalled_content":false,"_jetpack_memberships_contains_paid_content":false,"footnotes":""},"categories":[1],"tags":[473,3069,98,1343,11018],"class_list":["post-73673","post","type-post","status-publish","format-standard","has-post-thumbnail","hentry","category-sin-categoria","tag-administracion","tag-climatico","tag-estados-unidos","tag-joe-biden","tag-john-kerry"],"jetpack_featured_media_url":"https:\/\/lasprimeras.com.do\/wp-content\/uploads\/2024\/01\/John-Kerry.jpg","jetpack-related-posts":[{"id":58721,"url":"https:\/\/lasprimeras.com.do\/index.php\/2023\/08\/27\/pekinla-secretaria-de-comercio-de-ee-uu-intenta-rebajar-tension-con-china\/","url_meta":{"origin":73673,"position":0},"title":"Pek\u00edn:La secretaria de Comercio de EE.UU. intenta rebajar tensi\u00f3n con China","author":"Nelson Feliz","date":"27 de agosto de 2023","format":false,"excerpt":"La secretaria de Comercio de Estados Unidos, Gina Raimondo, lleg\u00f3 a Pek\u00edn el 27 de agosto por la tarde, inform\u00f3 el diario chino Global Times. Se espera que su visita de cuatro d\u00edas contribuya a aliviar las tensas relaciones entre las dos mayores econom\u00edas del mundo. Los expertos chinos creen\u2026","rel":"","context":"En \u00abSin categor\u00eda\u00bb","block_context":{"text":"Sin categor\u00eda","link":"https:\/\/lasprimeras.com.do\/index.php\/category\/sin-categoria\/"},"img":{"alt_text":"Gina Raimondo","src":"https:\/\/i0.wp.com\/lasprimeras.com.do\/wp-content\/uploads\/2023\/08\/Gina-Raimondo.jpg?resize=350%2C200&ssl=1","width":350,"height":200,"srcset":"https:\/\/i0.wp.com\/lasprimeras.com.do\/wp-content\/uploads\/2023\/08\/Gina-Raimondo.jpg?resize=350%2C200&ssl=1 1x, https:\/\/i0.wp.com\/lasprimeras.com.do\/wp-content\/uploads\/2023\/08\/Gina-Raimondo.jpg?resize=525%2C300&ssl=1 1.5x, https:\/\/i0.wp.com\/lasprimeras.com.do\/wp-content\/uploads\/2023\/08\/Gina-Raimondo.jpg?resize=700%2C400&ssl=1 2x"},"classes":[]},{"id":96649,"url":"https:\/\/lasprimeras.com.do\/index.php\/2025\/04\/05\/tigres-vencen-7-2-a-medias-blancas-que-caen-a-una-marca-de-2-6-para-iniciar-la-temporada\/","url_meta":{"origin":73673,"position":1},"title":"Tigres vencen 7-2 a Medias Blancas, que caen a una marca de 2-6 para iniciar la temporada","author":"Nelson Feliz","date":"5 de abril de 2025","format":false,"excerpt":"DETROIT (AP) \u2014 Kerry Carpenter conect\u00f3 un jonr\u00f3n por tercera vez en dos juegos y Spencer Torkelson bate\u00f3 un jonr\u00f3n y un doble el s\u00e1bado en la victoria 7-2 de los Tigres de Detroit ante los Medias Blancas de Chicago para conseguir su cuarto triunfo en cinco juegos tras una\u2026","rel":"","context":"En \u00abDEPORTES\u00bb","block_context":{"text":"DEPORTES","link":"https:\/\/lasprimeras.com.do\/index.php\/category\/deportes\/"},"img":{"alt_text":"","src":"https:\/\/i0.wp.com\/lasprimeras.com.do\/wp-content\/uploads\/2025\/04\/Kerry-Carpenter.jpg?resize=350%2C200&ssl=1","width":350,"height":200,"srcset":"https:\/\/i0.wp.com\/lasprimeras.com.do\/wp-content\/uploads\/2025\/04\/Kerry-Carpenter.jpg?resize=350%2C200&ssl=1 1x, https:\/\/i0.wp.com\/lasprimeras.com.do\/wp-content\/uploads\/2025\/04\/Kerry-Carpenter.jpg?resize=525%2C300&ssl=1 1.5x, https:\/\/i0.wp.com\/lasprimeras.com.do\/wp-content\/uploads\/2025\/04\/Kerry-Carpenter.jpg?resize=700%2C400&ssl=1 2x"},"classes":[]},{"id":83325,"url":"https:\/\/lasprimeras.com.do\/index.php\/2024\/05\/14\/acusan-administracion-biden-de-envir-mil-millones-de-dolares-en-armas-y-municiones-a-israel\/","url_meta":{"origin":73673,"position":2},"title":"Acusan administraci\u00f3n Biden de envir mil millones de d\u00f3lares en armas y municiones a Israel","author":"Nelson Feliz","date":"14 de mayo de 2024","format":false,"excerpt":"POR SEUNG MIN KIM, ELLEN KNICKMEYER Y ZEKE MILLER WASHINGTON (AP) \u2014 La administraci\u00f3n Biden ha dicho a legisladores clave que enviar\u00eda m\u00e1s de mil millones de d\u00f3lares en armas y municiones adicionales a Israel, dijeron el martes tres asesores del Congreso. Pero no se supo de inmediato cu\u00e1ndo se\u2026","rel":"","context":"En \u00abSin categor\u00eda\u00bb","block_context":{"text":"Sin categor\u00eda","link":"https:\/\/lasprimeras.com.do\/index.php\/category\/sin-categoria\/"},"img":{"alt_text":"","src":"https:\/\/i0.wp.com\/lasprimeras.com.do\/wp-content\/uploads\/2024\/05\/Joe-Biden.jpg?resize=350%2C200&ssl=1","width":350,"height":200,"srcset":"https:\/\/i0.wp.com\/lasprimeras.com.do\/wp-content\/uploads\/2024\/05\/Joe-Biden.jpg?resize=350%2C200&ssl=1 1x, https:\/\/i0.wp.com\/lasprimeras.com.do\/wp-content\/uploads\/2024\/05\/Joe-Biden.jpg?resize=525%2C300&ssl=1 1.5x, https:\/\/i0.wp.com\/lasprimeras.com.do\/wp-content\/uploads\/2024\/05\/Joe-Biden.jpg?resize=700%2C400&ssl=1 2x"},"classes":[]},{"id":81536,"url":"https:\/\/lasprimeras.com.do\/index.php\/2024\/04\/22\/biden-conmemora-el-dia-de-la-tierra-anunciando-7-000-millones-de-dolares-en-subvenciones-para-energia-solar\/","url_meta":{"origin":73673,"position":3},"title":"Biden conmemora el D\u00eda de la Tierra anunciando 7.000 millones de d\u00f3lares en subvenciones para energ\u00eda solar","author":"BIMARY DE JES\u00daS Matos","date":"22 de abril de 2024","format":false,"excerpt":"EFE.-El presidente Joe Biden conmemora el D\u00eda de la Tierra anunciando 7.ooo millones de d\u00f3lares en subvenciones federales para proyectos solares residenciales que atienden a m\u00e1s de 900.000 hogares en comunidades de ingresos bajos y medios. Tambi\u00e9n planea ampliar su programa de capacitaci\u00f3n en empleos verdes del American Climate Corps,\u2026","rel":"","context":"En \u00abSin categor\u00eda\u00bb","block_context":{"text":"Sin categor\u00eda","link":"https:\/\/lasprimeras.com.do\/index.php\/category\/sin-categoria\/"},"img":{"alt_text":"","src":"https:\/\/i0.wp.com\/lasprimeras.com.do\/wp-content\/uploads\/2024\/04\/b807a45d-179c-4001-a0da-f7d327bb7680_w650_r1_s.jpg?resize=350%2C200&ssl=1","width":350,"height":200,"srcset":"https:\/\/i0.wp.com\/lasprimeras.com.do\/wp-content\/uploads\/2024\/04\/b807a45d-179c-4001-a0da-f7d327bb7680_w650_r1_s.jpg?resize=350%2C200&ssl=1 1x, https:\/\/i0.wp.com\/lasprimeras.com.do\/wp-content\/uploads\/2024\/04\/b807a45d-179c-4001-a0da-f7d327bb7680_w650_r1_s.jpg?resize=525%2C300&ssl=1 1.5x"},"classes":[]},{"id":58853,"url":"https:\/\/lasprimeras.com.do\/index.php\/2023\/08\/28\/biden-viajara-a-vietnam-el-10-de-septiembre-para-reforzar-sus-lazos-en-asia-frente-a-la-influencia-china\/","url_meta":{"origin":73673,"position":4},"title":"Biden viajar\u00e1 a Vietnam el 10 de septiembre para reforzar sus lazos en Asia frente a la influencia china","author":"Nelson Feliz","date":"28 de agosto de 2023","format":false,"excerpt":"La Casa Blanca ha anunciado este lunes que el presidente de Estados Unidos, Joe Biden, viajar\u00e1 el pr\u00f3ximo 10 de septiembre a Vietnam para reunirse con el presidente del pa\u00eds asi\u00e1tico, Nguyen Phu Trong, en el marco de la estrategia de Washington de contrarrestar la influencia de China en el\u2026","rel":"","context":"En \u00abSin categor\u00eda\u00bb","block_context":{"text":"Sin categor\u00eda","link":"https:\/\/lasprimeras.com.do\/index.php\/category\/sin-categoria\/"},"img":{"alt_text":"Joe Biden","src":"https:\/\/i0.wp.com\/lasprimeras.com.do\/wp-content\/uploads\/2023\/08\/Joe-Biden.jpg?resize=350%2C200&ssl=1","width":350,"height":200,"srcset":"https:\/\/i0.wp.com\/lasprimeras.com.do\/wp-content\/uploads\/2023\/08\/Joe-Biden.jpg?resize=350%2C200&ssl=1 1x, https:\/\/i0.wp.com\/lasprimeras.com.do\/wp-content\/uploads\/2023\/08\/Joe-Biden.jpg?resize=525%2C300&ssl=1 1.5x, https:\/\/i0.wp.com\/lasprimeras.com.do\/wp-content\/uploads\/2023\/08\/Joe-Biden.jpg?resize=700%2C400&ssl=1 2x"},"classes":[]},{"id":59842,"url":"https:\/\/lasprimeras.com.do\/index.php\/2023\/09\/08\/biden-y-modi-buscan-estrechar-los-lazos-entre-estados-unidos-e-india-a-medida-que-aumentan-las-preocupaciones-sobre-china\/","url_meta":{"origin":73673,"position":5},"title":"Biden y Modi buscan estrechar los lazos entre Estados Unidos e India a medida que aumentan las preocupaciones sobre China","author":"Nelson Feliz","date":"8 de septiembre de 2023","format":false,"excerpt":"POR AAMER MADHANI Y JOSH BOAK NUEVA DELHI (AP) \u2014 El presidente Joe Biden y el primer ministro Narendra Modi ciertamente est\u00e1n dedicando tiempo a cultivar su relaci\u00f3n. Menos de tres meses despu\u00e9s de honrar a Modi con una visita de Estado a la Casa Blanca, Biden llegar\u00e1 a Nueva\u2026","rel":"","context":"En \u00abSin categor\u00eda\u00bb","block_context":{"text":"Sin categor\u00eda","link":"https:\/\/lasprimeras.com.do\/index.php\/category\/sin-categoria\/"},"img":{"alt_text":"Joe Biden y Narendra Modi","src":"https:\/\/i0.wp.com\/lasprimeras.com.do\/wp-content\/uploads\/2023\/09\/Joe-Biden-y-Narendra-Modi.jpg?resize=350%2C200&ssl=1","width":350,"height":200,"srcset":"https:\/\/i0.wp.com\/lasprimeras.com.do\/wp-content\/uploads\/2023\/09\/Joe-Biden-y-Narendra-Modi.jpg?resize=350%2C200&ssl=1 1x, https:\/\/i0.wp.com\/lasprimeras.com.do\/wp-content\/uploads\/2023\/09\/Joe-Biden-y-Narendra-Modi.jpg?resize=525%2C300&ssl=1 1.5x, https:\/\/i0.wp.com\/lasprimeras.com.do\/wp-content\/uploads\/2023\/09\/Joe-Biden-y-Narendra-Modi.jpg?resize=700%2C400&ssl=1 2x"},"classes":[]}],"jetpack_sharing_enabled":true,"_links":{"self":[{"href":"https:\/\/lasprimeras.com.do\/index.php\/wp-json\/wp\/v2\/posts\/73673","targetHints":{"allow":["GET"]}}],"collection":[{"href":"https:\/\/lasprimeras.com.do\/index.php\/wp-json\/wp\/v2\/posts"}],"about":[{"href":"https:\/\/lasprimeras.com.do\/index.php\/wp-json\/wp\/v2\/types\/post"}],"author":[{"embeddable":true,"href":"https:\/\/lasprimeras.com.do\/index.php\/wp-json\/wp\/v2\/users\/2"}],"replies":[{"embeddable":true,"href":"https:\/\/lasprimeras.com.do\/index.php\/wp-json\/wp\/v2\/comments?post=73673"}],"version-history":[{"count":1,"href":"https:\/\/lasprimeras.com.do\/index.php\/wp-json\/wp\/v2\/posts\/73673\/revisions"}],"predecessor-version":[{"id":73675,"href":"https:\/\/lasprimeras.com.do\/index.php\/wp-json\/wp\/v2\/posts\/73673\/revisions\/73675"}],"wp:featuredmedia":[{"embeddable":true,"href":"https:\/\/lasprimeras.com.do\/index.php\/wp-json\/wp\/v2\/media\/73674"}],"wp:attachment":[{"href":"https:\/\/lasprimeras.com.do\/index.php\/wp-json\/wp\/v2\/media?parent=73673"}],"wp:term":[{"taxonomy":"category","embeddable":true,"href":"https:\/\/lasprimeras.com.do\/index.php\/wp-json\/wp\/v2\/categories?post=73673"},{"taxonomy":"post_tag","embeddable":true,"href":"https:\/\/lasprimeras.com.do\/index.php\/wp-json\/wp\/v2\/tags?post=73673"}],"curies":[{"name":"wp","href":"https:\/\/api.w.org\/{rel}","templated":true}]}}