{"id":73694,"date":"2024-01-15T14:02:56","date_gmt":"2024-01-15T18:02:56","guid":{"rendered":"https:\/\/lasprimeras.com.do\/?p=73694"},"modified":"2024-01-15T14:02:58","modified_gmt":"2024-01-15T18:02:58","slug":"digev-inicia-docencia-de-primer-periodo-academico-2024","status":"publish","type":"post","link":"https:\/\/lasprimeras.com.do\/index.php\/2024\/01\/15\/digev-inicia-docencia-de-primer-periodo-academico-2024\/","title":{"rendered":"DIGEV inicia docencia de primer periodo acad\u00e9mico 2024"},"content":{"rendered":"\n<p class=\"wp-block-paragraph\">Martin Restituyo <\/p>\n\n\n\n<p class=\"wp-block-paragraph\">Santo Domingo.-La Direcci\u00f3n General de las Escuelas Vocacionales de las Fuerzas Armadas y de la Polic\u00eda Nacional (DIGEV) inform\u00f3 este lunes el inicio formal de las clases correspondientes al primer periodo acad\u00e9mico del a\u00f1o 2024 en los 31 recintos formativos diseminados a nivel nacional.<\/p>\n\n\n\n<p class=\"wp-block-paragraph\">El acto formal fue encabezado por el director general de la instituci\u00f3n acad\u00e9mica, General de Brigada del Ej\u00e9rcito Nacional (ERD), Jorge Luis Morel De Dios; quien inform\u00f3 que un total 19 mil 420 mil nuevos estudiantes estar\u00e1n form\u00e1ndose en alrededor de 104 acciones formativas diferentes durante el citado periodo.<\/p>\n\n\n\n<p class=\"wp-block-paragraph\">La apertura oficial se llev\u00f3 a cabo durante una ceremonia celebrada en la explanada frontal de la Sede Central de la Escuela Vocacional del municipio Santo Domingo Este, en presencia de decenas de estudiantes, profesoras y personal administrativo de la DIGEV.<\/p>\n\n\n\n<p class=\"wp-block-paragraph\">El titular de la instituci\u00f3n inform\u00f3, adem\u00e1s, que las inscripciones contin\u00faan abiertas hasta el 31 de enero 2024 en horario de 8:00 de la ma\u00f1ana a 5:00 de la tarde en todas las escuelas vocacionales del pa\u00eds, para que los interesados puedan aprovechar la oportunidad.<\/p>\n\n\n\n<p class=\"wp-block-paragraph\">Subray\u00f3 que la instituci\u00f3n acad\u00e9mica, desde su creaci\u00f3n mediante la Ley 205 del 10 de mayo del a\u00f1o 1966, ha graduado m\u00e1s de 400,000 estudiantes entre militares, polic\u00edas y personas de la clase civil en diferentes oficios t\u00e9cnicos a nivel nacional.<\/p>\n\n\n\n<p class=\"wp-block-paragraph\">De igual manera, manifest\u00f3 que los estudiantes inscritos estar\u00e1n cursando m\u00e1s de 100 acciones formativas disponibles, entre las que figuran Ebanister\u00eda, Desabolladura y Pintura de Veh\u00edculos, Mec\u00e1nica de Aguja, Pintura y Decoraci\u00f3n, Plomer\u00eda, Talla en Madera, Tapicer\u00eda y Torno en Madera.<\/p>\n\n\n\n<p class=\"wp-block-paragraph\">Asimismo, cursos de Corneta, Corte y Costura, Creole, Electricidad Automotriz, Electricista Instalador y Reparador de Plantas El\u00e9ctricas, Fabricaci\u00f3n de Inversores, Farmacia, Fontaner\u00eda, Herrer\u00eda, Hosteler\u00eda y Turismo, Horticultura, Inform\u00e1tica, Instalador y Reparador de L\u00edneas Telef\u00f3nicas, Masaje Corporal, Mec\u00e1nica de Aguja, Pintura y Decoraci\u00f3n.<\/p>\n\n\n\n<p class=\"wp-block-paragraph\">Igualmente, Panader\u00eda, Refrigeraci\u00f3n y Aire Acondicionado, Refrigeraci\u00f3n de Auto, Reparaci\u00f3n y Rebobinado de Motores El\u00e9ctricos y Transformadores, Reparador de Computadoras e Instalador de Redes, Reposter\u00eda, Sastrer\u00eda, Secretariado Ejecutivo, Tapicer\u00eda, Emprendurismo, Oratoria y Locuci\u00f3n, Productor en Invernaderos, entre otros.<\/p>\n\n\n\n<p class=\"wp-block-paragraph\">Tambi\u00e9n, cursos como Auxiliar de Contabilidad, Auxiliar en Ventas, Barber\u00eda, Corneta, Oratoria, Locuci\u00f3n, Conductor de Veh\u00edculos Livianos, Conductor de Veh\u00edculos Pesados, Emprendurismo, Electricista Instalador y Reparador de Plantas El\u00e9ctricas, Instalador de Paneles Solares, Instalador y Reparador de L\u00edneas Telef\u00f3nicas, Muebles de Mimbre y Rat\u00e1n, Orfebrer\u00eda y Productor en Invernaderos, entre otros.<\/p>\n\n\n\n<p class=\"wp-block-paragraph\">El General ERD, Morel De Dios, inform\u00f3 que los diferentes cursos son totalmente gratis y se realizar\u00e1n en las instalaciones de las diferentes Escuelas Vocacionales del pa\u00eds, ubicadas en San Isidro, San Pedro de Macor\u00eds, La Romana, Miches, Nagua, Bani, Pimentel, Moca, La Vega, Barahona y Las Matas de Farf\u00e1n, as\u00ed como tambi\u00e9n en las Aulas M\u00f3viles colocadas en Dajab\u00f3n, Pedernales, El Se\u00edbo, El\u00edas Pi\u00f1a, Jiman\u00ed, Paso Bajito, Jarabacoa; Las Galeras, Saman\u00e1; Ver\u00f3n, Punta Cana, entre otras.<br>Lunes, 15 de enero 2024<\/p>\n","protected":false},"excerpt":{"rendered":"<p>Martin Restituyo Santo Domingo.-La Direcci\u00f3n General de las Escuelas Vocacionales de las Fuerzas Armadas y de la Polic\u00eda Nacional (DIGEV) inform\u00f3 este lunes el inicio formal de las clases correspondientes&hellip;<\/p>\n","protected":false},"author":3,"featured_media":73695,"comment_status":"open","ping_status":"open","sticky":false,"template":"","format":"standard","meta":{"content-type":"","_jetpack_newsletter_access":"","_jetpack_dont_email_post_to_subs":false,"_jetpack_newsletter_tier_id":0,"_jetpack_memberships_contains_paywalled_content":false,"_jetpack_feature_clip_id":0,"_jetpack_memberships_contains_paid_content":false,"footnotes":"","jetpack_post_was_ever_published":false},"categories":[25],"tags":[],"class_list":["post-73694","post","type-post","status-publish","format-standard","has-post-thumbnail","hentry","category-portada"],"jetpack-related-posts":[{"id":66664,"url":"https:\/\/lasprimeras.com.do\/index.php\/2023\/11\/08\/digev-llama-a-la-poblacion-a-formalizar-inscripcion-para-nuevo-periodo-academico-santo-domingo\/","url_meta":{"origin":73694,"position":0},"title":"DIGEV llama a la poblaci\u00f3n a formalizar inscripci\u00f3n para nuevo periodo acad\u00e9mico\u00a0Santo Domingo","author":"Nelson Feliz","date":"8 de noviembre de 2023","format":false,"excerpt":"Por Martin Restituyo La Direcci\u00f3n General de las Escuelas Vocacionales de las Fuerzas Armadas y la Polic\u00eda Nacional (DIGEV) llam\u00f3 este mi\u00e9rcoles a comunidad educativa t\u00e9cnico vocacional y la poblaci\u00f3n en general aprovechar la apertura de las inscripciones para cursar cualquiera de las m\u00e1s de 100 acciones formativas y oficios\u2026","rel":"","context":"En \u00abMILITARES\u00bb","block_context":{"text":"MILITARES","link":"https:\/\/lasprimeras.com.do\/index.php\/category\/militares\/"},"img":{"alt_text":"Escuelas Vocacionales","src":"https:\/\/i0.wp.com\/lasprimeras.com.do\/wp-content\/uploads\/2023\/11\/Escuelas-Vocacionales.jpg?resize=350%2C200&ssl=1","width":350,"height":200,"srcset":"https:\/\/i0.wp.com\/lasprimeras.com.do\/wp-content\/uploads\/2023\/11\/Escuelas-Vocacionales.jpg?resize=350%2C200&ssl=1 1x, https:\/\/i0.wp.com\/lasprimeras.com.do\/wp-content\/uploads\/2023\/11\/Escuelas-Vocacionales.jpg?resize=525%2C300&ssl=1 1.5x, https:\/\/i0.wp.com\/lasprimeras.com.do\/wp-content\/uploads\/2023\/11\/Escuelas-Vocacionales.jpg?resize=700%2C400&ssl=1 2x"},"classes":[]},{"id":102271,"url":"https:\/\/lasprimeras.com.do\/index.php\/2025\/07\/02\/escuelas-vocacionales-inician-segundo-semestre-del-ano-2025-a-nivel-nacional\/","url_meta":{"origin":73694,"position":1},"title":"Escuelas Vocacionales inician segundo semestre del a\u00f1o 2025 a nivel nacional","author":"Nelson Feliz","date":"2 de julio de 2025","format":false,"excerpt":"La Direcci\u00f3n General de las Escuelas Vocacionales de las Fuerzas Armadas y de la Polic\u00eda Nacional (DIGEV), del Ministerio de Defensa (MIDE), dieron formal inicio al segundo semestre acad\u00e9mico del a\u00f1o 2025, iniciando con una matr\u00edcula de inscritos de m\u00e1s de 25,000 estudiantes distribuidos en sus 31 escuelas y 4\u2026","rel":"","context":"En \u00abMILITARES\u00bb","block_context":{"text":"MILITARES","link":"https:\/\/lasprimeras.com.do\/index.php\/category\/militares\/"},"img":{"alt_text":"","src":"https:\/\/i0.wp.com\/lasprimeras.com.do\/wp-content\/uploads\/2025\/07\/escuelas-1.jpg?resize=350%2C200&ssl=1","width":350,"height":200,"srcset":"https:\/\/i0.wp.com\/lasprimeras.com.do\/wp-content\/uploads\/2025\/07\/escuelas-1.jpg?resize=350%2C200&ssl=1 1x, https:\/\/i0.wp.com\/lasprimeras.com.do\/wp-content\/uploads\/2025\/07\/escuelas-1.jpg?resize=525%2C300&ssl=1 1.5x, https:\/\/i0.wp.com\/lasprimeras.com.do\/wp-content\/uploads\/2025\/07\/escuelas-1.jpg?resize=700%2C400&ssl=1 2x"},"classes":[]},{"id":119538,"url":"https:\/\/lasprimeras.com.do\/index.php\/2026\/01\/14\/mide-abre-el-ano-escolar-2026-de-las-escuelas-vocacionales-a-nivel-nacional\/","url_meta":{"origin":73694,"position":2},"title":"MIDE abre el a\u00f1o escolar 2026 de las Escuelas Vocacionales a nivel nacional","author":"Nelson Feliz","date":"14 de enero de 2026","format":false,"excerpt":"El Ministerio de Defensa (MIDE), a trav\u00e9s de la Direcci\u00f3n General de las Escuelas Vocacionales de las Fuerzas Armadas y de la Polic\u00eda Nacional (DIGEV), dej\u00f3 formalmente iniciado el a\u00f1o escolar 2026, de manera simult\u00e1nea en todas las sedes de DIGEV a nivel nacional, con una matr\u00edcula inicial que supera\u2026","rel":"","context":"En \u00abMILITARES\u00bb","block_context":{"text":"MILITARES","link":"https:\/\/lasprimeras.com.do\/index.php\/category\/militares\/"},"img":{"alt_text":"","src":"https:\/\/i0.wp.com\/lasprimeras.com.do\/wp-content\/uploads\/2026\/01\/IMG-20260113-WA0772.jpg?resize=350%2C200&ssl=1","width":350,"height":200,"srcset":"https:\/\/i0.wp.com\/lasprimeras.com.do\/wp-content\/uploads\/2026\/01\/IMG-20260113-WA0772.jpg?resize=350%2C200&ssl=1 1x, https:\/\/i0.wp.com\/lasprimeras.com.do\/wp-content\/uploads\/2026\/01\/IMG-20260113-WA0772.jpg?resize=525%2C300&ssl=1 1.5x, https:\/\/i0.wp.com\/lasprimeras.com.do\/wp-content\/uploads\/2026\/01\/IMG-20260113-WA0772.jpg?resize=700%2C400&ssl=1 2x, https:\/\/i0.wp.com\/lasprimeras.com.do\/wp-content\/uploads\/2026\/01\/IMG-20260113-WA0772.jpg?resize=1050%2C600&ssl=1 3x"},"classes":[]},{"id":91258,"url":"https:\/\/lasprimeras.com.do\/index.php\/2024\/11\/15\/escuelas-vocacionales-graduan-7-374-estudiantes-de-la-region-sur\/","url_meta":{"origin":73694,"position":3},"title":"Escuelas Vocacionales grad\u00faan 7.374 estudiantes de la regi\u00f3n Sur","author":"Nelson Feliz","date":"15 de noviembre de 2024","format":false,"excerpt":"El director general de las Escuelas Vocacionales de las Fuerzas Armadas y de la Polic\u00eda Nacional (DIGEV), coronel Jos\u00e9 R. Reyes Su\u00e1rez, encabez\u00f3 el acto de graduaci\u00f3n regional de 7,374 estudiantes pertenecientes a 11 municipios de la regi\u00f3n Sur, quienes fueron capacitados en m\u00e1s de 60 acciones formativas. La Escuelas\u2026","rel":"","context":"En \u00abMILITARES\u00bb","block_context":{"text":"MILITARES","link":"https:\/\/lasprimeras.com.do\/index.php\/category\/militares\/"},"img":{"alt_text":"","src":"https:\/\/i0.wp.com\/lasprimeras.com.do\/wp-content\/uploads\/2024\/11\/digevv-1.jpg?resize=350%2C200&ssl=1","width":350,"height":200,"srcset":"https:\/\/i0.wp.com\/lasprimeras.com.do\/wp-content\/uploads\/2024\/11\/digevv-1.jpg?resize=350%2C200&ssl=1 1x, https:\/\/i0.wp.com\/lasprimeras.com.do\/wp-content\/uploads\/2024\/11\/digevv-1.jpg?resize=525%2C300&ssl=1 1.5x, https:\/\/i0.wp.com\/lasprimeras.com.do\/wp-content\/uploads\/2024\/11\/digevv-1.jpg?resize=700%2C400&ssl=1 2x"},"classes":[]},{"id":70149,"url":"https:\/\/lasprimeras.com.do\/index.php\/2023\/12\/08\/digev-gradua-1044-privados-de-libertad-de-la-carcel-de-la-victoria\/","url_meta":{"origin":73694,"position":4},"title":"DIGEV grad\u00faa 1,044 privados de libertad de la c\u00e1rcel de La Victoria","author":"Nelson Feliz","date":"8 de diciembre de 2023","format":false,"excerpt":"Por Martin Restituyo\u00a0 El director general de las Escuelas Vocacionales de las Fuerzas Armadas y de la Polic\u00eda Nacional (DIGEV), General de Brigada Jorge Luis Morel De Dios; encabez\u00f3 hoy el acto graduaci\u00f3n de 1,044 privados de libertad de la c\u00e1rcel de La Victoria, Santo Domingo Norte, quienes se graduaron\u2026","rel":"","context":"En \u00abMILITARES\u00bb","block_context":{"text":"MILITARES","link":"https:\/\/lasprimeras.com.do\/index.php\/category\/militares\/"},"img":{"alt_text":"DIGEV","src":"https:\/\/i0.wp.com\/lasprimeras.com.do\/wp-content\/uploads\/2023\/12\/DIGEV-1.jpg?resize=350%2C200&ssl=1","width":350,"height":200,"srcset":"https:\/\/i0.wp.com\/lasprimeras.com.do\/wp-content\/uploads\/2023\/12\/DIGEV-1.jpg?resize=350%2C200&ssl=1 1x, https:\/\/i0.wp.com\/lasprimeras.com.do\/wp-content\/uploads\/2023\/12\/DIGEV-1.jpg?resize=525%2C300&ssl=1 1.5x, https:\/\/i0.wp.com\/lasprimeras.com.do\/wp-content\/uploads\/2023\/12\/DIGEV-1.jpg?resize=700%2C400&ssl=1 2x"},"classes":[]},{"id":128503,"url":"https:\/\/lasprimeras.com.do\/index.php\/2026\/04\/23\/escuelas-vocacionales-participan-en-exposostenible-2026\/","url_meta":{"origin":73694,"position":5},"title":"Escuelas Vocacionales participan en ExpoSostenible 2026","author":"Nelson Feliz","date":"23 de abril de 2026","format":false,"excerpt":"DIGEV fortalece su visi\u00f3n educativa orientada al desarrollo sostenible La Direcci\u00f3n General de las Escuelas Vocacionales de las Fuerzas Armadas y de la Polic\u00eda Nacional (DIGEV) del Ministerio de Defensa (MIDE) encabezada por su director general, el coronel Jos\u00e9 Ram\u00f3n Reyes Su\u00e1rez, FARD (DGP), particip\u00f3 activamente en ExpoSostenible 2026, celebrada\u2026","rel":"","context":"En \u00abNACIONALES\u00bb","block_context":{"text":"NACIONALES","link":"https:\/\/lasprimeras.com.do\/index.php\/category\/nacionales\/"},"img":{"alt_text":"","src":"https:\/\/i0.wp.com\/lasprimeras.com.do\/wp-content\/uploads\/2026\/04\/ExpoSostenible-2026-1.jpg?resize=350%2C200&ssl=1","width":350,"height":200,"srcset":"https:\/\/i0.wp.com\/lasprimeras.com.do\/wp-content\/uploads\/2026\/04\/ExpoSostenible-2026-1.jpg?resize=350%2C200&ssl=1 1x, https:\/\/i0.wp.com\/lasprimeras.com.do\/wp-content\/uploads\/2026\/04\/ExpoSostenible-2026-1.jpg?resize=525%2C300&ssl=1 1.5x, https:\/\/i0.wp.com\/lasprimeras.com.do\/wp-content\/uploads\/2026\/04\/ExpoSostenible-2026-1.jpg?resize=700%2C400&ssl=1 2x"},"classes":[]}],"jetpack_sharing_enabled":true,"jetpack_featured_media_url":"https:\/\/lasprimeras.com.do\/wp-content\/uploads\/2024\/01\/WhatsApp-Image-2024-01-15-at-1.34.56-PM.jpeg","_links":{"self":[{"href":"https:\/\/lasprimeras.com.do\/index.php\/wp-json\/wp\/v2\/posts\/73694","targetHints":{"allow":["GET"]}}],"collection":[{"href":"https:\/\/lasprimeras.com.do\/index.php\/wp-json\/wp\/v2\/posts"}],"about":[{"href":"https:\/\/lasprimeras.com.do\/index.php\/wp-json\/wp\/v2\/types\/post"}],"author":[{"embeddable":true,"href":"https:\/\/lasprimeras.com.do\/index.php\/wp-json\/wp\/v2\/users\/3"}],"replies":[{"embeddable":true,"href":"https:\/\/lasprimeras.com.do\/index.php\/wp-json\/wp\/v2\/comments?post=73694"}],"version-history":[{"count":1,"href":"https:\/\/lasprimeras.com.do\/index.php\/wp-json\/wp\/v2\/posts\/73694\/revisions"}],"predecessor-version":[{"id":73696,"href":"https:\/\/lasprimeras.com.do\/index.php\/wp-json\/wp\/v2\/posts\/73694\/revisions\/73696"}],"wp:featuredmedia":[{"embeddable":true,"href":"https:\/\/lasprimeras.com.do\/index.php\/wp-json\/wp\/v2\/media\/73695"}],"wp:attachment":[{"href":"https:\/\/lasprimeras.com.do\/index.php\/wp-json\/wp\/v2\/media?parent=73694"}],"wp:term":[{"taxonomy":"category","embeddable":true,"href":"https:\/\/lasprimeras.com.do\/index.php\/wp-json\/wp\/v2\/categories?post=73694"},{"taxonomy":"post_tag","embeddable":true,"href":"https:\/\/lasprimeras.com.do\/index.php\/wp-json\/wp\/v2\/tags?post=73694"}],"curies":[{"name":"wp","href":"https:\/\/api.w.org\/{rel}","templated":true}]}}