{"id":73857,"date":"2024-01-17T07:01:36","date_gmt":"2024-01-17T11:01:36","guid":{"rendered":"https:\/\/lasprimeras.com.do\/?p=73857"},"modified":"2024-01-17T07:01:37","modified_gmt":"2024-01-17T11:01:37","slug":"los-orioles-de-baltimore-abren-moderna-academia","status":"publish","type":"post","link":"https:\/\/lasprimeras.com.do\/index.php\/2024\/01\/17\/los-orioles-de-baltimore-abren-moderna-academia\/","title":{"rendered":"Los Orioles de Baltimore abren moderna academia"},"content":{"rendered":"\n<p>GUERRA. Las organizaciones de las Grandes Ligas siguen apostando a la Rep\u00fablica Dominicana como base de desarrollo para la captaci\u00f3n de nuevos talentos, que est\u00e1n llamados a convertirse en las principales caras del equipo en un futuro no lejano. Ayer el turno les toc\u00f3 a los Orioles de Baltimore, con la inauguraci\u00f3n de su moderna academia, acto que cont\u00f3 con la presencia del presidente de la Rep\u00fablica, Luis Abinader, y ejecutivos de la organizaci\u00f3n perteneciente a las Grandes Ligas.<\/p>\n\n\n\n<p>El complejo de 22.5 acres (225,000 metros cuadrados) alberga las instalaciones regionales de los Orioles para operaciones de desarrollo de jugadores del Caribe, Centro y Sudam\u00e9rica. Incluye, adem\u00e1s, tres estadios, un campo de deportivo de agilidad, t\u00faneles de bateo y lanzamiento, edificios administrativos, dormitorios e instalaciones educativas.<\/p>\n\n\n\n<p>El complejo albergar\u00e1 a m\u00e1s de 100 jugadores, entrenadores y personal, brindar\u00e1 habitaciones estilo dormitorio y espacios de entretenimiento. Incluye, tambi\u00e9n, tres aulas y un laboratorio de computaci\u00f3n, que brindar\u00e1 aprendizaje en el lugar, as\u00ed como un plan educativo para cada jugador, y un comedor que ofrecer\u00e1 comidas nutritivas diarias. \u201cEsta academia es la culminaci\u00f3n de a\u00f1os de arduo trabajo de tantas personas. Estoy agradecido a todos los que hicieron esto realidad\u201d, afirm\u00f3 Mike El\u00edas, vicepresidente ejecutivo y gerente general de los Orioles.<\/p>\n\n\n\n<p>El proyecto fue liderado por el propietario y desarrollador Brian Mej\u00eda, de Brison SRL. Los Orioles estuvieron representados por el renombrado arquitecto de academias dominicanas, Jos\u00e9 Mella, quien es considerado uno de los expertos en esta materia de instalaciones de capacitaci\u00f3n m\u00e1s destacados del pa\u00eds. Ha sido responsable en la construcci\u00f3n de m\u00e1s de la mitad de las academias de las Grandes Ligas instaladas en la Rep\u00fablica Dominicana.<\/p>\n\n\n\n<p>\u201cEstoy incre\u00edblemente orgulloso de decir que los Orioles de Baltimore ahora tienen una de las mejores instalaciones de entrenamiento en la Rep\u00fablica Dominicana\u201d, se\u00f1al\u00f3 Koby P\u00e9rez, vicepresidente de exploraci\u00f3n y operaciones internacionales del equipo.<\/p>\n\n\n\n<p>Tambi\u00e9n asistieron al acto el relevista F\u00e9lix Bautista, as\u00ed como los exjugadores que en sus momentos militaron con los Orioles; entre estos Vladimir Guerrero, Hanser Alberto, Daniel Cabrera, Ubaldo Jim\u00e9nez, Nelson Cruz, Radhames Liz, as\u00ed como el venezolano Melvin Mora.<\/p>\n","protected":false},"excerpt":{"rendered":"<p>GUERRA. Las organizaciones de las Grandes Ligas siguen apostando a la Rep\u00fablica Dominicana como base de desarrollo para la captaci\u00f3n de nuevos talentos, que est\u00e1n llamados a convertirse en las&hellip;<\/p>\n","protected":false},"author":3,"featured_media":73858,"comment_status":"open","ping_status":"open","sticky":false,"template":"","format":"standard","meta":{"content-type":"","jetpack_post_was_ever_published":false,"_jetpack_newsletter_access":"","_jetpack_dont_email_post_to_subs":false,"_jetpack_newsletter_tier_id":0,"_jetpack_memberships_contains_paywalled_content":false,"_jetpack_memberships_contains_paid_content":false,"footnotes":""},"categories":[1],"tags":[],"class_list":["post-73857","post","type-post","status-publish","format-standard","has-post-thumbnail","hentry","category-sin-categoria"],"jetpack_featured_media_url":"https:\/\/lasprimeras.com.do\/wp-content\/uploads\/2024\/01\/Declaraciones-de-madre-del-nino-ultimado-por-su-tia-en-Veron-5-3.jpg","jetpack-related-posts":[{"id":62670,"url":"https:\/\/lasprimeras.com.do\/index.php\/2023\/10\/06\/los-orioles-estan-listos-para-el-regreso-del-beisbol-de-playoffs-a-baltimore\/","url_meta":{"origin":73857,"position":0},"title":"Los Orioles est\u00e1n listos para el regreso del b\u00e9isbol de playoffs a Baltimore","author":"Nelson Feliz","date":"6 de octubre de 2023","format":false,"excerpt":"Despu\u00e9s de una temporada encantadora en Charm City. POR NO\u00c9 TRISTER BALTIMORE (AP) \u2014 Mientras sus compa\u00f1eros celebraban su campeonato de la Divisi\u00f3n Este de la Liga Americana la semana pasada, el jardinero de Baltimore Austin Hays se tom\u00f3 un momento para reflexionar sobre el viaje de los Orioles desde\u2026","rel":"","context":"En \u00abSin categor\u00eda\u00bb","block_context":{"text":"Sin categor\u00eda","link":"https:\/\/lasprimeras.com.do\/index.php\/category\/sin-categoria\/"},"img":{"alt_text":"Los Orioles","src":"https:\/\/i0.wp.com\/lasprimeras.com.do\/wp-content\/uploads\/2023\/10\/Los-Orioles.jpg?resize=350%2C200&ssl=1","width":350,"height":200,"srcset":"https:\/\/i0.wp.com\/lasprimeras.com.do\/wp-content\/uploads\/2023\/10\/Los-Orioles.jpg?resize=350%2C200&ssl=1 1x, https:\/\/i0.wp.com\/lasprimeras.com.do\/wp-content\/uploads\/2023\/10\/Los-Orioles.jpg?resize=525%2C300&ssl=1 1.5x, https:\/\/i0.wp.com\/lasprimeras.com.do\/wp-content\/uploads\/2023\/10\/Los-Orioles.jpg?resize=700%2C400&ssl=1 2x"},"classes":[]},{"id":97880,"url":"https:\/\/lasprimeras.com.do\/index.php\/2025\/04\/29\/jonron-de-tres-carreras-de-ohearn-lidera-victoria-de-orioles-4-3-sobre-yankees\/","url_meta":{"origin":73857,"position":1},"title":"Jonr\u00f3n de tres carreras de O\u2019Hearn lidera victoria de Orioles 4-3 sobre Yankees","author":"Nelson Feliz","date":"29 de abril de 2025","format":false,"excerpt":"BALTIMORE (AP) \u2014 Ryan O\u2019Hearn conect\u00f3 un jonr\u00f3n de tres carreras contra Will Warren y los Orioles de Baltimore se mantuvieron firmes para lograr una victoria de 4-3 el lunes sobre los Yankees de Nueva York. El dominicano Ram\u00f3n Laureano conect\u00f3 un doble para la otra carrera de Baltimore, y\u2026","rel":"","context":"En \u00abDEPORTES\u00bb","block_context":{"text":"DEPORTES","link":"https:\/\/lasprimeras.com.do\/index.php\/category\/deportes\/"},"img":{"alt_text":"Ryan O\u2019Hearn","src":"https:\/\/i0.wp.com\/lasprimeras.com.do\/wp-content\/uploads\/2025\/04\/Ryan-OHearn.jpg?resize=350%2C200&ssl=1","width":350,"height":200,"srcset":"https:\/\/i0.wp.com\/lasprimeras.com.do\/wp-content\/uploads\/2025\/04\/Ryan-OHearn.jpg?resize=350%2C200&ssl=1 1x, https:\/\/i0.wp.com\/lasprimeras.com.do\/wp-content\/uploads\/2025\/04\/Ryan-OHearn.jpg?resize=525%2C300&ssl=1 1.5x, https:\/\/i0.wp.com\/lasprimeras.com.do\/wp-content\/uploads\/2025\/04\/Ryan-OHearn.jpg?resize=700%2C400&ssl=1 2x"},"classes":[]},{"id":98727,"url":"https:\/\/lasprimeras.com.do\/index.php\/2025\/05\/12\/2-rbis-de-handley-ayudan-a-los-orioles-a-vencer-7-3-a-los-angelinos\/","url_meta":{"origin":73857,"position":2},"title":"2 RBIs de Handley ayudan a los Orioles a vencer 7-3 a los Angelinos","author":"Nelson Feliz","date":"12 de mayo de 2025","format":false,"excerpt":"ANAHEIM, California, EE.UU. (AP) \u2014 Gunnar Henderson conect\u00f3 el domingo un jonr\u00f3n de dos carreras durante la sexta entrada de cuatro carreras de Baltimore, y Maverick Handley consigui\u00f3 sus dos primeras carreras impulsadas en la victoria de los Orioles por 7-3 sobre los Angelinos de Los \u00c1ngeles. Zach Eflin (3-1)\u2026","rel":"","context":"En \u00abDEPORTES\u00bb","block_context":{"text":"DEPORTES","link":"https:\/\/lasprimeras.com.do\/index.php\/category\/deportes\/"},"img":{"alt_text":"","src":"https:\/\/i0.wp.com\/lasprimeras.com.do\/wp-content\/uploads\/2025\/05\/Gunnar-Henderson.jpg?resize=350%2C200&ssl=1","width":350,"height":200,"srcset":"https:\/\/i0.wp.com\/lasprimeras.com.do\/wp-content\/uploads\/2025\/05\/Gunnar-Henderson.jpg?resize=350%2C200&ssl=1 1x, https:\/\/i0.wp.com\/lasprimeras.com.do\/wp-content\/uploads\/2025\/05\/Gunnar-Henderson.jpg?resize=525%2C300&ssl=1 1.5x, https:\/\/i0.wp.com\/lasprimeras.com.do\/wp-content\/uploads\/2025\/05\/Gunnar-Henderson.jpg?resize=700%2C400&ssl=1 2x"},"classes":[]},{"id":97163,"url":"https:\/\/lasprimeras.com.do\/index.php\/2025\/04\/16\/grand-slam-temprano-de-jackson-holliday-lleva-a-los-orioles-a-una-victoria-9-1-sobre-guardianes\/","url_meta":{"origin":73857,"position":3},"title":"Grand slam temprano de Jackson Holliday lleva a los Orioles a una victoria 9-1 sobre Guardianes","author":"Nelson Feliz","date":"16 de abril de 2025","format":false,"excerpt":"BALTIMORE (AP) \u2014 Jackson Holliday conect\u00f3 un grand slam en la segunda entrada, Dean Kremer tuvo su mejor inicio de la joven temporada y los Orioles de Baltimore aplastaron 9-1 a los Guardianes de Cleveland el mi\u00e9rcoles por la noche. Holliday rompi\u00f3 una sequ\u00eda de 0 de 17 con un\u2026","rel":"","context":"En \u00abDEPORTES\u00bb","block_context":{"text":"DEPORTES","link":"https:\/\/lasprimeras.com.do\/index.php\/category\/deportes\/"},"img":{"alt_text":"","src":"https:\/\/i0.wp.com\/lasprimeras.com.do\/wp-content\/uploads\/2025\/04\/Jackson-Holliday-1.jpg?resize=350%2C200&ssl=1","width":350,"height":200,"srcset":"https:\/\/i0.wp.com\/lasprimeras.com.do\/wp-content\/uploads\/2025\/04\/Jackson-Holliday-1.jpg?resize=350%2C200&ssl=1 1x, https:\/\/i0.wp.com\/lasprimeras.com.do\/wp-content\/uploads\/2025\/04\/Jackson-Holliday-1.jpg?resize=525%2C300&ssl=1 1.5x"},"classes":[]},{"id":98512,"url":"https:\/\/lasprimeras.com.do\/index.php\/2025\/05\/08\/buxton-y-bader-disparan-grandes-cuadrangulares-y-mellizos-se-imponen-5-2-a-los-orioles\/","url_meta":{"origin":73857,"position":4},"title":"Buxton y Bader disparan grandes cuadrangulares y Mellizos se imponen 5-2 a los Orioles","author":"Nelson Feliz","date":"8 de mayo de 2025","format":false,"excerpt":"MINNEAPOLIS (AP) \u2014 Byron Buxton bate\u00f3 un jonr\u00f3n por tercer juego consecutivo y Harrison Bader conect\u00f3 un cuadrangular como emergente para llevar a los Mellizos de Minnesota a una victoria de 5-2 sobre los Orioles de Baltimore el mi\u00e9rcoles por la noche, logrando su cuarta victoria consecutiva. Buxton conect\u00f3 un\u2026","rel":"","context":"En \u00abDEPORTES\u00bb","block_context":{"text":"DEPORTES","link":"https:\/\/lasprimeras.com.do\/index.php\/category\/deportes\/"},"img":{"alt_text":"","src":"https:\/\/i0.wp.com\/lasprimeras.com.do\/wp-content\/uploads\/2025\/05\/Harrison-Bader.jpg?resize=350%2C200&ssl=1","width":350,"height":200,"srcset":"https:\/\/i0.wp.com\/lasprimeras.com.do\/wp-content\/uploads\/2025\/05\/Harrison-Bader.jpg?resize=350%2C200&ssl=1 1x, https:\/\/i0.wp.com\/lasprimeras.com.do\/wp-content\/uploads\/2025\/05\/Harrison-Bader.jpg?resize=525%2C300&ssl=1 1.5x, https:\/\/i0.wp.com\/lasprimeras.com.do\/wp-content\/uploads\/2025\/05\/Harrison-Bader.jpg?resize=700%2C400&ssl=1 2x"},"classes":[]},{"id":126055,"url":"https:\/\/lasprimeras.com.do\/index.php\/2026\/03\/29\/el-primer-remolque-de-alonso-con-orioles-impulsa-victoria-de-baltimore-8-6-ante-mellizos\/","url_meta":{"origin":73857,"position":5},"title":"El primer remolque de Alonso con Orioles impulsa victoria de Baltimore 8-6 ante Mellizos","author":"Nelson Feliz","date":"29 de marzo de 2026","format":false,"excerpt":"BALTIMORE (AP) \u2014 Pete Alonso conect\u00f3 un sencillo que impuls\u00f3 la carrera de la ventaja en la s\u00e9ptima entrada, Tyler O\u2019Neill peg\u00f3 un jonr\u00f3n de tres carreras y los Orioles de Baltimore vencieron el domingo 8-6 a los Mellizos de Minnesota. Despu\u00e9s de que los Mellizos se despegaron con ventaja\u2026","rel":"","context":"En \u00abDEPORTES\u00bb","block_context":{"text":"DEPORTES","link":"https:\/\/lasprimeras.com.do\/index.php\/category\/deportes\/"},"img":{"alt_text":"Tyler O\u2019Neill de los Orioles de Baltimore conecta un cuadrangular de tres carreras en la cuarta entrada ante los Mellizos de Minnesota","src":"https:\/\/i0.wp.com\/lasprimeras.com.do\/wp-content\/uploads\/2026\/03\/Tyler-ONeill-de-los-Orioles-de-Baltimore-conecta-un-cuadrangular-de-tres-carreras-en-la-cuarta-entrada-ante-los-Mellizos-de-Minnesota.jpg?resize=350%2C200&ssl=1","width":350,"height":200,"srcset":"https:\/\/i0.wp.com\/lasprimeras.com.do\/wp-content\/uploads\/2026\/03\/Tyler-ONeill-de-los-Orioles-de-Baltimore-conecta-un-cuadrangular-de-tres-carreras-en-la-cuarta-entrada-ante-los-Mellizos-de-Minnesota.jpg?resize=350%2C200&ssl=1 1x, https:\/\/i0.wp.com\/lasprimeras.com.do\/wp-content\/uploads\/2026\/03\/Tyler-ONeill-de-los-Orioles-de-Baltimore-conecta-un-cuadrangular-de-tres-carreras-en-la-cuarta-entrada-ante-los-Mellizos-de-Minnesota.jpg?resize=525%2C300&ssl=1 1.5x, https:\/\/i0.wp.com\/lasprimeras.com.do\/wp-content\/uploads\/2026\/03\/Tyler-ONeill-de-los-Orioles-de-Baltimore-conecta-un-cuadrangular-de-tres-carreras-en-la-cuarta-entrada-ante-los-Mellizos-de-Minnesota.jpg?resize=700%2C400&ssl=1 2x"},"classes":[]}],"jetpack_sharing_enabled":true,"_links":{"self":[{"href":"https:\/\/lasprimeras.com.do\/index.php\/wp-json\/wp\/v2\/posts\/73857","targetHints":{"allow":["GET"]}}],"collection":[{"href":"https:\/\/lasprimeras.com.do\/index.php\/wp-json\/wp\/v2\/posts"}],"about":[{"href":"https:\/\/lasprimeras.com.do\/index.php\/wp-json\/wp\/v2\/types\/post"}],"author":[{"embeddable":true,"href":"https:\/\/lasprimeras.com.do\/index.php\/wp-json\/wp\/v2\/users\/3"}],"replies":[{"embeddable":true,"href":"https:\/\/lasprimeras.com.do\/index.php\/wp-json\/wp\/v2\/comments?post=73857"}],"version-history":[{"count":1,"href":"https:\/\/lasprimeras.com.do\/index.php\/wp-json\/wp\/v2\/posts\/73857\/revisions"}],"predecessor-version":[{"id":73859,"href":"https:\/\/lasprimeras.com.do\/index.php\/wp-json\/wp\/v2\/posts\/73857\/revisions\/73859"}],"wp:featuredmedia":[{"embeddable":true,"href":"https:\/\/lasprimeras.com.do\/index.php\/wp-json\/wp\/v2\/media\/73858"}],"wp:attachment":[{"href":"https:\/\/lasprimeras.com.do\/index.php\/wp-json\/wp\/v2\/media?parent=73857"}],"wp:term":[{"taxonomy":"category","embeddable":true,"href":"https:\/\/lasprimeras.com.do\/index.php\/wp-json\/wp\/v2\/categories?post=73857"},{"taxonomy":"post_tag","embeddable":true,"href":"https:\/\/lasprimeras.com.do\/index.php\/wp-json\/wp\/v2\/tags?post=73857"}],"curies":[{"name":"wp","href":"https:\/\/api.w.org\/{rel}","templated":true}]}}