{"id":73944,"date":"2024-01-17T20:21:39","date_gmt":"2024-01-18T00:21:39","guid":{"rendered":"https:\/\/lasprimeras.com.do\/?p=73944"},"modified":"2024-01-17T20:21:40","modified_gmt":"2024-01-18T00:21:40","slug":"abinader-designa-a-igor-david-rodriguez-en-sustitucion-de-jose-ignacio-paliza","status":"publish","type":"post","link":"https:\/\/lasprimeras.com.do\/index.php\/2024\/01\/17\/abinader-designa-a-igor-david-rodriguez-en-sustitucion-de-jose-ignacio-paliza\/","title":{"rendered":"Abinader designa a Igor David Rodr\u00edguez en sustituci\u00f3n de Jos\u00e9 Ignacio Paliza"},"content":{"rendered":"\n<p>El presidente Luis Abinader design\u00f3, mediante el Decreto n\u00fam. 10-24, de fecha 9 de enero de 2024, a Igor David Rodr\u00edguez Dur\u00e1n, de forma interina, ministro Administrativo de la Presidencia, hasta tanto concluya la licencia tomada por el ministro Jos\u00e9 Ignacio Paliza.<\/p>\n\n\n\n<p>Como es sabido, mediante el Decreto n\u00fam. 324-20, del 16 de agosto del a\u00f1o 2020, el se\u00f1or Jos\u00e9 Ignacio Paliza fue designado como ministro Administrativo de la Presidencia. Sin embargo, tras ser designado como coordinador general de la campa\u00f1a presidencial del ciudadano Luis Abinader, present\u00f3 solicitud de licencia ante \u00e9ste y le fue concedida.<\/p>\n\n\n\n<p>Igor Rodr\u00edguez se desempe\u00f1aba como viceministro de Jos\u00e9 Ignacio Paliza desde el 16 de agosto de 2020 siendo hasta ahora el viceministro Administrativo y Financiero del Ministerio Administrativo de la Presidencia.<\/p>\n\n\n\n<p>Rodr\u00edguez, es egresado de la Pontificia Universidad Cat\u00f3lica Madre y Maestra (PUCMM), en Ingenier\u00eda en Sistemas y C\u00f3mputos. Maestr\u00edas en Ingenier\u00eda del Software, Administraci\u00f3n de Empresas, Gesti\u00f3n Ejecutiva y Log\u00edstica en la Pontificia Universidad Cat\u00f3lica Madre y Maestra de Santiago (PUCMM), por 24 a\u00f1os labor\u00f3 en una importante firma licorera de la Rep\u00fablica Dominicana.<\/p>\n\n\n\n<div data-wp-interactive=\"core\/file\" class=\"wp-block-file\"><object data-wp-bind--hidden=\"!state.hasPdfPreview\" hidden class=\"wp-block-file__embed\" data=\"https:\/\/lasprimeras.com.do\/wp-content\/uploads\/2024\/01\/Decreto-10-24.pdf\" type=\"application\/pdf\" style=\"width:100%;height:600px\" aria-label=\"Incrustado de Decreto-10-24.\"><\/object><a id=\"wp-block-file--media-b33f3193-857f-4394-ae5d-769759bd0f1c\" href=\"https:\/\/lasprimeras.com.do\/wp-content\/uploads\/2024\/01\/Decreto-10-24.pdf\">Decreto-10-24<\/a><a href=\"https:\/\/lasprimeras.com.do\/wp-content\/uploads\/2024\/01\/Decreto-10-24.pdf\" class=\"wp-block-file__button wp-element-button\" download aria-describedby=\"wp-block-file--media-b33f3193-857f-4394-ae5d-769759bd0f1c\">Descarga<\/a><\/div>\n","protected":false},"excerpt":{"rendered":"<p>El presidente Luis Abinader design\u00f3, mediante el Decreto n\u00fam. 10-24, de fecha 9 de enero de 2024, a Igor David Rodr\u00edguez Dur\u00e1n, de forma interina, ministro Administrativo de la Presidencia,&hellip;<\/p>\n","protected":false},"author":2,"featured_media":73946,"comment_status":"open","ping_status":"open","sticky":false,"template":"","format":"standard","meta":{"content-type":"","jetpack_post_was_ever_published":false,"_jetpack_newsletter_access":"","_jetpack_dont_email_post_to_subs":false,"_jetpack_newsletter_tier_id":0,"_jetpack_memberships_contains_paywalled_content":false,"_jetpack_memberships_contains_paid_content":false,"footnotes":""},"categories":[35,25],"tags":[11074,1420,67],"class_list":["post-73944","post","type-post","status-publish","format-standard","has-post-thumbnail","hentry","category-nacionales","category-portada","tag-igor-david-rodriguez","tag-jose-ignacio-paliza","tag-luis-abinader"],"jetpack_featured_media_url":"https:\/\/lasprimeras.com.do\/wp-content\/uploads\/2024\/01\/Igor-David-Rodriguez-Duran.jpg","jetpack-related-posts":[{"id":119246,"url":"https:\/\/lasprimeras.com.do\/index.php\/2026\/01\/09\/paliza-asegura-que-vendran-otros-cambios-mas\/","url_meta":{"origin":73944,"position":0},"title":"Paliza asegura que \u201cvendr\u00e1n otros cambios m\u00e1s\u201d","author":"Nelson Feliz","date":"9 de enero de 2026","format":false,"excerpt":"Jos\u00e9 Ignacio Paliza","rel":"","context":"En \u00abPOLITICA\u00bb","block_context":{"text":"POLITICA","link":"https:\/\/lasprimeras.com.do\/index.php\/category\/politica\/"},"img":{"alt_text":"","src":"https:\/\/i0.wp.com\/lasprimeras.com.do\/wp-content\/uploads\/2025\/07\/paliza.jpg?resize=350%2C200&ssl=1","width":350,"height":200,"srcset":"https:\/\/i0.wp.com\/lasprimeras.com.do\/wp-content\/uploads\/2025\/07\/paliza.jpg?resize=350%2C200&ssl=1 1x, https:\/\/i0.wp.com\/lasprimeras.com.do\/wp-content\/uploads\/2025\/07\/paliza.jpg?resize=525%2C300&ssl=1 1.5x, https:\/\/i0.wp.com\/lasprimeras.com.do\/wp-content\/uploads\/2025\/07\/paliza.jpg?resize=700%2C400&ssl=1 2x"},"classes":[]},{"id":87693,"url":"https:\/\/lasprimeras.com.do\/index.php\/2024\/08\/15\/abinader-nombra-a-paliza-ministro-de-la-presidencia-y-a-joel-santos-de-energia-y-minas\/","url_meta":{"origin":73944,"position":1},"title":"Abinader nombra a Paliza ministro de la Presidencia y a Joel Santos de Energ\u00eda y Minas","author":"Nelson Feliz","date":"15 de agosto de 2024","format":false,"excerpt":"El presidente Luis Abinader sigue con los movimientos para conformar su gabinete con miras a su segundo mandato que inicia este viernes y en esta ocasi\u00f3n design\u00f3 a Jos\u00e9 Ignacio Paliza, como ministro de la Presidencia en sustituci\u00f3n de Joel Santos. Asimismo, design\u00f3 a Santos en el Ministerio de Energ\u00eda\u2026","rel":"","context":"En \u00abPORTADA\u00bb","block_context":{"text":"PORTADA","link":"https:\/\/lasprimeras.com.do\/index.php\/category\/portada\/"},"img":{"alt_text":"Paliza y Joel","src":"https:\/\/i0.wp.com\/lasprimeras.com.do\/wp-content\/uploads\/2024\/08\/Paliza-y-Joel.jpg?resize=350%2C200&ssl=1","width":350,"height":200,"srcset":"https:\/\/i0.wp.com\/lasprimeras.com.do\/wp-content\/uploads\/2024\/08\/Paliza-y-Joel.jpg?resize=350%2C200&ssl=1 1x, https:\/\/i0.wp.com\/lasprimeras.com.do\/wp-content\/uploads\/2024\/08\/Paliza-y-Joel.jpg?resize=525%2C300&ssl=1 1.5x, https:\/\/i0.wp.com\/lasprimeras.com.do\/wp-content\/uploads\/2024\/08\/Paliza-y-Joel.jpg?resize=700%2C400&ssl=1 2x"},"classes":[]},{"id":110198,"url":"https:\/\/lasprimeras.com.do\/index.php\/2025\/09\/25\/ivan-lorenzo-pide-a-abinader-y-paliza-dar-explicacion-sobre-la-renegociacion-del-contrato-aerodom\/","url_meta":{"origin":73944,"position":2},"title":"Iv\u00e1n Lorenzo pide a Abinader y Paliza dar explicaci\u00f3n sobre la renegociaci\u00f3n del contrato AERODOM","author":"Nelson Feliz","date":"25 de septiembre de 2025","format":false,"excerpt":"El vicepresidente del Partido de la Liberaci\u00f3n Dominicana (PLD), Iv\u00e1n Lorenzo, solicit\u00f3 este jueves al presidente de la Rep\u00fablica, Luis Abinader y al ministro de la Presidencia, Jos\u00e9 Ignacio Paliza, dar una explicaci\u00f3n al pa\u00eds sobre el contrato de Aeropuertos Dominicanos Siglo XXI (Aerodom). \"Es necesario que tanto los comisionados\u2026","rel":"","context":"En \u00abPOLITICA\u00bb","block_context":{"text":"POLITICA","link":"https:\/\/lasprimeras.com.do\/index.php\/category\/politica\/"},"img":{"alt_text":"","src":"https:\/\/i0.wp.com\/lasprimeras.com.do\/wp-content\/uploads\/2025\/09\/Yvan-Lorenzo.jpg?resize=350%2C200&ssl=1","width":350,"height":200,"srcset":"https:\/\/i0.wp.com\/lasprimeras.com.do\/wp-content\/uploads\/2025\/09\/Yvan-Lorenzo.jpg?resize=350%2C200&ssl=1 1x, https:\/\/i0.wp.com\/lasprimeras.com.do\/wp-content\/uploads\/2025\/09\/Yvan-Lorenzo.jpg?resize=525%2C300&ssl=1 1.5x, https:\/\/i0.wp.com\/lasprimeras.com.do\/wp-content\/uploads\/2025\/09\/Yvan-Lorenzo.jpg?resize=700%2C400&ssl=1 2x"},"classes":[]},{"id":87737,"url":"https:\/\/lasprimeras.com.do\/index.php\/2024\/08\/16\/presidente-abinader-nombra-a-antonio-almonte-como-consul-general-de-la-rd-en-boston\/","url_meta":{"origin":73944,"position":3},"title":"Presidente Abinader nombra a Antonio Almonte como c\u00f3nsul general de la RD en Boston","author":"Nelson Feliz","date":"16 de agosto de 2024","format":false,"excerpt":"Poder Ejecutivo emite decreto que nombra a Enrique Garc\u00eda S\u00e1nchez como embajador en el Servicio Interno del Ministerio de Relaciones Exteriores. El presidente Luis Abinader nombr\u00f3 mediante el decreto 444-24 a Antonio Almonte como c\u00f3nsul general de la Rep\u00fablica Dominicana en Boston, Massachusetts, tras culminar sus cuatro a\u00f1os como ministro\u2026","rel":"","context":"En \u00abNACIONALES\u00bb","block_context":{"text":"NACIONALES","link":"https:\/\/lasprimeras.com.do\/index.php\/category\/nacionales\/"},"img":{"alt_text":"Antonio Almonte","src":"https:\/\/i0.wp.com\/lasprimeras.com.do\/wp-content\/uploads\/2023\/07\/Antonio-Almonte.jpg?resize=350%2C200&ssl=1","width":350,"height":200,"srcset":"https:\/\/i0.wp.com\/lasprimeras.com.do\/wp-content\/uploads\/2023\/07\/Antonio-Almonte.jpg?resize=350%2C200&ssl=1 1x, https:\/\/i0.wp.com\/lasprimeras.com.do\/wp-content\/uploads\/2023\/07\/Antonio-Almonte.jpg?resize=525%2C300&ssl=1 1.5x, https:\/\/i0.wp.com\/lasprimeras.com.do\/wp-content\/uploads\/2023\/07\/Antonio-Almonte.jpg?resize=700%2C400&ssl=1 2x"},"classes":[]},{"id":67926,"url":"https:\/\/lasprimeras.com.do\/index.php\/2023\/11\/20\/ministro-paliza-atender-familias-afectadas-sin-mirar-colores-partidarios\/","url_meta":{"origin":73944,"position":4},"title":"Ministro Paliza: &#8220;Atender familias afectadas sin mirar colores partidarios&#8221;","author":"Nelson Feliz","date":"20 de noviembre de 2023","format":false,"excerpt":"Hoy visitaron los sectores de Arroyo Bonito, Bella Colina y Los Rieles de Santo Domingo Oeste. El ministro Administrativo de la Presidencia, Jos\u00e9 Ignacio Paliza visit\u00f3 hoy el centro de acopio de Santo Domingo Oeste, desde donde se atender\u00e1n a las familias afectadas por las lluvias del fin de semana\u2026","rel":"","context":"En \u00abNACIONALES\u00bb","block_context":{"text":"NACIONALES","link":"https:\/\/lasprimeras.com.do\/index.php\/category\/nacionales\/"},"img":{"alt_text":"Jos\u00e9 Ignacio Paliza","src":"https:\/\/i0.wp.com\/lasprimeras.com.do\/wp-content\/uploads\/2023\/11\/Jose-Ignacio-Paliza-1.jpg?resize=350%2C200&ssl=1","width":350,"height":200,"srcset":"https:\/\/i0.wp.com\/lasprimeras.com.do\/wp-content\/uploads\/2023\/11\/Jose-Ignacio-Paliza-1.jpg?resize=350%2C200&ssl=1 1x, https:\/\/i0.wp.com\/lasprimeras.com.do\/wp-content\/uploads\/2023\/11\/Jose-Ignacio-Paliza-1.jpg?resize=525%2C300&ssl=1 1.5x, https:\/\/i0.wp.com\/lasprimeras.com.do\/wp-content\/uploads\/2023\/11\/Jose-Ignacio-Paliza-1.jpg?resize=700%2C400&ssl=1 2x"},"classes":[]},{"id":73097,"url":"https:\/\/lasprimeras.com.do\/index.php\/2024\/01\/05\/abinader-designa-a-paliza-y-faride-raful-como-coordinadores-de-su-campana\/","url_meta":{"origin":73944,"position":5},"title":"Abinader designa a Paliza y Faride Raful como coordinadores de su campa\u00f1a","author":"BIMARY DE JES\u00daS Matos","date":"5 de enero de 2024","format":false,"excerpt":"Santo Domingo.-Jos\u00e9 Ignacio Paliza, presidente del Partido Revolucionario Moderno (PRM), inform\u00f3 que asumir\u00e1 el rol de coordinador general en la campa\u00f1a presidencial de Luis Abinader, accediendo a la solicitud formal realizada por el jefe de Estado. Explic\u00f3 que la actual senadora del Distrito Nacional, Faride Raful, estar\u00e1 como co-cordinadora de\u2026","rel":"","context":"En \u00abSin categor\u00eda\u00bb","block_context":{"text":"Sin categor\u00eda","link":"https:\/\/lasprimeras.com.do\/index.php\/category\/sin-categoria\/"},"img":{"alt_text":"","src":"https:\/\/i0.wp.com\/lasprimeras.com.do\/wp-content\/uploads\/2024\/01\/657cfd6f3a4da.png?resize=350%2C200&ssl=1","width":350,"height":200,"srcset":"https:\/\/i0.wp.com\/lasprimeras.com.do\/wp-content\/uploads\/2024\/01\/657cfd6f3a4da.png?resize=350%2C200&ssl=1 1x, https:\/\/i0.wp.com\/lasprimeras.com.do\/wp-content\/uploads\/2024\/01\/657cfd6f3a4da.png?resize=525%2C300&ssl=1 1.5x, https:\/\/i0.wp.com\/lasprimeras.com.do\/wp-content\/uploads\/2024\/01\/657cfd6f3a4da.png?resize=700%2C400&ssl=1 2x"},"classes":[]}],"jetpack_sharing_enabled":true,"_links":{"self":[{"href":"https:\/\/lasprimeras.com.do\/index.php\/wp-json\/wp\/v2\/posts\/73944","targetHints":{"allow":["GET"]}}],"collection":[{"href":"https:\/\/lasprimeras.com.do\/index.php\/wp-json\/wp\/v2\/posts"}],"about":[{"href":"https:\/\/lasprimeras.com.do\/index.php\/wp-json\/wp\/v2\/types\/post"}],"author":[{"embeddable":true,"href":"https:\/\/lasprimeras.com.do\/index.php\/wp-json\/wp\/v2\/users\/2"}],"replies":[{"embeddable":true,"href":"https:\/\/lasprimeras.com.do\/index.php\/wp-json\/wp\/v2\/comments?post=73944"}],"version-history":[{"count":1,"href":"https:\/\/lasprimeras.com.do\/index.php\/wp-json\/wp\/v2\/posts\/73944\/revisions"}],"predecessor-version":[{"id":73947,"href":"https:\/\/lasprimeras.com.do\/index.php\/wp-json\/wp\/v2\/posts\/73944\/revisions\/73947"}],"wp:featuredmedia":[{"embeddable":true,"href":"https:\/\/lasprimeras.com.do\/index.php\/wp-json\/wp\/v2\/media\/73946"}],"wp:attachment":[{"href":"https:\/\/lasprimeras.com.do\/index.php\/wp-json\/wp\/v2\/media?parent=73944"}],"wp:term":[{"taxonomy":"category","embeddable":true,"href":"https:\/\/lasprimeras.com.do\/index.php\/wp-json\/wp\/v2\/categories?post=73944"},{"taxonomy":"post_tag","embeddable":true,"href":"https:\/\/lasprimeras.com.do\/index.php\/wp-json\/wp\/v2\/tags?post=73944"}],"curies":[{"name":"wp","href":"https:\/\/api.w.org\/{rel}","templated":true}]}}