{"id":74057,"date":"2024-01-18T21:49:01","date_gmt":"2024-01-19T01:49:01","guid":{"rendered":"https:\/\/lasprimeras.com.do\/?p=74057"},"modified":"2024-01-18T21:49:03","modified_gmt":"2024-01-19T01:49:03","slug":"prm-asegura-ganara-el-70-75-de-las-alcaldias-dicen-denuncias-de-la-oposicion-son-gritos-desesperados","status":"publish","type":"post","link":"https:\/\/lasprimeras.com.do\/index.php\/2024\/01\/18\/prm-asegura-ganara-el-70-75-de-las-alcaldias-dicen-denuncias-de-la-oposicion-son-gritos-desesperados\/","title":{"rendered":"PRM asegura ganar\u00e1 el 70-75% de las alcald\u00edas; dicen denuncias de la oposici\u00f3n son &#8220;gritos desesperados&#8221;"},"content":{"rendered":"\n<p><strong>Partido de Gobierno saldr\u00e1 a las calles este fin de semana.<\/strong><\/p>\n\n\n\n<p>Luego de que distintos partidos de la oposici\u00f3n denunciaran a trav\u00e9s de distintas v\u00edas que el Poder Ejecutivo ha estado utilizando recursos econ\u00f3micos del Estado para beneficios de los candidatos municipales del Partido Revolucionario Moderno (PRM).<\/p>\n\n\n\n<p>El miembro de la direcci\u00f3n ejecutiva del PRM y alcalde de La Vega, Kelvin Cruz, indic\u00f3 que las mismas denuncias se tratan de gritos &#8220;que eran de esperarse.<\/p>\n\n\n\n<p>&#8220;\u00c9l que sabe que va para un precipicio, \u00e9l que sabe que va rumbo a una derrota vergonzosa pues tiene que ponerse adelante para tratar de desacreditar, tratar de desenfocar y de interrumpir este programa de trabajo que llevamos desde hace mucho tiempo; es que a los amigos de la oposici\u00f3n se les pas\u00f3 el tiempo tratando de resolver problemas internos, que todav\u00eda existen&#8221;, expres\u00f3 Cruz.<\/p>\n\n\n\n<p>El ed\u00edl, indic\u00f3 que ese trabajo pol\u00edtico dar\u00e1 como resultado que el partido oficialista gane el &#8220;70-75%&#8221; de las alcald\u00edas pautadas a disputarse en las elecciones municipales del 18 de febrero y que eso se traducir\u00e1 en la victoria del presidente Luis Abinader &#8220;con m\u00e1s de un 60%&#8221; en el torneo electoral de mayo pr\u00f3ximo.<\/p>\n\n\n\n<p>En ese mismo orden, el presidente de la Liga Municipal Dominicana (LMD), V\u00edctor D&#8217; Aza, se\u00f1al\u00f3 que mientras la oposici\u00f3n siga denunciando &#8220;cosas que el pueblo no siente&#8221; van a seguir reduciendo su puntuaci\u00f3n en los sondeos y encuestas.<\/p>\n\n\n\n<p>&#8220;Siempre que acusan al PRM de algo que la poblaci\u00f3n no est\u00e1 sintiendo, y que por el contrario las acciones de nuestro Gobierno tienen cada d\u00eda m\u00e1s m\u00e9rito en la estima p\u00fablica, en esa misma medida se empeque\u00f1ecen lo partidos de la oposici\u00f3n haciendo planteamientos simplemente por oponerse&#8221;, manifest\u00f3 D&#8217; Aza.<\/p>\n\n\n\n<p><strong>PARA LAS CALLES EL FIN DE SEMANA<\/strong><\/p>\n\n\n\n<p>Ambos dirigentes anunciaron en rueda de prensa que entre viernes y s\u00e1bado realizar\u00e1n m\u00faltiples movilizaciones en &#8220;todo el territorio nacional&#8221; para continuar motivando el voto a favor de sus candidatos en los pr\u00f3ximos comicios.<\/p>\n\n\n\n<p>Los mismos indican que el presidente Abinader estar\u00e1 encabezando las marchas caravanas pautadas a celebrarse el s\u00e1bado en las provincias de Hato Mayor y La Altagracia.<\/p>\n","protected":false},"excerpt":{"rendered":"<p>Partido de Gobierno saldr\u00e1 a las calles este fin de semana. Luego de que distintos partidos de la oposici\u00f3n denunciaran a trav\u00e9s de distintas v\u00edas que el Poder Ejecutivo ha&hellip;<\/p>\n","protected":false},"author":2,"featured_media":74058,"comment_status":"open","ping_status":"open","sticky":false,"template":"","format":"standard","meta":{"content-type":"","jetpack_post_was_ever_published":false,"_jetpack_newsletter_access":"","_jetpack_dont_email_post_to_subs":false,"_jetpack_newsletter_tier_id":0,"_jetpack_memberships_contains_paywalled_content":false,"_jetpack_memberships_contains_paid_content":false,"footnotes":""},"categories":[25],"tags":[1033,4486,11104,341,31],"class_list":["post-74057","post","type-post","status-publish","format-standard","has-post-thumbnail","hentry","category-portada","tag-alcaldias","tag-ganara","tag-gritos-desesperados","tag-oposicion","tag-prm"],"jetpack_featured_media_url":"https:\/\/lasprimeras.com.do\/wp-content\/uploads\/2024\/01\/PRM-1.jpeg","jetpack-related-posts":[{"id":122378,"url":"https:\/\/lasprimeras.com.do\/index.php\/2026\/02\/16\/leonel-a-abinader-el-problema-en-los-bolsillos-de-la-gente-no-se-resuelve-con-busquedas-en-google\/","url_meta":{"origin":74057,"position":0},"title":"Leonel a Abinader: El problema en los bolsillos de la gente no se resuelve con b\u00fasquedas en Google","author":"Nelson Feliz","date":"16 de febrero de 2026","format":false,"excerpt":"Dijo que ante los partidos de oposici\u00f3n que crecen, el gobierno reacciona con arrogancia, pero que los problemas de los dominicanos se resuelven con \u201cpol\u00edticas p\u00fablicas que garanticen bienestar, estabilidad y oportunidades para todos\u201d. El expresidente de la Rep\u00fablica y titular del Partido Fuerza del Pueblo, Leonel Fern\u00e1ndez, reaccion\u00f3 este\u2026","rel":"","context":"En \u00abPOLITICA\u00bb","block_context":{"text":"POLITICA","link":"https:\/\/lasprimeras.com.do\/index.php\/category\/politica\/"},"img":{"alt_text":"Leonel Fern\u00e1ndez","src":"https:\/\/i0.wp.com\/lasprimeras.com.do\/wp-content\/uploads\/2025\/11\/Leonel-Fernandez.jpg?resize=350%2C200&ssl=1","width":350,"height":200,"srcset":"https:\/\/i0.wp.com\/lasprimeras.com.do\/wp-content\/uploads\/2025\/11\/Leonel-Fernandez.jpg?resize=350%2C200&ssl=1 1x, https:\/\/i0.wp.com\/lasprimeras.com.do\/wp-content\/uploads\/2025\/11\/Leonel-Fernandez.jpg?resize=525%2C300&ssl=1 1.5x"},"classes":[]},{"id":128883,"url":"https:\/\/lasprimeras.com.do\/index.php\/2026\/04\/27\/dirigentes-de-la-fp-cuestionan-gestion-del-prm-en-el-ayuntamiento-de-la-vega\/","url_meta":{"origin":74057,"position":1},"title":"Dirigentes de la FP cuestionan gesti\u00f3n del PRM en el Ayuntamiento de La Vega","author":"Nelson Feliz","date":"27 de abril de 2026","format":false,"excerpt":"La rendici\u00f3n de cuentas presentada por la gesti\u00f3n municipal del Partido Revolucionario Moderno -PRM- en el Ayuntamiento de La Vega ha desatado fuertes cr\u00edticas por parte de dirigentes de la Fuerza del Pueblo, quienes consideran que existe una profunda desconexi\u00f3n entre los discursos oficiales y la realidad que viven diariamente\u2026","rel":"","context":"En \u00abPOLITICA\u00bb","block_context":{"text":"POLITICA","link":"https:\/\/lasprimeras.com.do\/index.php\/category\/politica\/"},"img":{"alt_text":"","src":"https:\/\/i0.wp.com\/lasprimeras.com.do\/wp-content\/uploads\/2026\/04\/regidor.jpg?resize=350%2C200&ssl=1","width":350,"height":200,"srcset":"https:\/\/i0.wp.com\/lasprimeras.com.do\/wp-content\/uploads\/2026\/04\/regidor.jpg?resize=350%2C200&ssl=1 1x, https:\/\/i0.wp.com\/lasprimeras.com.do\/wp-content\/uploads\/2026\/04\/regidor.jpg?resize=525%2C300&ssl=1 1.5x, https:\/\/i0.wp.com\/lasprimeras.com.do\/wp-content\/uploads\/2026\/04\/regidor.jpg?resize=700%2C400&ssl=1 2x"},"classes":[]},{"id":81239,"url":"https:\/\/lasprimeras.com.do\/index.php\/2024\/04\/18\/leonel-en-el-prm-andan-de-caceria-porque-saben-que-no-podran-ganar-las-elecciones\/","url_meta":{"origin":74057,"position":2},"title":"Leonel: En el PRM andan de cacer\u00eda, porque saben que no podr\u00e1n ganar las elecciones","author":"BIMARY DE JES\u00daS Matos","date":"18 de abril de 2024","format":false,"excerpt":"Es preocupante que el diputado m\u00e1s votado del PRM sea condenado por narcotr\u00e1fico en un tribunal de los Estados Unidos Santo Domingo.- El candidato presidencial de la Fuerza del Pueblo, Leonel Fern\u00e1ndez, asegur\u00f3 que los dirigentes del PRM saben que no podr\u00e1n ganar las elecciones del 19 de mayo, por\u2026","rel":"","context":"En \u00abSin categor\u00eda\u00bb","block_context":{"text":"Sin categor\u00eda","link":"https:\/\/lasprimeras.com.do\/index.php\/category\/sin-categoria\/"},"img":{"alt_text":"","src":"https:\/\/i0.wp.com\/lasprimeras.com.do\/wp-content\/uploads\/2024\/04\/IMG-20240418-WA0041.jpg?resize=350%2C200&ssl=1","width":350,"height":200,"srcset":"https:\/\/i0.wp.com\/lasprimeras.com.do\/wp-content\/uploads\/2024\/04\/IMG-20240418-WA0041.jpg?resize=350%2C200&ssl=1 1x, https:\/\/i0.wp.com\/lasprimeras.com.do\/wp-content\/uploads\/2024\/04\/IMG-20240418-WA0041.jpg?resize=525%2C300&ssl=1 1.5x, https:\/\/i0.wp.com\/lasprimeras.com.do\/wp-content\/uploads\/2024\/04\/IMG-20240418-WA0041.jpg?resize=700%2C400&ssl=1 2x, https:\/\/i0.wp.com\/lasprimeras.com.do\/wp-content\/uploads\/2024\/04\/IMG-20240418-WA0041.jpg?resize=1050%2C600&ssl=1 3x, https:\/\/i0.wp.com\/lasprimeras.com.do\/wp-content\/uploads\/2024\/04\/IMG-20240418-WA0041.jpg?resize=1400%2C800&ssl=1 4x"},"classes":[]},{"id":112190,"url":"https:\/\/lasprimeras.com.do\/index.php\/2025\/10\/19\/johnny-pujols-el-pld-denuncio-con-tiempo-la-presencia-del-narcotrafico-en-la-campana-electoral-del-prm\/","url_meta":{"origin":74057,"position":3},"title":"Johnny Pujols: &#8220;El PLD denunci\u00f3 con tiempo la presencia del narcotr\u00e1fico en la campa\u00f1a electoral del PRM&#8221;","author":"Nelson Feliz","date":"19 de octubre de 2025","format":false,"excerpt":"El Secretario general del Partido de la Liberaci\u00f3n Dominicana (PLD), Johnny Pujosl, lament\u00f3 que personas vinculadas al narcotr\u00e1fico hayan alcanzado posiciones en el Congreso Nacional, lo que considera resta calidad institucional al tiempo de asegurar que ning\u00fan exfuncionario de los gobiernos peledeistas ha sido solicitado en extradici\u00f3n por narcotr\u00e1fico Pujols\u2026","rel":"","context":"En \u00abPOLITICA\u00bb","block_context":{"text":"POLITICA","link":"https:\/\/lasprimeras.com.do\/index.php\/category\/politica\/"},"img":{"alt_text":"","src":"https:\/\/i0.wp.com\/lasprimeras.com.do\/wp-content\/uploads\/2025\/07\/Johnny-Pujols.jpg?resize=350%2C200&ssl=1","width":350,"height":200,"srcset":"https:\/\/i0.wp.com\/lasprimeras.com.do\/wp-content\/uploads\/2025\/07\/Johnny-Pujols.jpg?resize=350%2C200&ssl=1 1x, https:\/\/i0.wp.com\/lasprimeras.com.do\/wp-content\/uploads\/2025\/07\/Johnny-Pujols.jpg?resize=525%2C300&ssl=1 1.5x, https:\/\/i0.wp.com\/lasprimeras.com.do\/wp-content\/uploads\/2025\/07\/Johnny-Pujols.jpg?resize=700%2C400&ssl=1 2x"},"classes":[]},{"id":107509,"url":"https:\/\/lasprimeras.com.do\/index.php\/2025\/08\/27\/antonio-marte-ve-dificil-que-el-prm-retenga-el-poder-si-omar-fernandez-es-candidato-presidencial\/","url_meta":{"origin":74057,"position":4},"title":"Antonio Marte ve dif\u00edcil que el PRM retenga el poder si Omar Fern\u00e1ndez es candidato presidencial","author":"Nelson Feliz","date":"27 de agosto de 2025","format":false,"excerpt":"El senador y aliado al partido de gobierno tambi\u00e9n reconoci\u00f3 que en el PRM hay buenos candidatos y resalt\u00f3 a Carolina Mej\u00eda y la vicepresidenta Raquel Pe\u00f1a. El senador y presidente del Partido Primero la Gente (PPG), Antonio Marte, plante\u00f3 este mi\u00e9rcoles que si Omar Fern\u00e1ndez es el candidato presidencial\u2026","rel":"","context":"En \u00abPOLITICA\u00bb","block_context":{"text":"POLITICA","link":"https:\/\/lasprimeras.com.do\/index.php\/category\/politica\/"},"img":{"alt_text":"","src":"https:\/\/i0.wp.com\/lasprimeras.com.do\/wp-content\/uploads\/2025\/08\/Antonio-Marte.jpg?resize=350%2C200&ssl=1","width":350,"height":200,"srcset":"https:\/\/i0.wp.com\/lasprimeras.com.do\/wp-content\/uploads\/2025\/08\/Antonio-Marte.jpg?resize=350%2C200&ssl=1 1x, https:\/\/i0.wp.com\/lasprimeras.com.do\/wp-content\/uploads\/2025\/08\/Antonio-Marte.jpg?resize=525%2C300&ssl=1 1.5x, https:\/\/i0.wp.com\/lasprimeras.com.do\/wp-content\/uploads\/2025\/08\/Antonio-Marte.jpg?resize=700%2C400&ssl=1 2x"},"classes":[]},{"id":114538,"url":"https:\/\/lasprimeras.com.do\/index.php\/2025\/11\/15\/yamel-garcia-asegura-lf-vencera-abrumadoramente-al-prm-en-el-2028\/","url_meta":{"origin":74057,"position":5},"title":"Yamel Garc\u00eda asegura LF vencer\u00e1 abrumadoramente al PRM en el 2028","author":"Nelson Feliz","date":"15 de noviembre de 2025","format":false,"excerpt":"La dirigente nacional del partido Fuerza del Pueblo (FP), empresaria Yamel Garc\u00eda, manifest\u00f3 hoy que Leonel Fern\u00e1ndez es la persona m\u00e1s capacitada y de mayor experiencia de Estado para dirigir la naci\u00f3n dominicana y conducirla hacia las transformaciones sociales y econ\u00f3micas requeridas por el pueblo para lograr su progreso y\u2026","rel":"","context":"En \u00abPOLITICA\u00bb","block_context":{"text":"POLITICA","link":"https:\/\/lasprimeras.com.do\/index.php\/category\/politica\/"},"img":{"alt_text":"Yamel Garc\u00eda","src":"https:\/\/i0.wp.com\/lasprimeras.com.do\/wp-content\/uploads\/2025\/11\/Yamel-Garcia.jpg?resize=350%2C200&ssl=1","width":350,"height":200,"srcset":"https:\/\/i0.wp.com\/lasprimeras.com.do\/wp-content\/uploads\/2025\/11\/Yamel-Garcia.jpg?resize=350%2C200&ssl=1 1x, https:\/\/i0.wp.com\/lasprimeras.com.do\/wp-content\/uploads\/2025\/11\/Yamel-Garcia.jpg?resize=525%2C300&ssl=1 1.5x"},"classes":[]}],"jetpack_sharing_enabled":true,"_links":{"self":[{"href":"https:\/\/lasprimeras.com.do\/index.php\/wp-json\/wp\/v2\/posts\/74057","targetHints":{"allow":["GET"]}}],"collection":[{"href":"https:\/\/lasprimeras.com.do\/index.php\/wp-json\/wp\/v2\/posts"}],"about":[{"href":"https:\/\/lasprimeras.com.do\/index.php\/wp-json\/wp\/v2\/types\/post"}],"author":[{"embeddable":true,"href":"https:\/\/lasprimeras.com.do\/index.php\/wp-json\/wp\/v2\/users\/2"}],"replies":[{"embeddable":true,"href":"https:\/\/lasprimeras.com.do\/index.php\/wp-json\/wp\/v2\/comments?post=74057"}],"version-history":[{"count":1,"href":"https:\/\/lasprimeras.com.do\/index.php\/wp-json\/wp\/v2\/posts\/74057\/revisions"}],"predecessor-version":[{"id":74059,"href":"https:\/\/lasprimeras.com.do\/index.php\/wp-json\/wp\/v2\/posts\/74057\/revisions\/74059"}],"wp:featuredmedia":[{"embeddable":true,"href":"https:\/\/lasprimeras.com.do\/index.php\/wp-json\/wp\/v2\/media\/74058"}],"wp:attachment":[{"href":"https:\/\/lasprimeras.com.do\/index.php\/wp-json\/wp\/v2\/media?parent=74057"}],"wp:term":[{"taxonomy":"category","embeddable":true,"href":"https:\/\/lasprimeras.com.do\/index.php\/wp-json\/wp\/v2\/categories?post=74057"},{"taxonomy":"post_tag","embeddable":true,"href":"https:\/\/lasprimeras.com.do\/index.php\/wp-json\/wp\/v2\/tags?post=74057"}],"curies":[{"name":"wp","href":"https:\/\/api.w.org\/{rel}","templated":true}]}}