{"id":74066,"date":"2024-01-18T22:16:52","date_gmt":"2024-01-19T02:16:52","guid":{"rendered":"https:\/\/lasprimeras.com.do\/?p=74066"},"modified":"2024-01-18T22:16:53","modified_gmt":"2024-01-19T02:16:53","slug":"cesar-dargam-dice-que-el-codigo-laboral-es-de-un-pais-que-ya-no-existe","status":"publish","type":"post","link":"https:\/\/lasprimeras.com.do\/index.php\/2024\/01\/18\/cesar-dargam-dice-que-el-codigo-laboral-es-de-un-pais-que-ya-no-existe\/","title":{"rendered":"C\u00e9sar Dargam dice que el C\u00f3digo Laboral es de un pa\u00eds que ya &#8220;no existe&#8221;"},"content":{"rendered":"\n<p><strong>El C\u00f3digo de Trabajo cumplir\u00e1 32 a\u00f1os en 2024, su creaci\u00f3n fue en 1992.<\/strong><\/p>\n\n\n\n<p>El vicepresidente del Consejo Nacional de la Empresa Privada (Conep), C\u00e9sar Dargam, dijo este jueves que el C\u00f3digo Laboral &#8220;es de un pa\u00eds (Rep\u00fablica Dominicana) que ya no existe&#8221;. El C\u00f3digo de Trabajo cumplir\u00e1 32 a\u00f1os en el 2024 desde su creaci\u00f3n, en 1992.<\/p>\n\n\n\n<p>Dargam apunt\u00f3 que es &#8220;inminente&#8221; que se modernice esta ley, que fue aplicada en el territorio nacional en 1993, un a\u00f1o despu\u00e9s de su formaci\u00f3n.<\/p>\n\n\n\n<p>El vicepresidente del Conep habl\u00f3 sobre este tema a prop\u00f3sito del lanzamiento del Plan Piloto Voluntario de la Semana Laboral Reducida, que hizo el Ministerio de Trabajo el pasado lunes 15.<\/p>\n\n\n\n<p>Dijo que las empresas que participen en la iniciativa eval\u00faen durante los seis meses \u2014tiempo establecido por el Ministerio de Trabajo para su ejecuci\u00f3n y an\u00e1lisis\u2014, si funciona o no con respecto a la productividad.<\/p>\n\n\n\n<p>El C\u00f3digo de Trabajo cumplir\u00e1 32 a\u00f1os en el 2024 desde su creaci\u00f3n, en 1999.<\/p>\n\n\n\n<p>Sin embargo, subray\u00f3: &#8220;No quitemos los esfuerzos en lograr una modernizaci\u00f3n del C\u00f3digo Laboral, que pueda permitir realmente flexibilizar la jornada, que pueda permitir proteger a\u00fan m\u00e1s las condiciones de los trabajadores y hacer m\u00e1s competitivas y productivas a las empresas&#8221;.<\/p>\n\n\n\n<p>El plan piloto propone la reducci\u00f3n de las horas de trabajo semanales de 44 a 36. Esto se traduce a ocho horas menos, seg\u00fan explic\u00f3 el ministro de Trabajo, Luis Miguel De Camps, el d\u00eda del lanzamiento.<\/p>\n","protected":false},"excerpt":{"rendered":"<p>El C\u00f3digo de Trabajo cumplir\u00e1 32 a\u00f1os en 2024, su creaci\u00f3n fue en 1992. El vicepresidente del Consejo Nacional de la Empresa Privada (Conep), C\u00e9sar Dargam, dijo este jueves que&hellip;<\/p>\n","protected":false},"author":2,"featured_media":74067,"comment_status":"open","ping_status":"open","sticky":false,"template":"","format":"standard","meta":{"content-type":"","jetpack_post_was_ever_published":false,"_jetpack_newsletter_access":"","_jetpack_dont_email_post_to_subs":false,"_jetpack_newsletter_tier_id":0,"_jetpack_memberships_contains_paywalled_content":false,"_jetpack_memberships_contains_paid_content":false,"footnotes":""},"categories":[39,25],"tags":[11112,11111,512,1226],"class_list":["post-74066","post","type-post","status-publish","format-standard","has-post-thumbnail","hentry","category-economia","category-portada","tag-cesar-dargam","tag-codigo-laboral","tag-conep","tag-republica-dominicana"],"jetpack_featured_media_url":"https:\/\/lasprimeras.com.do\/wp-content\/uploads\/2024\/01\/Cesar-Dargam.jpeg","jetpack-related-posts":[{"id":113753,"url":"https:\/\/lasprimeras.com.do\/index.php\/2025\/11\/05\/el-conep-critica-rechazo-de-los-diputados-a-discutir-la-cesantia-laboral\/","url_meta":{"origin":74066,"position":0},"title":"El Conep critica rechazo de los diputados a discutir la cesant\u00eda laboral","author":"Nelson Feliz","date":"5 de noviembre de 2025","format":false,"excerpt":"C\u00e9sar Dargam afirm\u00f3 que las iniciativas presentadas por el sector empresarial no afectan los derechos adquiridos de los trabajadores El vicepresidente ejecutivo del Consejo Nacional de la Empresa Privada (Conep), C\u00e9sar Dargam, expres\u00f3 su preocupaci\u00f3n por la negativa de algunos sectores en la C\u00e1mara de Diputados a debatir t\u00e9cnicamente las\u2026","rel":"","context":"En \u00abECONOM\u00cdA\u00bb","block_context":{"text":"ECONOM\u00cdA","link":"https:\/\/lasprimeras.com.do\/index.php\/category\/economia\/"},"img":{"alt_text":"C\u00e9sar Dargam","src":"https:\/\/i0.wp.com\/lasprimeras.com.do\/wp-content\/uploads\/2024\/01\/Cesar-Dargam.jpeg?resize=350%2C200&ssl=1","width":350,"height":200,"srcset":"https:\/\/i0.wp.com\/lasprimeras.com.do\/wp-content\/uploads\/2024\/01\/Cesar-Dargam.jpeg?resize=350%2C200&ssl=1 1x, https:\/\/i0.wp.com\/lasprimeras.com.do\/wp-content\/uploads\/2024\/01\/Cesar-Dargam.jpeg?resize=525%2C300&ssl=1 1.5x, https:\/\/i0.wp.com\/lasprimeras.com.do\/wp-content\/uploads\/2024\/01\/Cesar-Dargam.jpeg?resize=700%2C400&ssl=1 2x"},"classes":[]},{"id":100312,"url":"https:\/\/lasprimeras.com.do\/index.php\/2025\/06\/05\/raquel-pena-celebra-junto-al-conep-62-anos-de-aporte-al-desarrollo-nacional\/","url_meta":{"origin":74066,"position":1},"title":"Raquel Pe\u00f1a celebra junto al CONEP 62 a\u00f1os de aporte al desarrollo nacional","author":"Nelson Feliz","date":"5 de junio de 2025","format":false,"excerpt":"En el acto se present\u00f3 una nueva plataforma de indicadores y se reafirm\u00f3 el compromiso con la estabilidad y el crecimiento del pa\u00eds.\u00a0El Consejo Nacional de la Empresa Privada (CONEP) celebr\u00f3 este mi\u00e9rcoles su 62 aniversario y el D\u00eda Nacional de la Empresa Privada con un acto que cont\u00f3 con\u2026","rel":"","context":"En \u00abECONOM\u00cdA\u00bb","block_context":{"text":"ECONOM\u00cdA","link":"https:\/\/lasprimeras.com.do\/index.php\/category\/economia\/"},"img":{"alt_text":"Raquel Pe\u00f1a","src":"https:\/\/i0.wp.com\/lasprimeras.com.do\/wp-content\/uploads\/2025\/06\/Raquel-Pena-1.jpg?resize=350%2C200&ssl=1","width":350,"height":200,"srcset":"https:\/\/i0.wp.com\/lasprimeras.com.do\/wp-content\/uploads\/2025\/06\/Raquel-Pena-1.jpg?resize=350%2C200&ssl=1 1x, https:\/\/i0.wp.com\/lasprimeras.com.do\/wp-content\/uploads\/2025\/06\/Raquel-Pena-1.jpg?resize=525%2C300&ssl=1 1.5x, https:\/\/i0.wp.com\/lasprimeras.com.do\/wp-content\/uploads\/2025\/06\/Raquel-Pena-1.jpg?resize=700%2C400&ssl=1 2x"},"classes":[]},{"id":99782,"url":"https:\/\/lasprimeras.com.do\/index.php\/2025\/05\/26\/conep-resalta-apertura-al-dialogo-y-consenso-en-gestion-de-ricardo-de-los-santos-en-presidencia-del-senado\/","url_meta":{"origin":74066,"position":2},"title":"CONEP resalta apertura al di\u00e1logo y consenso en gesti\u00f3n de Ricardo de los Santos en presidencia del Senado","author":"Nelson Feliz","date":"26 de mayo de 2025","format":false,"excerpt":"Celso Juan Marranzini manifest\u00f3 que Ricardo de los Santos inspira confianza y ha hecho una labor encomiable en beneficio del pa\u00eds. Por Israel Figueroa El presidente del Consejo Nacional de la Empresa Privada (CONEP), Celso Juan Marranzini, calific\u00f3 este lunes como eficiente y muy positiva la gesti\u00f3n de Ricardo de\u2026","rel":"","context":"En \u00abECONOM\u00cdA\u00bb","block_context":{"text":"ECONOM\u00cdA","link":"https:\/\/lasprimeras.com.do\/index.php\/category\/economia\/"},"img":{"alt_text":"","src":"","width":0,"height":0},"classes":[]},{"id":110107,"url":"https:\/\/lasprimeras.com.do\/index.php\/2025\/09\/25\/diferentes-sectores-de-la-sociedad-valoran-como-positivo-el-discurso-del-presidente-abinader-ante-la-onu\/","url_meta":{"origin":74066,"position":3},"title":"Diferentes sectores de la sociedad valoran como positivo el discurso del presidente Abinader ante la ONU","author":"Nelson Feliz","date":"25 de septiembre de 2025","format":false,"excerpt":"El Conep, Aneih y la ONEC destacaron el llamado coherente frente a la crisis haitiana. Organizaciones empresariales y sociales del pa\u00eds valoraron como positivo el discurso del presidente Luis Abinader ante la Asamblea General de las Naciones Unidas, por considerar que reafirman el compromiso con la paz, el multilateralismo, el\u2026","rel":"","context":"En \u00abECONOM\u00cdA\u00bb","block_context":{"text":"ECONOM\u00cdA","link":"https:\/\/lasprimeras.com.do\/index.php\/category\/economia\/"},"img":{"alt_text":"","src":"https:\/\/i0.wp.com\/lasprimeras.com.do\/wp-content\/uploads\/2025\/09\/Luis-Abinader-6.jpg?resize=350%2C200&ssl=1","width":350,"height":200,"srcset":"https:\/\/i0.wp.com\/lasprimeras.com.do\/wp-content\/uploads\/2025\/09\/Luis-Abinader-6.jpg?resize=350%2C200&ssl=1 1x, https:\/\/i0.wp.com\/lasprimeras.com.do\/wp-content\/uploads\/2025\/09\/Luis-Abinader-6.jpg?resize=525%2C300&ssl=1 1.5x, https:\/\/i0.wp.com\/lasprimeras.com.do\/wp-content\/uploads\/2025\/09\/Luis-Abinader-6.jpg?resize=700%2C400&ssl=1 2x"},"classes":[]},{"id":60554,"url":"https:\/\/lasprimeras.com.do\/index.php\/2023\/09\/15\/presidente-del-senado-y-una-comision-de-senadores-socializan-temas-legislativos-con-directivos-del-conep\/","url_meta":{"origin":74066,"position":4},"title":"Presidente del Senado y una comisi\u00f3n de senadores socializan temas legislativos con directivos del CONEP","author":"Nelson Feliz","date":"15 de septiembre de 2023","format":false,"excerpt":"Durante un desayuno-encuentro, los directivos del Conep y los senadores intercambiaron opiniones y propuestas en torno a iniciativas relacionadas al turismo, inclusi\u00f3n laboral, y cambio clim\u00e1tico. El presidente del Senado, Ricardo De Los Santos junto a una comisi\u00f3n de senadores, encabez\u00f3 un desayuno con los directivos del Consejo Nacional de\u2026","rel":"","context":"En \u00abNACIONALES\u00bb","block_context":{"text":"NACIONALES","link":"https:\/\/lasprimeras.com.do\/index.php\/category\/nacionales\/"},"img":{"alt_text":"senadores","src":"https:\/\/i0.wp.com\/lasprimeras.com.do\/wp-content\/uploads\/2023\/09\/senadores-1.jpg?resize=350%2C200&ssl=1","width":350,"height":200,"srcset":"https:\/\/i0.wp.com\/lasprimeras.com.do\/wp-content\/uploads\/2023\/09\/senadores-1.jpg?resize=350%2C200&ssl=1 1x, https:\/\/i0.wp.com\/lasprimeras.com.do\/wp-content\/uploads\/2023\/09\/senadores-1.jpg?resize=525%2C300&ssl=1 1.5x, https:\/\/i0.wp.com\/lasprimeras.com.do\/wp-content\/uploads\/2023\/09\/senadores-1.jpg?resize=700%2C400&ssl=1 2x"},"classes":[]},{"id":116754,"url":"https:\/\/lasprimeras.com.do\/index.php\/2025\/12\/03\/programa-fomenta-pymes-banreservas-es-reconocido-como-modelo-de-negocio\/","url_meta":{"origin":74066,"position":5},"title":"Programa Fomenta Pymes Banreservas es reconocido como modelo de negocio","author":"Nelson Feliz","date":"3 de diciembre de 2025","format":false,"excerpt":"Juan Carlos Garc\u00eda; director senior de Pymes Banreservas, y Raquel Giraldez, directora de Sostenibilidad y Responsabilidad Social, reciben reconocimiento por programa Fomenta Pymes. Les entregan, desde la izquierda, Ana Mar\u00eda D\u00edaz, representante residente del PNUD; Pa\u00edno Henr\u00edquez, ministro de Medio Ambiente; Celso Juan Marranzini, presidente del CONEP; y C\u00e9sar Dargam,\u2026","rel":"","context":"En \u00abECONOM\u00cdA\u00bb","block_context":{"text":"ECONOM\u00cdA","link":"https:\/\/lasprimeras.com.do\/index.php\/category\/economia\/"},"img":{"alt_text":"Juan Carlos Garc\u00eda; director senior de Pymes Banreservas, y Raquel Giraldez, directora de Sostenibilidad y Responsabilidad Social, reciben reconocimiento por programa Fomenta Pymes. Les entregan, desde la izquierda, Ana Mar\u00eda D\u00edaz, representante residente del PNUD; Pa\u00edno Henr\u00edquez, ministro de Medio Ambiente; Celso Juan Marranzini, presidente del CONEP; y C\u00e9sar Dargam, vicepresidente ejecutivo del CONEP","src":"https:\/\/i0.wp.com\/lasprimeras.com.do\/wp-content\/uploads\/2025\/12\/BANRESERVAS.jpg?resize=350%2C200&ssl=1","width":350,"height":200,"srcset":"https:\/\/i0.wp.com\/lasprimeras.com.do\/wp-content\/uploads\/2025\/12\/BANRESERVAS.jpg?resize=350%2C200&ssl=1 1x, https:\/\/i0.wp.com\/lasprimeras.com.do\/wp-content\/uploads\/2025\/12\/BANRESERVAS.jpg?resize=525%2C300&ssl=1 1.5x, https:\/\/i0.wp.com\/lasprimeras.com.do\/wp-content\/uploads\/2025\/12\/BANRESERVAS.jpg?resize=700%2C400&ssl=1 2x"},"classes":[]}],"jetpack_sharing_enabled":true,"_links":{"self":[{"href":"https:\/\/lasprimeras.com.do\/index.php\/wp-json\/wp\/v2\/posts\/74066","targetHints":{"allow":["GET"]}}],"collection":[{"href":"https:\/\/lasprimeras.com.do\/index.php\/wp-json\/wp\/v2\/posts"}],"about":[{"href":"https:\/\/lasprimeras.com.do\/index.php\/wp-json\/wp\/v2\/types\/post"}],"author":[{"embeddable":true,"href":"https:\/\/lasprimeras.com.do\/index.php\/wp-json\/wp\/v2\/users\/2"}],"replies":[{"embeddable":true,"href":"https:\/\/lasprimeras.com.do\/index.php\/wp-json\/wp\/v2\/comments?post=74066"}],"version-history":[{"count":1,"href":"https:\/\/lasprimeras.com.do\/index.php\/wp-json\/wp\/v2\/posts\/74066\/revisions"}],"predecessor-version":[{"id":74068,"href":"https:\/\/lasprimeras.com.do\/index.php\/wp-json\/wp\/v2\/posts\/74066\/revisions\/74068"}],"wp:featuredmedia":[{"embeddable":true,"href":"https:\/\/lasprimeras.com.do\/index.php\/wp-json\/wp\/v2\/media\/74067"}],"wp:attachment":[{"href":"https:\/\/lasprimeras.com.do\/index.php\/wp-json\/wp\/v2\/media?parent=74066"}],"wp:term":[{"taxonomy":"category","embeddable":true,"href":"https:\/\/lasprimeras.com.do\/index.php\/wp-json\/wp\/v2\/categories?post=74066"},{"taxonomy":"post_tag","embeddable":true,"href":"https:\/\/lasprimeras.com.do\/index.php\/wp-json\/wp\/v2\/tags?post=74066"}],"curies":[{"name":"wp","href":"https:\/\/api.w.org\/{rel}","templated":true}]}}