{"id":74083,"date":"2024-01-18T23:11:49","date_gmt":"2024-01-19T03:11:49","guid":{"rendered":"https:\/\/lasprimeras.com.do\/?p=74083"},"modified":"2024-01-18T23:11:51","modified_gmt":"2024-01-19T03:11:51","slug":"los-cerveceros-de-milwaukee-inauguran-nueva-academia-en-santo-domingo-este","status":"publish","type":"post","link":"https:\/\/lasprimeras.com.do\/index.php\/2024\/01\/18\/los-cerveceros-de-milwaukee-inauguran-nueva-academia-en-santo-domingo-este\/","title":{"rendered":"Los Cerveceros de Milwaukee inauguran nueva academia en Santo Domingo Este"},"content":{"rendered":"\n<p><strong>La nueva instalaci\u00f3n tiene capacidad para aproximadamente 100 jugadores y cuenta con tres campos completos de juego, un cuadro interior, un campo de agilidad y una instalaci\u00f3n de bateo cubierta de cuatro t\u00faneles.<\/strong><\/p>\n\n\n\n<p>Los Cerveceros de Milwaukee inauguraron una nueva academia en Santo Domingo Este que con un poco m\u00e1s de 1,3 millones de pies. \u201cEstamos emocionados de celebrar la inauguraci\u00f3n de nuestra nueva academia en la Rep\u00fablica Dominicana, una inversi\u00f3n significativa en nuestro compromiso con el scouting internacional y el desarrollo de jugadores\u201d, expres\u00f3 Matt Arnold, quien es vicepresidente senior y gerente general de Los Cerveceros.<\/p>\n\n\n\n<p>La nueva instalaci\u00f3n tiene capacidad para aproximadamente 100 jugadores y cuenta con tres campos completos de juego, un cuadro interior, un campo de agilidad y una instalaci\u00f3n de bateo cubierta de cuatro t\u00faneles.<\/p>\n\n\n\n<p>La academia es propiedad de los Cerveceros y proporciona un recurso mejorado para los j\u00f3venes peloteros que comienzan sus carreras profesionales.<\/p>\n\n\n\n<p>\u201cDesarrollar talento joven, en toda la organizaci\u00f3n y en todos los niveles, es una prioridad para nosotros mientras trabajamos hacia nuestro objetivo final de ganar una Serie Mundial. El establecimiento de esta moderna academia es un paso importante para la organizaci\u00f3n en esos esfuerzos, y agradecemos a nuestros socios locales por su trabajo para hacer esto una realidad\u201d, dijo Arnold.<\/p>\n\n\n\n<p>En el acto de inauguraci\u00f3n de la instalaci\u00f3n estuvo el presidente de la Rep\u00fablica Dominicana, Luis Abinader, quien se uni\u00f3 al propietario de los Cerveceros, Mark Attanasio, al Vicepresidente senior y gerente general, Matt Arnold; al dirigente, Pat Murphy; a varios miembros del cuerpo t\u00e9cnico de los Cerveceros, ejecutivos de las Grandes Ligas de B\u00e9isbol y a funcionarios gubernamentales para dejar oficialmente inaugurada la instalaci\u00f3n.<\/p>\n\n\n\n<p>SOBRE LOS CERVECEROS<\/p>\n\n\n\n<p>Los Cerveceros han realizado importantes inversiones econ\u00f3micas y han dedicado valiosos recursos para garantizar que el complejo sistema de desarrollo de jugadores contin\u00fae alimentando la cartera de talentos de los Cerveceros de Milwaukee.<\/p>\n\n\n\n<p>Este enfoque estrat\u00e9gico ha dado como resultado que el sistema de finca de los Cerveceros actualmente ocupe el puesto n\u00famero dos en la clasificaci\u00f3n general, seg\u00fan Baseball Am\u00e9rica y el n\u00famero 3, acorde a la evaluaci\u00f3n de MLB Pipeline.<\/p>\n\n\n\n<p>Durante la \u00faltima d\u00e9cada, los propietarios han dedicado importantes recursos financieros a la renovaci\u00f3n de American Family Fields de Phoenix, a la construcci\u00f3n de una nueva instalaci\u00f3n propuesta para los Carolina Mudcats Clase A (propiedad de los Cerveceros) en Wilson, Carolina del Norte y, m\u00e1s recientemente, al compromiso de garantizar una extensi\u00f3n de arrendamiento hasta 2050 en el American Family Field en Milwaukee.<\/p>\n","protected":false},"excerpt":{"rendered":"<p>La nueva instalaci\u00f3n tiene capacidad para aproximadamente 100 jugadores y cuenta con tres campos completos de juego, un cuadro interior, un campo de agilidad y una instalaci\u00f3n de bateo cubierta&hellip;<\/p>\n","protected":false},"author":2,"featured_media":74084,"comment_status":"open","ping_status":"open","sticky":false,"template":"","format":"standard","meta":{"content-type":"","jetpack_post_was_ever_published":false,"_jetpack_newsletter_access":"","_jetpack_dont_email_post_to_subs":false,"_jetpack_newsletter_tier_id":0,"_jetpack_memberships_contains_paywalled_content":false,"_jetpack_memberships_contains_paid_content":false,"footnotes":""},"categories":[1],"tags":[3164,11121,1570],"class_list":["post-74083","post","type-post","status-publish","format-standard","has-post-thumbnail","hentry","category-sin-categoria","tag-academia","tag-los-cerveceros-de-milwaukee","tag-santo-domingo-este"],"jetpack_featured_media_url":"https:\/\/lasprimeras.com.do\/wp-content\/uploads\/2024\/01\/Luis-Abinader.jpeg","jetpack-related-posts":[{"id":83866,"url":"https:\/\/lasprimeras.com.do\/index.php\/2024\/05\/26\/sencillo-de-duran-conduce-a-los-medias-rojas-a-vencer-cerveceros\/","url_meta":{"origin":74083,"position":0},"title":"Sencillo de Dur\u00e1n conduce a los Medias Rojas a vencer Cerveceros","author":"Nelson Feliz","date":"26 de mayo de 2024","format":false,"excerpt":"Jarren Dur\u00e1n conect\u00f3 un sencillo que rompi\u00f3 el empate en el octavo inning y los Medias Rojas de Boston vencieron el domingo 2-1 a los Cerveceros de Milwaukee para rescatar el final de la serie. El dominicano Rafael Devers conect\u00f3 un elevado de sacrificio para Boston, que complet\u00f3 apenas su\u2026","rel":"","context":"En \u00abSin categor\u00eda\u00bb","block_context":{"text":"Sin categor\u00eda","link":"https:\/\/lasprimeras.com.do\/index.php\/category\/sin-categoria\/"},"img":{"alt_text":"Wilyer Abreu, de Boston, celebra tras disparar un triple.AP","src":"https:\/\/i0.wp.com\/lasprimeras.com.do\/wp-content\/uploads\/2024\/05\/Wilyer-Abreu.jpeg?resize=350%2C200&ssl=1","width":350,"height":200,"srcset":"https:\/\/i0.wp.com\/lasprimeras.com.do\/wp-content\/uploads\/2024\/05\/Wilyer-Abreu.jpeg?resize=350%2C200&ssl=1 1x, https:\/\/i0.wp.com\/lasprimeras.com.do\/wp-content\/uploads\/2024\/05\/Wilyer-Abreu.jpeg?resize=525%2C300&ssl=1 1.5x, https:\/\/i0.wp.com\/lasprimeras.com.do\/wp-content\/uploads\/2024\/05\/Wilyer-Abreu.jpeg?resize=700%2C400&ssl=1 2x"},"classes":[]},{"id":80483,"url":"https:\/\/lasprimeras.com.do\/index.php\/2024\/04\/09\/elly-de-la-cruz-pega-dos-jonrones\/","url_meta":{"origin":74083,"position":1},"title":"Elly De la Cruz pega dos jonrones","author":"BIMARY DE JES\u00daS Matos","date":"9 de abril de 2024","format":false,"excerpt":"CINCINNATI.- El dominicano Elly De La Cruz conect\u00f3 sus primeros dos cuadrangulares de la temporada; el primero un batazo solitario de 450 pies y el segundo una l\u00ednea que parti\u00f3 el diamante y se convirti\u00f3 en el primer jonr\u00f3n de campo de su carrera, con lo que los Rojos de\u2026","rel":"","context":"En \u00abSin categor\u00eda\u00bb","block_context":{"text":"Sin categor\u00eda","link":"https:\/\/lasprimeras.com.do\/index.php\/category\/sin-categoria\/"},"img":{"alt_text":"","src":"https:\/\/i0.wp.com\/lasprimeras.com.do\/wp-content\/uploads\/2024\/04\/elly.jpeg?resize=350%2C200&ssl=1","width":350,"height":200,"srcset":"https:\/\/i0.wp.com\/lasprimeras.com.do\/wp-content\/uploads\/2024\/04\/elly.jpeg?resize=350%2C200&ssl=1 1x, https:\/\/i0.wp.com\/lasprimeras.com.do\/wp-content\/uploads\/2024\/04\/elly.jpeg?resize=525%2C300&ssl=1 1.5x, https:\/\/i0.wp.com\/lasprimeras.com.do\/wp-content\/uploads\/2024\/04\/elly.jpeg?resize=700%2C400&ssl=1 2x"},"classes":[]},{"id":63586,"url":"https:\/\/lasprimeras.com.do\/index.php\/2023\/10\/13\/hombres-armados-roban-en-academia-de-los-cardenales-de-san-luis-en-boca-chica\/","url_meta":{"origin":74083,"position":2},"title":"Hombres armados roban en academia de los Cardenales de San Luis en Boca Chica","author":"Nelson Feliz","date":"13 de octubre de 2023","format":false,"excerpt":"Un grupo de hombres armados ingres\u00f3 este viernes a la academia de los Cardenales de San Luis y rob\u00f3 a jugadores, coaches y personal del complejo ubicado en Boca Chica. La informaci\u00f3n fue confirmada por un personal de Grandes Ligas en el pa\u00eds, en medio de un gran hermetismo por\u2026","rel":"","context":"En \u00abNACIONALES\u00bb","block_context":{"text":"NACIONALES","link":"https:\/\/lasprimeras.com.do\/index.php\/category\/nacionales\/"},"img":{"alt_text":"Academia de los Cardenales de San Luis","src":"https:\/\/i0.wp.com\/lasprimeras.com.do\/wp-content\/uploads\/2023\/10\/Academia-de-los-Cardenales-de-San-Luis.jpg?resize=350%2C200&ssl=1","width":350,"height":200,"srcset":"https:\/\/i0.wp.com\/lasprimeras.com.do\/wp-content\/uploads\/2023\/10\/Academia-de-los-Cardenales-de-San-Luis.jpg?resize=350%2C200&ssl=1 1x, https:\/\/i0.wp.com\/lasprimeras.com.do\/wp-content\/uploads\/2023\/10\/Academia-de-los-Cardenales-de-San-Luis.jpg?resize=525%2C300&ssl=1 1.5x, https:\/\/i0.wp.com\/lasprimeras.com.do\/wp-content\/uploads\/2023\/10\/Academia-de-los-Cardenales-de-San-Luis.jpg?resize=700%2C400&ssl=1 2x"},"classes":[]},{"id":59012,"url":"https:\/\/lasprimeras.com.do\/index.php\/2023\/08\/30\/cachorros-de-chicago-detienen-la-racha-de-nueve-triunfos-de-los-cerveceros\/","url_meta":{"origin":74083,"position":3},"title":"Cachorros de Chicago detienen la racha de nueve triunfos de los Cerveceros","author":"Nelson Feliz","date":"30 de agosto de 2023","format":false,"excerpt":"AGENCIA AP Justin Steele recet\u00f3 ocho ponches a lo largo de seis innings destacados y se sobrepuso a una roleta que le golpe\u00f3 la pierna izquierda, en el encuentro en que los Cachorros de Chicago superaron el martes 1-0 a los Cerveceros de Milwaukee para cortarles una seguidilla de nueve\u2026","rel":"","context":"En \u00abSin categor\u00eda\u00bb","block_context":{"text":"Sin categor\u00eda","link":"https:\/\/lasprimeras.com.do\/index.php\/category\/sin-categoria\/"},"img":{"alt_text":"Justin Steele, abridor de los Cachorros de Chicago, hace un lanzamiento en el duelo ante los Cerveceros de Milwaukee.AP","src":"https:\/\/i0.wp.com\/lasprimeras.com.do\/wp-content\/uploads\/2023\/08\/Justin-Steele.jpeg?resize=350%2C200&ssl=1","width":350,"height":200,"srcset":"https:\/\/i0.wp.com\/lasprimeras.com.do\/wp-content\/uploads\/2023\/08\/Justin-Steele.jpeg?resize=350%2C200&ssl=1 1x, https:\/\/i0.wp.com\/lasprimeras.com.do\/wp-content\/uploads\/2023\/08\/Justin-Steele.jpeg?resize=525%2C300&ssl=1 1.5x, https:\/\/i0.wp.com\/lasprimeras.com.do\/wp-content\/uploads\/2023\/08\/Justin-Steele.jpeg?resize=700%2C400&ssl=1 2x"},"classes":[]},{"id":98391,"url":"https:\/\/lasprimeras.com.do\/index.php\/2025\/05\/07\/cerveceros-consiguen-toda-la-ofensiva-necesaria-en-la-1ra-entrada-para-vencer-4-3-a-astros\/","url_meta":{"origin":74083,"position":4},"title":"Cerveceros consiguen toda la ofensiva necesaria en la 1ra entrada para vencer 4-3 a Astros","author":"Nelson Feliz","date":"7 de mayo de 2025","format":false,"excerpt":"MILWAUKEE (AP) \u2014 Jake Bauers conect\u00f3 un jonr\u00f3n de dos carreras por los Cerveceros de Milwaukee, quienes consiguieron todas sus anotaciones en la primera entrada para superar el martes 4-3 a los Astros de Houston. Los Cerveceros lograron su ataque explosivo contra Hayden Wesneski, quien no hab\u00eda permitido m\u00e1s de\u2026","rel":"","context":"En \u00abDEPORTES\u00bb","block_context":{"text":"DEPORTES","link":"https:\/\/lasprimeras.com.do\/index.php\/category\/deportes\/"},"img":{"alt_text":"","src":"https:\/\/i0.wp.com\/lasprimeras.com.do\/wp-content\/uploads\/2025\/05\/cerveceros.jpg?resize=350%2C200&ssl=1","width":350,"height":200,"srcset":"https:\/\/i0.wp.com\/lasprimeras.com.do\/wp-content\/uploads\/2025\/05\/cerveceros.jpg?resize=350%2C200&ssl=1 1x, https:\/\/i0.wp.com\/lasprimeras.com.do\/wp-content\/uploads\/2025\/05\/cerveceros.jpg?resize=525%2C300&ssl=1 1.5x, https:\/\/i0.wp.com\/lasprimeras.com.do\/wp-content\/uploads\/2025\/05\/cerveceros.jpg?resize=700%2C400&ssl=1 2x"},"classes":[]},{"id":62300,"url":"https:\/\/lasprimeras.com.do\/index.php\/2023\/10\/04\/los-diamondbacks-logran-victoria-por-6-3-sobre-los-cerveceros\/","url_meta":{"origin":74083,"position":5},"title":"Los Diamondbacks logran victoria por 6-3 sobre los Cerveceros","author":"Nelson Feliz","date":"4 de octubre de 2023","format":false,"excerpt":"POR STEVE MEGARGEE MILWAUKEE (AP) \u2014 Corbin Carroll y los Diamondbacks de Arizona son un grupo resistente. Ante un d\u00e9ficit inicial contra Corbin Burnes, se abrieron camino hacia el frente de su Serie de Comodines de la Liga Nacional. Carroll y Ketel Marte conectaron jonrones en lanzamientos consecutivos y Gabriel\u2026","rel":"","context":"En \u00abSin categor\u00eda\u00bb","block_context":{"text":"Sin categor\u00eda","link":"https:\/\/lasprimeras.com.do\/index.php\/category\/sin-categoria\/"},"img":{"alt_text":"","src":"https:\/\/i0.wp.com\/lasprimeras.com.do\/wp-content\/uploads\/2023\/10\/Diamondbacks.jpg?resize=350%2C200&ssl=1","width":350,"height":200,"srcset":"https:\/\/i0.wp.com\/lasprimeras.com.do\/wp-content\/uploads\/2023\/10\/Diamondbacks.jpg?resize=350%2C200&ssl=1 1x, https:\/\/i0.wp.com\/lasprimeras.com.do\/wp-content\/uploads\/2023\/10\/Diamondbacks.jpg?resize=525%2C300&ssl=1 1.5x, https:\/\/i0.wp.com\/lasprimeras.com.do\/wp-content\/uploads\/2023\/10\/Diamondbacks.jpg?resize=700%2C400&ssl=1 2x"},"classes":[]}],"jetpack_sharing_enabled":true,"_links":{"self":[{"href":"https:\/\/lasprimeras.com.do\/index.php\/wp-json\/wp\/v2\/posts\/74083","targetHints":{"allow":["GET"]}}],"collection":[{"href":"https:\/\/lasprimeras.com.do\/index.php\/wp-json\/wp\/v2\/posts"}],"about":[{"href":"https:\/\/lasprimeras.com.do\/index.php\/wp-json\/wp\/v2\/types\/post"}],"author":[{"embeddable":true,"href":"https:\/\/lasprimeras.com.do\/index.php\/wp-json\/wp\/v2\/users\/2"}],"replies":[{"embeddable":true,"href":"https:\/\/lasprimeras.com.do\/index.php\/wp-json\/wp\/v2\/comments?post=74083"}],"version-history":[{"count":1,"href":"https:\/\/lasprimeras.com.do\/index.php\/wp-json\/wp\/v2\/posts\/74083\/revisions"}],"predecessor-version":[{"id":74085,"href":"https:\/\/lasprimeras.com.do\/index.php\/wp-json\/wp\/v2\/posts\/74083\/revisions\/74085"}],"wp:featuredmedia":[{"embeddable":true,"href":"https:\/\/lasprimeras.com.do\/index.php\/wp-json\/wp\/v2\/media\/74084"}],"wp:attachment":[{"href":"https:\/\/lasprimeras.com.do\/index.php\/wp-json\/wp\/v2\/media?parent=74083"}],"wp:term":[{"taxonomy":"category","embeddable":true,"href":"https:\/\/lasprimeras.com.do\/index.php\/wp-json\/wp\/v2\/categories?post=74083"},{"taxonomy":"post_tag","embeddable":true,"href":"https:\/\/lasprimeras.com.do\/index.php\/wp-json\/wp\/v2\/tags?post=74083"}],"curies":[{"name":"wp","href":"https:\/\/api.w.org\/{rel}","templated":true}]}}