{"id":74101,"date":"2024-01-19T06:42:17","date_gmt":"2024-01-19T10:42:17","guid":{"rendered":"https:\/\/lasprimeras.com.do\/?p=74101"},"modified":"2024-01-19T06:42:18","modified_gmt":"2024-01-19T10:42:18","slug":"jce-refuerza-talleres-dirigidos-al-personal-trabajara-en-las-elecciones","status":"publish","type":"post","link":"https:\/\/lasprimeras.com.do\/index.php\/2024\/01\/19\/jce-refuerza-talleres-dirigidos-al-personal-trabajara-en-las-elecciones\/","title":{"rendered":"JCE refuerza talleres dirigidos al personal trabajar\u00e1 en las elecciones"},"content":{"rendered":"\n<p>SANTO DOMINGO.-A 29 d\u00edas para la realizaci\u00f3n de las elecciones municipales, la Junta Central Electoral (JCE) centra sus esfuerzos en la capacitaci\u00f3n del personal, en la prueba de los equipos a utilizar para la transmisi\u00f3n de los datos y en la impresi\u00f3n de 17,870, 650 boletas municipales.<\/p>\n\n\n\n<p>La directora de comunicaciones de la JCE, Suedi Le\u00f3n, indic\u00f3 que en la presente semana se continuaron las capacitaciones para los miembros de los colegios electorales as\u00ed como a los fiscales electorales a trav\u00e9s del Instituto Especializado Superior en Formaci\u00f3n Pol\u00edtica y del Estado Civil (IESPEC).<\/p>\n\n\n\n<p>Igualmente, se llevaron a cabo talleres de democracia inclusiva y participativa para los partidos y el personal de la JCE y se concluy\u00f3 con la capacitaci\u00f3n de los instructores de los partidos sobre el uso de los equipos de transmisi\u00f3n de resultados.<\/p>\n","protected":false},"excerpt":{"rendered":"<p>SANTO DOMINGO.-A 29 d\u00edas para la realizaci\u00f3n de las elecciones municipales, la Junta Central Electoral (JCE) centra sus esfuerzos en la capacitaci\u00f3n del personal, en la prueba de los equipos&hellip;<\/p>\n","protected":false},"author":3,"featured_media":74102,"comment_status":"open","ping_status":"open","sticky":false,"template":"","format":"standard","meta":{"content-type":"","jetpack_post_was_ever_published":false,"_jetpack_newsletter_access":"","_jetpack_dont_email_post_to_subs":false,"_jetpack_newsletter_tier_id":0,"_jetpack_memberships_contains_paywalled_content":false,"_jetpack_memberships_contains_paid_content":false,"footnotes":""},"categories":[1],"tags":[183],"class_list":["post-74101","post","type-post","status-publish","format-standard","has-post-thumbnail","hentry","category-sin-categoria","tag-jce"],"jetpack_featured_media_url":"https:\/\/lasprimeras.com.do\/wp-content\/uploads\/2024\/01\/WhatsApp-Image-2024-01-18-at-9.57.23-PM-1.webp","jetpack-related-posts":[{"id":51879,"url":"https:\/\/lasprimeras.com.do\/index.php\/2023\/06\/04\/jce-inicia-jornada-de-capacitacion-de-aspirantes-a-miembros-colegios-electorales\/","url_meta":{"origin":74101,"position":0},"title":"JCE inicia jornada de capacitaci\u00f3n de aspirantes a miembros Colegios Electorales","author":"prenxa100","date":"4 de junio de 2023","format":false,"excerpt":"La Junta Central Electoral (JCE) dio inicio este fin de semana al proceso de capacitaci\u00f3n del personal que aspira a integrar los Colegios Electorales para las elecciones municipales, congresuales y presidenciales del a\u00f1o pr\u00f3ximo. La informaci\u00f3n la ofreci\u00f3 Mario N\u00fa\u00f1ez, director nacional de Elecciones, al encabezar un conversatorio con miembros\u2026","rel":"","context":"En \u00abNACIONALES\u00bb","block_context":{"text":"NACIONALES","link":"https:\/\/lasprimeras.com.do\/index.php\/category\/nacionales\/"},"img":{"alt_text":"","src":"","width":0,"height":0},"classes":[]},{"id":123087,"url":"https:\/\/lasprimeras.com.do\/index.php\/2026\/02\/25\/jce-presenta-calendario-electoral-para-las-elecciones-de-2028\/","url_meta":{"origin":74101,"position":1},"title":"JCE presenta calendario electoral para las elecciones de 2028","author":"Nelson Feliz","date":"25 de febrero de 2026","format":false,"excerpt":"La Junta Central Electoral,tambi\u00e9n presento el Libro de Resultados Electorales 2024 La Junta Central Electoral (JCE), a trav\u00e9s de su Direcci\u00f3n Nacional de Elecciones, present\u00f3 este mi\u00e9rcoles a los partidos, agrupaciones y movimientos pol\u00edticos reconocidos ante la instituci\u00f3n, la sociedad civil y medios de comunicaci\u00f3n, el calendario de actividades administrativas\u2026","rel":"","context":"En \u00abNACIONALES\u00bb","block_context":{"text":"NACIONALES","link":"https:\/\/lasprimeras.com.do\/index.php\/category\/nacionales\/"},"img":{"alt_text":"","src":"https:\/\/i0.wp.com\/lasprimeras.com.do\/wp-content\/uploads\/2026\/02\/Calendario-03.jpg?resize=350%2C200&ssl=1","width":350,"height":200,"srcset":"https:\/\/i0.wp.com\/lasprimeras.com.do\/wp-content\/uploads\/2026\/02\/Calendario-03.jpg?resize=350%2C200&ssl=1 1x, https:\/\/i0.wp.com\/lasprimeras.com.do\/wp-content\/uploads\/2026\/02\/Calendario-03.jpg?resize=525%2C300&ssl=1 1.5x, https:\/\/i0.wp.com\/lasprimeras.com.do\/wp-content\/uploads\/2026\/02\/Calendario-03.jpg?resize=700%2C400&ssl=1 2x"},"classes":[]},{"id":111650,"url":"https:\/\/lasprimeras.com.do\/index.php\/2025\/10\/12\/jce-inicia-recepcion-de-propuestas-de-aspirantes-a-miembros-de-las-oclee-en-el-exterior\/","url_meta":{"origin":74101,"position":2},"title":"JCE inicia recepci\u00f3n de propuestas de aspirantes a miembros de las OCLEE en el exterior","author":"Nelson Feliz","date":"12 de octubre de 2025","format":false,"excerpt":"Estados Unidos. - Una comisi\u00f3n de la Junta Central Electoral (JCE) recibi\u00f3 las propuestas de aspirantes a miembros para conformar las Oficinas de Coordinaci\u00f3n de Log\u00edstica Electoral en el Exterior (OCLEE) de cara al proceso electoral del 2028, iniciando la jornada en Filadelfia y Washington. La comisi\u00f3n la encabezan la\u2026","rel":"","context":"En \u00abNACIONALES\u00bb","block_context":{"text":"NACIONALES","link":"https:\/\/lasprimeras.com.do\/index.php\/category\/nacionales\/"},"img":{"alt_text":"","src":"https:\/\/i0.wp.com\/lasprimeras.com.do\/wp-content\/uploads\/2025\/10\/JCE-2.jpg?resize=350%2C200&ssl=1","width":350,"height":200,"srcset":"https:\/\/i0.wp.com\/lasprimeras.com.do\/wp-content\/uploads\/2025\/10\/JCE-2.jpg?resize=350%2C200&ssl=1 1x, https:\/\/i0.wp.com\/lasprimeras.com.do\/wp-content\/uploads\/2025\/10\/JCE-2.jpg?resize=525%2C300&ssl=1 1.5x, https:\/\/i0.wp.com\/lasprimeras.com.do\/wp-content\/uploads\/2025\/10\/JCE-2.jpg?resize=700%2C400&ssl=1 2x"},"classes":[]},{"id":116193,"url":"https:\/\/lasprimeras.com.do\/index.php\/2025\/11\/27\/presidente-de-la-jce-encabezara-mision-de-observacion-electoral-en-elecciones-de-honduras\/","url_meta":{"origin":74101,"position":3},"title":"Presidente de la JCE encabezar\u00e1 misi\u00f3n de observaci\u00f3n electoral en elecciones de Honduras","author":"Nelson Feliz","date":"27 de noviembre de 2025","format":false,"excerpt":"Dolores Fern\u00e1ndez participar\u00e1 en representaci\u00f3n de la AMEA; Samir Chami Isa y Vallejo Santelises integran la misi\u00f3n de UNIORE El presidente de la Junta Central Electoral (JCE) participar\u00e1 como jefe de la Misi\u00f3n de Observaci\u00f3n Electoral de la Uni\u00f3n Interamericana de Organismos Electorales (UNIORE) en las elecciones generales de Honduras\u2026","rel":"","context":"En \u00abNACIONALES\u00bb","block_context":{"text":"NACIONALES","link":"https:\/\/lasprimeras.com.do\/index.php\/category\/nacionales\/"},"img":{"alt_text":"","src":"https:\/\/i0.wp.com\/lasprimeras.com.do\/wp-content\/uploads\/2025\/06\/jce-2.jpg?resize=350%2C200&ssl=1","width":350,"height":200,"srcset":"https:\/\/i0.wp.com\/lasprimeras.com.do\/wp-content\/uploads\/2025\/06\/jce-2.jpg?resize=350%2C200&ssl=1 1x, https:\/\/i0.wp.com\/lasprimeras.com.do\/wp-content\/uploads\/2025\/06\/jce-2.jpg?resize=525%2C300&ssl=1 1.5x, https:\/\/i0.wp.com\/lasprimeras.com.do\/wp-content\/uploads\/2025\/06\/jce-2.jpg?resize=700%2C400&ssl=1 2x"},"classes":[]},{"id":102537,"url":"https:\/\/lasprimeras.com.do\/index.php\/2025\/07\/06\/jce-iespec-gradua-en-administracion-electoral-a-200-miembros-de-organizaciones-politicas\/","url_meta":{"origin":74101,"position":4},"title":"JCE-IESPEC grad\u00faa en Administraci\u00f3n Electoral a 200 miembros de organizaciones pol\u00edticas","author":"Nelson Feliz","date":"6 de julio de 2025","format":false,"excerpt":"Anuncian Licenciatura en Administraci\u00f3n Electoral para el a\u00f1o 2026. La Junta Central Electoral (JCE), a trav\u00e9s del Instituto Especializado Superior en Formaci\u00f3n Pol\u00edtica Electoral y del Estado Civil (IESPEC), celebr\u00f3 este s\u00e1bado en el Auditorio de la instituci\u00f3n, la graduaci\u00f3n de 200 miembros de partidos, agrupaciones y movimientos pol\u00edticos, quienes\u2026","rel":"","context":"En \u00abNACIONALES\u00bb","block_context":{"text":"NACIONALES","link":"https:\/\/lasprimeras.com.do\/index.php\/category\/nacionales\/"},"img":{"alt_text":"","src":"https:\/\/i0.wp.com\/lasprimeras.com.do\/wp-content\/uploads\/2025\/07\/JCE-1.jpg?resize=350%2C200&ssl=1","width":350,"height":200,"srcset":"https:\/\/i0.wp.com\/lasprimeras.com.do\/wp-content\/uploads\/2025\/07\/JCE-1.jpg?resize=350%2C200&ssl=1 1x, https:\/\/i0.wp.com\/lasprimeras.com.do\/wp-content\/uploads\/2025\/07\/JCE-1.jpg?resize=525%2C300&ssl=1 1.5x, https:\/\/i0.wp.com\/lasprimeras.com.do\/wp-content\/uploads\/2025\/07\/JCE-1.jpg?resize=700%2C400&ssl=1 2x"},"classes":[]},{"id":122362,"url":"https:\/\/lasprimeras.com.do\/index.php\/2026\/02\/16\/jce-emite-reglamento-para-regular-afiliaciones-y-desafiliaciones-en-organizaciones-politicas\/","url_meta":{"origin":74101,"position":5},"title":"JCE emite reglamento para regular afiliaciones y desafiliaciones en organizaciones pol\u00edticas","author":"Nelson Feliz","date":"16 de febrero de 2026","format":false,"excerpt":"La Junta Central Electoral, una vez reciba los registros de afiliados, realizar\u00e1 los cruces pertinentes, para determinar que los mismos cumplen con lo establecido en este art\u00edculo y comunicarlo a las respectivas organizaciones. La Junta Central Electoral (JCE) emiti\u00f3 un reglamento mediante el cual buscan regular las afiliaciones y desafiliaciones\u2026","rel":"","context":"En \u00abNACIONALES\u00bb","block_context":{"text":"NACIONALES","link":"https:\/\/lasprimeras.com.do\/index.php\/category\/nacionales\/"},"img":{"alt_text":"","src":"https:\/\/i0.wp.com\/lasprimeras.com.do\/wp-content\/uploads\/2025\/10\/JCE-1.jpg?resize=350%2C200&ssl=1","width":350,"height":200,"srcset":"https:\/\/i0.wp.com\/lasprimeras.com.do\/wp-content\/uploads\/2025\/10\/JCE-1.jpg?resize=350%2C200&ssl=1 1x, https:\/\/i0.wp.com\/lasprimeras.com.do\/wp-content\/uploads\/2025\/10\/JCE-1.jpg?resize=525%2C300&ssl=1 1.5x, https:\/\/i0.wp.com\/lasprimeras.com.do\/wp-content\/uploads\/2025\/10\/JCE-1.jpg?resize=700%2C400&ssl=1 2x"},"classes":[]}],"jetpack_sharing_enabled":true,"_links":{"self":[{"href":"https:\/\/lasprimeras.com.do\/index.php\/wp-json\/wp\/v2\/posts\/74101","targetHints":{"allow":["GET"]}}],"collection":[{"href":"https:\/\/lasprimeras.com.do\/index.php\/wp-json\/wp\/v2\/posts"}],"about":[{"href":"https:\/\/lasprimeras.com.do\/index.php\/wp-json\/wp\/v2\/types\/post"}],"author":[{"embeddable":true,"href":"https:\/\/lasprimeras.com.do\/index.php\/wp-json\/wp\/v2\/users\/3"}],"replies":[{"embeddable":true,"href":"https:\/\/lasprimeras.com.do\/index.php\/wp-json\/wp\/v2\/comments?post=74101"}],"version-history":[{"count":1,"href":"https:\/\/lasprimeras.com.do\/index.php\/wp-json\/wp\/v2\/posts\/74101\/revisions"}],"predecessor-version":[{"id":74103,"href":"https:\/\/lasprimeras.com.do\/index.php\/wp-json\/wp\/v2\/posts\/74101\/revisions\/74103"}],"wp:featuredmedia":[{"embeddable":true,"href":"https:\/\/lasprimeras.com.do\/index.php\/wp-json\/wp\/v2\/media\/74102"}],"wp:attachment":[{"href":"https:\/\/lasprimeras.com.do\/index.php\/wp-json\/wp\/v2\/media?parent=74101"}],"wp:term":[{"taxonomy":"category","embeddable":true,"href":"https:\/\/lasprimeras.com.do\/index.php\/wp-json\/wp\/v2\/categories?post=74101"},{"taxonomy":"post_tag","embeddable":true,"href":"https:\/\/lasprimeras.com.do\/index.php\/wp-json\/wp\/v2\/tags?post=74101"}],"curies":[{"name":"wp","href":"https:\/\/api.w.org\/{rel}","templated":true}]}}