{"id":74113,"date":"2024-01-19T06:51:51","date_gmt":"2024-01-19T10:51:51","guid":{"rendered":"https:\/\/lasprimeras.com.do\/?p=74113"},"modified":"2024-01-19T06:51:52","modified_gmt":"2024-01-19T10:51:52","slug":"corea-del-norte-prueba-sistema-de-armas-nucleares-submarinas","status":"publish","type":"post","link":"https:\/\/lasprimeras.com.do\/index.php\/2024\/01\/19\/corea-del-norte-prueba-sistema-de-armas-nucleares-submarinas\/","title":{"rendered":"Corea del Norte prueba \u00absistema de armas nucleares submarinas\u00bb"},"content":{"rendered":"\n<p>COREA DEL NORTE.- El Gobierno de Corea del Norte ha afirmado este viernes que ha probado un \u00absistema de armas nucleares submarinas\u00bb ante los ejercicios militares conjuntos entre Estados Unidos, Corea del Sur y Jap\u00f3n, en un momento en el que se ha producido un aumento de las tensiones en la regi\u00f3n ante la ret\u00f3rica \u00abhostil\u00bb.<\/p>\n\n\n\n<p>El Ministerio de Defensa norcoreano ha declarado que el Instituto de Armas Submarinas de la Academia de Ciencias de Defensa ha llevado a cabo \u00abuna importante prueba de sus sistema de armas nucleares submarinas \u2018Haeil 5-23\u2032\u00bb en el mar de Jap\u00f3n, tambi\u00e9n conocido como el mar del Este, seg\u00fan reza un comunicado recogido por la agencia estatal de noticias KCNA.<\/p>\n\n\n\n<p>\u00abLa postura de contraataque de nuestro Ej\u00e9rcito basada en armas nucleares submarinas se est\u00e1 perfeccionando a\u00fan m\u00e1s y sus diversas acciones de respuesta mar\u00edtima y submarina continuar\u00e1n disuadiendo las maniobras militares hostiles de las armadas de Estados Unidos y sus aliados\u00bb, ha declarado un portavoz de la cartera ministerial.<\/p>\n\n\n\n<p>En este sentido, ha se\u00f1alado que las Fuerzas Armadas de Corea del Norte \u00abinfundir\u00e1n el horror en sus corazones mediante el ejercicio responsable, r\u00e1pido y audaz de su disuasi\u00f3n y defender\u00e1n firmemente y con gran fuerza la seguridad del Estado y la paz regional, sin tolerar nunca la histeria imprudente de confrontaci\u00f3n militar de los enemigos\u00bb.<\/p>\n\n\n\n<p>El portavoz ha explicado que esta prueba tiene lugar despu\u00e9s de que Washington, Se\u00fal y Tokio se \u00abvolvieran fren\u00e9ticos en sus provocativos ejercicios militares desde principios de a\u00f1o\u00bb, denunciando que en esta ocasi\u00f3n han realizado entrenamientos mar\u00edtimos durante tres d\u00edas \u2013desde el 15 de enero\u2013 frente a la isla de Jeju. Para Pyongyang, estas actividades \u00abhan constituido una causa de desestabilizaci\u00f3n a\u00fan mayor de la situaci\u00f3n regional y son un acto de seria amenaza\u00bb a su seguridad.<\/p>\n\n\n\n<p>Adem\u00e1s, estas declaraciones tienen lugar d\u00edas despu\u00e9s de que la Asamblea Suprema del Pueblo de Corea del Norte aprobara las suprimir los comit\u00e9s para la reunificaci\u00f3n, al considerar que ha sido un \u00abgrave error anacr\u00f3nico\u00bb seguir considerando a Se\u00fal como \u00abun socio para la reconciliaci\u00f3n y la reunificaci\u00f3n\u00bb por su decisi\u00f3n de buscar derrocar al Gobierno de Kim Jon Un al mismo tiempo que se asocia \u00abcon fuerzas externas\u00bb, en referencia a Estados Unidos.<\/p>\n","protected":false},"excerpt":{"rendered":"<p>COREA DEL NORTE.- El Gobierno de Corea del Norte ha afirmado este viernes que ha probado un \u00absistema de armas nucleares submarinas\u00bb ante los ejercicios militares conjuntos entre Estados Unidos,&hellip;<\/p>\n","protected":false},"author":3,"featured_media":74114,"comment_status":"open","ping_status":"open","sticky":false,"template":"","format":"standard","meta":{"content-type":"","jetpack_post_was_ever_published":false,"_jetpack_newsletter_access":"","_jetpack_dont_email_post_to_subs":false,"_jetpack_newsletter_tier_id":0,"_jetpack_memberships_contains_paywalled_content":false,"_jetpack_memberships_contains_paid_content":false,"footnotes":""},"categories":[1],"tags":[],"class_list":["post-74113","post","type-post","status-publish","format-standard","has-post-thumbnail","hentry","category-sin-categoria"],"jetpack_featured_media_url":"https:\/\/lasprimeras.com.do\/wp-content\/uploads\/2024\/01\/WhatsApp-Image-2024-01-18-at-9.57.23-PM-1.jpeg","jetpack-related-posts":[{"id":55667,"url":"https:\/\/lasprimeras.com.do\/index.php\/2023\/07\/24\/llega-submarino-nuclear-de-ee-uu-a-un-puerto-de-corea-del-sur-en-medio-de-tensiones-con-el-norte\/","url_meta":{"origin":74113,"position":0},"title":"Llega submarino nuclear de EE.UU. a un puerto de Corea del Sur en medio de tensiones con el Norte","author":"Nelson Feliz","date":"24 de julio de 2023","format":false,"excerpt":"\"Con motivo de la visita del USS Annapolis, las Armadas de Corea del Sur y Estados Unidos planean fortalecer una postura de defensa combinada\", comunic\u00f3 la Armada de Corea del Sur. La Armada de Corea del Sur, citada por Yonhap, comunic\u00f3 que el submarino de propulsi\u00f3n nuclear estadounidense USS Annapolis\u2026","rel":"","context":"En \u00abSin categor\u00eda\u00bb","block_context":{"text":"Sin categor\u00eda","link":"https:\/\/lasprimeras.com.do\/index.php\/category\/sin-categoria\/"},"img":{"alt_text":"El submarino de propulsi\u00f3n nuclear USS Annapolis atraca en una base naval surcoreana en la isla de Jeju.","src":"https:\/\/i0.wp.com\/lasprimeras.com.do\/wp-content\/uploads\/2023\/07\/El-submarino-de-propulsion-nuclear-USS-Annapolis-atraca-en-una-base-naval-surcoreana-en-la-isla-de-Jeju.jpg?resize=350%2C200&ssl=1","width":350,"height":200,"srcset":"https:\/\/i0.wp.com\/lasprimeras.com.do\/wp-content\/uploads\/2023\/07\/El-submarino-de-propulsion-nuclear-USS-Annapolis-atraca-en-una-base-naval-surcoreana-en-la-isla-de-Jeju.jpg?resize=350%2C200&ssl=1 1x, https:\/\/i0.wp.com\/lasprimeras.com.do\/wp-content\/uploads\/2023\/07\/El-submarino-de-propulsion-nuclear-USS-Annapolis-atraca-en-una-base-naval-surcoreana-en-la-isla-de-Jeju.jpg?resize=525%2C300&ssl=1 1.5x, https:\/\/i0.wp.com\/lasprimeras.com.do\/wp-content\/uploads\/2023\/07\/El-submarino-de-propulsion-nuclear-USS-Annapolis-atraca-en-una-base-naval-surcoreana-en-la-isla-de-Jeju.jpg?resize=700%2C400&ssl=1 2x"},"classes":[]},{"id":67602,"url":"https:\/\/lasprimeras.com.do\/index.php\/2023\/11\/16\/corea-del-norte-dice-respondera-a-eu-con-medidas-mas-agresivas\/","url_meta":{"origin":74113,"position":1},"title":"Corea del Norte dice responder\u00e1 a EU con medidas \u00abm\u00e1s agresivas\u00bb","author":"BIMARY DE JES\u00daS Matos","date":"16 de noviembre de 2023","format":false,"excerpt":"COREA DEL NORTE.- Pionyang se prepara para dar respuesta a la amenaza militar de Estados Unidos y sus aliados surgida en la pen\u00ednsula de Corea, que incrementa las tensiones en la zona, se\u00f1al\u00f3 un portavoz del Ministerio de Defensa del pa\u00eds en un comunicado, publicado este jueves por el medio\u2026","rel":"","context":"En \u00abSin categor\u00eda\u00bb","block_context":{"text":"Sin categor\u00eda","link":"https:\/\/lasprimeras.com.do\/index.php\/category\/sin-categoria\/"},"img":{"alt_text":"","src":"https:\/\/i0.wp.com\/lasprimeras.com.do\/wp-content\/uploads\/2023\/11\/WhatsApp-Image-2023-11-16-at-11.06.57-AM.jpeg?resize=350%2C200&ssl=1","width":350,"height":200,"srcset":"https:\/\/i0.wp.com\/lasprimeras.com.do\/wp-content\/uploads\/2023\/11\/WhatsApp-Image-2023-11-16-at-11.06.57-AM.jpeg?resize=350%2C200&ssl=1 1x, https:\/\/i0.wp.com\/lasprimeras.com.do\/wp-content\/uploads\/2023\/11\/WhatsApp-Image-2023-11-16-at-11.06.57-AM.jpeg?resize=525%2C300&ssl=1 1.5x"},"classes":[]},{"id":92114,"url":"https:\/\/lasprimeras.com.do\/index.php\/2024\/12\/29\/lider-norcoreano-promete-politica-mas-dura-contra-eeuu\/","url_meta":{"origin":74113,"position":2},"title":"L\u00edder norcoreano promete pol\u00edtica m\u00e1s dura contra EEUU","author":"Nelson Feliz","date":"29 de diciembre de 2024","format":false,"excerpt":"By HYUNG-JIN KIM SE\u00daL, Corea del Sur (AP) \u2014 El l\u00edder norcoreano, Kim Jong Un, prometi\u00f3 implementar la pol\u00edtica \u201cm\u00e1s dura\u201d contra Estados Unidos, informaron medios estatales el domingo, a menos de un mes de que Donald Trump asuma el cargo como presidente de Estados Unidos. El regreso de Trump\u2026","rel":"","context":"En \u00abINTERNACIONALES\u00bb","block_context":{"text":"INTERNACIONALES","link":"https:\/\/lasprimeras.com.do\/index.php\/category\/sin-categoria\/internacionales\/"},"img":{"alt_text":"Kim Jong Un","src":"https:\/\/i0.wp.com\/lasprimeras.com.do\/wp-content\/uploads\/2024\/12\/Kim-Jong-Un.jpg?resize=350%2C200&ssl=1","width":350,"height":200,"srcset":"https:\/\/i0.wp.com\/lasprimeras.com.do\/wp-content\/uploads\/2024\/12\/Kim-Jong-Un.jpg?resize=350%2C200&ssl=1 1x, https:\/\/i0.wp.com\/lasprimeras.com.do\/wp-content\/uploads\/2024\/12\/Kim-Jong-Un.jpg?resize=525%2C300&ssl=1 1.5x, https:\/\/i0.wp.com\/lasprimeras.com.do\/wp-content\/uploads\/2024\/12\/Kim-Jong-Un.jpg?resize=700%2C400&ssl=1 2x"},"classes":[]},{"id":76775,"url":"https:\/\/lasprimeras.com.do\/index.php\/2024\/02\/14\/corea-del-norte-lanza-numerosos-misiles-de-crucero-al-mar-japon\/","url_meta":{"origin":74113,"position":3},"title":"Corea del Norte lanza numerosos misiles de crucero al mar Jap\u00f3n","author":"BIMARY DE JES\u00daS Matos","date":"14 de febrero de 2024","format":false,"excerpt":"EFE.-Las autoridades surcoreanas han denunciado este mi\u00e9rcoles que Corea del Norte ha disparado numerosos misiles de crucero hacia el mar de Jap\u00f3n en el que se trata del quinto lanzamiento de este tipo de proyectiles en lo que va de a\u00f1o, coincidiendo con un repunte de la escala de tensiones\u2026","rel":"","context":"En \u00abSin categor\u00eda\u00bb","block_context":{"text":"Sin categor\u00eda","link":"https:\/\/lasprimeras.com.do\/index.php\/category\/sin-categoria\/"},"img":{"alt_text":"","src":"https:\/\/i0.wp.com\/lasprimeras.com.do\/wp-content\/uploads\/2024\/02\/Misiles-de-crucero-.jpg?resize=350%2C200&ssl=1","width":350,"height":200,"srcset":"https:\/\/i0.wp.com\/lasprimeras.com.do\/wp-content\/uploads\/2024\/02\/Misiles-de-crucero-.jpg?resize=350%2C200&ssl=1 1x, https:\/\/i0.wp.com\/lasprimeras.com.do\/wp-content\/uploads\/2024\/02\/Misiles-de-crucero-.jpg?resize=525%2C300&ssl=1 1.5x"},"classes":[]},{"id":113074,"url":"https:\/\/lasprimeras.com.do\/index.php\/2025\/10\/29\/trump-ordena-empezar-a-probar-las-armas-nucleares-de-ee-uu-inmediatamente\/","url_meta":{"origin":74113,"position":4},"title":"Trump ordena empezar a probar las armas nucleares de EE. UU. &#8220;inmediatamente&#8221;","author":"Nelson Feliz","date":"29 de octubre de 2025","format":false,"excerpt":"El mandatario hizo el anuncio despu\u00e9s de que Rusia realizara maniobras de sus fuerzas nucleares Corea del Sur, EFE - El presidente de Estados Unidos, Donald Trump, afirm\u00f3 este jueves que ha ordenado empezar a probar \"inmediatamente\" el arsenal nuclear estadounidense \" debido a los programas de pruebas de otros\u2026","rel":"","context":"En \u00abINTERNACIONALES\u00bb","block_context":{"text":"INTERNACIONALES","link":"https:\/\/lasprimeras.com.do\/index.php\/category\/sin-categoria\/internacionales\/"},"img":{"alt_text":"","src":"https:\/\/i0.wp.com\/lasprimeras.com.do\/wp-content\/uploads\/2025\/10\/Donald-Trump.jpg?resize=350%2C200&ssl=1","width":350,"height":200,"srcset":"https:\/\/i0.wp.com\/lasprimeras.com.do\/wp-content\/uploads\/2025\/10\/Donald-Trump.jpg?resize=350%2C200&ssl=1 1x, https:\/\/i0.wp.com\/lasprimeras.com.do\/wp-content\/uploads\/2025\/10\/Donald-Trump.jpg?resize=525%2C300&ssl=1 1.5x, https:\/\/i0.wp.com\/lasprimeras.com.do\/wp-content\/uploads\/2025\/10\/Donald-Trump.jpg?resize=700%2C400&ssl=1 2x"},"classes":[]},{"id":61386,"url":"https:\/\/lasprimeras.com.do\/index.php\/2023\/09\/26\/corea-del-sur-amenaza-con-acabar-con-el-regimen-de-corea-del-norte-si-hace-uso-de-su-arsenal-nuclear\/","url_meta":{"origin":74113,"position":5},"title":"Corea del Sur amenaza con &#8220;acabar&#8221; con el &#8220;r\u00e9gimen de Corea del Norte&#8221; si hace uso de su arsenal nuclear","author":"Nelson Feliz","date":"26 de septiembre de 2023","format":false,"excerpt":"El presidente de Corea del Sur, Yoon Suk Yeol, ha amenazado este martes con \"acabar\" con el \"r\u00e9gimen de Corea del Norte\" si hace uso de armas nucleares a medida que aumenta la tensi\u00f3n en la pen\u00ednsula. Para ello, Yoon ha asegurado que contar\u00e1 con la ayuda de Estados Unidos\u2026","rel":"","context":"En \u00abSin categor\u00eda\u00bb","block_context":{"text":"Sin categor\u00eda","link":"https:\/\/lasprimeras.com.do\/index.php\/category\/sin-categoria\/"},"img":{"alt_text":"El presidente surcoreano, Yoon Suk Yeol, saluda a la multitud durante una celebraci\u00f3n para conmemorar el 75.\u00ba aniversario del D\u00eda de las Fuerzas Armadas, en Seongnam, Corea del Sur, el martes 26 de septiembre de 2023.KIM HONG-JI \/ AP","src":"https:\/\/i0.wp.com\/lasprimeras.com.do\/wp-content\/uploads\/2023\/09\/Yoon-Suk-Yeol.jpeg?resize=350%2C200&ssl=1","width":350,"height":200,"srcset":"https:\/\/i0.wp.com\/lasprimeras.com.do\/wp-content\/uploads\/2023\/09\/Yoon-Suk-Yeol.jpeg?resize=350%2C200&ssl=1 1x, https:\/\/i0.wp.com\/lasprimeras.com.do\/wp-content\/uploads\/2023\/09\/Yoon-Suk-Yeol.jpeg?resize=525%2C300&ssl=1 1.5x, https:\/\/i0.wp.com\/lasprimeras.com.do\/wp-content\/uploads\/2023\/09\/Yoon-Suk-Yeol.jpeg?resize=700%2C400&ssl=1 2x"},"classes":[]}],"jetpack_sharing_enabled":true,"_links":{"self":[{"href":"https:\/\/lasprimeras.com.do\/index.php\/wp-json\/wp\/v2\/posts\/74113","targetHints":{"allow":["GET"]}}],"collection":[{"href":"https:\/\/lasprimeras.com.do\/index.php\/wp-json\/wp\/v2\/posts"}],"about":[{"href":"https:\/\/lasprimeras.com.do\/index.php\/wp-json\/wp\/v2\/types\/post"}],"author":[{"embeddable":true,"href":"https:\/\/lasprimeras.com.do\/index.php\/wp-json\/wp\/v2\/users\/3"}],"replies":[{"embeddable":true,"href":"https:\/\/lasprimeras.com.do\/index.php\/wp-json\/wp\/v2\/comments?post=74113"}],"version-history":[{"count":1,"href":"https:\/\/lasprimeras.com.do\/index.php\/wp-json\/wp\/v2\/posts\/74113\/revisions"}],"predecessor-version":[{"id":74115,"href":"https:\/\/lasprimeras.com.do\/index.php\/wp-json\/wp\/v2\/posts\/74113\/revisions\/74115"}],"wp:featuredmedia":[{"embeddable":true,"href":"https:\/\/lasprimeras.com.do\/index.php\/wp-json\/wp\/v2\/media\/74114"}],"wp:attachment":[{"href":"https:\/\/lasprimeras.com.do\/index.php\/wp-json\/wp\/v2\/media?parent=74113"}],"wp:term":[{"taxonomy":"category","embeddable":true,"href":"https:\/\/lasprimeras.com.do\/index.php\/wp-json\/wp\/v2\/categories?post=74113"},{"taxonomy":"post_tag","embeddable":true,"href":"https:\/\/lasprimeras.com.do\/index.php\/wp-json\/wp\/v2\/tags?post=74113"}],"curies":[{"name":"wp","href":"https:\/\/api.w.org\/{rel}","templated":true}]}}