{"id":74124,"date":"2024-01-19T08:29:07","date_gmt":"2024-01-19T12:29:07","guid":{"rendered":"https:\/\/lasprimeras.com.do\/?p=74124"},"modified":"2024-01-19T08:29:25","modified_gmt":"2024-01-19T12:29:25","slug":"alcalde-carlos-guzman-asegura-que-sdn-ahora-es-el-municipio-mas-limpio-del-pais","status":"publish","type":"post","link":"https:\/\/lasprimeras.com.do\/index.php\/2024\/01\/19\/alcalde-carlos-guzman-asegura-que-sdn-ahora-es-el-municipio-mas-limpio-del-pais\/","title":{"rendered":"Alcalde Carlos Guzm\u00e1n asegura que SDN ahora es el municipio m\u00e1s limpio del pa\u00eds"},"content":{"rendered":"\n<p><strong>La ASDN y Gobierno de Jap\u00f3n firman convenio para duplicar recogida de basura en zonas vulnerables de Los Guaricanos.<\/strong><\/p>\n\n\n\n<p>Por Martin Restituyo<\/p>\n\n\n\n<p>La Alcald\u00eda de Santo Domingo Norte (ASDN) y la Embajada de Jap\u00f3n en la Rep\u00fablica Dominicana, firmaron un convenio de cooperaci\u00f3n con el objetivo de optimizar y duplicar la recogida de los residuos s\u00f3lidos (basura) en las comunidades m\u00e1s vulnerables de Los Guaricanos.<\/p>\n\n\n\n<p>Para dicho proyecto, la ASDN recibi\u00f3 en calidad de donaci\u00f3n por parte del Gobierno de Jap\u00f3n un total de US$168,258.00 mediante cheque para la compra de dos compactadores que entrar\u00e1n a mejorar la ruta y frecuencia en la recogida de basura en el sector de Los Guaricanos, beneficiando a m\u00e1s de 100 mil habitantes, con un servicio de recolecci\u00f3n de residuos m\u00e1s eficientes, oportuno y de calidad.<\/p>\n\n\n\n<p>Durante el pacto, la embajada japonesa resalt\u00f3 que este proyecto forma parte del programa de \u201cAsistencia Econ\u00f3mica No Reembolsable para Proyectos Comunitarios de Seguridad Humana\u201d que ejecuta el gobierno de Jap\u00f3n en el pa\u00eds.<\/p>\n\n\n\n<p>El acuerdo rubricado por el alcalde de Santo Domingo Norte (SDN), Carlos Guzm\u00e1n y el Embajador de Jap\u00f3n en el pa\u00eds, el diplom\u00e1tico Furukawa Tadao, respectivamente, establece la compra de los camiones recolectores de residuos s\u00f3lidos en un plazo de 6 meses, a partir de la fecha pactada.<\/p>\n\n\n\n<p>En tanto el cabildo de SDN se compromete a entregar a la parte donante un informe acabado y auditado, indicando los resultados obtenidos conforme las metas y objetivos originales propuestos en el proyecto de recolecci\u00f3n de los residuos s\u00f3lidos en esa populosa comunidad.<\/p>\n\n\n\n<p>El acuerdo adem\u00e1s incluir\u00e1 un reporte financiero sobre la cantidad designada y el desembolso de la donaci\u00f3n.<\/p>\n\n\n\n<p>Al concluir el acto de la firma del convenio, Guzm\u00e1n destac\u00f3 que la gesti\u00f3n que dirige se ha enfocado en la recolecci\u00f3n de la basura y eliminaci\u00f3n de vertederos improvisados, manteniendo la limpieza en todo el municipio con modernas flotillas de compactadores, camiones peque\u00f1os y moto basura que operan en los diferentes barrios, comunidades y avenidas.<\/p>\n\n\n\n<p>Guzm\u00e1n resalt\u00f3 que en la actualidad el municipio Santo Domingo Norte es el m\u00e1s limpio del pa\u00eds, gracias al trabajo de recolecci\u00f3n de basura los 7 d\u00edas de la semana en horario nocturno, evitando que se produzcan c\u00famulos de basuras en sectores de Los Guaricanos, Villa Mella, Sabana Perdida, San Felipe y las zonas rurales del municipio.<\/p>\n\n\n\n<p>El alcalde de SDN agradeci\u00f3 a la Embajada de Jap\u00f3n por su solidaridad, aportando a que Santo Domingo Norte se mantenga como el municipio m\u00e1s limpio del pa\u00eds.<\/p>\n\n\n\n<p>En ese orden, el Consejero de la Embajada de Jap\u00f3n, Furukawa Tadao, dijo que mediante esta modalidad de Cooperaci\u00f3n Econ\u00f3mica No-Reembolsable, el gobierno de Jap\u00f3n desea contribuir al mejoramiento y desarrollo de la sociedad dominicana, y al mismo tiempo, estrechar a\u00fan m\u00e1s los lazos de amistad y cooperaci\u00f3n entre Jap\u00f3n y el municipio de Santo Domingo Norte, en la Rep\u00fablica Dominicana.<\/p>\n\n\n\n<p>El acto de firma se realiz\u00f3 en el Sal\u00f3n de Conferencia V\u00edctor Pi\u00f1eyro de la ASDN, en presencia de funcionarios municipales, representantes de Jap\u00f3n, miembros de la sociedad civil y prensa local y nacional.<\/p>\n","protected":false},"excerpt":{"rendered":"<p>La ASDN y Gobierno de Jap\u00f3n firman convenio para duplicar recogida de basura en zonas vulnerables de Los Guaricanos. Por Martin Restituyo La Alcald\u00eda de Santo Domingo Norte (ASDN) y&hellip;<\/p>\n","protected":false},"author":2,"featured_media":74125,"comment_status":"open","ping_status":"open","sticky":false,"template":"","format":"standard","meta":{"content-type":"","jetpack_post_was_ever_published":false,"_jetpack_newsletter_access":"","_jetpack_dont_email_post_to_subs":false,"_jetpack_newsletter_tier_id":0,"_jetpack_memberships_contains_paywalled_content":false,"_jetpack_memberships_contains_paid_content":false,"footnotes":""},"categories":[39,25],"tags":[161,2940,11128,2092],"class_list":["post-74124","post","type-post","status-publish","format-standard","has-post-thumbnail","hentry","category-economia","category-portada","tag-alcalde","tag-carlos-guzman","tag-gobierno-de-japon","tag-sdn"],"jetpack_featured_media_url":"https:\/\/lasprimeras.com.do\/wp-content\/uploads\/2024\/01\/Carlos-Guzman-1-1.jpg","jetpack-related-posts":[{"id":58410,"url":"https:\/\/lasprimeras.com.do\/index.php\/2023\/08\/23\/alcalde-carlos-guzman-dispuso-todos-los-equipos-para-preservar-vidas-por-paso-de-tormenta-franklin\/","url_meta":{"origin":74124,"position":0},"title":"Alcalde Carlos Guzm\u00e1n dispuso todos los equipos para preservar vidas por paso de tormenta Franklin","author":"Nelson Feliz","date":"23 de agosto de 2023","format":false,"excerpt":"Guzm\u00e1n asegur\u00f3 que se ha estado dando respuesta minuto a minuto a las situaciones que se presentan en las diferentes comunidades. Por Martin Restituyo El alcalde de Santo Domingo Norte (SDN), Carlos Guzm\u00e1n, expres\u00f3 que se han dispuestos todos los equipos operativos y humanos posible para preservar vidas y evitar\u2026","rel":"","context":"En \u00abNACIONALES\u00bb","block_context":{"text":"NACIONALES","link":"https:\/\/lasprimeras.com.do\/index.php\/category\/nacionales\/"},"img":{"alt_text":"Carlos Guzman","src":"https:\/\/i0.wp.com\/lasprimeras.com.do\/wp-content\/uploads\/2023\/08\/Carlos-Guzman-1.jpg?resize=350%2C200&ssl=1","width":350,"height":200,"srcset":"https:\/\/i0.wp.com\/lasprimeras.com.do\/wp-content\/uploads\/2023\/08\/Carlos-Guzman-1.jpg?resize=350%2C200&ssl=1 1x, https:\/\/i0.wp.com\/lasprimeras.com.do\/wp-content\/uploads\/2023\/08\/Carlos-Guzman-1.jpg?resize=525%2C300&ssl=1 1.5x"},"classes":[]},{"id":105401,"url":"https:\/\/lasprimeras.com.do\/index.php\/2025\/08\/03\/la-alcaldia-en-el-barrio-lleva-soluciones-a-sector-las-10-tareas-en-los-guaricanos\/","url_meta":{"origin":74124,"position":1},"title":"La Alcald\u00eda en el Barrio lleva soluciones a sector Las 10 Tareas, en Los Guaricanos","author":"Nelson Feliz","date":"3 de agosto de 2025","format":false,"excerpt":"Se incluy\u00f3 una jornada de vacunaci\u00f3n de perros La Alcald\u00eda de Santo Domingo Norte (ASDN), llev\u00f3 soluciones inmediatas a las problem\u00e1ticas que afectan a los residentes del sector Las 10 Tareas, en Los Guaricanos, a trav\u00e9s de su exitoso programa \"La Alcald\u00eda en el Barrio\". El operativo, encabezado por la\u2026","rel":"","context":"En \u00abNACIONALES\u00bb","block_context":{"text":"NACIONALES","link":"https:\/\/lasprimeras.com.do\/index.php\/category\/nacionales\/"},"img":{"alt_text":"","src":"https:\/\/i0.wp.com\/lasprimeras.com.do\/wp-content\/uploads\/2025\/08\/betty-2.jpg?resize=350%2C200&ssl=1","width":350,"height":200,"srcset":"https:\/\/i0.wp.com\/lasprimeras.com.do\/wp-content\/uploads\/2025\/08\/betty-2.jpg?resize=350%2C200&ssl=1 1x, https:\/\/i0.wp.com\/lasprimeras.com.do\/wp-content\/uploads\/2025\/08\/betty-2.jpg?resize=525%2C300&ssl=1 1.5x, https:\/\/i0.wp.com\/lasprimeras.com.do\/wp-content\/uploads\/2025\/08\/betty-2.jpg?resize=700%2C400&ssl=1 2x"},"classes":[]},{"id":84773,"url":"https:\/\/lasprimeras.com.do\/index.php\/2024\/06\/15\/asdn-continua-operativos-de-limpieza-tras-acuerdo-con-sucesat\/","url_meta":{"origin":74124,"position":2},"title":"ASDN contin\u00faa operativos de limpieza tras acuerdo con SUCESAT","author":"Nelson Feliz","date":"15 de junio de 2024","format":false,"excerpt":"\u00a0Interviene los seis pol\u00edgonos del municipio Santo Domingo Norte. La Alcald\u00eda de Santo Domingo Norte (ASDN) continu\u00f3 este s\u00e1bado los operativos de limpieza, a fin de eliminar los vertederos improvisados y los grandes c\u00famulos de basura, en respuesta a los mun\u00edcipes. La jornada, que inici\u00f3 en el boulevard del sector\u2026","rel":"","context":"En \u00abNACIONALES\u00bb","block_context":{"text":"NACIONALES","link":"https:\/\/lasprimeras.com.do\/index.php\/category\/nacionales\/"},"img":{"alt_text":"","src":"https:\/\/i0.wp.com\/lasprimeras.com.do\/wp-content\/uploads\/2024\/06\/ASDN-1.jpg?resize=350%2C200&ssl=1","width":350,"height":200,"srcset":"https:\/\/i0.wp.com\/lasprimeras.com.do\/wp-content\/uploads\/2024\/06\/ASDN-1.jpg?resize=350%2C200&ssl=1 1x, https:\/\/i0.wp.com\/lasprimeras.com.do\/wp-content\/uploads\/2024\/06\/ASDN-1.jpg?resize=525%2C300&ssl=1 1.5x"},"classes":[]},{"id":125914,"url":"https:\/\/lasprimeras.com.do\/index.php\/2026\/03\/27\/asdn-interviene-municipio-ante-incumplimiento-de-contrato-de-compania-recolectora\/","url_meta":{"origin":74124,"position":3},"title":"ASDN interviene municipio ante incumplimiento de contrato de compa\u00f1\u00eda recolectora","author":"Nelson Feliz","date":"27 de marzo de 2026","format":false,"excerpt":"_Iniciar\u00e1n proceso legal contra Sucesat_ La alcaldesa de Santo Domingo Norte, Betty Ger\u00f3nimo, encabez\u00f3 un operativo de intervenci\u00f3n del municipio junto a la Unidad Ejecutora de la Presidencia de la Rep\u00fablica, ECO5RD, ante el incumplimiento en la recogida de basura de la compa\u00f1\u00eda recolectora Sucesat. La jornada, que cont\u00f3 con\u2026","rel":"","context":"En \u00abNACIONALES\u00bb","block_context":{"text":"NACIONALES","link":"https:\/\/lasprimeras.com.do\/index.php\/category\/nacionales\/"},"img":{"alt_text":"","src":"https:\/\/i0.wp.com\/lasprimeras.com.do\/wp-content\/uploads\/2026\/03\/IMG-20260326-WA0418.jpg?resize=350%2C200&ssl=1","width":350,"height":200,"srcset":"https:\/\/i0.wp.com\/lasprimeras.com.do\/wp-content\/uploads\/2026\/03\/IMG-20260326-WA0418.jpg?resize=350%2C200&ssl=1 1x, https:\/\/i0.wp.com\/lasprimeras.com.do\/wp-content\/uploads\/2026\/03\/IMG-20260326-WA0418.jpg?resize=525%2C300&ssl=1 1.5x, https:\/\/i0.wp.com\/lasprimeras.com.do\/wp-content\/uploads\/2026\/03\/IMG-20260326-WA0418.jpg?resize=700%2C400&ssl=1 2x, https:\/\/i0.wp.com\/lasprimeras.com.do\/wp-content\/uploads\/2026\/03\/IMG-20260326-WA0418.jpg?resize=1050%2C600&ssl=1 3x"},"classes":[]},{"id":67864,"url":"https:\/\/lasprimeras.com.do\/index.php\/2023\/11\/20\/alcalde-carlos-guzman-asiste-a-familias-de-sdn-lo-perdieron-todo-tras-disturbio-tropical\/","url_meta":{"origin":74124,"position":4},"title":"Alcalde Carlos Guzm\u00e1n asiste a familias de SDN lo perdieron todo tras disturbio tropical","author":"Nelson Feliz","date":"20 de noviembre de 2023","format":false,"excerpt":"Expres\u00f3 que ante la situaci\u00f3n hoy todos son Santo Domingo Norte, porque la prioridad es la vida de la gente, no los partidos pol\u00edticos. El alcalde de Santo Domingo Norte (SDN), Carlos Guzm\u00e1n, visit\u00f3 cientos de familias de barrios y comunidades de los Guaricanos, Villa Mella y Sabana Perdida que\u2026","rel":"","context":"En \u00abNACIONALES\u00bb","block_context":{"text":"NACIONALES","link":"https:\/\/lasprimeras.com.do\/index.php\/category\/nacionales\/"},"img":{"alt_text":"Carlos Guzm\u00e1n","src":"https:\/\/i0.wp.com\/lasprimeras.com.do\/wp-content\/uploads\/2023\/11\/Carlos-Guzman-1-1.jpg?resize=350%2C200&ssl=1","width":350,"height":200,"srcset":"https:\/\/i0.wp.com\/lasprimeras.com.do\/wp-content\/uploads\/2023\/11\/Carlos-Guzman-1-1.jpg?resize=350%2C200&ssl=1 1x, https:\/\/i0.wp.com\/lasprimeras.com.do\/wp-content\/uploads\/2023\/11\/Carlos-Guzman-1-1.jpg?resize=525%2C300&ssl=1 1.5x, https:\/\/i0.wp.com\/lasprimeras.com.do\/wp-content\/uploads\/2023\/11\/Carlos-Guzman-1-1.jpg?resize=700%2C400&ssl=1 2x, https:\/\/i0.wp.com\/lasprimeras.com.do\/wp-content\/uploads\/2023\/11\/Carlos-Guzman-1-1.jpg?resize=1050%2C600&ssl=1 3x"},"classes":[]},{"id":56140,"url":"https:\/\/lasprimeras.com.do\/index.php\/2023\/07\/28\/alcalde-carlos-guzman-inaugura-parque-y-entrada-de-comunidad-jacagua\/","url_meta":{"origin":74124,"position":5},"title":"Alcalde Carlos Guzm\u00e1n inaugura parque y entrada de comunidad Jacagua","author":"Nelson Feliz","date":"28 de julio de 2023","format":false,"excerpt":"Guzm\u00e1n tambi\u00e9n dej\u00f3 totalmente saneado el drenaje pluvial de La Mina en los Guaricanos y entreg\u00f3 una cancha deportiva y un centro comunal remozados. El alcalde de Santo Domingo Norte (SDN), Carlos Guzm\u00e1n, inaugur\u00f3 oficialmente el parque y la entrada de la comunidad Jacagua, en una alianza estrat\u00e9gica con la\u2026","rel":"","context":"En \u00abNACIONALES\u00bb","block_context":{"text":"NACIONALES","link":"https:\/\/lasprimeras.com.do\/index.php\/category\/nacionales\/"},"img":{"alt_text":"Carlos Guzman","src":"https:\/\/i0.wp.com\/lasprimeras.com.do\/wp-content\/uploads\/2023\/07\/Carlos-Guzman.jpg?resize=350%2C200&ssl=1","width":350,"height":200,"srcset":"https:\/\/i0.wp.com\/lasprimeras.com.do\/wp-content\/uploads\/2023\/07\/Carlos-Guzman.jpg?resize=350%2C200&ssl=1 1x, https:\/\/i0.wp.com\/lasprimeras.com.do\/wp-content\/uploads\/2023\/07\/Carlos-Guzman.jpg?resize=525%2C300&ssl=1 1.5x, https:\/\/i0.wp.com\/lasprimeras.com.do\/wp-content\/uploads\/2023\/07\/Carlos-Guzman.jpg?resize=700%2C400&ssl=1 2x"},"classes":[]}],"jetpack_sharing_enabled":true,"_links":{"self":[{"href":"https:\/\/lasprimeras.com.do\/index.php\/wp-json\/wp\/v2\/posts\/74124","targetHints":{"allow":["GET"]}}],"collection":[{"href":"https:\/\/lasprimeras.com.do\/index.php\/wp-json\/wp\/v2\/posts"}],"about":[{"href":"https:\/\/lasprimeras.com.do\/index.php\/wp-json\/wp\/v2\/types\/post"}],"author":[{"embeddable":true,"href":"https:\/\/lasprimeras.com.do\/index.php\/wp-json\/wp\/v2\/users\/2"}],"replies":[{"embeddable":true,"href":"https:\/\/lasprimeras.com.do\/index.php\/wp-json\/wp\/v2\/comments?post=74124"}],"version-history":[{"count":2,"href":"https:\/\/lasprimeras.com.do\/index.php\/wp-json\/wp\/v2\/posts\/74124\/revisions"}],"predecessor-version":[{"id":74128,"href":"https:\/\/lasprimeras.com.do\/index.php\/wp-json\/wp\/v2\/posts\/74124\/revisions\/74128"}],"wp:featuredmedia":[{"embeddable":true,"href":"https:\/\/lasprimeras.com.do\/index.php\/wp-json\/wp\/v2\/media\/74125"}],"wp:attachment":[{"href":"https:\/\/lasprimeras.com.do\/index.php\/wp-json\/wp\/v2\/media?parent=74124"}],"wp:term":[{"taxonomy":"category","embeddable":true,"href":"https:\/\/lasprimeras.com.do\/index.php\/wp-json\/wp\/v2\/categories?post=74124"},{"taxonomy":"post_tag","embeddable":true,"href":"https:\/\/lasprimeras.com.do\/index.php\/wp-json\/wp\/v2\/tags?post=74124"}],"curies":[{"name":"wp","href":"https:\/\/api.w.org\/{rel}","templated":true}]}}