{"id":74129,"date":"2024-01-19T13:58:07","date_gmt":"2024-01-19T17:58:07","guid":{"rendered":"https:\/\/lasprimeras.com.do\/?p=74129"},"modified":"2024-01-19T13:58:09","modified_gmt":"2024-01-19T17:58:09","slug":"pld-recorrera-diferentes-calles-del-sector-los-frailes-de-la-circunscripcion-3","status":"publish","type":"post","link":"https:\/\/lasprimeras.com.do\/index.php\/2024\/01\/19\/pld-recorrera-diferentes-calles-del-sector-los-frailes-de-la-circunscripcion-3\/","title":{"rendered":"PLD recorrer\u00e1 diferentes calles del sector Los Frailes de la Circunscripci\u00f3n 3"},"content":{"rendered":"\n<p>SANTO DOMINGO ESTE.- El candidato del Partido de la Liberaci\u00f3n Dominicana a la alcald\u00eda de Santo Domingo Este, Luis Alberto Tejeda, realizar\u00e1 una gran marcha este s\u00e1bado 20 en la circunscripci\u00f3n electoral 3 de ese municipio.<\/p>\n\n\n\n<p>El anuncio fue hecho por el Comit\u00e9 de Campa\u00f1a del candidato, quien inform\u00f3 que la marcha iniciar\u00e1 a las 3:00 de la tarde, en la calle Fausto Cejas Rodr\u00edguez esquina Hatuey, del sector Los Frailes y concluir\u00e1 en la calle 7 casi esquina Charles de Gaulle en los Corales del referido municipio.<\/p>\n\n\n\n<p>La gran marcha estar\u00e1 encabezada por Luis Alberto, la candidata a vicealcaldesa Jacinta Est\u00e9vez, Cristina Lizardo, candidata a senadora en la provincia Santo Domingo, diputados, regidores y todas las fuerzas viv\u00edas que respaldan el proyecto en la circunscripci\u00f3n 3. \u201c<\/p>\n\n\n\n<p>Todas las fuerzas vivas de Santo Domingo Este, en la circunscripci\u00f3n electoral n\u00famero tres, estar\u00e1n marchando con el pr\u00f3ximo alcalde Luis Alberto Tejeda\u201d, declar\u00f3 Florangel Cuevas, coordinador general del Comit\u00e9 de Campa\u00f1a del candidato.<\/p>\n\n\n\n<p>Luis Alberto ha recorrido todos los sectores y barrios del municipio Santo Domingo Este contactando su situaci\u00f3n y conociendo y escuchando las necesidades de los mun\u00edcipes.<\/p>\n\n\n\n<p>En su rol de empresario y dirigente pol\u00edtico tambi\u00e9n ha ofrecido apoyo a las comunidades m\u00e1s necesitadas y respaldo a clubes deportivos y culturales, as\u00ed como j\u00f3venes y mujeres emprendedores.<\/p>\n\n\n\n<p>Quienes le conocen en el municipio SDE, donde reside desde hace 40 a\u00f1os, lo definen como una persona humilde y trabajadora, afirmando que trabajar\u00e1 por el bienestar y el progreso de su ciudad y \u201cser\u00e1 el gerente que necesita Santo Domingo para que resuelva\u201d.<\/p>\n\n\n\n<p>En la v\u00edspera de las elecciones municipales de febrero, Tejeda consolida la simpat\u00eda y la intenci\u00f3n del voto al situarse de 52% a 55% para ganar las elecciones en esa demarcaci\u00f3n.<\/p>\n","protected":false},"excerpt":{"rendered":"<p>SANTO DOMINGO ESTE.- El candidato del Partido de la Liberaci\u00f3n Dominicana a la alcald\u00eda de Santo Domingo Este, Luis Alberto Tejeda, realizar\u00e1 una gran marcha este s\u00e1bado 20 en la&hellip;<\/p>\n","protected":false},"author":3,"featured_media":74130,"comment_status":"open","ping_status":"open","sticky":false,"template":"","format":"standard","meta":{"content-type":"","jetpack_post_was_ever_published":false,"_jetpack_newsletter_access":"","_jetpack_dont_email_post_to_subs":false,"_jetpack_newsletter_tier_id":0,"_jetpack_memberships_contains_paywalled_content":false,"_jetpack_memberships_contains_paid_content":false,"footnotes":""},"categories":[25],"tags":[],"class_list":["post-74129","post","type-post","status-publish","format-standard","has-post-thumbnail","hentry","category-portada"],"jetpack_featured_media_url":"https:\/\/lasprimeras.com.do\/wp-content\/uploads\/2024\/01\/Demostenes-Martinez-Al-PRM-le-queda-poco-tiempo-en-el-poder-6.jpg","jetpack-related-posts":[{"id":74239,"url":"https:\/\/lasprimeras.com.do\/index.php\/2024\/01\/20\/luis-alberto-que-sigan-dando-saquito-de-arroz-que-ya-el-pueblo-hablo-el-18-de-febrero-marcaran-la-casilla-2\/","url_meta":{"origin":74129,"position":0},"title":"Luis Alberto: &#8220;Que sigan dando saquito de arroz, que ya el pueblo habl\u00f3, el 18 de febrero marcar\u00e1n la casilla 2\u201d","author":"Nelson Feliz","date":"20 de enero de 2024","format":false,"excerpt":"Afirma ganar\u00e1 elecciones en SDE con m\u00e1s del 55% de los votos. El candidato del Partido de la Liberaci\u00f3n Dominicana a la alcald\u00eda de Santo Domingo Este, Luis Alberto Tejeda, manifest\u00f3 este s\u00e1bado que ganar\u00e1\u00a0 las elecciones municipales con el 55% de los votos. \"Ya el pueblo habl\u00f3, esto es\u2026","rel":"","context":"En \u00abPORTADA\u00bb","block_context":{"text":"PORTADA","link":"https:\/\/lasprimeras.com.do\/index.php\/category\/portada\/"},"img":{"alt_text":"Luis Alberto Tejeda","src":"https:\/\/i0.wp.com\/lasprimeras.com.do\/wp-content\/uploads\/2024\/01\/Luis-Alberto-Tejeda-1-1.jpg?resize=350%2C200&ssl=1","width":350,"height":200,"srcset":"https:\/\/i0.wp.com\/lasprimeras.com.do\/wp-content\/uploads\/2024\/01\/Luis-Alberto-Tejeda-1-1.jpg?resize=350%2C200&ssl=1 1x, https:\/\/i0.wp.com\/lasprimeras.com.do\/wp-content\/uploads\/2024\/01\/Luis-Alberto-Tejeda-1-1.jpg?resize=525%2C300&ssl=1 1.5x, https:\/\/i0.wp.com\/lasprimeras.com.do\/wp-content\/uploads\/2024\/01\/Luis-Alberto-Tejeda-1-1.jpg?resize=700%2C400&ssl=1 2x"},"classes":[]},{"id":60619,"url":"https:\/\/lasprimeras.com.do\/index.php\/2023\/09\/16\/dirigentes-y-simpatizantes-de-la-fuerza-del-pueblo-ponen-a-temblar-a-sde-con-dos-multitudinarias-marchas\/","url_meta":{"origin":74129,"position":1},"title":"Dirigentes y simpatizantes de la Fuerza del Pueblo ponen a temblar a SDE con dos multitudinarias marchas","author":"Nelson Feliz","date":"16 de septiembre de 2023","format":false,"excerpt":"Cientos de hombres y mujeres pertenecientes al Partido la Fuerza del Pueblo (FP) realizaron dos multitudinaria caminatas en Santo Domingo Este, en contra de la delincuencia, los apagones, el alto costo de la vida y la inseguridad; para demostrarles a los perremeista palaciegos, que el pueblo est\u00e1 cansado de su\u2026","rel":"","context":"En \u00abPORTADA\u00bb","block_context":{"text":"PORTADA","link":"https:\/\/lasprimeras.com.do\/index.php\/category\/portada\/"},"img":{"alt_text":"Fuerza del Pueblo","src":"https:\/\/i0.wp.com\/lasprimeras.com.do\/wp-content\/uploads\/2023\/08\/Fuerza-del-Pueblo.jpg?resize=350%2C200&ssl=1","width":350,"height":200,"srcset":"https:\/\/i0.wp.com\/lasprimeras.com.do\/wp-content\/uploads\/2023\/08\/Fuerza-del-Pueblo.jpg?resize=350%2C200&ssl=1 1x, https:\/\/i0.wp.com\/lasprimeras.com.do\/wp-content\/uploads\/2023\/08\/Fuerza-del-Pueblo.jpg?resize=525%2C300&ssl=1 1.5x, https:\/\/i0.wp.com\/lasprimeras.com.do\/wp-content\/uploads\/2023\/08\/Fuerza-del-Pueblo.jpg?resize=700%2C400&ssl=1 2x"},"classes":[]},{"id":83169,"url":"https:\/\/lasprimeras.com.do\/index.php\/2024\/05\/12\/abinader-finalizo-marchas-caravanas-en-santo-domingo-este\/","url_meta":{"origin":74129,"position":2},"title":"Abinader finaliz\u00f3 marchas caravanas en Santo Domingo Este","author":"Nelson Feliz","date":"12 de mayo de 2024","format":false,"excerpt":"El candidato del PRM realiz\u00f3 similares manifestaciones en los Alcarrizos y Santo Domingo Oeste en compa\u00f1\u00eda de los aspirantes a senador por la provincia, Antonio Taveras Guzm\u00e1n y a diputados de las tres demarcaciones. El candidato presidencial por el Partido Revolucionario Moderno (PRM), Luis Abinader, encabez\u00f3 una marcha caravana en\u2026","rel":"","context":"En \u00abPORTADA\u00bb","block_context":{"text":"PORTADA","link":"https:\/\/lasprimeras.com.do\/index.php\/category\/portada\/"},"img":{"alt_text":"Luis Abinader","src":"https:\/\/i0.wp.com\/lasprimeras.com.do\/wp-content\/uploads\/2024\/05\/Luis-Abinader-16.jpg?resize=350%2C200&ssl=1","width":350,"height":200,"srcset":"https:\/\/i0.wp.com\/lasprimeras.com.do\/wp-content\/uploads\/2024\/05\/Luis-Abinader-16.jpg?resize=350%2C200&ssl=1 1x, https:\/\/i0.wp.com\/lasprimeras.com.do\/wp-content\/uploads\/2024\/05\/Luis-Abinader-16.jpg?resize=525%2C300&ssl=1 1.5x"},"classes":[]},{"id":57071,"url":"https:\/\/lasprimeras.com.do\/index.php\/2023\/08\/08\/luis-alberto-asegura-gobierno-saco-cero-en-materia-de-seguridad\/","url_meta":{"origin":74129,"position":3},"title":"Luis Alberto asegura gobierno sac\u00f3 cero en materia de seguridad","author":"Nelson Feliz","date":"8 de agosto de 2023","format":false,"excerpt":"El candidato a alcalde por Santo Domingo Este, Luis Alberto Tejeda, asegur\u00f3 que el actual gobierno sac\u00f3 cero en materia de seguridad ciudadana, manifestando su preocupaci\u00f3n por la alta tasa de criminalidad. Al ser abordado por la prensa sobre el anuncio de posibles alianzas entre su partido y otras organizaciones\u2026","rel":"","context":"En \u00abPORTADA\u00bb","block_context":{"text":"PORTADA","link":"https:\/\/lasprimeras.com.do\/index.php\/category\/portada\/"},"img":{"alt_text":"Luis Alberto Tejada","src":"https:\/\/i0.wp.com\/lasprimeras.com.do\/wp-content\/uploads\/2023\/08\/Luis-Alberto-1.jpg?resize=350%2C200&ssl=1","width":350,"height":200,"srcset":"https:\/\/i0.wp.com\/lasprimeras.com.do\/wp-content\/uploads\/2023\/08\/Luis-Alberto-1.jpg?resize=350%2C200&ssl=1 1x, https:\/\/i0.wp.com\/lasprimeras.com.do\/wp-content\/uploads\/2023\/08\/Luis-Alberto-1.jpg?resize=525%2C300&ssl=1 1.5x, https:\/\/i0.wp.com\/lasprimeras.com.do\/wp-content\/uploads\/2023\/08\/Luis-Alberto-1.jpg?resize=700%2C400&ssl=1 2x"},"classes":[]},{"id":60966,"url":"https:\/\/lasprimeras.com.do\/index.php\/2023\/09\/20\/ante-el-gran-brote-de-dengue-luis-alberto-dice-las-autoridades-ni-ven-ni-escuchan-ni-entienden\/","url_meta":{"origin":74129,"position":4},"title":"Ante el gran brote de Dengue, Luis Alberto dice \u201cLas autoridades ni ven ni escuchan ni entienden\u201d","author":"Nelson Feliz","date":"20 de septiembre de 2023","format":false,"excerpt":"Reiter\u00f3 que Santo Domingo Este y el pa\u00eds deben ser declarado en Estado de Emergencia. El aspirante a alcalde del Partido de la Liberaci\u00f3n Dominicana (PLD), por Santo Domingo Este, Luis Alberto Tejeda, realiz\u00f3 este mi\u00e9rcoles un operativo de fumigaci\u00f3n en la localidad de Villa Duarte-La Francia, a prop\u00f3sito de\u2026","rel":"","context":"En \u00abPORTADA\u00bb","block_context":{"text":"PORTADA","link":"https:\/\/lasprimeras.com.do\/index.php\/category\/portada\/"},"img":{"alt_text":"Luis Alberto","src":"https:\/\/i0.wp.com\/lasprimeras.com.do\/wp-content\/uploads\/2023\/09\/Luis-Alberto-2.jpg?resize=350%2C200&ssl=1","width":350,"height":200,"srcset":"https:\/\/i0.wp.com\/lasprimeras.com.do\/wp-content\/uploads\/2023\/09\/Luis-Alberto-2.jpg?resize=350%2C200&ssl=1 1x, https:\/\/i0.wp.com\/lasprimeras.com.do\/wp-content\/uploads\/2023\/09\/Luis-Alberto-2.jpg?resize=525%2C300&ssl=1 1.5x, https:\/\/i0.wp.com\/lasprimeras.com.do\/wp-content\/uploads\/2023\/09\/Luis-Alberto-2.jpg?resize=700%2C400&ssl=1 2x"},"classes":[]},{"id":76438,"url":"https:\/\/lasprimeras.com.do\/index.php\/2024\/02\/11\/luis-alberto-al-prm-le-llego-la-hora-epa-fuera-que-van\/","url_meta":{"origin":74129,"position":5},"title":"Luis Alberto: Al PRM le lleg\u00f3 la hora e\u2019pa\u2019 fuera que van\u201d","author":"Nelson Feliz","date":"11 de febrero de 2024","format":false,"excerpt":"Dice tiene 60% de la preferencia electoral de SDE y por todos los lados los mun\u00edcipe dicen que lleg\u00f3 la hora de su triunfo El candidato a alcalde de Santo Domingo Este, Luis Alberto Tejeda, manifest\u00f3 que cuenta con el 60 % de la simpat\u00eda de los electores del referido\u2026","rel":"","context":"En \u00abPORTADA\u00bb","block_context":{"text":"PORTADA","link":"https:\/\/lasprimeras.com.do\/index.php\/category\/portada\/"},"img":{"alt_text":"Luis Alberto Tejeda","src":"https:\/\/i0.wp.com\/lasprimeras.com.do\/wp-content\/uploads\/2024\/02\/Luis-Alberto-Tejeda-2-1.jpg?resize=350%2C200&ssl=1","width":350,"height":200,"srcset":"https:\/\/i0.wp.com\/lasprimeras.com.do\/wp-content\/uploads\/2024\/02\/Luis-Alberto-Tejeda-2-1.jpg?resize=350%2C200&ssl=1 1x, https:\/\/i0.wp.com\/lasprimeras.com.do\/wp-content\/uploads\/2024\/02\/Luis-Alberto-Tejeda-2-1.jpg?resize=525%2C300&ssl=1 1.5x"},"classes":[]}],"jetpack_sharing_enabled":true,"_links":{"self":[{"href":"https:\/\/lasprimeras.com.do\/index.php\/wp-json\/wp\/v2\/posts\/74129","targetHints":{"allow":["GET"]}}],"collection":[{"href":"https:\/\/lasprimeras.com.do\/index.php\/wp-json\/wp\/v2\/posts"}],"about":[{"href":"https:\/\/lasprimeras.com.do\/index.php\/wp-json\/wp\/v2\/types\/post"}],"author":[{"embeddable":true,"href":"https:\/\/lasprimeras.com.do\/index.php\/wp-json\/wp\/v2\/users\/3"}],"replies":[{"embeddable":true,"href":"https:\/\/lasprimeras.com.do\/index.php\/wp-json\/wp\/v2\/comments?post=74129"}],"version-history":[{"count":1,"href":"https:\/\/lasprimeras.com.do\/index.php\/wp-json\/wp\/v2\/posts\/74129\/revisions"}],"predecessor-version":[{"id":74131,"href":"https:\/\/lasprimeras.com.do\/index.php\/wp-json\/wp\/v2\/posts\/74129\/revisions\/74131"}],"wp:featuredmedia":[{"embeddable":true,"href":"https:\/\/lasprimeras.com.do\/index.php\/wp-json\/wp\/v2\/media\/74130"}],"wp:attachment":[{"href":"https:\/\/lasprimeras.com.do\/index.php\/wp-json\/wp\/v2\/media?parent=74129"}],"wp:term":[{"taxonomy":"category","embeddable":true,"href":"https:\/\/lasprimeras.com.do\/index.php\/wp-json\/wp\/v2\/categories?post=74129"},{"taxonomy":"post_tag","embeddable":true,"href":"https:\/\/lasprimeras.com.do\/index.php\/wp-json\/wp\/v2\/tags?post=74129"}],"curies":[{"name":"wp","href":"https:\/\/api.w.org\/{rel}","templated":true}]}}