{"id":74138,"date":"2024-01-19T14:37:22","date_gmt":"2024-01-19T18:37:22","guid":{"rendered":"https:\/\/lasprimeras.com.do\/?p=74138"},"modified":"2024-01-19T14:37:23","modified_gmt":"2024-01-19T18:37:23","slug":"pld-aclara-que-la-ley-si-prohibe-inauguraciones-durante-campana","status":"publish","type":"post","link":"https:\/\/lasprimeras.com.do\/index.php\/2024\/01\/19\/pld-aclara-que-la-ley-si-prohibe-inauguraciones-durante-campana\/","title":{"rendered":"PLD aclara que la Ley \u201csi\u201d proh\u00edbe inauguraciones durante campa\u00f1a"},"content":{"rendered":"\n<p>SANTO DOMINGO.- El Partido de la Liberaci\u00f3n Dominicana (PLD) aclar\u00f3 este viernes al consultor jur\u00eddico del Poder Ejecutivo, Antoliano Peralta, que la Ley \u00absi proh\u00edbe\u00bb al presidente Luis Abinader inaugurar obras del Gobierno durante el periodo de campa\u00f1a.<\/p>\n\n\n\n<p>\u201cEn su p\u00e1gina 19, la Ley Org\u00e1nica de la Administraci\u00f3n P\u00fablica establece que el d\u00eda 9 de enero es el l\u00edmite para actos inaugurales de GOBIERNO y alcald\u00edas\u00bb, explic\u00f3 Jos\u00e9 Dant\u00e9s D\u00edaz, secretario de Asuntos Jur\u00eddicos de la organizaci\u00f3n opositora.<\/p>\n\n\n\n<p>Indic\u00f3 que \u00abesa palabra: \u2018GOBIERNO\u2019 separada de \u2018alcald\u00edas\u2019 se refiere claramente a todas las instituciones que engloba en dicho t\u00e9rmino la Ley 247-12, Org\u00e1nica de la Administraci\u00f3n P\u00fablica\u201d.<\/p>\n\n\n\n<p>\u201cQue mi amigo Antoliano Peralta Romero quiera interpretarlo de otra manera por razones de conveniencia particular, eso es otra cosa\u201d, escribi\u00f3 en la redes sociales.<\/p>\n","protected":false},"excerpt":{"rendered":"<p>SANTO DOMINGO.- El Partido de la Liberaci\u00f3n Dominicana (PLD) aclar\u00f3 este viernes al consultor jur\u00eddico del Poder Ejecutivo, Antoliano Peralta, que la Ley \u00absi proh\u00edbe\u00bb al presidente Luis Abinader inaugurar&hellip;<\/p>\n","protected":false},"author":3,"featured_media":74139,"comment_status":"open","ping_status":"open","sticky":false,"template":"","format":"standard","meta":{"content-type":"","jetpack_post_was_ever_published":false,"_jetpack_newsletter_access":"","_jetpack_dont_email_post_to_subs":false,"_jetpack_newsletter_tier_id":0,"_jetpack_memberships_contains_paywalled_content":false,"_jetpack_memberships_contains_paid_content":false,"footnotes":""},"categories":[1],"tags":[269],"class_list":["post-74138","post","type-post","status-publish","format-standard","has-post-thumbnail","hentry","category-sin-categoria","tag-pld"],"jetpack_featured_media_url":"https:\/\/lasprimeras.com.do\/wp-content\/uploads\/2024\/01\/Demostenes-Martinez-Al-PRM-le-queda-poco-tiempo-en-el-poder-6-2.jpg","jetpack-related-posts":[{"id":74075,"url":"https:\/\/lasprimeras.com.do\/index.php\/2024\/01\/18\/antoliano-peraltaabinader-puede-inaugurar-obras-durante-campana-municipal\/","url_meta":{"origin":74138,"position":0},"title":"Antoliano Peralta:&#8221;Abinader puede inaugurar obras durante campa\u00f1a municipal&#8221;","author":"Nelson Feliz","date":"18 de enero de 2024","format":false,"excerpt":"El consultor jur\u00eddico del Poder Ejecutivo, Antoliano Peralta Romero, indic\u00f3 que el presidente Luis Abinader no est\u00e1 impedido de inaugurar las obras del gobierno central durante el periodo de campa\u00f1a municipal, pues las limitaciones que le establece la ley electoral est\u00e1n dispuestas para otra etapa. Peralta Romero, expres\u00f3 que el\u2026","rel":"","context":"En \u00abNACIONALES\u00bb","block_context":{"text":"NACIONALES","link":"https:\/\/lasprimeras.com.do\/index.php\/category\/nacionales\/"},"img":{"alt_text":"Antoliano Peralta","src":"https:\/\/i0.wp.com\/lasprimeras.com.do\/wp-content\/uploads\/2023\/09\/Antoliano-Peralta.jpg?resize=350%2C200&ssl=1","width":350,"height":200,"srcset":"https:\/\/i0.wp.com\/lasprimeras.com.do\/wp-content\/uploads\/2023\/09\/Antoliano-Peralta.jpg?resize=350%2C200&ssl=1 1x, https:\/\/i0.wp.com\/lasprimeras.com.do\/wp-content\/uploads\/2023\/09\/Antoliano-Peralta.jpg?resize=525%2C300&ssl=1 1.5x, https:\/\/i0.wp.com\/lasprimeras.com.do\/wp-content\/uploads\/2023\/09\/Antoliano-Peralta.jpg?resize=700%2C400&ssl=1 2x"},"classes":[]},{"id":100466,"url":"https:\/\/lasprimeras.com.do\/index.php\/2025\/06\/06\/consultor-juridico-aclara-alcance-del-proyecto-para-crear-el-ministerio-de-justicia\/","url_meta":{"origin":74138,"position":1},"title":"Consultor Jur\u00eddico aclara alcance del proyecto para crear el Ministerio de Justicia","author":"Nelson Feliz","date":"6 de junio de 2025","format":false,"excerpt":"Antoliano Peralta precisa que con esta aclaraci\u00f3n pretende exhortar la verificaci\u00f3n del contenido exacto del proyecto de ley y garantizar una comunicaci\u00f3n veraz y certera. El consultor Jur\u00eddico del Poder Ejecutivo, Antoliano Peralta aclar\u00f3 este viernes que en las dos citadas publicaciones solo dos funciones que actualmente recaen en el\u2026","rel":"","context":"En \u00abNACIONALES\u00bb","block_context":{"text":"NACIONALES","link":"https:\/\/lasprimeras.com.do\/index.php\/category\/nacionales\/"},"img":{"alt_text":"","src":"https:\/\/i0.wp.com\/lasprimeras.com.do\/wp-content\/uploads\/2025\/06\/Antoliano-Peralta.jpg?resize=350%2C200&ssl=1","width":350,"height":200,"srcset":"https:\/\/i0.wp.com\/lasprimeras.com.do\/wp-content\/uploads\/2025\/06\/Antoliano-Peralta.jpg?resize=350%2C200&ssl=1 1x, https:\/\/i0.wp.com\/lasprimeras.com.do\/wp-content\/uploads\/2025\/06\/Antoliano-Peralta.jpg?resize=525%2C300&ssl=1 1.5x, https:\/\/i0.wp.com\/lasprimeras.com.do\/wp-content\/uploads\/2025\/06\/Antoliano-Peralta.jpg?resize=700%2C400&ssl=1 2x"},"classes":[]},{"id":92011,"url":"https:\/\/lasprimeras.com.do\/index.php\/2024\/12\/11\/peralta-aclara-aspectos-sobre-sentencia-del-tc-que-anulo-la-ley-1-24\/","url_meta":{"origin":74138,"position":2},"title":"Peralta aclara aspectos sobre sentencia del TC que anul\u00f3 la Ley 1-24","author":"Nelson Feliz","date":"11 de diciembre de 2024","format":false,"excerpt":"Antoliano Peralta reafirm\u00f3 el compromiso del Poder Ejecutivo con el fortalecimiento de las instituciones democr\u00e1ticas y la protecci\u00f3n de los intereses de la ciudadan\u00eda en el \u00e1mbito de la seguridad nacional. El consultor jur\u00eddico del Poder Ejecutivo, Antoliano Peralta, emiti\u00f3 una declaraci\u00f3n oficial en relaci\u00f3n con la reciente sentencia del\u2026","rel":"","context":"En \u00abNACIONALES\u00bb","block_context":{"text":"NACIONALES","link":"https:\/\/lasprimeras.com.do\/index.php\/category\/nacionales\/"},"img":{"alt_text":"Antoliano Peralta","src":"https:\/\/i0.wp.com\/lasprimeras.com.do\/wp-content\/uploads\/2024\/12\/Antoliano-Peralta.jpg?resize=350%2C200&ssl=1","width":350,"height":200,"srcset":"https:\/\/i0.wp.com\/lasprimeras.com.do\/wp-content\/uploads\/2024\/12\/Antoliano-Peralta.jpg?resize=350%2C200&ssl=1 1x, https:\/\/i0.wp.com\/lasprimeras.com.do\/wp-content\/uploads\/2024\/12\/Antoliano-Peralta.jpg?resize=525%2C300&ssl=1 1.5x, https:\/\/i0.wp.com\/lasprimeras.com.do\/wp-content\/uploads\/2024\/12\/Antoliano-Peralta.jpg?resize=700%2C400&ssl=1 2x"},"classes":[]},{"id":115363,"url":"https:\/\/lasprimeras.com.do\/index.php\/2025\/11\/21\/antoliano-peralta-revela-que-abogados-intimaron-al-poder-ejecutivo-para-sustituir-al-director-de-la-pn\/","url_meta":{"origin":74138,"position":3},"title":"Antoliano Peralta revela que abogados intimaron al Poder Ejecutivo para sustituir al director de la PN","author":"Nelson Feliz","date":"21 de noviembre de 2025","format":false,"excerpt":"El consultor jur\u00eddico del Poder Ejecutivo, Antoliano Peralta, revel\u00f3 este viernes que cuatro abogados, identificados como Manny Sierra, Jhon Guilliani y otras dos personas, han notificado formalmente al Gobierno con una intimaci\u00f3n para que proceda con la sustituci\u00f3n del actual director de la Polic\u00eda Nacional, Mayor General Lic. Ramon Antonio\u2026","rel":"","context":"En \u00abNACIONALES\u00bb","block_context":{"text":"NACIONALES","link":"https:\/\/lasprimeras.com.do\/index.php\/category\/nacionales\/"},"img":{"alt_text":"Antoliano Peralta","src":"https:\/\/i0.wp.com\/lasprimeras.com.do\/wp-content\/uploads\/2025\/02\/Antoliano-Peralta.jpg?resize=350%2C200&ssl=1","width":350,"height":200,"srcset":"https:\/\/i0.wp.com\/lasprimeras.com.do\/wp-content\/uploads\/2025\/02\/Antoliano-Peralta.jpg?resize=350%2C200&ssl=1 1x, https:\/\/i0.wp.com\/lasprimeras.com.do\/wp-content\/uploads\/2025\/02\/Antoliano-Peralta.jpg?resize=525%2C300&ssl=1 1.5x, https:\/\/i0.wp.com\/lasprimeras.com.do\/wp-content\/uploads\/2025\/02\/Antoliano-Peralta.jpg?resize=700%2C400&ssl=1 2x"},"classes":[]},{"id":59272,"url":"https:\/\/lasprimeras.com.do\/index.php\/2023\/09\/01\/antoliano-peralta-aclara-el-cumplimiento-de-las-sentencias-del-tribunal-constitucional\/","url_meta":{"origin":74138,"position":4},"title":"Antoliano Peralta aclara el cumplimiento de las sentencias del Tribunal Constitucional","author":"Nelson Feliz","date":"1 de septiembre de 2023","format":false,"excerpt":"El Consultor Jur\u00eddico del Poder Ejecutivo, Antoliano Peralta, aclar\u00f3 hoy la din\u00e1mica de cumplimiento de las sentencias del Tribunal Constitucional, al ser abordado por los representantes de los medios de comunicaci\u00f3n que cubren la Casa de Gobierno. Al referirse a los cuestionamientos que se han emitido en diferentes \u00e1mbitos luego\u2026","rel":"","context":"En \u00abNACIONALES\u00bb","block_context":{"text":"NACIONALES","link":"https:\/\/lasprimeras.com.do\/index.php\/category\/nacionales\/"},"img":{"alt_text":"Antoliano Peralta","src":"https:\/\/i0.wp.com\/lasprimeras.com.do\/wp-content\/uploads\/2023\/09\/Antoliano-Peralta.jpg?resize=350%2C200&ssl=1","width":350,"height":200,"srcset":"https:\/\/i0.wp.com\/lasprimeras.com.do\/wp-content\/uploads\/2023\/09\/Antoliano-Peralta.jpg?resize=350%2C200&ssl=1 1x, https:\/\/i0.wp.com\/lasprimeras.com.do\/wp-content\/uploads\/2023\/09\/Antoliano-Peralta.jpg?resize=525%2C300&ssl=1 1.5x, https:\/\/i0.wp.com\/lasprimeras.com.do\/wp-content\/uploads\/2023\/09\/Antoliano-Peralta.jpg?resize=700%2C400&ssl=1 2x"},"classes":[]},{"id":75268,"url":"https:\/\/lasprimeras.com.do\/index.php\/2024\/01\/30\/mediante-instancia-a-jce-pld-recusa-a-vallejo-santelises\/","url_meta":{"origin":74138,"position":5},"title":"Mediante instancia a JCE, PLD recusa a Vallejo Santelises","author":"Nelson Feliz","date":"30 de enero de 2024","format":false,"excerpt":"PLD denuncia al PRM por usar recursos del Estado en la campa\u00f1a electoral, reitera violaci\u00f3n a Leyes Electorales en las inauguraciones del Gobierno. El Partido de la Liberaci\u00f3n Dominicana reiter\u00f3 su denuncia del uso de los recursos del Estado en campa\u00f1a electoral a favor de los candidatos del PRM, al\u2026","rel":"","context":"En \u00abSin categor\u00eda\u00bb","block_context":{"text":"Sin categor\u00eda","link":"https:\/\/lasprimeras.com.do\/index.php\/category\/sin-categoria\/"},"img":{"alt_text":"PLD","src":"https:\/\/i0.wp.com\/lasprimeras.com.do\/wp-content\/uploads\/2024\/01\/PLD-INST.jpg?resize=350%2C200&ssl=1","width":350,"height":200,"srcset":"https:\/\/i0.wp.com\/lasprimeras.com.do\/wp-content\/uploads\/2024\/01\/PLD-INST.jpg?resize=350%2C200&ssl=1 1x, https:\/\/i0.wp.com\/lasprimeras.com.do\/wp-content\/uploads\/2024\/01\/PLD-INST.jpg?resize=525%2C300&ssl=1 1.5x, https:\/\/i0.wp.com\/lasprimeras.com.do\/wp-content\/uploads\/2024\/01\/PLD-INST.jpg?resize=700%2C400&ssl=1 2x, https:\/\/i0.wp.com\/lasprimeras.com.do\/wp-content\/uploads\/2024\/01\/PLD-INST.jpg?resize=1050%2C600&ssl=1 3x"},"classes":[]}],"jetpack_sharing_enabled":true,"_links":{"self":[{"href":"https:\/\/lasprimeras.com.do\/index.php\/wp-json\/wp\/v2\/posts\/74138","targetHints":{"allow":["GET"]}}],"collection":[{"href":"https:\/\/lasprimeras.com.do\/index.php\/wp-json\/wp\/v2\/posts"}],"about":[{"href":"https:\/\/lasprimeras.com.do\/index.php\/wp-json\/wp\/v2\/types\/post"}],"author":[{"embeddable":true,"href":"https:\/\/lasprimeras.com.do\/index.php\/wp-json\/wp\/v2\/users\/3"}],"replies":[{"embeddable":true,"href":"https:\/\/lasprimeras.com.do\/index.php\/wp-json\/wp\/v2\/comments?post=74138"}],"version-history":[{"count":1,"href":"https:\/\/lasprimeras.com.do\/index.php\/wp-json\/wp\/v2\/posts\/74138\/revisions"}],"predecessor-version":[{"id":74140,"href":"https:\/\/lasprimeras.com.do\/index.php\/wp-json\/wp\/v2\/posts\/74138\/revisions\/74140"}],"wp:featuredmedia":[{"embeddable":true,"href":"https:\/\/lasprimeras.com.do\/index.php\/wp-json\/wp\/v2\/media\/74139"}],"wp:attachment":[{"href":"https:\/\/lasprimeras.com.do\/index.php\/wp-json\/wp\/v2\/media?parent=74138"}],"wp:term":[{"taxonomy":"category","embeddable":true,"href":"https:\/\/lasprimeras.com.do\/index.php\/wp-json\/wp\/v2\/categories?post=74138"},{"taxonomy":"post_tag","embeddable":true,"href":"https:\/\/lasprimeras.com.do\/index.php\/wp-json\/wp\/v2\/tags?post=74138"}],"curies":[{"name":"wp","href":"https:\/\/api.w.org\/{rel}","templated":true}]}}