{"id":74144,"date":"2024-01-19T14:40:09","date_gmt":"2024-01-19T18:40:09","guid":{"rendered":"https:\/\/lasprimeras.com.do\/?p=74144"},"modified":"2024-01-19T14:40:13","modified_gmt":"2024-01-19T18:40:13","slug":"adrian-beltre-en-camino-a-ser-tercera-base-del-salon-de-la-fama","status":"publish","type":"post","link":"https:\/\/lasprimeras.com.do\/index.php\/2024\/01\/19\/adrian-beltre-en-camino-a-ser-tercera-base-del-salon-de-la-fama\/","title":{"rendered":"Adri\u00e1n Beltr\u00e9 en camino a ser tercera base del Sal\u00f3n de la Fama"},"content":{"rendered":"\n<p>Santo Domingo.-Cuando los Rangers de Texas retiraron la camiseta n\u00famero 29 de Adri\u00e1n Beltr\u00e9 la temporada despu\u00e9s de que el antesalista jug\u00f3 su \u00faltimo partido, la celebraci\u00f3n incluy\u00f3 mensajes de George Brett, Mike Schmidt y Chipper Jones.<\/p>\n\n\n\n<p>Todos esos tercera base del Sal\u00f3n de la Fama le dijeron a Beltr\u00e9 esa noche de 2019 que lo ver\u00edan en Cooperstown tan pronto como fuera elegible para las elecciones.<\/p>\n\n\n\n<p>\u201cSer\u00e1s la primera votaci\u00f3n. \u2026 No puedo esperar para sentarme detr\u00e1s de usted cuando pronuncie su discurso\u201d, dijo Schmidt en su mensaje en video.<\/p>\n\n\n\n<p>Beltr\u00e9 estuvo entre los 12 novatos y los 26 jugadores en total en la boleta para la Clase de 2024 que se revelar\u00e1 el martes. Cuatro veces All-Star con 3,166 hits y 477 jonrones, sus 2,759 juegos jugados en la tercera base son menos que el total de Brooks Robinson.<\/p>\n\n\n\n<p>\u201cNo s\u00e9 c\u00f3mo me voy a sentir\u201d, dijo Beltr\u00e9 cuando se le pregunt\u00f3 sobre esa posibilidad de ser una selecci\u00f3n de primera votaci\u00f3n. \u00abSi sucede, cuando suceda, ver\u00e9 c\u00f3mo reaccionar\u00e9 y c\u00f3mo lo disfrutar\u00e9\u00bb.<\/p>\n\n\n\n<p>Si bien a menudo mostraba un ce\u00f1o intimidante, incluso cuando sus compa\u00f1eros le tocaban la cabeza, Beltr\u00e9 era querido en el camerino y realmente disfrut\u00f3 jugando durante 21 temporadas en las Grandes Ligas. Debut\u00f3 en 1998 con s\u00f3lo 19 a\u00f1os y se destac\u00f3 a lo largo de una carrera llena de grandes hits, incluidos varios jonrones pegados en una rodilla . Su h\u00e1bil fildeo proporcion\u00f3 puntos destacados defensivos en la esquina caliente.<\/p>\n\n\n\n<p>Los jugadores que obtengan el 75% de los votos enviados antes del 31 de diciembre entrar\u00e1n al Sal\u00f3n, y Beltr\u00e9 ha estado consistentemente muy por encima de ese umbral seg\u00fan el rastreador de boletas del Sal\u00f3n de la Fama de Ryan Thibodaux. Beltr\u00e9 figuraba en el 98,9% de 177 papeletas, aproximadamente el 46% del total.<\/p>\n\n\n\n<p>El a\u00f1o pasado, en su sexta vez en la boleta, Scott Rolen se convirti\u00f3 en apenas el 18\u00b0 antesalista elegido al Sal\u00f3n , el menor n\u00famero de cualquier posici\u00f3n. Beltr\u00e9 probablemente sea el siguiente.<\/p>\n\n\n\n<p>Beltr\u00e9 alcanz\u00f3 su \u00fanica Serie Mundial en 2011 durante su primer a\u00f1o con Texas, donde pas\u00f3 las \u00faltimas ocho temporadas de su carrera. Se uni\u00f3 al club de los 3,000 hits en un juego en casa de los Rangers el 30 de julio de 2017, y su doblete hist\u00f3rico se produjo solo minutos despu\u00e9s de que el veterano receptor de Texas, Iv\u00e1n Rodr\u00edguez, terminara su discurso de incorporaci\u00f3n al Sal\u00f3n de la Fama en Cooperstown ese d\u00eda.<\/p>\n\n\n\n<p>Tambi\u00e9n fue solo cuatro d\u00edas despu\u00e9s de que Beltr\u00e9, que ya contaba con tres extrabases en un juego para llegar a 2.996 hits, fuera expulsado por mover un c\u00edrculo en cubierta . Despu\u00e9s de que el \u00e1rbitro Gerry Davis le indic\u00f3 a Beltr\u00e9 que se acercara al c\u00edrculo de espera, el jugador arrastr\u00f3 la gran alfombra de pl\u00e1stico que marcaba ese lugar m\u00e1s cerca de \u00e9l.<\/p>\n\n\n\n<p>Beltr\u00e9 bate\u00f3 .286 en su carrera. Sus 3.166 hits lo ubican en el puesto 18 y son la mayor cantidad para un jugador nacido en el extranjero. Tambi\u00e9n tuvo 1,707 carreras impulsadas (25\u00b0) en los 2,933 juegos de su carrera con cuatro equipos, y tres hits en el ciclo, el \u00faltimo cuando ten\u00eda 36 a\u00f1os.<\/p>\n\n\n\n<p>\u201cTe divertiste m\u00e1s que nadie que vi jugar b\u00e9isbol\u201d, dijo Brett en su mensaje la noche en que le retiraron la camiseta a Beltr\u00e9.<\/p>\n\n\n\n<p>Conocido por algunos h\u00e1bitos extravagantes en el b\u00e9isbol, Beltr\u00e9 a menudo se\u00f1alaba a los \u00e1rbitros cuando revisaba su swing. Arrastraba los pies y giraba las piernas en la caja de bateo en lanzamientos internos o en la tierra. Hubo tantas ocasiones en el lado izquierdo del cuadro interior que Beltr\u00e9 y el campocorto Elvis Andrus estaban a s\u00f3lo unos metros de distancia, ambos con sus guantes en el aire, uno imitando al otro atrapando un elevado.<\/p>\n\n\n\n<p>Y Beltr\u00e9 odiaba que le tocasen la cabeza, algo que sus compa\u00f1eros explotaban sin piedad cuando celebraban grandes momentos. Especialmente Andrus, un hermano peque\u00f1o nueve a\u00f1os menor que estuvo con \u00e9l las ocho temporadas en Texas. Durante un cambio de lanzadores en Seattle en 2013, Beltr\u00e9 le arroj\u00f3 su guante a Andrus que hu\u00eda luego de recibir un golpe en la cabeza con un guante.<\/p>\n\n\n\n<p>Beltr\u00e9 ten\u00eda 15 a\u00f1os cuando firm\u00f3 con los Dodgers en julio de 1994, y nunca regres\u00f3 a las menores despu\u00e9s de ser convocado en 1998. Jug\u00f3 para Los \u00c1ngeles hasta 2004, luego pas\u00f3 cinco temporadas en Seattle antes de un a\u00f1o con los Medias Rojas de Boston. eso precedi\u00f3 a ir a Texas en la agencia libre.<\/p>\n\n\n\n<p>Michael Young, el l\u00edder de carrera de los Rangers en juegos y hits y ahora asistente especial del equipo, fue tercera base de Texas antes de convertirse en jugador utilitario y bateador designado despu\u00e9s de que Beltr\u00e9 fuera contratado.<\/p>\n\n\n\n<p>\u201cPor todas las cosas que sab\u00eda sobre \u00e9l, simplemente era mejor en todos los aspectos posibles que podr\u00eda haber imaginado\u201d, dijo Young despu\u00e9s de que Beltr\u00e9 se retirara .<\/p>\n","protected":false},"excerpt":{"rendered":"<p>Santo Domingo.-Cuando los Rangers de Texas retiraron la camiseta n\u00famero 29 de Adri\u00e1n Beltr\u00e9 la temporada despu\u00e9s de que el antesalista jug\u00f3 su \u00faltimo partido, la celebraci\u00f3n incluy\u00f3 mensajes de&hellip;<\/p>\n","protected":false},"author":3,"featured_media":74145,"comment_status":"open","ping_status":"open","sticky":false,"template":"","format":"standard","meta":{"content-type":"","jetpack_post_was_ever_published":false,"_jetpack_newsletter_access":"","_jetpack_dont_email_post_to_subs":false,"_jetpack_newsletter_tier_id":0,"_jetpack_memberships_contains_paywalled_content":false,"_jetpack_memberships_contains_paid_content":false,"footnotes":""},"categories":[1],"tags":[],"class_list":["post-74144","post","type-post","status-publish","format-standard","has-post-thumbnail","hentry","category-sin-categoria"],"jetpack_featured_media_url":"https:\/\/lasprimeras.com.do\/wp-content\/uploads\/2024\/01\/Demostenes-Martinez-Al-PRM-le-queda-poco-tiempo-en-el-poder-6-1.webp","jetpack-related-posts":[{"id":74490,"url":"https:\/\/lasprimeras.com.do\/index.php\/2024\/01\/23\/adrian-beltre-es-elegido-al-salon-de-la-fama-del-cooperstown\/","url_meta":{"origin":74144,"position":0},"title":"Adri\u00e1n Beltr\u00e9 es elegido al Sal\u00f3n de la Fama del Cooperstown","author":"BIMARY DE JES\u00daS Matos","date":"23 de enero de 2024","format":false,"excerpt":"Santo Domingo.-El dominicano Adri\u00e1n Beltr\u00e9 fue electo este martes al Sal\u00f3n de la Fama de Cooperstown, considerado como el templo de los inmortales en el mundo del b\u00e9isbol. Beltr\u00e9 ser\u00e1 exaltado en la ceremonia del Sal\u00f3n de la Fama del 2024, que est\u00e1 programada para celebrarse el domingo 21 de\u2026","rel":"","context":"En \u00abSin categor\u00eda\u00bb","block_context":{"text":"Sin categor\u00eda","link":"https:\/\/lasprimeras.com.do\/index.php\/category\/sin-categoria\/"},"img":{"alt_text":"","src":"https:\/\/i0.wp.com\/lasprimeras.com.do\/wp-content\/uploads\/2024\/01\/WhatsApp-Image-2024-01-22-at-9.27.36-AM-2.webp?resize=350%2C200&ssl=1","width":350,"height":200,"srcset":"https:\/\/i0.wp.com\/lasprimeras.com.do\/wp-content\/uploads\/2024\/01\/WhatsApp-Image-2024-01-22-at-9.27.36-AM-2.webp?resize=350%2C200&ssl=1 1x, https:\/\/i0.wp.com\/lasprimeras.com.do\/wp-content\/uploads\/2024\/01\/WhatsApp-Image-2024-01-22-at-9.27.36-AM-2.webp?resize=525%2C300&ssl=1 1.5x"},"classes":[]},{"id":74502,"url":"https:\/\/lasprimeras.com.do\/index.php\/2024\/01\/23\/adrian-beltre-quinto-dominicano-en-ser-electo-al-salon-de-la-fama\/","url_meta":{"origin":74144,"position":1},"title":"Adri\u00e1n Beltr\u00e9, quinto dominicano en ser electo al Sal\u00f3n de la Fama","author":"Nelson Feliz","date":"23 de enero de 2024","format":false,"excerpt":"Adri\u00e1n Beltr\u00e9 se une a los lanzadores Juan Marichal (1983) y Pedro Mart\u00ednez (2015), al jardinero Vladimir Guerrero padre (2019) y al bateador designado David Ortiz (2022) entre los quisqueyanos que han recibido el m\u00e1s alto honor del b\u00e9isbol. Por Joiner Mart\u00ednez El dominicano Adri\u00e1n Beltr\u00e9, Todd Helton y Joe\u2026","rel":"","context":"En \u00abSin categor\u00eda\u00bb","block_context":{"text":"Sin categor\u00eda","link":"https:\/\/lasprimeras.com.do\/index.php\/category\/sin-categoria\/"},"img":{"alt_text":"Adrian Beltre","src":"https:\/\/i0.wp.com\/lasprimeras.com.do\/wp-content\/uploads\/2024\/01\/Adrian-Beltre.jpg?resize=350%2C200&ssl=1","width":350,"height":200,"srcset":"https:\/\/i0.wp.com\/lasprimeras.com.do\/wp-content\/uploads\/2024\/01\/Adrian-Beltre.jpg?resize=350%2C200&ssl=1 1x, https:\/\/i0.wp.com\/lasprimeras.com.do\/wp-content\/uploads\/2024\/01\/Adrian-Beltre.jpg?resize=525%2C300&ssl=1 1.5x, https:\/\/i0.wp.com\/lasprimeras.com.do\/wp-content\/uploads\/2024\/01\/Adrian-Beltre.jpg?resize=700%2C400&ssl=1 2x"},"classes":[]},{"id":74525,"url":"https:\/\/lasprimeras.com.do\/index.php\/2024\/01\/24\/presidente-abinader-felicita-a-adrian-beltre-por-ingreso-a-cooperstown\/","url_meta":{"origin":74144,"position":2},"title":"Presidente Abinader felicita a Adri\u00e1n Beltr\u00e9 por ingreso a Cooperstown","author":"BIMARY DE JES\u00daS Matos","date":"24 de enero de 2024","format":false,"excerpt":"SANTO DOMINGO.- El mandatario de la naci\u00f3n, Luis Abinader, extern\u00f3 sus felicitaciones este martes al expelotero dominicano Adri\u00e1n Beltr\u00e9 por convertirse en el quinto pelotero del pa\u00eds en ser electo al Sal\u00f3n de la Fama de Cooperstown. En su cuenta de X, anteriormente Twitter, el gobernante public\u00f3 el mensaje siguiente:\u2026","rel":"","context":"En \u00abSin categor\u00eda\u00bb","block_context":{"text":"Sin categor\u00eda","link":"https:\/\/lasprimeras.com.do\/index.php\/category\/sin-categoria\/"},"img":{"alt_text":"","src":"https:\/\/i0.wp.com\/lasprimeras.com.do\/wp-content\/uploads\/2024\/01\/WhatsApp-Image-2024-01-22-at-9.27.36-AM-2-1.jpg?resize=350%2C200&ssl=1","width":350,"height":200,"srcset":"https:\/\/i0.wp.com\/lasprimeras.com.do\/wp-content\/uploads\/2024\/01\/WhatsApp-Image-2024-01-22-at-9.27.36-AM-2-1.jpg?resize=350%2C200&ssl=1 1x, https:\/\/i0.wp.com\/lasprimeras.com.do\/wp-content\/uploads\/2024\/01\/WhatsApp-Image-2024-01-22-at-9.27.36-AM-2-1.jpg?resize=525%2C300&ssl=1 1.5x"},"classes":[]},{"id":73510,"url":"https:\/\/lasprimeras.com.do\/index.php\/2024\/01\/12\/adrian-beltre-sigue-en-la-cima-de-las-votaciones-al-salon-de-la-fama\/","url_meta":{"origin":74144,"position":3},"title":"Adri\u00e1n Beltr\u00e9 sigue en la cima de las votaciones al Sal\u00f3n de la fama","author":"BIMARY DE JES\u00daS Matos","date":"12 de enero de 2024","format":false,"excerpt":"NY.-Con un avance de 145 boletas entregadas, el dominicano Adri\u00e1n Beltr\u00e9 sigue en la cima desde que iniciaron las votaciones con un 98% de los votos. Todo indica que va rumbo a ser elegido en la primera vuelta. Sin embargo, eso puede cambiar a seg\u00fan contin\u00faen las votaciones. Hasta ahora,\u2026","rel":"","context":"En \u00abSin categor\u00eda\u00bb","block_context":{"text":"Sin categor\u00eda","link":"https:\/\/lasprimeras.com.do\/index.php\/category\/sin-categoria\/"},"img":{"alt_text":"","src":"https:\/\/i0.wp.com\/lasprimeras.com.do\/wp-content\/uploads\/2024\/01\/WhatsApp-Image-2024-01-11-at-9.04.36-PM-4-3.jpeg?resize=350%2C200&ssl=1","width":350,"height":200,"srcset":"https:\/\/i0.wp.com\/lasprimeras.com.do\/wp-content\/uploads\/2024\/01\/WhatsApp-Image-2024-01-11-at-9.04.36-PM-4-3.jpeg?resize=350%2C200&ssl=1 1x, https:\/\/i0.wp.com\/lasprimeras.com.do\/wp-content\/uploads\/2024\/01\/WhatsApp-Image-2024-01-11-at-9.04.36-PM-4-3.jpeg?resize=525%2C300&ssl=1 1.5x"},"classes":[]},{"id":86229,"url":"https:\/\/lasprimeras.com.do\/index.php\/2024\/07\/21\/beltre-gorra-de-los-rangers-siempre-fue-mi-opcion-para-ingresar-a-cooperstown\/","url_meta":{"origin":74144,"position":4},"title":"Beltr\u00e9: Gorra de los Rangers siempre fue mi opci\u00f3n para ingresar a Cooperstown","author":"Nelson Feliz","date":"21 de julio de 2024","format":false,"excerpt":"NUEVA YORK.- A lo largo de su carrera de 21 temporadas el dominicano Adri\u00e1n Beltr\u00e9 jug\u00f3 con cuatro equipos, pero el legendario exjugador indic\u00f3 este s\u00e1bado que para \u00e9l no exist\u00eda otra opci\u00f3n que no fuera la insignia de los Rangers de Texas para ingresar al Sal\u00f3n de la Fama.\u2026","rel":"","context":"En \u00abSin categor\u00eda\u00bb","block_context":{"text":"Sin categor\u00eda","link":"https:\/\/lasprimeras.com.do\/index.php\/category\/sin-categoria\/"},"img":{"alt_text":"","src":"https:\/\/i0.wp.com\/lasprimeras.com.do\/wp-content\/uploads\/2024\/07\/Adrian-Beltre.png?resize=350%2C200&ssl=1","width":350,"height":200,"srcset":"https:\/\/i0.wp.com\/lasprimeras.com.do\/wp-content\/uploads\/2024\/07\/Adrian-Beltre.png?resize=350%2C200&ssl=1 1x, https:\/\/i0.wp.com\/lasprimeras.com.do\/wp-content\/uploads\/2024\/07\/Adrian-Beltre.png?resize=525%2C300&ssl=1 1.5x"},"classes":[]},{"id":120114,"url":"https:\/\/lasprimeras.com.do\/index.php\/2026\/01\/20\/carlos-beltran-y-andruw-jones-son-elegidos-al-salon-de-la-fama-tras-esperar-a-cuentagotas\/","url_meta":{"origin":74144,"position":5},"title":"Carlos Beltr\u00e1n y Andruw Jones son elegidos al Sal\u00f3n de la Fama tras esperar a cuentagotas","author":"Nelson Feliz","date":"20 de enero de 2026","format":false,"excerpt":"Carlos Beltr\u00e1n","rel":"","context":"En \u00abDEPORTES\u00bb","block_context":{"text":"DEPORTES","link":"https:\/\/lasprimeras.com.do\/index.php\/category\/deportes\/"},"img":{"alt_text":"Carlos Beltr\u00e1n","src":"https:\/\/i0.wp.com\/lasprimeras.com.do\/wp-content\/uploads\/2026\/01\/Carlos-Beltran.jpg?resize=350%2C200&ssl=1","width":350,"height":200,"srcset":"https:\/\/i0.wp.com\/lasprimeras.com.do\/wp-content\/uploads\/2026\/01\/Carlos-Beltran.jpg?resize=350%2C200&ssl=1 1x, https:\/\/i0.wp.com\/lasprimeras.com.do\/wp-content\/uploads\/2026\/01\/Carlos-Beltran.jpg?resize=525%2C300&ssl=1 1.5x, https:\/\/i0.wp.com\/lasprimeras.com.do\/wp-content\/uploads\/2026\/01\/Carlos-Beltran.jpg?resize=700%2C400&ssl=1 2x, https:\/\/i0.wp.com\/lasprimeras.com.do\/wp-content\/uploads\/2026\/01\/Carlos-Beltran.jpg?resize=1050%2C600&ssl=1 3x, https:\/\/i0.wp.com\/lasprimeras.com.do\/wp-content\/uploads\/2026\/01\/Carlos-Beltran.jpg?resize=1400%2C800&ssl=1 4x"},"classes":[]}],"jetpack_sharing_enabled":true,"_links":{"self":[{"href":"https:\/\/lasprimeras.com.do\/index.php\/wp-json\/wp\/v2\/posts\/74144","targetHints":{"allow":["GET"]}}],"collection":[{"href":"https:\/\/lasprimeras.com.do\/index.php\/wp-json\/wp\/v2\/posts"}],"about":[{"href":"https:\/\/lasprimeras.com.do\/index.php\/wp-json\/wp\/v2\/types\/post"}],"author":[{"embeddable":true,"href":"https:\/\/lasprimeras.com.do\/index.php\/wp-json\/wp\/v2\/users\/3"}],"replies":[{"embeddable":true,"href":"https:\/\/lasprimeras.com.do\/index.php\/wp-json\/wp\/v2\/comments?post=74144"}],"version-history":[{"count":1,"href":"https:\/\/lasprimeras.com.do\/index.php\/wp-json\/wp\/v2\/posts\/74144\/revisions"}],"predecessor-version":[{"id":74146,"href":"https:\/\/lasprimeras.com.do\/index.php\/wp-json\/wp\/v2\/posts\/74144\/revisions\/74146"}],"wp:featuredmedia":[{"embeddable":true,"href":"https:\/\/lasprimeras.com.do\/index.php\/wp-json\/wp\/v2\/media\/74145"}],"wp:attachment":[{"href":"https:\/\/lasprimeras.com.do\/index.php\/wp-json\/wp\/v2\/media?parent=74144"}],"wp:term":[{"taxonomy":"category","embeddable":true,"href":"https:\/\/lasprimeras.com.do\/index.php\/wp-json\/wp\/v2\/categories?post=74144"},{"taxonomy":"post_tag","embeddable":true,"href":"https:\/\/lasprimeras.com.do\/index.php\/wp-json\/wp\/v2\/tags?post=74144"}],"curies":[{"name":"wp","href":"https:\/\/api.w.org\/{rel}","templated":true}]}}