{"id":74147,"date":"2024-01-19T14:46:03","date_gmt":"2024-01-19T18:46:03","guid":{"rendered":"https:\/\/lasprimeras.com.do\/?p=74147"},"modified":"2024-01-19T14:46:05","modified_gmt":"2024-01-19T18:46:05","slug":"decenas-muertos-por-tormentas-invernales-y-frio-extremo-en-eu","status":"publish","type":"post","link":"https:\/\/lasprimeras.com.do\/index.php\/2024\/01\/19\/decenas-muertos-por-tormentas-invernales-y-frio-extremo-en-eu\/","title":{"rendered":"Decenas muertos por tormentas invernales y fr\u00edo extremo en EU"},"content":{"rendered":"\n<p>WASHINGTON.- Las fuertes tormentas invernales en Estados Unidos han provocado la muerte de decenas de personas, da\u00f1os a infraestructuras, cientos de cancelaciones y retrasos de vuelos as\u00ed como el cierre de escuelas y oficinas en varias regiones. Al menos nueve estados reportaron muertes.<\/p>\n\n\n\n<p>Tres personas murieron el mi\u00e9rcoles en la ciudad de Portland, Oreg\u00f3n, despu\u00e9s de que un cable el\u00e9ctrico cayera sobre un autom\u00f3vil durante una tormenta de hielo, seg\u00fan el medio. Testigos dijeron que la causa de su muerte fue una descarga el\u00e9ctrica mientras bajaban del coche.<\/p>\n\n\n\n<p>Al mismo tiempo, funcionarios del estado de Tennessee comunicaron que al menos 14 personas murieron despu\u00e9s de que la nieve y las temperaturas g\u00e9lidas cubrieran la regi\u00f3n, informa ABC News.<\/p>\n\n\n\n<p>Entre los fallecidos se encuentra un conductor de cami\u00f3n que choc\u00f3 contra un tr\u00e1iler, un hombre que cay\u00f3 por un tragaluz mientras limpiaba el techo de su negocio y una mujer que muri\u00f3 de hipotermia.<\/p>\n\n\n\n<p>La Polic\u00eda de Pensilvania report\u00f3 el mi\u00e9rcoles cinco muertes despu\u00e9s de que un cami\u00f3n con remolque atropellara a personas en el lugar donde previamente hab\u00eda ocurrido un accidente de tr\u00e1nsito.<\/p>\n","protected":false},"excerpt":{"rendered":"<p>WASHINGTON.- Las fuertes tormentas invernales en Estados Unidos han provocado la muerte de decenas de personas, da\u00f1os a infraestructuras, cientos de cancelaciones y retrasos de vuelos as\u00ed como el cierre&hellip;<\/p>\n","protected":false},"author":3,"featured_media":74148,"comment_status":"open","ping_status":"open","sticky":false,"template":"","format":"standard","meta":{"content-type":"","jetpack_post_was_ever_published":false,"_jetpack_newsletter_access":"","_jetpack_dont_email_post_to_subs":false,"_jetpack_newsletter_tier_id":0,"_jetpack_memberships_contains_paywalled_content":false,"_jetpack_memberships_contains_paid_content":false,"footnotes":""},"categories":[1],"tags":[10852,10982],"class_list":["post-74147","post","type-post","status-publish","format-standard","has-post-thumbnail","hentry","category-sin-categoria","tag-eu","tag-tormentas-invernales"],"jetpack_featured_media_url":"https:\/\/lasprimeras.com.do\/wp-content\/uploads\/2024\/01\/Demostenes-Martinez-Al-PRM-le-queda-poco-tiempo-en-el-poder-6-3.jpg","jetpack-related-posts":[{"id":120580,"url":"https:\/\/lasprimeras.com.do\/index.php\/2026\/01\/26\/al-menos-once-muertes-en-eeuu-por-gran-tormenta-invernal\/","url_meta":{"origin":74147,"position":0},"title":"Al menos once muertes en EEUU por gran tormenta invernal","author":"Nelson Feliz","date":"26 de enero de 2026","format":false,"excerpt":"El estado de emergencia fue declarado en Washington y una veintena de estados. Washington, Estados Unidos,AFP | Una enorme tormenta invernal, con temperaturas polares, azotaba este lunes por tercer d\u00eda consecutivo a buena parte de Estados Unidos, donde ha dejado al menos once fallecidos, un mill\u00f3n de hogares sin energ\u00eda\u2026","rel":"","context":"En \u00abINTERNACIONALES\u00bb","block_context":{"text":"INTERNACIONALES","link":"https:\/\/lasprimeras.com.do\/index.php\/category\/sin-categoria\/internacionales\/"},"img":{"alt_text":"Vista del Capitolio de los Estados Unidos mientras nevaba en Washington, D.C.","src":"https:\/\/i0.wp.com\/lasprimeras.com.do\/wp-content\/uploads\/2026\/01\/Vista-del-Capitolio-de-los-Estados-Unidos-mientras-nevaba-en-Washington-D.C.jpg?resize=350%2C200&ssl=1","width":350,"height":200,"srcset":"https:\/\/i0.wp.com\/lasprimeras.com.do\/wp-content\/uploads\/2026\/01\/Vista-del-Capitolio-de-los-Estados-Unidos-mientras-nevaba-en-Washington-D.C.jpg?resize=350%2C200&ssl=1 1x, https:\/\/i0.wp.com\/lasprimeras.com.do\/wp-content\/uploads\/2026\/01\/Vista-del-Capitolio-de-los-Estados-Unidos-mientras-nevaba-en-Washington-D.C.jpg?resize=525%2C300&ssl=1 1.5x, https:\/\/i0.wp.com\/lasprimeras.com.do\/wp-content\/uploads\/2026\/01\/Vista-del-Capitolio-de-los-Estados-Unidos-mientras-nevaba-en-Washington-D.C.jpg?resize=700%2C400&ssl=1 2x"},"classes":[]},{"id":83928,"url":"https:\/\/lasprimeras.com.do\/index.php\/2024\/05\/27\/al-menos-15-muertos-despues-de-que-el-mal-tiempo-dejara-un-camino-de-ruina-en-varios-estados-del-sur\/","url_meta":{"origin":74147,"position":1},"title":"Al menos 15 muertos despu\u00e9s de que el mal tiempo dejara un camino de ruina en varios estados del sur","author":"Nelson Feliz","date":"27 de mayo de 2024","format":false,"excerpt":"POR SEAN MURPHY Y JULIO CORTEZ VALLEY VIEW, Texas (AP) \u2014 Poderosas tormentas mataron al menos a 15 personas, hirieron a cientos y dejaron un amplio rastro de destrucci\u00f3n el domingo en Texas, Oklahoma y Arkansas despu\u00e9s de arrasar casas y destruir una parada de camiones donde docenas buscaron refugio\u2026","rel":"","context":"En \u00abSin categor\u00eda\u00bb","block_context":{"text":"Sin categor\u00eda","link":"https:\/\/lasprimeras.com.do\/index.php\/category\/sin-categoria\/"},"img":{"alt_text":"","src":"https:\/\/i0.wp.com\/lasprimeras.com.do\/wp-content\/uploads\/2024\/05\/mueren.jpg?resize=350%2C200&ssl=1","width":350,"height":200,"srcset":"https:\/\/i0.wp.com\/lasprimeras.com.do\/wp-content\/uploads\/2024\/05\/mueren.jpg?resize=350%2C200&ssl=1 1x, https:\/\/i0.wp.com\/lasprimeras.com.do\/wp-content\/uploads\/2024\/05\/mueren.jpg?resize=525%2C300&ssl=1 1.5x, https:\/\/i0.wp.com\/lasprimeras.com.do\/wp-content\/uploads\/2024\/05\/mueren.jpg?resize=700%2C400&ssl=1 2x"},"classes":[]},{"id":72075,"url":"https:\/\/lasprimeras.com.do\/index.php\/2023\/12\/26\/una-tormenta-de-nieve-complica-la-movilidad-en-el-medio-oeste\/","url_meta":{"origin":74147,"position":2},"title":"Una tormenta de nieve complica la movilidad en el Medio Oeste","author":"BIMARY DE JES\u00daS Matos","date":"26 de diciembre de 2023","format":false,"excerpt":"EE.UU.-Una tormenta invernal complic\u00f3 este lunes de Navidad la movilidad en varios estados del Medio Oeste de Estados Unidos, impactados por las bajas temperaturas, los fuertes vientos y la acumulaci\u00f3n de nieve. El Departamento de Transporte de Nebraska recomend\u00f3 a los ciudadanos no tomar veh\u00edculos dado que \u00abla intensa acumulaci\u00f3n\u2026","rel":"","context":"En \u00abSin categor\u00eda\u00bb","block_context":{"text":"Sin categor\u00eda","link":"https:\/\/lasprimeras.com.do\/index.php\/category\/sin-categoria\/"},"img":{"alt_text":"","src":"https:\/\/i0.wp.com\/lasprimeras.com.do\/wp-content\/uploads\/2023\/12\/Noticias-de-energia-89-1.jpg?resize=350%2C200&ssl=1","width":350,"height":200,"srcset":"https:\/\/i0.wp.com\/lasprimeras.com.do\/wp-content\/uploads\/2023\/12\/Noticias-de-energia-89-1.jpg?resize=350%2C200&ssl=1 1x, https:\/\/i0.wp.com\/lasprimeras.com.do\/wp-content\/uploads\/2023\/12\/Noticias-de-energia-89-1.jpg?resize=525%2C300&ssl=1 1.5x"},"classes":[]},{"id":73258,"url":"https:\/\/lasprimeras.com.do\/index.php\/2024\/01\/08\/las-tormentas-invernales-arrojan-nieve-en-ambas-costas-de-estados-unidos\/","url_meta":{"origin":74147,"position":3},"title":"Las tormentas invernales arrojan nieve en ambas costas de Estados Unidos","author":"Nelson Feliz","date":"8 de enero de 2024","format":false,"excerpt":"POR STEVE LEBLANC BOSTON (AP) \u2014 Una gran tormenta invernal que trajo fuertes nevadas y lluvias heladas a algunas comunidades se extendi\u00f3 por Nueva Inglaterra, lo que hizo que los residentes corrieran a buscar sus palas y quitanieves para despejar las aceras y las entradas de veh\u00edculos. Las advertencias y\u2026","rel":"","context":"En \u00abSin categor\u00eda\u00bb","block_context":{"text":"Sin categor\u00eda","link":"https:\/\/lasprimeras.com.do\/index.php\/category\/sin-categoria\/"},"img":{"alt_text":"Nueva Inglaterra, tormentas invernales, costas,Estados Unidos, nevadas, lluvias heladas","src":"https:\/\/i0.wp.com\/lasprimeras.com.do\/wp-content\/uploads\/2024\/01\/tormentas-invernales.jpg?resize=350%2C200&ssl=1","width":350,"height":200,"srcset":"https:\/\/i0.wp.com\/lasprimeras.com.do\/wp-content\/uploads\/2024\/01\/tormentas-invernales.jpg?resize=350%2C200&ssl=1 1x, https:\/\/i0.wp.com\/lasprimeras.com.do\/wp-content\/uploads\/2024\/01\/tormentas-invernales.jpg?resize=525%2C300&ssl=1 1.5x, https:\/\/i0.wp.com\/lasprimeras.com.do\/wp-content\/uploads\/2024\/01\/tormentas-invernales.jpg?resize=700%2C400&ssl=1 2x"},"classes":[]},{"id":100514,"url":"https:\/\/lasprimeras.com.do\/index.php\/2025\/06\/08\/al-menos-dos-muertos-por-tormentas-en-sur-de-eeuu\/","url_meta":{"origin":74147,"position":4},"title":"Al menos dos muertos por tormentas en sur de EEUU","author":"Nelson Feliz","date":"8 de junio de 2025","format":false,"excerpt":"THE ASSOCIATED PRESS.- Dos personas murieron por la ca\u00edda de \u00e1rboles y decenas de miles se quedaron sin electricidad mientras fuertes tormentas azotaban el sur de Estados Unidos durante el fin de semana. Las tormentas derribaron \u00e1rboles y l\u00edneas el\u00e9ctricas y trajeron fuertes lluvias, granizo y vientos racheados mientras avanzaban\u2026","rel":"","context":"En \u00abINTERNACIONALES\u00bb","block_context":{"text":"INTERNACIONALES","link":"https:\/\/lasprimeras.com.do\/index.php\/category\/sin-categoria\/internacionales\/"},"img":{"alt_text":"","src":"https:\/\/i0.wp.com\/lasprimeras.com.do\/wp-content\/uploads\/2025\/06\/TORMENTA.jpg?resize=350%2C200&ssl=1","width":350,"height":200,"srcset":"https:\/\/i0.wp.com\/lasprimeras.com.do\/wp-content\/uploads\/2025\/06\/TORMENTA.jpg?resize=350%2C200&ssl=1 1x, https:\/\/i0.wp.com\/lasprimeras.com.do\/wp-content\/uploads\/2025\/06\/TORMENTA.jpg?resize=525%2C300&ssl=1 1.5x, https:\/\/i0.wp.com\/lasprimeras.com.do\/wp-content\/uploads\/2025\/06\/TORMENTA.jpg?resize=700%2C400&ssl=1 2x"},"classes":[]},{"id":120474,"url":"https:\/\/lasprimeras.com.do\/index.php\/2026\/01\/24\/tormenta-invernal-obliga-al-cierre-de-oficinas-y-suspension-de-actividades-en-estados-unidos\/","url_meta":{"origin":74147,"position":5},"title":"Tormenta invernal obliga al cierre de oficinas y suspensi\u00f3n de actividades en Estados Unidos","author":"Nelson Feliz","date":"24 de enero de 2026","format":false,"excerpt":"Aseguran hasta 240 millones de personas podr\u00edan verse afectadas por la tormenta Texas - Una gigantesca tormenta invernal descarg\u00f3 nieve y lluvia helada sobre Nuevo M\u00e9xico y Texas este s\u00e1bado, mientras avanzaba por Estados Unidos hacia el noreste, obligando al cierre de oficinas gubernamentales, la suspensi\u00f3n de actividades y provocando\u2026","rel":"","context":"En \u00abCLIMA\u00bb","block_context":{"text":"CLIMA","link":"https:\/\/lasprimeras.com.do\/index.php\/category\/clima\/"},"img":{"alt_text":"Una severa tormenta de nieve y hielo azota a EE. UU.,m\u00e1s de 250 millones de personas ser\u00edan afectadas. (EFE\/EPA\/JUSTIN LANE)","src":"https:\/\/i0.wp.com\/lasprimeras.com.do\/wp-content\/uploads\/2026\/01\/tormenta-de-nieve-y-hielo-azota-a-ee-uu-obliga-a-cerrar-oficinas-9297756b-focus-min0.06-0.28-896-504.jpg?resize=350%2C200&ssl=1","width":350,"height":200,"srcset":"https:\/\/i0.wp.com\/lasprimeras.com.do\/wp-content\/uploads\/2026\/01\/tormenta-de-nieve-y-hielo-azota-a-ee-uu-obliga-a-cerrar-oficinas-9297756b-focus-min0.06-0.28-896-504.jpg?resize=350%2C200&ssl=1 1x, https:\/\/i0.wp.com\/lasprimeras.com.do\/wp-content\/uploads\/2026\/01\/tormenta-de-nieve-y-hielo-azota-a-ee-uu-obliga-a-cerrar-oficinas-9297756b-focus-min0.06-0.28-896-504.jpg?resize=525%2C300&ssl=1 1.5x, https:\/\/i0.wp.com\/lasprimeras.com.do\/wp-content\/uploads\/2026\/01\/tormenta-de-nieve-y-hielo-azota-a-ee-uu-obliga-a-cerrar-oficinas-9297756b-focus-min0.06-0.28-896-504.jpg?resize=700%2C400&ssl=1 2x"},"classes":[]}],"jetpack_sharing_enabled":true,"_links":{"self":[{"href":"https:\/\/lasprimeras.com.do\/index.php\/wp-json\/wp\/v2\/posts\/74147","targetHints":{"allow":["GET"]}}],"collection":[{"href":"https:\/\/lasprimeras.com.do\/index.php\/wp-json\/wp\/v2\/posts"}],"about":[{"href":"https:\/\/lasprimeras.com.do\/index.php\/wp-json\/wp\/v2\/types\/post"}],"author":[{"embeddable":true,"href":"https:\/\/lasprimeras.com.do\/index.php\/wp-json\/wp\/v2\/users\/3"}],"replies":[{"embeddable":true,"href":"https:\/\/lasprimeras.com.do\/index.php\/wp-json\/wp\/v2\/comments?post=74147"}],"version-history":[{"count":1,"href":"https:\/\/lasprimeras.com.do\/index.php\/wp-json\/wp\/v2\/posts\/74147\/revisions"}],"predecessor-version":[{"id":74149,"href":"https:\/\/lasprimeras.com.do\/index.php\/wp-json\/wp\/v2\/posts\/74147\/revisions\/74149"}],"wp:featuredmedia":[{"embeddable":true,"href":"https:\/\/lasprimeras.com.do\/index.php\/wp-json\/wp\/v2\/media\/74148"}],"wp:attachment":[{"href":"https:\/\/lasprimeras.com.do\/index.php\/wp-json\/wp\/v2\/media?parent=74147"}],"wp:term":[{"taxonomy":"category","embeddable":true,"href":"https:\/\/lasprimeras.com.do\/index.php\/wp-json\/wp\/v2\/categories?post=74147"},{"taxonomy":"post_tag","embeddable":true,"href":"https:\/\/lasprimeras.com.do\/index.php\/wp-json\/wp\/v2\/tags?post=74147"}],"curies":[{"name":"wp","href":"https:\/\/api.w.org\/{rel}","templated":true}]}}