{"id":74171,"date":"2024-01-19T23:05:37","date_gmt":"2024-01-20T03:05:37","guid":{"rendered":"https:\/\/lasprimeras.com.do\/?p=74171"},"modified":"2024-01-19T23:05:37","modified_gmt":"2024-01-20T03:05:37","slug":"wilkin-moreno-renuncia-del-prm-porque-representa-una-amenaza-para-el-pais","status":"publish","type":"post","link":"https:\/\/lasprimeras.com.do\/index.php\/2024\/01\/19\/wilkin-moreno-renuncia-del-prm-porque-representa-una-amenaza-para-el-pais\/","title":{"rendered":"Wilkin Moreno renuncia del PRM porque representa una amenaza para el pa\u00eds"},"content":{"rendered":"\n<p>El vicepresidente del frente religioso y precandidato a diputado por la circunscripci\u00f3n No. 3 del Distrito Nacional, Wilkin Moreno, present\u00f3 formal renuncia del Partido Revolucionario Moderno (PRM), porque seg\u00fan \u00e9l, ese partido representa una amenaza al orden democr\u00e1tico e institucional del pa\u00eds.<\/p>\n\n\n\n<p>En una misiva de fecha 19 de enero 2024, dirigida al presidente del PRM, Jos\u00e9 Ignacio Paliza, el dirigente pol\u00edtico expres\u00f3 su preocupaci\u00f3n por el derrotero que lleva el pa\u00eds, situaci\u00f3n que le ha conllevado a presentar su renuncia irrevocablemente.<\/p>\n\n\n\n<p>\u201cMi decisi\u00f3n es el resultado de un profundo proceso de reflexi\u00f3n y an\u00e1lisis sobre la direcci\u00f3n actual que ha tomado el partido, y algunas acciones de los actores principales del gobierno, que percibo como una amenaza al orden democr\u00e1tico e institucional del pa\u00eds, esto representa una desviaci\u00f3n alarmante de los valores y compromiso que asumimos como partido y sobre todo de nuestra de promesa de salvaguardar la democracia y las instituciones que la sostienen \u201d, sostuvo Moreno.<\/p>\n\n\n\n<p>El dirigente pol\u00edtico expres\u00f3 que observa con preocupaci\u00f3n el alejamiento progresivo de las ra\u00edces ideol\u00f3gicas y socialdem\u00f3cratas de Jos\u00e9 Francisco Pe\u00f1a G\u00f3mez , la falta de integraci\u00f3n de la militancia en los roles gubernamentales claves, el clasismo que limita la participaci\u00f3n efectiva en la toma de decisiones y la ausencia de una firme posici\u00f3n contra la corrupci\u00f3n, son indicativos de un partido que ya no refleja sus principios fundacionales.<\/p>\n","protected":false},"excerpt":{"rendered":"<p>El vicepresidente del frente religioso y precandidato a diputado por la circunscripci\u00f3n No. 3 del Distrito Nacional, Wilkin Moreno, present\u00f3 formal renuncia del Partido Revolucionario Moderno (PRM), porque seg\u00fan \u00e9l,&hellip;<\/p>\n","protected":false},"author":2,"featured_media":74173,"comment_status":"open","ping_status":"open","sticky":false,"template":"","format":"standard","meta":{"content-type":"","jetpack_post_was_ever_published":false,"_jetpack_newsletter_access":"","_jetpack_dont_email_post_to_subs":false,"_jetpack_newsletter_tier_id":0,"_jetpack_memberships_contains_paywalled_content":false,"_jetpack_memberships_contains_paid_content":false,"footnotes":""},"categories":[1],"tags":[434,31,127,11135],"class_list":["post-74171","post","type-post","status-publish","format-standard","has-post-thumbnail","hentry","category-sin-categoria","tag-amenaza","tag-prm","tag-rd","tag-wilkin-moreno"],"jetpack_featured_media_url":"https:\/\/lasprimeras.com.do\/wp-content\/uploads\/2024\/01\/Luis-Abinader-y-Wilkin-Moreno.jpg","jetpack-related-posts":[{"id":74475,"url":"https:\/\/lasprimeras.com.do\/index.php\/2024\/01\/23\/exmiembros-del-prm-se-juramentan-en-la-fuerza-del-pueblo\/","url_meta":{"origin":74171,"position":0},"title":"Exmiembros del PRM se juramentan en la Fuerza del Pueblo","author":"Nelson Feliz","date":"23 de enero de 2024","format":false,"excerpt":"La \u201cpopicracia, el gobierno de los popis\u201d tiene los d\u00edas contados, asegura Radham\u00e9s Jim\u00e9nez. Mientras encabezaba una juramentaci\u00f3n de dirigentes del PRM, que pasaron a la Fuerza del Pueblo, este martes, el vicepresidente de este partido, Radham\u00e9s Jim\u00e9nez Pe\u00f1a, dijo que el gobierno de Luis Abinader tiene los d\u00edas contados,\u2026","rel":"","context":"En \u00abPORTADA\u00bb","block_context":{"text":"PORTADA","link":"https:\/\/lasprimeras.com.do\/index.php\/category\/portada\/"},"img":{"alt_text":"Radham\u00e9s Jim\u00e9nez Pe\u00f1a","src":"https:\/\/i0.wp.com\/lasprimeras.com.do\/wp-content\/uploads\/2024\/01\/Radhames-Jimenez-Pena.jpg?resize=350%2C200&ssl=1","width":350,"height":200,"srcset":"https:\/\/i0.wp.com\/lasprimeras.com.do\/wp-content\/uploads\/2024\/01\/Radhames-Jimenez-Pena.jpg?resize=350%2C200&ssl=1 1x, https:\/\/i0.wp.com\/lasprimeras.com.do\/wp-content\/uploads\/2024\/01\/Radhames-Jimenez-Pena.jpg?resize=525%2C300&ssl=1 1.5x, https:\/\/i0.wp.com\/lasprimeras.com.do\/wp-content\/uploads\/2024\/01\/Radhames-Jimenez-Pena.jpg?resize=700%2C400&ssl=1 2x"},"classes":[]},{"id":55201,"url":"https:\/\/lasprimeras.com.do\/index.php\/2023\/07\/19\/alianza-pais-asegura-que-candidatura-de-guillermo-moreno-no-ha-sido-tratada\/","url_meta":{"origin":74171,"position":1},"title":"Alianza Pa\u00eds asegura que candidatura de Guillermo Moreno no ha sido tratada","author":"Nelson Feliz","date":"19 de julio de 2023","format":false,"excerpt":"El diputado de Alianza Pa\u00eds, Pedro Mart\u00ednez, asegur\u00f3 este martes que en la \u00faltima reuni\u00f3n de la Comisi\u00f3n Pol\u00edtica de ese partido no fue tratado el tema referente a las aspiraciones electorales de Guillermo Moreno por esa organizaci\u00f3n con miras a las pr\u00f3ximas elecciones. Sobre la informaci\u00f3n de que Moreno,\u2026","rel":"","context":"En \u00abSin categor\u00eda\u00bb","block_context":{"text":"Sin categor\u00eda","link":"https:\/\/lasprimeras.com.do\/index.php\/category\/sin-categoria\/"},"img":{"alt_text":"Guillermo Moreno","src":"https:\/\/i0.wp.com\/lasprimeras.com.do\/wp-content\/uploads\/2023\/07\/Guillermo-Moreno.jpg?resize=350%2C200&ssl=1","width":350,"height":200,"srcset":"https:\/\/i0.wp.com\/lasprimeras.com.do\/wp-content\/uploads\/2023\/07\/Guillermo-Moreno.jpg?resize=350%2C200&ssl=1 1x, https:\/\/i0.wp.com\/lasprimeras.com.do\/wp-content\/uploads\/2023\/07\/Guillermo-Moreno.jpg?resize=525%2C300&ssl=1 1.5x, https:\/\/i0.wp.com\/lasprimeras.com.do\/wp-content\/uploads\/2023\/07\/Guillermo-Moreno.jpg?resize=700%2C400&ssl=1 2x"},"classes":[]},{"id":107017,"url":"https:\/\/lasprimeras.com.do\/index.php\/2025\/08\/22\/renuncia-militante-del-prm-en-azua\/","url_meta":{"origin":74171,"position":2},"title":"Renuncia militante del PRM en Azua","author":"Nelson Feliz","date":"22 de agosto de 2025","format":false,"excerpt":"Renunci\u00f3 de manera irrevocable este mi\u00e9rcoles a su membres\u00eda del Partido Revolucionario Moderno (PRM) en esta provincia de Azua. El destacado dirigente barrial Leonor Concepci\u00f3n Soriano quien hab\u00eda participado de manera activa en la campa\u00f1a 2024 apoyando a repetir en esa posici\u00f3n a la actual diputada Brenda Ogando. De acuerdo\u2026","rel":"","context":"En \u00abPOLITICA\u00bb","block_context":{"text":"POLITICA","link":"https:\/\/lasprimeras.com.do\/index.php\/category\/politica\/"},"img":{"alt_text":"","src":"https:\/\/i0.wp.com\/lasprimeras.com.do\/wp-content\/uploads\/2025\/08\/536284612_30854326934213174_4406784513996462226_n.jpg?resize=350%2C200&ssl=1","width":350,"height":200},"classes":[]},{"id":73396,"url":"https:\/\/lasprimeras.com.do\/index.php\/2024\/01\/10\/prm-anuncia-candidatura-de-guillermo-moreno-a-senaduria-del-distrito-nacional\/","url_meta":{"origin":74171,"position":3},"title":"PRM anuncia candidatura de Guillermo Moreno a senadur\u00eda del Distrito Nacional","author":"BIMARY DE JES\u00daS Matos","date":"10 de enero de 2024","format":false,"excerpt":"Santo Domingo.-El Partido Revolucionario Moderno (PRM) ha hecho oficial el anuncio de Guillermo Moreno como su candidato para senador por el Distrito Nacional. El presidente del Partido Alianza Pa\u00eds ocupar\u00e1 el lugar de la actual senadora Faride Raful en la boleta electoral. Raful anunci\u00f3 que, debido a una \u00abdecisi\u00f3n estrat\u00e9gica\u00bb\u2026","rel":"","context":"En \u00abSin categor\u00eda\u00bb","block_context":{"text":"Sin categor\u00eda","link":"https:\/\/lasprimeras.com.do\/index.php\/category\/sin-categoria\/"},"img":{"alt_text":"","src":"https:\/\/i0.wp.com\/lasprimeras.com.do\/wp-content\/uploads\/2024\/01\/En-Ecuador-encapuchados-armados-tomaron-canal-de-television-mientras-transmitia-en-vivo-3-3.jpg?resize=350%2C200&ssl=1","width":350,"height":200,"srcset":"https:\/\/i0.wp.com\/lasprimeras.com.do\/wp-content\/uploads\/2024\/01\/En-Ecuador-encapuchados-armados-tomaron-canal-de-television-mientras-transmitia-en-vivo-3-3.jpg?resize=350%2C200&ssl=1 1x, https:\/\/i0.wp.com\/lasprimeras.com.do\/wp-content\/uploads\/2024\/01\/En-Ecuador-encapuchados-armados-tomaron-canal-de-television-mientras-transmitia-en-vivo-3-3.jpg?resize=525%2C300&ssl=1 1.5x"},"classes":[]},{"id":68744,"url":"https:\/\/lasprimeras.com.do\/index.php\/2023\/11\/27\/guillermo-moreno-confirma-sera-el-candidato-a-senador-del-prm-en-el-dn\/","url_meta":{"origin":74171,"position":4},"title":"Guillermo Moreno confirma ser\u00e1 el candidato a senador del PRM en el DN","author":"Nelson Feliz","date":"27 de noviembre de 2023","format":false,"excerpt":"El presidente del partido Alianza Pa\u00eds (ALPAIS) Guillermo Moreno, confirm\u00f3 que arrib\u00f3 a un acuerdo con el gobernante Partido Revolucionario Moderno (PRM) para las elecciones generales del 2024. Sin embargo,asegur\u00f3 que no le puso una \u201cpistola en la cabeza\u201d al PRM para exigir cualquier candidatura congresual, a prop\u00f3sito de rumores\u2026","rel":"","context":"En \u00abSin categor\u00eda\u00bb","block_context":{"text":"Sin categor\u00eda","link":"https:\/\/lasprimeras.com.do\/index.php\/category\/sin-categoria\/"},"img":{"alt_text":"Guillermo Moreno","src":"https:\/\/i0.wp.com\/lasprimeras.com.do\/wp-content\/uploads\/2023\/09\/Guillermo-Moreno.jpg?resize=350%2C200&ssl=1","width":350,"height":200,"srcset":"https:\/\/i0.wp.com\/lasprimeras.com.do\/wp-content\/uploads\/2023\/09\/Guillermo-Moreno.jpg?resize=350%2C200&ssl=1 1x, https:\/\/i0.wp.com\/lasprimeras.com.do\/wp-content\/uploads\/2023\/09\/Guillermo-Moreno.jpg?resize=525%2C300&ssl=1 1.5x, https:\/\/i0.wp.com\/lasprimeras.com.do\/wp-content\/uploads\/2023\/09\/Guillermo-Moreno.jpg?resize=700%2C400&ssl=1 2x"},"classes":[]},{"id":74077,"url":"https:\/\/lasprimeras.com.do\/index.php\/2024\/01\/18\/renuncia-diputada-del-prm-se-juramenta-en-el-prd\/","url_meta":{"origin":74171,"position":5},"title":"Renuncia diputada del PRM; se juramenta en el PRD","author":"Nelson Feliz","date":"18 de enero de 2024","format":false,"excerpt":"La diputada alega que hubo irrespeto a los valores y la base del PRM. La diputada Altagracia Yarelys Encarnaci\u00f3n de la provincia San Jos\u00e9 de Ocoa anunci\u00f3 su renuncia del Partido Revolucionario Moderno (PRM) alegando que dentro de esa organizaci\u00f3n hay \u201cpr\u00e1cticas que contradicen los valores fundamentales y socavan el\u2026","rel":"","context":"En \u00abPORTADA\u00bb","block_context":{"text":"PORTADA","link":"https:\/\/lasprimeras.com.do\/index.php\/category\/portada\/"},"img":{"alt_text":"Altagracia Yarelys Encarnaci\u00f3n","src":"https:\/\/i0.wp.com\/lasprimeras.com.do\/wp-content\/uploads\/2024\/01\/Altagracia-Yarelys-Encarnacion.jpeg?resize=350%2C200&ssl=1","width":350,"height":200,"srcset":"https:\/\/i0.wp.com\/lasprimeras.com.do\/wp-content\/uploads\/2024\/01\/Altagracia-Yarelys-Encarnacion.jpeg?resize=350%2C200&ssl=1 1x, https:\/\/i0.wp.com\/lasprimeras.com.do\/wp-content\/uploads\/2024\/01\/Altagracia-Yarelys-Encarnacion.jpeg?resize=525%2C300&ssl=1 1.5x, https:\/\/i0.wp.com\/lasprimeras.com.do\/wp-content\/uploads\/2024\/01\/Altagracia-Yarelys-Encarnacion.jpeg?resize=700%2C400&ssl=1 2x"},"classes":[]}],"jetpack_sharing_enabled":true,"_links":{"self":[{"href":"https:\/\/lasprimeras.com.do\/index.php\/wp-json\/wp\/v2\/posts\/74171","targetHints":{"allow":["GET"]}}],"collection":[{"href":"https:\/\/lasprimeras.com.do\/index.php\/wp-json\/wp\/v2\/posts"}],"about":[{"href":"https:\/\/lasprimeras.com.do\/index.php\/wp-json\/wp\/v2\/types\/post"}],"author":[{"embeddable":true,"href":"https:\/\/lasprimeras.com.do\/index.php\/wp-json\/wp\/v2\/users\/2"}],"replies":[{"embeddable":true,"href":"https:\/\/lasprimeras.com.do\/index.php\/wp-json\/wp\/v2\/comments?post=74171"}],"version-history":[{"count":1,"href":"https:\/\/lasprimeras.com.do\/index.php\/wp-json\/wp\/v2\/posts\/74171\/revisions"}],"predecessor-version":[{"id":74174,"href":"https:\/\/lasprimeras.com.do\/index.php\/wp-json\/wp\/v2\/posts\/74171\/revisions\/74174"}],"wp:featuredmedia":[{"embeddable":true,"href":"https:\/\/lasprimeras.com.do\/index.php\/wp-json\/wp\/v2\/media\/74173"}],"wp:attachment":[{"href":"https:\/\/lasprimeras.com.do\/index.php\/wp-json\/wp\/v2\/media?parent=74171"}],"wp:term":[{"taxonomy":"category","embeddable":true,"href":"https:\/\/lasprimeras.com.do\/index.php\/wp-json\/wp\/v2\/categories?post=74171"},{"taxonomy":"post_tag","embeddable":true,"href":"https:\/\/lasprimeras.com.do\/index.php\/wp-json\/wp\/v2\/tags?post=74171"}],"curies":[{"name":"wp","href":"https:\/\/api.w.org\/{rel}","templated":true}]}}