{"id":74181,"date":"2024-01-19T23:39:42","date_gmt":"2024-01-20T03:39:42","guid":{"rendered":"https:\/\/lasprimeras.com.do\/?p=74181"},"modified":"2024-01-19T23:39:44","modified_gmt":"2024-01-20T03:39:44","slug":"miguel-vargas-califica-de-inaceptable-ley-que-crea-la-dni-y-advierte-es-inconstitucional","status":"publish","type":"post","link":"https:\/\/lasprimeras.com.do\/index.php\/2024\/01\/19\/miguel-vargas-califica-de-inaceptable-ley-que-crea-la-dni-y-advierte-es-inconstitucional\/","title":{"rendered":"Miguel Vargas califica de inaceptable Ley que crea la DNI y advierte es inconstitucional"},"content":{"rendered":"\n<p><strong>Proclama triunfo del PRD en Los Alcarrizos y afirma que esa comunidad reiterar\u00e1 su respaldo al candidato municipal Cristian Encarnaci\u00f3n.<\/strong><\/p>\n\n\n\n<p>El candidato presidencial del Partido Revolucionario Dominicano (PRD), Miguel Vargas Maldonado, consider\u00f3 como \u201cinaceptable\u201d la \u201cfestinada y promulgada\u201d Ley 1-24, que crea la Direcci\u00f3n Nacional de Inteligencia (DNI) y adelant\u00f3 que la misma \u201ctendr\u00e1 un rev\u00e9s de inconstitucionalidad\u201d.<\/p>\n\n\n\n<p>Dicha pieza tambi\u00e9n centraliza el citado nuevo \u00f3rgano del Poder Ejecutivo. En tal sentido, Vargas consider\u00f3 que la misma vulnera derechos fundamentales consagrados en la Constituci\u00f3n.<\/p>\n\n\n\n<p>As\u00ed lo manifest\u00f3 al iniciar su jornada de este fin de semana, en la ruta hacia el Cibao, durante la cual encabez\u00f3 un encuentro de apoyo a las aspiraciones de Cristian Encarnaci\u00f3n, alcalde y candidato a esa misma posici\u00f3n en el municipio Los Alcarrizos.<\/p>\n\n\n\n<p>En el escenario, el tambi\u00e9n presidente del PRD se refiri\u00f3 a la citada iniciativa. All\u00ed plante\u00f3 que la misma es \u201cun retroceso y una muestra m\u00e1s de la conducta de improvisaci\u00f3n e intolerancia del gobierno\u201d.<\/p>\n\n\n\n<p>\u201cUn \u00f3rgano pol\u00edtico con el DNI, seg\u00fan esta ley, podr\u00e1 intervenir la privacidad y espiar sin la autorizaci\u00f3n de un juez, algo inaceptable en un pa\u00eds democr\u00e1tico como el nuestro\u201d, alert\u00f3 Vargas.<\/p>\n\n\n\n<p>Adem\u00e1s, resalt\u00f3 que amplios sectores de la vida nacional rechazaron dicha legislaci\u00f3n. En ese orden, cit\u00f3 la iglesia evang\u00e9lica, el Colegio Dominicano de Periodistas (CDP), diferentes partidos pol\u00edticos, las empresas telef\u00f3nicas, entre otras.<\/p>\n\n\n\n<p>\u201cPor tal raz\u00f3n, llamamos al presidente a someter su modificaci\u00f3n al Congreso Nacional, pues cuenta con la mayor\u00eda en su matr\u00edcula\u201d, a\u00f1adi\u00f3.<\/p>\n\n\n\n<p>\u201cDe no prosperar este llamado, no veremos en la necesidad de proponer a los legisladores de la Alianza Rescate RD impulsar un proyecto con tal prop\u00f3sito y, concomitantemente, elevaremos acciones ante el Tribunal Constitucional para que conozca de la inconstitucionalidad de esta ley\u201d, advirti\u00f3.<\/p>\n\n\n\n<p>Asimismo, sostuvo que este momento, en el marco de una campa\u00f1a electoral, no es prudente para promulgar dicha Ley 1-24, que establece y regula la DNI. Se trata de una iniciativa contentiva, adem\u00e1s, del Sistema Nacional de Inteligencia (SIN).<\/p>\n\n\n\n<figure class=\"wp-block-image size-full is-resized\"><img decoding=\"async\" width=\"700\" height=\"570\" src=\"https:\/\/lasprimeras.com.do\/wp-content\/uploads\/2024\/01\/Cristian-Encarnacion.jpg\" alt=\"\" class=\"wp-image-74183\" style=\"width:840px;height:auto\" srcset=\"https:\/\/lasprimeras.com.do\/wp-content\/uploads\/2024\/01\/Cristian-Encarnacion.jpg 700w, https:\/\/lasprimeras.com.do\/wp-content\/uploads\/2024\/01\/Cristian-Encarnacion-300x244.jpg 300w\" sizes=\"(max-width: 700px) 100vw, 700px\" \/><\/figure>\n\n\n\n<p>Habla Cristian Encarnaci\u00f3n<\/p>\n\n\n\n<p>Miguel Vargas se expres\u00f3 en estos t\u00e9rminos al encabezar un concurrido evento, donde proclam\u00f3 el triunfo del PRD en Los Alcarrizos. All\u00ed afirm\u00f3 que esa comunidad reiterar\u00e1 su respaldo al alcalde Cristian Encarnaci\u00f3n (PRD-Fuerza del Pueblo) y los dem\u00e1s candidatos municipales de la Alianza Rescate RD en Los Alcarrizos.<\/p>\n\n\n\n<p>En dicho acto, el referido s\u00edndico, quien aspira a repetir dicha posici\u00f3n, record\u00f3 y agradeci\u00f3 el apoyo por parte del ingeniero Miguel Vargas cuando fue secretario de Obras P\u00fablicas.<\/p>\n\n\n\n<p>A\u00f1adi\u00f3 que dicho respaldo permiti\u00f3 que Los Alcarrizos recibiera m\u00e1s asfalto que en la actualidad. \u201cSiempre he reconocido que Miguel Vargas Maldonado es parte de la responsabilidad y de mi liderazgo y desarrollo pol\u00edtico en este municipio\u201d, declar\u00f3 Encarnaci\u00f3n.<\/p>\n\n\n\n<p>\u201cNo tengo palabras para reconocer a un hombre con gran sensibilidad humana, que sabe perdonar y amar. Es un hombre bueno, protege a su gente y es solidario. \u00a1Aqu\u00ed est\u00e1 el padre de la solidaridad, el trabajo y la honestidad, el querido Miguel Vargas!\u201d, agreg\u00f3.<\/p>\n\n\n\n<p>El alcalde se\u00f1al\u00f3 que han desarrabalizado dicha demarcaci\u00f3n a pesar de las dificultades, pues \u201csi hay seis barrios, no existen siete que no tengan aceras y contenes hechos por esta gesti\u00f3n\u201d.<\/p>\n\n\n\n<p>\u201cPese a la discriminaci\u00f3n y el maltrato, el estrangulamiento econ\u00f3mico, hemos sacado de abajo, con un equipo de hombres y mujeres que trabajan d\u00eda y noche. Cuando esta coalici\u00f3n tome el poder este ser\u00e1 uno de los municipios m\u00e1s beneficiados a nivel nacional\u201d, remarc\u00f3 finalmente.<\/p>\n\n\n\n<p>M\u00e1s detalles del encuentro<\/p>\n\n\n\n<p>En el evento celebrado en el local del partido en Los Alcarrizos participaron la secretaria general del PRD, Peggy Cabral; el vicepresidente, H\u00e9ctor Guzm\u00e1n; la presidenta municipal del partido, Griselda Mota, as\u00ed como dirigentes de la Fuerza del Pueblo, encabezados por el presidente municipal Manuel Lazala, entre otros.<\/p>\n","protected":false},"excerpt":{"rendered":"<p>Proclama triunfo del PRD en Los Alcarrizos y afirma que esa comunidad reiterar\u00e1 su respaldo al candidato municipal Cristian Encarnaci\u00f3n. El candidato presidencial del Partido Revolucionario Dominicano (PRD), Miguel Vargas&hellip;<\/p>\n","protected":false},"author":2,"featured_media":74182,"comment_status":"open","ping_status":"open","sticky":false,"template":"","format":"standard","meta":{"content-type":"","jetpack_post_was_ever_published":false,"_jetpack_newsletter_access":"","_jetpack_dont_email_post_to_subs":false,"_jetpack_newsletter_tier_id":0,"_jetpack_memberships_contains_paywalled_content":false,"_jetpack_memberships_contains_paid_content":false,"footnotes":""},"categories":[1],"tags":[6978,7831,11007,411,1040,575],"class_list":["post-74181","post","type-post","status-publish","format-standard","has-post-thumbnail","hentry","category-sin-categoria","tag-dni","tag-inaceptable","tag-inconstitucional","tag-ley","tag-miguel-vargas","tag-prd"],"jetpack_featured_media_url":"https:\/\/lasprimeras.com.do\/wp-content\/uploads\/2024\/01\/Miguel-Vargas.jpg","jetpack-related-posts":[{"id":74915,"url":"https:\/\/lasprimeras.com.do\/index.php\/2024\/01\/27\/miguel-vargas-emplaza-gobierno-a-propiciar-ambiente-de-estabilidad-y-sosiego-previo-a-elecciones\/","url_meta":{"origin":74181,"position":0},"title":"Miguel Vargas emplaza gobierno a propiciar ambiente de estabilidad y sosiego previo a elecciones","author":"Nelson Feliz","date":"27 de enero de 2024","format":false,"excerpt":"Afirma es inaceptable que se inicie aplicaci\u00f3n de Ley 1-24 que crea DNI con desafortunados incidentes: detenciones de cronistas gr\u00e1ficos y un m\u00e9dico en San Jos\u00e9 de Ocoa, uso abusivo de recursos del Estado e imponer violaci\u00f3n a las normativas electorales inaugurando obras impunemente. \u201cEstas son situaciones que malogran la\u2026","rel":"","context":"En \u00abPORTADA\u00bb","block_context":{"text":"PORTADA","link":"https:\/\/lasprimeras.com.do\/index.php\/category\/portada\/"},"img":{"alt_text":"Miguel Vargas","src":"https:\/\/i0.wp.com\/lasprimeras.com.do\/wp-content\/uploads\/2024\/01\/Miguel-Vargas-2.jpg?resize=350%2C200&ssl=1","width":350,"height":200,"srcset":"https:\/\/i0.wp.com\/lasprimeras.com.do\/wp-content\/uploads\/2024\/01\/Miguel-Vargas-2.jpg?resize=350%2C200&ssl=1 1x, https:\/\/i0.wp.com\/lasprimeras.com.do\/wp-content\/uploads\/2024\/01\/Miguel-Vargas-2.jpg?resize=525%2C300&ssl=1 1.5x"},"classes":[]},{"id":122303,"url":"https:\/\/lasprimeras.com.do\/index.php\/2026\/02\/16\/miguel-vargas-alerta-sobre-caida-de-autosuficiencia-alimentaria-en-rd\/","url_meta":{"origin":74181,"position":1},"title":"Miguel Vargas alerta sobre ca\u00edda de autosuficiencia alimentaria en RD","author":"Nelson Feliz","date":"16 de febrero de 2026","format":false,"excerpt":"El presidente del Partido Revolucionario Dominicano (PRD),Miguel Vargas Maldonado, advirti\u00f3 este domingo que la Rep\u00fablica Dominicana ha retrocedido en sectores clave para el desarrollo nacional, especialmente en la producci\u00f3n agropecuaria. Vargas Maldonado dijo que el pa\u00eds pas\u00f3 de ser autosuficiente en un 85 % en alimentos a apenas un 70\u2026","rel":"","context":"En \u00abPOLITICA\u00bb","block_context":{"text":"POLITICA","link":"https:\/\/lasprimeras.com.do\/index.php\/category\/politica\/"},"img":{"alt_text":"","src":"https:\/\/i0.wp.com\/lasprimeras.com.do\/wp-content\/uploads\/2026\/02\/PRD-1140x694-1.jpeg?resize=350%2C200&ssl=1","width":350,"height":200,"srcset":"https:\/\/i0.wp.com\/lasprimeras.com.do\/wp-content\/uploads\/2026\/02\/PRD-1140x694-1.jpeg?resize=350%2C200&ssl=1 1x, https:\/\/i0.wp.com\/lasprimeras.com.do\/wp-content\/uploads\/2026\/02\/PRD-1140x694-1.jpeg?resize=525%2C300&ssl=1 1.5x, https:\/\/i0.wp.com\/lasprimeras.com.do\/wp-content\/uploads\/2026\/02\/PRD-1140x694-1.jpeg?resize=700%2C400&ssl=1 2x, https:\/\/i0.wp.com\/lasprimeras.com.do\/wp-content\/uploads\/2026\/02\/PRD-1140x694-1.jpeg?resize=1050%2C600&ssl=1 3x"},"classes":[]},{"id":67267,"url":"https:\/\/lasprimeras.com.do\/index.php\/2023\/11\/14\/miguel-vargas-reclama-dejar-sin-efecto-permisos-para-importar-carne-desde-brasil\/","url_meta":{"origin":74181,"position":2},"title":"Miguel Vargas reclama dejar sin efecto permisos para importar carne desde Brasil","author":"Nelson Feliz","date":"14 de noviembre de 2023","format":false,"excerpt":"El presidente del Partido Revolucionario Dominicano (PRD) y candidato presidencial de esa organizaci\u00f3n, Miguel Vargas Maldonado solicit\u00f3 al presidente de la Rep\u00fablica Lu\u00eds Abinader a dejar sin efecto el otorgamiento de permisos de importaci\u00f3n de carne desde Brasil. Vargas Maldonado, dijo que ese pa\u00eds ha sido declarado con males sanitarios\u2026","rel":"","context":"En \u00abPORTADA\u00bb","block_context":{"text":"PORTADA","link":"https:\/\/lasprimeras.com.do\/index.php\/category\/portada\/"},"img":{"alt_text":"Miguel Vargas","src":"https:\/\/i0.wp.com\/lasprimeras.com.do\/wp-content\/uploads\/2023\/11\/Miguel-Vargas-1.jpg?resize=350%2C200&ssl=1","width":350,"height":200,"srcset":"https:\/\/i0.wp.com\/lasprimeras.com.do\/wp-content\/uploads\/2023\/11\/Miguel-Vargas-1.jpg?resize=350%2C200&ssl=1 1x, https:\/\/i0.wp.com\/lasprimeras.com.do\/wp-content\/uploads\/2023\/11\/Miguel-Vargas-1.jpg?resize=525%2C300&ssl=1 1.5x, https:\/\/i0.wp.com\/lasprimeras.com.do\/wp-content\/uploads\/2023\/11\/Miguel-Vargas-1.jpg?resize=700%2C400&ssl=1 2x"},"classes":[]},{"id":110670,"url":"https:\/\/lasprimeras.com.do\/index.php\/2025\/09\/30\/miguel-vargas-llama-al-gobierno-a-tomar-acciones-concretas-para-detener-descalabro-de-servicios\/","url_meta":{"origin":74181,"position":3},"title":"Miguel Vargas llama al gobierno a tomar acciones concretas para detener \u201cdescalabro\u201d de servicios","author":"Nelson Feliz","date":"30 de septiembre de 2025","format":false,"excerpt":"El presidente del Partido Revolucionario Dominicano (PRD), Miguel Vargas Maldonado, responsabiliz\u00f3 al Gobierno del presidente Luis Abinader del colapso de los servicios b\u00e1sicos y de haber convertido la corrupci\u00f3n en un signo distintivo de su gesti\u00f3n. \u201cEl gobierno est\u00e1 obligado a tomar acciones y pol\u00edticas concretas para detener el descalabro\u2026","rel":"","context":"En \u00abPOLITICA\u00bb","block_context":{"text":"POLITICA","link":"https:\/\/lasprimeras.com.do\/index.php\/category\/politica\/"},"img":{"alt_text":"Miguel Vargas","src":"https:\/\/i0.wp.com\/lasprimeras.com.do\/wp-content\/uploads\/2023\/12\/Miguel-Vargas-1.jpg?resize=350%2C200&ssl=1","width":350,"height":200,"srcset":"https:\/\/i0.wp.com\/lasprimeras.com.do\/wp-content\/uploads\/2023\/12\/Miguel-Vargas-1.jpg?resize=350%2C200&ssl=1 1x, https:\/\/i0.wp.com\/lasprimeras.com.do\/wp-content\/uploads\/2023\/12\/Miguel-Vargas-1.jpg?resize=525%2C300&ssl=1 1.5x, https:\/\/i0.wp.com\/lasprimeras.com.do\/wp-content\/uploads\/2023\/12\/Miguel-Vargas-1.jpg?resize=700%2C400&ssl=1 2x"},"classes":[]},{"id":74323,"url":"https:\/\/lasprimeras.com.do\/index.php\/2024\/01\/22\/partidos-de-oposicion-apoyan-al-gobierno-para-aprobar-ley-de-la-dni\/","url_meta":{"origin":74181,"position":4},"title":"Partidos de oposici\u00f3n apoyan al gobierno para aprobar ley de la DNI","author":"Nelson Feliz","date":"22 de enero de 2024","format":false,"excerpt":"-28 diputados, de los 51 del PLD, y 12, de los 18 de la Fuerza del Pueblo, votaron a favor. -Sociedad de Diarios se re\u00fane hoy con el DNI. Grupos sociales van al Constitucional. Tras muchos desacuerdos, el PRM, el PLD y la FP encontraron un punto en com\u00fan. La\u2026","rel":"","context":"En \u00abSin categor\u00eda\u00bb","block_context":{"text":"Sin categor\u00eda","link":"https:\/\/lasprimeras.com.do\/index.php\/category\/sin-categoria\/"},"img":{"alt_text":"Ley DNI","src":"https:\/\/i0.wp.com\/lasprimeras.com.do\/wp-content\/uploads\/2024\/01\/Ley-DNI.jpg?resize=350%2C200&ssl=1","width":350,"height":200,"srcset":"https:\/\/i0.wp.com\/lasprimeras.com.do\/wp-content\/uploads\/2024\/01\/Ley-DNI.jpg?resize=350%2C200&ssl=1 1x, https:\/\/i0.wp.com\/lasprimeras.com.do\/wp-content\/uploads\/2024\/01\/Ley-DNI.jpg?resize=525%2C300&ssl=1 1.5x, https:\/\/i0.wp.com\/lasprimeras.com.do\/wp-content\/uploads\/2024\/01\/Ley-DNI.jpg?resize=700%2C400&ssl=1 2x"},"classes":[]},{"id":74406,"url":"https:\/\/lasprimeras.com.do\/index.php\/2024\/01\/22\/leonel-fernandez-fp-llevara-al-tc-ley-1-24-del-dni-por-ser-inconstitucional\/","url_meta":{"origin":74181,"position":5},"title":"Leonel Fern\u00e1ndez: &#8220;FP llevar\u00e1 al TC Ley 1-24 del DNI por ser inconstitucional&#8221;","author":"Nelson Feliz","date":"22 de enero de 2024","format":false,"excerpt":"Ley que obligar\u00eda entregar datos personales al DNI es rechazada por la Fuerza del Pueblo El presidente del partido Fuerza del Pueblo (FP), Leonel Fern\u00e1ndez, anunci\u00f3 hoy que la instituci\u00f3n pol\u00edtica que encabeza, proceder\u00e1 contra la Ley 1-24, ante el Tribunal Constitucional, debido a que la pieza legislativa es inconstitucional.\u2026","rel":"","context":"En \u00abPORTADA\u00bb","block_context":{"text":"PORTADA","link":"https:\/\/lasprimeras.com.do\/index.php\/category\/portada\/"},"img":{"alt_text":"Leonel Fern\u00e1ndez","src":"https:\/\/i0.wp.com\/lasprimeras.com.do\/wp-content\/uploads\/2024\/01\/Leonel-Fernandez-03.jpg?resize=350%2C200&ssl=1","width":350,"height":200,"srcset":"https:\/\/i0.wp.com\/lasprimeras.com.do\/wp-content\/uploads\/2024\/01\/Leonel-Fernandez-03.jpg?resize=350%2C200&ssl=1 1x, https:\/\/i0.wp.com\/lasprimeras.com.do\/wp-content\/uploads\/2024\/01\/Leonel-Fernandez-03.jpg?resize=525%2C300&ssl=1 1.5x, https:\/\/i0.wp.com\/lasprimeras.com.do\/wp-content\/uploads\/2024\/01\/Leonel-Fernandez-03.jpg?resize=700%2C400&ssl=1 2x"},"classes":[]}],"jetpack_sharing_enabled":true,"_links":{"self":[{"href":"https:\/\/lasprimeras.com.do\/index.php\/wp-json\/wp\/v2\/posts\/74181","targetHints":{"allow":["GET"]}}],"collection":[{"href":"https:\/\/lasprimeras.com.do\/index.php\/wp-json\/wp\/v2\/posts"}],"about":[{"href":"https:\/\/lasprimeras.com.do\/index.php\/wp-json\/wp\/v2\/types\/post"}],"author":[{"embeddable":true,"href":"https:\/\/lasprimeras.com.do\/index.php\/wp-json\/wp\/v2\/users\/2"}],"replies":[{"embeddable":true,"href":"https:\/\/lasprimeras.com.do\/index.php\/wp-json\/wp\/v2\/comments?post=74181"}],"version-history":[{"count":1,"href":"https:\/\/lasprimeras.com.do\/index.php\/wp-json\/wp\/v2\/posts\/74181\/revisions"}],"predecessor-version":[{"id":74184,"href":"https:\/\/lasprimeras.com.do\/index.php\/wp-json\/wp\/v2\/posts\/74181\/revisions\/74184"}],"wp:featuredmedia":[{"embeddable":true,"href":"https:\/\/lasprimeras.com.do\/index.php\/wp-json\/wp\/v2\/media\/74182"}],"wp:attachment":[{"href":"https:\/\/lasprimeras.com.do\/index.php\/wp-json\/wp\/v2\/media?parent=74181"}],"wp:term":[{"taxonomy":"category","embeddable":true,"href":"https:\/\/lasprimeras.com.do\/index.php\/wp-json\/wp\/v2\/categories?post=74181"},{"taxonomy":"post_tag","embeddable":true,"href":"https:\/\/lasprimeras.com.do\/index.php\/wp-json\/wp\/v2\/tags?post=74181"}],"curies":[{"name":"wp","href":"https:\/\/api.w.org\/{rel}","templated":true}]}}