{"id":74206,"date":"2024-01-20T10:56:54","date_gmt":"2024-01-20T14:56:54","guid":{"rendered":"https:\/\/lasprimeras.com.do\/?p=74206"},"modified":"2024-01-20T10:56:55","modified_gmt":"2024-01-20T14:56:55","slug":"jce-lleva-empadronamientos-en-el-exterior-para-cerrar-proceso","status":"publish","type":"post","link":"https:\/\/lasprimeras.com.do\/index.php\/2024\/01\/20\/jce-lleva-empadronamientos-en-el-exterior-para-cerrar-proceso\/","title":{"rendered":"JCE lleva empadronamientos en el exterior para cerrar proceso"},"content":{"rendered":"\n<p>NUEVA YORK.- La Junta Central Electoral (JCE) lleva a cabo este fin de semana empadronamientos en todo el exterior para que los dominicanos puedan inscribirse y votar en las elecciones del presente a\u00f1o en el pa\u00eds caribe\u00f1o.<\/p>\n\n\n\n<p>De acuerdo a la Resoluci\u00f3n No. 54-2023 sobre Cambios de Residencia, Cierre de Inscripciones y Empadronamientos en el Exterior con Fines Electorales para las elecciones generales del 2024, la di\u00e1spora podr\u00e1 empadronarse hasta este domingo a las 7:00 de la noche.<\/p>\n\n\n\n<p>Dichos empadronamientos, seg\u00fan documento del organismo electoral, se vienen desarrollando en los distintos condados de la Gran Manzana, en las ciudades de Elizabeth, Hackensack, Perth Amboy, Uni\u00f3n City y Camden en Nueva Jersey; en Connecticut, en Waterbury; en Pensilvania, en el consulado dominicano en Filadelfia, en Hazleton, Wilkies-Barre y Reading.<\/p>\n\n\n\n<p>Asimismo, Massachusetts, en las ciudades de Boston, Jamaica Plain, Lowell y Springfield. En los consulados dominicanos en Orlando y Houston-Texas; en Tampa-Florida, Miami, y California, entre otros lugares de los Estados Unidos.<\/p>\n\n\n\n<p>La labor electoral tambi\u00e9n se viene desarrollando en M\u00e9xico, Toronto, Ottawa, Chile, Lima-Per\u00fa, Antigua y Barbuda, en Espa\u00f1a en Madrid, Malaga, Valladolid, Valencia y Barcelona, entre otras. Tambi\u00e9n en Portugal, Guyana Francesa, entre otros lugares del mundo.<\/p>\n","protected":false},"excerpt":{"rendered":"<p>NUEVA YORK.- La Junta Central Electoral (JCE) lleva a cabo este fin de semana empadronamientos en todo el exterior para que los dominicanos puedan inscribirse y votar en las elecciones&hellip;<\/p>\n","protected":false},"author":3,"featured_media":74207,"comment_status":"open","ping_status":"open","sticky":false,"template":"","format":"standard","meta":{"content-type":"","jetpack_post_was_ever_published":false,"_jetpack_newsletter_access":"","_jetpack_dont_email_post_to_subs":false,"_jetpack_newsletter_tier_id":0,"_jetpack_memberships_contains_paywalled_content":false,"_jetpack_memberships_contains_paid_content":false,"footnotes":""},"categories":[1],"tags":[183],"class_list":["post-74206","post","type-post","status-publish","format-standard","has-post-thumbnail","hentry","category-sin-categoria","tag-jce"],"jetpack_featured_media_url":"https:\/\/lasprimeras.com.do\/wp-content\/uploads\/2024\/01\/WhatsApp-Image-2024-01-19-at-7.03.50-PM-1.jpeg","jetpack-related-posts":[{"id":53323,"url":"https:\/\/lasprimeras.com.do\/index.php\/2023\/06\/25\/jce-sigue-en-la-ruta-de-la-preparacion-de-las-elecciones\/","url_meta":{"origin":74206,"position":0},"title":"JCE sigue en la ruta de la preparaci\u00f3n de las elecciones","author":"Nelson Feliz","date":"25 de junio de 2023","format":false,"excerpt":"Realiza talleres, captaci\u00f3n de miembros de colegios electorales y empadronamiento en el exterior. Por Martin Restituyo En el marco de la preparaci\u00f3n de los comicios de este 2024 y en cumplimiento con el calendario electoral, la Junta Central Electoral (JCE) agot\u00f3 una apretada agenda a nivel nacional y en el\u2026","rel":"","context":"En \u00abNACIONALES\u00bb","block_context":{"text":"NACIONALES","link":"https:\/\/lasprimeras.com.do\/index.php\/category\/nacionales\/"},"img":{"alt_text":"","src":"https:\/\/i0.wp.com\/lasprimeras.com.do\/wp-content\/uploads\/2023\/06\/Ruta-05.jpg?resize=350%2C200&ssl=1","width":350,"height":200,"srcset":"https:\/\/i0.wp.com\/lasprimeras.com.do\/wp-content\/uploads\/2023\/06\/Ruta-05.jpg?resize=350%2C200&ssl=1 1x, https:\/\/i0.wp.com\/lasprimeras.com.do\/wp-content\/uploads\/2023\/06\/Ruta-05.jpg?resize=525%2C300&ssl=1 1.5x, https:\/\/i0.wp.com\/lasprimeras.com.do\/wp-content\/uploads\/2023\/06\/Ruta-05.jpg?resize=700%2C400&ssl=1 2x"},"classes":[]},{"id":74418,"url":"https:\/\/lasprimeras.com.do\/index.php\/2024\/01\/23\/jce-empadrono-a-870-mil-en-el-exterior\/","url_meta":{"origin":74206,"position":1},"title":"JCE empadron\u00f3 a 870 mil en el exterior","author":"BIMARY DE JES\u00daS Matos","date":"23 de enero de 2024","format":false,"excerpt":"Nueva York, Estados Unidos.-El presidente de la Junta Central Electoral, Rom\u00e1n Andr\u00e9s J\u00e1quez Liranzo, inform\u00f3 ayer que hasta el 21 de enero la cifra preliminar del padr\u00f3n dominicano del exterior ascend\u00eda a 870 mil dominicanos empadronados, que podr\u00e1n votar en 34 pa\u00edses. J\u00e1quez Liranzo destac\u00f3 que entre las 10 ciudades\u2026","rel":"","context":"En \u00abSin categor\u00eda\u00bb","block_context":{"text":"Sin categor\u00eda","link":"https:\/\/lasprimeras.com.do\/index.php\/category\/sin-categoria\/"},"img":{"alt_text":"","src":"https:\/\/i0.wp.com\/lasprimeras.com.do\/wp-content\/uploads\/2024\/01\/Diseno-sin-titulo-8-2.webp?resize=350%2C200&ssl=1","width":350,"height":200,"srcset":"https:\/\/i0.wp.com\/lasprimeras.com.do\/wp-content\/uploads\/2024\/01\/Diseno-sin-titulo-8-2.webp?resize=350%2C200&ssl=1 1x, https:\/\/i0.wp.com\/lasprimeras.com.do\/wp-content\/uploads\/2024\/01\/Diseno-sin-titulo-8-2.webp?resize=525%2C300&ssl=1 1.5x"},"classes":[]},{"id":74373,"url":"https:\/\/lasprimeras.com.do\/index.php\/2024\/01\/22\/presidente-de-la-jce-el-padron-dominicano-en-el-exterior-asciende-a-870-mil-empadronados\/","url_meta":{"origin":74206,"position":2},"title":"Presidente de la JCE: &#8220;El padr\u00f3n dominicano en el exterior asciende a 870 mil empadronados&#8221;","author":"Nelson Feliz","date":"22 de enero de 2024","format":false,"excerpt":"El presidente de la Junta Central Electoral (JCE), Rom\u00e1n Andr\u00e9s J\u00e1quez Liranzo, inform\u00f3 que hasta las 7:00 de la noche del 21 de enero de 2024, fecha en la que el voto en el exterior cumple 20 a\u00f1os de su implementaci\u00f3n, la cifra preliminar del padr\u00f3n dominicano del exterior ascend\u00eda\u2026","rel":"","context":"En \u00abPORTADA\u00bb","block_context":{"text":"PORTADA","link":"https:\/\/lasprimeras.com.do\/index.php\/category\/portada\/"},"img":{"alt_text":"Rom\u00e1n Andr\u00e9s J\u00e1quez Liranzo","src":"https:\/\/i0.wp.com\/lasprimeras.com.do\/wp-content\/uploads\/2024\/01\/Roman-Andres-Jaquez-Liranzo-1.jpg?resize=350%2C200&ssl=1","width":350,"height":200},"classes":[]},{"id":58110,"url":"https:\/\/lasprimeras.com.do\/index.php\/2023\/08\/19\/presidente-de-la-jce-encabeza-mision-que-supervisa-servicios-y-organizacion-del-voto-en-el-exterior\/","url_meta":{"origin":74206,"position":3},"title":"Presidente de la JCE encabeza misi\u00f3n que supervisa servicios y organizaci\u00f3n del voto en el exterior","author":"Nelson Feliz","date":"19 de agosto de 2023","format":false,"excerpt":"Misiones de observaci\u00f3n electoral de la JCE en Guatemala y Ecuador por elecciones de este domingo. El presidente de la Junta Central Electoral (JCE), Rom\u00e1n Andr\u00e9s J\u00e1quez Liranzo, realiza una ruta de trabajo en los Estados Unidos, donde supervisa los servicios que ofrece la instituci\u00f3n en el exterior, as\u00ed como\u2026","rel":"","context":"En \u00abNACIONALES\u00bb","block_context":{"text":"NACIONALES","link":"https:\/\/lasprimeras.com.do\/index.php\/category\/nacionales\/"},"img":{"alt_text":"Rom\u00e1n Andr\u00e9s J\u00e1quez Liranzo","src":"https:\/\/i0.wp.com\/lasprimeras.com.do\/wp-content\/uploads\/2023\/08\/Roman-Andres-Jaquez-Liranzo-1.jpg?resize=350%2C200&ssl=1","width":350,"height":200,"srcset":"https:\/\/i0.wp.com\/lasprimeras.com.do\/wp-content\/uploads\/2023\/08\/Roman-Andres-Jaquez-Liranzo-1.jpg?resize=350%2C200&ssl=1 1x, https:\/\/i0.wp.com\/lasprimeras.com.do\/wp-content\/uploads\/2023\/08\/Roman-Andres-Jaquez-Liranzo-1.jpg?resize=525%2C300&ssl=1 1.5x, https:\/\/i0.wp.com\/lasprimeras.com.do\/wp-content\/uploads\/2023\/08\/Roman-Andres-Jaquez-Liranzo-1.jpg?resize=700%2C400&ssl=1 2x"},"classes":[]},{"id":72240,"url":"https:\/\/lasprimeras.com.do\/index.php\/2023\/12\/28\/padron-votantes-del-exterior-totaliza-855-mil-personas\/","url_meta":{"origin":74206,"position":4},"title":"Padr\u00f3n votantes del exterior totaliza 855 mil personas","author":"BIMARY DE JES\u00daS Matos","date":"28 de diciembre de 2023","format":false,"excerpt":"SANTO DOMINGO.-El presidente de la Junta Central Electoral (JCE) detall\u00f3 ayer que el padr\u00f3n en el exterior ronda por las 855,000 personas, de las cuales 273,000 se encuentran en Nueva York, representando el 35 % de dominicanas y dominicanos empadronados, y que este impactar\u00e1 110 recintos y 682 colegios electorales.\u2026","rel":"","context":"En \u00abSin categor\u00eda\u00bb","block_context":{"text":"Sin categor\u00eda","link":"https:\/\/lasprimeras.com.do\/index.php\/category\/sin-categoria\/"},"img":{"alt_text":"","src":"https:\/\/i0.wp.com\/lasprimeras.com.do\/wp-content\/uploads\/2023\/12\/El-texto-del-parrafo-1.webp?resize=350%2C200&ssl=1","width":350,"height":200,"srcset":"https:\/\/i0.wp.com\/lasprimeras.com.do\/wp-content\/uploads\/2023\/12\/El-texto-del-parrafo-1.webp?resize=350%2C200&ssl=1 1x, https:\/\/i0.wp.com\/lasprimeras.com.do\/wp-content\/uploads\/2023\/12\/El-texto-del-parrafo-1.webp?resize=525%2C300&ssl=1 1.5x"},"classes":[]},{"id":72201,"url":"https:\/\/lasprimeras.com.do\/index.php\/2023\/12\/27\/jce-firma-acuerdo-con-el-departamento-de-la-policia-de-nueva-york\/","url_meta":{"origin":74206,"position":5},"title":"JCE firma acuerdo con el Departamento de la Polic\u00eda de Nueva York","author":"Nelson Feliz","date":"27 de diciembre de 2023","format":false,"excerpt":"La Junta Central Electoral (JCE) y el Departamento de la Polic\u00eda de Nueva York (NYPD) firmaron este mi\u00e9rcoles un memor\u00e1ndum de entendimiento en el cual se comprometen a fortalecer la cooperaci\u00f3n entre ambas instituciones. J\u00e1quez Liranzo destac\u00f3 la trascendencia de la firma de este acuerdo, en v\u00edsperas de la celebraci\u00f3n\u2026","rel":"","context":"En \u00abNACIONALES\u00bb","block_context":{"text":"NACIONALES","link":"https:\/\/lasprimeras.com.do\/index.php\/category\/nacionales\/"},"img":{"alt_text":"JCE","src":"https:\/\/i0.wp.com\/lasprimeras.com.do\/wp-content\/uploads\/2023\/12\/JCE-1.jpg?resize=350%2C200&ssl=1","width":350,"height":200,"srcset":"https:\/\/i0.wp.com\/lasprimeras.com.do\/wp-content\/uploads\/2023\/12\/JCE-1.jpg?resize=350%2C200&ssl=1 1x, https:\/\/i0.wp.com\/lasprimeras.com.do\/wp-content\/uploads\/2023\/12\/JCE-1.jpg?resize=525%2C300&ssl=1 1.5x, https:\/\/i0.wp.com\/lasprimeras.com.do\/wp-content\/uploads\/2023\/12\/JCE-1.jpg?resize=700%2C400&ssl=1 2x"},"classes":[]}],"jetpack_sharing_enabled":true,"_links":{"self":[{"href":"https:\/\/lasprimeras.com.do\/index.php\/wp-json\/wp\/v2\/posts\/74206","targetHints":{"allow":["GET"]}}],"collection":[{"href":"https:\/\/lasprimeras.com.do\/index.php\/wp-json\/wp\/v2\/posts"}],"about":[{"href":"https:\/\/lasprimeras.com.do\/index.php\/wp-json\/wp\/v2\/types\/post"}],"author":[{"embeddable":true,"href":"https:\/\/lasprimeras.com.do\/index.php\/wp-json\/wp\/v2\/users\/3"}],"replies":[{"embeddable":true,"href":"https:\/\/lasprimeras.com.do\/index.php\/wp-json\/wp\/v2\/comments?post=74206"}],"version-history":[{"count":1,"href":"https:\/\/lasprimeras.com.do\/index.php\/wp-json\/wp\/v2\/posts\/74206\/revisions"}],"predecessor-version":[{"id":74208,"href":"https:\/\/lasprimeras.com.do\/index.php\/wp-json\/wp\/v2\/posts\/74206\/revisions\/74208"}],"wp:featuredmedia":[{"embeddable":true,"href":"https:\/\/lasprimeras.com.do\/index.php\/wp-json\/wp\/v2\/media\/74207"}],"wp:attachment":[{"href":"https:\/\/lasprimeras.com.do\/index.php\/wp-json\/wp\/v2\/media?parent=74206"}],"wp:term":[{"taxonomy":"category","embeddable":true,"href":"https:\/\/lasprimeras.com.do\/index.php\/wp-json\/wp\/v2\/categories?post=74206"},{"taxonomy":"post_tag","embeddable":true,"href":"https:\/\/lasprimeras.com.do\/index.php\/wp-json\/wp\/v2\/tags?post=74206"}],"curies":[{"name":"wp","href":"https:\/\/api.w.org\/{rel}","templated":true}]}}