{"id":74218,"date":"2024-01-20T14:57:34","date_gmt":"2024-01-20T18:57:34","guid":{"rendered":"https:\/\/lasprimeras.com.do\/?p=74218"},"modified":"2024-01-20T14:57:35","modified_gmt":"2024-01-20T18:57:35","slug":"cristian-tejada-lleva-operativo-medico-y-jornada-de-fumigacion-a-villa-verde","status":"publish","type":"post","link":"https:\/\/lasprimeras.com.do\/index.php\/2024\/01\/20\/cristian-tejada-lleva-operativo-medico-y-jornada-de-fumigacion-a-villa-verde\/","title":{"rendered":"Cristian Tejada lleva Operativo M\u00e9dico y Jornada de Fumigaci\u00f3n a Villa Verde"},"content":{"rendered":"\n<p>Santo Domingo.-En una demostraci\u00f3n tangible de compromiso con la salud de la comunidad, la Iglesia Nuestra Se\u00f1ora de Guadalupe fue el epicentro de un operativo m\u00e9dico y jornada de fumigaci\u00f3n que abord\u00f3 eficazmente la amenaza de enfermedades como el dengue, malaria y chikungunya, transmitidas por mosquitos, en el sector de Villa Verde.<\/p>\n\n\n\n<p>Este evento no solo se destac\u00f3 por la jornada de fumigaci\u00f3n exhaustiva sino tambi\u00e9n por la atenci\u00f3n m\u00e9dica integral proporcionada a los residentes. Desde atenci\u00f3n pedi\u00e1trica hasta servicios ginecol\u00f3gicos, salud familiar y medicina general, se ofrecieron servicios especializados para satisfacer las diversas necesidades de la comunidad.<\/p>\n\n\n\n<p>Un gesto significativo fue la distribuci\u00f3n gratuita de medicamentos a todos los participantes del operativo. Este enfoque garantiz\u00f3 que los residentes recibieran los tratamientos necesarios sin preocuparse por barreras financieras, fortaleciendo as\u00ed el compromiso con la salud accesible para todos.<\/p>\n\n\n\n<p>El candidato a regidor Cristian Tejada, respaldado por el Partido Humanista Dominicano, lider\u00f3 esta iniciativa, destacando la importancia de acciones preventivas y el acceso a servicios de salud de calidad. El candidato a alcalde Alex D\u00edaz del PRM expres\u00f3 su respaldo y elogi\u00f3 la colaboraci\u00f3n entre diferentes fuerzas pol\u00edticas para el beneficio de la comunidad.<\/p>\n\n\n\n<p>La jornada de fumigaci\u00f3n y el operativo m\u00e9dico no solo abordaron la salud p\u00fablica, sino que tambi\u00e9n subrayaron la solidaridad y unidad en la comunidad. La colaboraci\u00f3n entre distintos actores pol\u00edticos destaca la importancia de aunar esfuerzos en aras de lograr un bien com\u00fan.<\/p>\n\n\n\n<p>El \u00e9xito de esta iniciativa conjunta enfatiza que la salud comunitaria es una prioridad compartida. Este comunicado refleja el impacto positivo logrado en Villa Verde y destaca la posibilidad de colaboraciones continuas para el beneficio de las comunidades locales. La salud y el bienestar de los ciudadanos deben ser siempre la m\u00e1xima prioridad.<\/p>\n","protected":false},"excerpt":{"rendered":"<p>Santo Domingo.-En una demostraci\u00f3n tangible de compromiso con la salud de la comunidad, la Iglesia Nuestra Se\u00f1ora de Guadalupe fue el epicentro de un operativo m\u00e9dico y jornada de fumigaci\u00f3n&hellip;<\/p>\n","protected":false},"author":3,"featured_media":74219,"comment_status":"open","ping_status":"open","sticky":false,"template":"","format":"standard","meta":{"content-type":"","jetpack_post_was_ever_published":false,"_jetpack_newsletter_access":"","_jetpack_dont_email_post_to_subs":false,"_jetpack_newsletter_tier_id":0,"_jetpack_memberships_contains_paywalled_content":false,"_jetpack_memberships_contains_paid_content":false,"footnotes":""},"categories":[25],"tags":[],"class_list":["post-74218","post","type-post","status-publish","format-standard","has-post-thumbnail","hentry","category-portada"],"jetpack_featured_media_url":"https:\/\/lasprimeras.com.do\/wp-content\/uploads\/2024\/01\/CANDIDATO-A-REGIDOR-Justicia-Social-JOSUE-MENDEZ-APOYARA-A-DIO-ASTACIO-DEL-PRM-scaled.jpg","jetpack-related-posts":[{"id":69892,"url":"https:\/\/lasprimeras.com.do\/index.php\/2023\/12\/06\/eduardl-figueroa-realiza-jornada-medica-y-fumigacion-en-el-sector-mandiga-villa-faro\/","url_meta":{"origin":74218,"position":0},"title":"Eduardl Figueroa realiza jornada m\u00e9dica y fumigaci\u00f3n en el sector Mandiga, Villa Faro","author":"Nelson Feliz","date":"6 de diciembre de 2023","format":false,"excerpt":"El sub secretario del Partido Revolucionario Moderno en Santo Domingo Este, Lic. Eduardl Figueroa junto a su equipo pol\u00edtico Eduardl Con El Cambio 4+ desarrollaron una amplia jornada m\u00e9dica y fumigaci\u00f3n en el populoso sector de Mandiga, Villa Faro, donde fueron beneficiadas m\u00e1s de 700 personas. En dicha jornada se\u2026","rel":"","context":"En \u00abSin categor\u00eda\u00bb","block_context":{"text":"Sin categor\u00eda","link":"https:\/\/lasprimeras.com.do\/index.php\/category\/sin-categoria\/"},"img":{"alt_text":"","src":"https:\/\/i0.wp.com\/lasprimeras.com.do\/wp-content\/uploads\/2023\/12\/edward.jpg?resize=350%2C200&ssl=1","width":350,"height":200,"srcset":"https:\/\/i0.wp.com\/lasprimeras.com.do\/wp-content\/uploads\/2023\/12\/edward.jpg?resize=350%2C200&ssl=1 1x, https:\/\/i0.wp.com\/lasprimeras.com.do\/wp-content\/uploads\/2023\/12\/edward.jpg?resize=525%2C300&ssl=1 1.5x, https:\/\/i0.wp.com\/lasprimeras.com.do\/wp-content\/uploads\/2023\/12\/edward.jpg?resize=700%2C400&ssl=1 2x"},"classes":[]},{"id":59759,"url":"https:\/\/lasprimeras.com.do\/index.php\/2023\/09\/07\/realizan-jornada-de-fumigacion-para-proteger-la-salud-y-bienestar-en-la-provincia-santo-domingo\/","url_meta":{"origin":74218,"position":1},"title":"Realizan jornada de fumigaci\u00f3n para proteger la salud y bienestar en la provincia Santo Domingo","author":"Nelson Feliz","date":"7 de septiembre de 2023","format":false,"excerpt":"-\u2002El operativo se lleva a cabo en m\u00e1s de 30 sectores con miras a impactar unos cien mil dominicanos en la provincia El diputado y precandidato a senador de la provincia de Santo Domingo, Alexis Jim\u00e9nez, realiz\u00f3 una jornada de fumigaci\u00f3n en numerosas comunidades de la provincia Santo Domingo para\u2026","rel":"","context":"En \u00abPORTADA\u00bb","block_context":{"text":"PORTADA","link":"https:\/\/lasprimeras.com.do\/index.php\/category\/portada\/"},"img":{"alt_text":"jornada de fumigaci\u00f3n","src":"https:\/\/i0.wp.com\/lasprimeras.com.do\/wp-content\/uploads\/2023\/09\/FUMIGA-1.jpg?resize=350%2C200&ssl=1","width":350,"height":200,"srcset":"https:\/\/i0.wp.com\/lasprimeras.com.do\/wp-content\/uploads\/2023\/09\/FUMIGA-1.jpg?resize=350%2C200&ssl=1 1x, https:\/\/i0.wp.com\/lasprimeras.com.do\/wp-content\/uploads\/2023\/09\/FUMIGA-1.jpg?resize=525%2C300&ssl=1 1.5x, https:\/\/i0.wp.com\/lasprimeras.com.do\/wp-content\/uploads\/2023\/09\/FUMIGA-1.jpg?resize=700%2C400&ssl=1 2x"},"classes":[]},{"id":120601,"url":"https:\/\/lasprimeras.com.do\/index.php\/2026\/01\/26\/piloto-resulta-ileso-tras-avioneta-de-fumigacion-caer-en-finca-de-hatillo-palma-en-montecristi\/","url_meta":{"origin":74218,"position":2},"title":"Piloto resulta ileso tras avioneta de fumigaci\u00f3n caer en finca de Hatillo Palma en Montecristi","author":"Nelson Feliz","date":"26 de enero de 2026","format":false,"excerpt":"La aeronave present\u00f3 una falla en el sistema de lubricaci\u00f3n. Por Javier Genao Momentos de tensi\u00f3n y alarma se vivieron luego de que una avioneta utilizada para labores de fumigaci\u00f3n agr\u00edcola se precipitara en una finca de la comunidad de Los R\u00edos, en el distrito municipal de Hatillo Palma, perteneciente\u2026","rel":"","context":"En \u00abNACIONALES\u00bb","block_context":{"text":"NACIONALES","link":"https:\/\/lasprimeras.com.do\/index.php\/category\/nacionales\/"},"img":{"alt_text":"El piloto, identificado como Jochy Espinal, fue auxiliado de inmediato y trasladado a un centro de salud de la zona.","src":"https:\/\/i0.wp.com\/lasprimeras.com.do\/wp-content\/uploads\/2026\/01\/avioneta.jpg?resize=350%2C200&ssl=1","width":350,"height":200,"srcset":"https:\/\/i0.wp.com\/lasprimeras.com.do\/wp-content\/uploads\/2026\/01\/avioneta.jpg?resize=350%2C200&ssl=1 1x, https:\/\/i0.wp.com\/lasprimeras.com.do\/wp-content\/uploads\/2026\/01\/avioneta.jpg?resize=525%2C300&ssl=1 1.5x, https:\/\/i0.wp.com\/lasprimeras.com.do\/wp-content\/uploads\/2026\/01\/avioneta.jpg?resize=700%2C400&ssl=1 2x"},"classes":[]},{"id":59854,"url":"https:\/\/lasprimeras.com.do\/index.php\/2023\/09\/08\/alcalde-de-sdn-carlos-guzman-intensifica-jornadas-de-fumigacion-y-descacharrizacion-contra-el-dengue\/","url_meta":{"origin":74218,"position":3},"title":"Alcalde de SDN Carlos Guzm\u00e1n intensifica jornadas de fumigaci\u00f3n y descacharrizaci\u00f3n contra el dengue","author":"Nelson Feliz","date":"8 de septiembre de 2023","format":false,"excerpt":"La ASDN ha intervenido decenas de barrios, sectores y comunidades para evitar que mun\u00edcipes resulten afectados. Por Mart\u00edn Restituyo El alcalde de Santo Domingo Norte (SDN), Carlos Guzm\u00e1n, intensific\u00f3 los trabajos de fumigaci\u00f3n y descacharrizaci\u00f3n contra el dengue en todos los barrios, sectores, residenciales y urbanizaciones del municipio, acompa\u00f1ados de\u2026","rel":"","context":"En \u00abNACIONALES\u00bb","block_context":{"text":"NACIONALES","link":"https:\/\/lasprimeras.com.do\/index.php\/category\/nacionales\/"},"img":{"alt_text":"Carlos Guzm\u00e1n","src":"https:\/\/i0.wp.com\/lasprimeras.com.do\/wp-content\/uploads\/2023\/09\/Carlos-Guzman-1.jpg?resize=350%2C200&ssl=1","width":350,"height":200,"srcset":"https:\/\/i0.wp.com\/lasprimeras.com.do\/wp-content\/uploads\/2023\/09\/Carlos-Guzman-1.jpg?resize=350%2C200&ssl=1 1x, https:\/\/i0.wp.com\/lasprimeras.com.do\/wp-content\/uploads\/2023\/09\/Carlos-Guzman-1.jpg?resize=525%2C300&ssl=1 1.5x, https:\/\/i0.wp.com\/lasprimeras.com.do\/wp-content\/uploads\/2023\/09\/Carlos-Guzman-1.jpg?resize=700%2C400&ssl=1 2x"},"classes":[]},{"id":65047,"url":"https:\/\/lasprimeras.com.do\/index.php\/2023\/10\/25\/lluberes-vizcaino-realiza-operativos-de-fumigacion-contra-el-dengue-en-sc\/","url_meta":{"origin":74218,"position":4},"title":"Lluberes Vizca\u00edno realiza operativos de fumigaci\u00f3n contra el dengue en \u00a0SC","author":"Nelson Feliz","date":"25 de octubre de 2023","format":false,"excerpt":"El candidato a Senador del PLD por San Crist\u00f3bal, Ing. Demetrio Lluberes Vizca\u00edno, desarrolla una amplia jornada de fumigaci\u00f3n y de orientaci\u00f3n contra el dengue, el cual ha abarcado los sectores: Barrio Nuevo,\u00a0 La Pi\u00f1a,\u00a0\u00a0 Madre Vieja Norte, La Jungla, Lava Pies y Ca\u00f1ada Honda. Lluberes Vizca\u00edno, expres\u00f3 que dicha\u2026","rel":"","context":"En \u00abPORTADA\u00bb","block_context":{"text":"PORTADA","link":"https:\/\/lasprimeras.com.do\/index.php\/category\/portada\/"},"img":{"alt_text":"Demetrio Lluberes","src":"https:\/\/i0.wp.com\/lasprimeras.com.do\/wp-content\/uploads\/2023\/10\/Demetrio-Lluberes-1.jpg?resize=350%2C200&ssl=1","width":350,"height":200,"srcset":"https:\/\/i0.wp.com\/lasprimeras.com.do\/wp-content\/uploads\/2023\/10\/Demetrio-Lluberes-1.jpg?resize=350%2C200&ssl=1 1x, https:\/\/i0.wp.com\/lasprimeras.com.do\/wp-content\/uploads\/2023\/10\/Demetrio-Lluberes-1.jpg?resize=525%2C300&ssl=1 1.5x, https:\/\/i0.wp.com\/lasprimeras.com.do\/wp-content\/uploads\/2023\/10\/Demetrio-Lluberes-1.jpg?resize=700%2C400&ssl=1 2x"},"classes":[]},{"id":95599,"url":"https:\/\/lasprimeras.com.do\/index.php\/2025\/03\/15\/ministerio-de-defensa-realiza-amplio-operativo-medico-y-accion-civica-en-barahona\/","url_meta":{"origin":74218,"position":5},"title":"Ministerio de Defensa realiza amplio operativo m\u00e9dico y acci\u00f3n c\u00edvica en Barahona","author":"Nelson Feliz","date":"15 de marzo de 2025","format":false,"excerpt":"El Ministerio de Defensa (MIDE) llev\u00f3 a cabo un exitoso operativo m\u00e9dico y de acci\u00f3n c\u00edvica en el sector Pueblo Nuevo, provincia Barahona. La jornada benefici\u00f3 a miles de residentes de la zona y comunidades aleda\u00f1as, reafirmando el compromiso de las Fuerzas Armadas con la sociedad. El operativo estuvo encabezado\u2026","rel":"","context":"En \u00abMILITARES\u00bb","block_context":{"text":"MILITARES","link":"https:\/\/lasprimeras.com.do\/index.php\/category\/militares\/"},"img":{"alt_text":"Carlos Antonio Fern\u00e1ndez Onofre","src":"https:\/\/i0.wp.com\/lasprimeras.com.do\/wp-content\/uploads\/2025\/03\/Carlos-Antonio-Fernandez-Onofre-1.jpg?resize=350%2C200&ssl=1","width":350,"height":200,"srcset":"https:\/\/i0.wp.com\/lasprimeras.com.do\/wp-content\/uploads\/2025\/03\/Carlos-Antonio-Fernandez-Onofre-1.jpg?resize=350%2C200&ssl=1 1x, https:\/\/i0.wp.com\/lasprimeras.com.do\/wp-content\/uploads\/2025\/03\/Carlos-Antonio-Fernandez-Onofre-1.jpg?resize=525%2C300&ssl=1 1.5x, https:\/\/i0.wp.com\/lasprimeras.com.do\/wp-content\/uploads\/2025\/03\/Carlos-Antonio-Fernandez-Onofre-1.jpg?resize=700%2C400&ssl=1 2x"},"classes":[]}],"jetpack_sharing_enabled":true,"_links":{"self":[{"href":"https:\/\/lasprimeras.com.do\/index.php\/wp-json\/wp\/v2\/posts\/74218","targetHints":{"allow":["GET"]}}],"collection":[{"href":"https:\/\/lasprimeras.com.do\/index.php\/wp-json\/wp\/v2\/posts"}],"about":[{"href":"https:\/\/lasprimeras.com.do\/index.php\/wp-json\/wp\/v2\/types\/post"}],"author":[{"embeddable":true,"href":"https:\/\/lasprimeras.com.do\/index.php\/wp-json\/wp\/v2\/users\/3"}],"replies":[{"embeddable":true,"href":"https:\/\/lasprimeras.com.do\/index.php\/wp-json\/wp\/v2\/comments?post=74218"}],"version-history":[{"count":1,"href":"https:\/\/lasprimeras.com.do\/index.php\/wp-json\/wp\/v2\/posts\/74218\/revisions"}],"predecessor-version":[{"id":74220,"href":"https:\/\/lasprimeras.com.do\/index.php\/wp-json\/wp\/v2\/posts\/74218\/revisions\/74220"}],"wp:featuredmedia":[{"embeddable":true,"href":"https:\/\/lasprimeras.com.do\/index.php\/wp-json\/wp\/v2\/media\/74219"}],"wp:attachment":[{"href":"https:\/\/lasprimeras.com.do\/index.php\/wp-json\/wp\/v2\/media?parent=74218"}],"wp:term":[{"taxonomy":"category","embeddable":true,"href":"https:\/\/lasprimeras.com.do\/index.php\/wp-json\/wp\/v2\/categories?post=74218"},{"taxonomy":"post_tag","embeddable":true,"href":"https:\/\/lasprimeras.com.do\/index.php\/wp-json\/wp\/v2\/tags?post=74218"}],"curies":[{"name":"wp","href":"https:\/\/api.w.org\/{rel}","templated":true}]}}