{"id":74224,"date":"2024-01-20T15:24:42","date_gmt":"2024-01-20T19:24:42","guid":{"rendered":"https:\/\/lasprimeras.com.do\/?p=74224"},"modified":"2024-01-20T15:24:43","modified_gmt":"2024-01-20T19:24:43","slug":"iran-dice-que-respondera-a-israel-por-muerte-de-guardias-revolucionarios-en-siria","status":"publish","type":"post","link":"https:\/\/lasprimeras.com.do\/index.php\/2024\/01\/20\/iran-dice-que-respondera-a-israel-por-muerte-de-guardias-revolucionarios-en-siria\/","title":{"rendered":"Ir\u00e1n dice que responder\u00e1 a Israel por muerte de guardias revolucionarios en Siria"},"content":{"rendered":"\n<p>Teher\u00e1n.- Este s\u00e1bado Ir\u00e1n afirm\u00f3 que tiene el \u00abderecho a responder\u00bb a Israel \u201cen el momento y lugar apropiados\u201d por la muerte de cinco miembros de la poderosa Guardia Revolucionaria en un ataque en Siria, unas muertes que se producen medio de una tensi\u00f3n m\u00e1xima en Oriente Medio.<\/p>\n\n\n\n<p>\u201cLa Rep\u00fablica Isl\u00e1mica de Ir\u00e1n tiene el derecho a responder al terrorismo organizado del falso r\u00e9gimen sionista (Israel) en el momento y el lugar apropiados\u201d, dijo el portavoz del Ministerio de Exteriores iran\u00ed, Naser Kanan\u00ed, en un comunicado publicado en la red social X.<\/p>\n\n\n\n<p>El diplom\u00e1tico asegur\u00f3 que la muerte de los militares \u201cno ser\u00e1 en vano\u201d y pidi\u00f3 a los organismos internacionales y otros pa\u00edses que condenen \u201cla criminal acci\u00f3n\u201d israel\u00ed.<\/p>\n\n\n\n<p>Kanan\u00ed asever\u00f3 que el \u201casesinato\u201d de los miembros de la Guardia Revolucionaria por parte de Tel Aviv \u201cmuestra claramente la conexi\u00f3n entre el \u201cr\u00e9gimen terrorista (Israel) y el Estado Isl\u00e1mico en la regi\u00f3n\u201d.<\/p>\n\n\n\n<p>La agencia de noticias oficial siria SANA inform\u00f3 esta ma\u00f1ana de un ataque \u00abenemigo israel\u00ed\u00bb contra un edificio residencial en el barrio de Mezzeh, en Damasco, como resultado de una agresi\u00f3n israel\u00ed.<\/p>\n\n\n\n<p>El Observatorio Sirio de Derechos Humanos asegur\u00f3 que el misil presuntamente israel\u00ed dirigido contra un edificio de cuatro plantas, que acab\u00f3 destruido por completo, provoc\u00f3 la muerte de 10 personas, entre ellas \u00abcinco iran\u00edes, que son tres comandantes de la Guardia Revolucionaria iran\u00ed y otros dos no identificados\u201d.<\/p>\n","protected":false},"excerpt":{"rendered":"<p>Teher\u00e1n.- Este s\u00e1bado Ir\u00e1n afirm\u00f3 que tiene el \u00abderecho a responder\u00bb a Israel \u201cen el momento y lugar apropiados\u201d por la muerte de cinco miembros de la poderosa Guardia Revolucionaria&hellip;<\/p>\n","protected":false},"author":3,"featured_media":74225,"comment_status":"open","ping_status":"open","sticky":false,"template":"","format":"standard","meta":{"content-type":"","jetpack_post_was_ever_published":false,"_jetpack_newsletter_access":"","_jetpack_dont_email_post_to_subs":false,"_jetpack_newsletter_tier_id":0,"_jetpack_memberships_contains_paywalled_content":false,"_jetpack_memberships_contains_paid_content":false,"footnotes":""},"categories":[1],"tags":[6186],"class_list":["post-74224","post","type-post","status-publish","format-standard","has-post-thumbnail","hentry","category-sin-categoria","tag-iran"],"jetpack_featured_media_url":"https:\/\/lasprimeras.com.do\/wp-content\/uploads\/2024\/01\/Diseno-sin-titulo-10.webp","jetpack-related-posts":[{"id":66715,"url":"https:\/\/lasprimeras.com.do\/index.php\/2023\/11\/09\/ee-uu-bombardea-posiciones-de-la-guardia-revolucionaria-de-iran\/","url_meta":{"origin":74224,"position":0},"title":"EE.UU. bombardea posiciones de la Guardia Revolucionaria de Ir\u00e1n","author":"BIMARY DE JES\u00daS Matos","date":"9 de noviembre de 2023","format":false,"excerpt":"SIRIA.- El Mando Central de Estados Unidos (CENTCOM) ha anunciado un bombardeo contra una estructura en Siria utilizada por los Cuerpos de la Guardia Revolucionaria Isl\u00e1mica de Ir\u00e1n. Lo hizo en respuesta a los ataques de las \u00faltimas semanas de milicias proiran\u00edes contra bases estadounidenses tanto en Siria como en\u2026","rel":"","context":"En \u00abSin categor\u00eda\u00bb","block_context":{"text":"Sin categor\u00eda","link":"https:\/\/lasprimeras.com.do\/index.php\/category\/sin-categoria\/"},"img":{"alt_text":"","src":"https:\/\/i0.wp.com\/lasprimeras.com.do\/wp-content\/uploads\/2023\/11\/WhatsApp-Image-2023-11-08-at-2.23.52-PM-5.jpeg?resize=350%2C200&ssl=1","width":350,"height":200,"srcset":"https:\/\/i0.wp.com\/lasprimeras.com.do\/wp-content\/uploads\/2023\/11\/WhatsApp-Image-2023-11-08-at-2.23.52-PM-5.jpeg?resize=350%2C200&ssl=1 1x, https:\/\/i0.wp.com\/lasprimeras.com.do\/wp-content\/uploads\/2023\/11\/WhatsApp-Image-2023-11-08-at-2.23.52-PM-5.jpeg?resize=525%2C300&ssl=1 1.5x"},"classes":[]},{"id":80900,"url":"https:\/\/lasprimeras.com.do\/index.php\/2024\/04\/14\/la-guerra-en-la-sombra-entre-iran-e-israel-ha-quedado-al-descubierto-que-pasa-despues\/","url_meta":{"origin":74224,"position":1},"title":"La guerra en la sombra entre Ir\u00e1n e Israel ha quedado al descubierto. \u00bfQu\u00e9 pasa despu\u00e9s?","author":"Nelson Feliz","date":"14 de abril de 2024","format":false,"excerpt":"POR KAREEM CHEHAYEB BEIRUT (AP) \u2014 El ataque sin precedentes de Ir\u00e1n contra Israel la madrugada del domingo marc\u00f3 un cambio de enfoque para Teher\u00e1n, que hab\u00eda dependido de representantes en todo el Medio Oriente desde el inicio de la guerra entre Israel y Hamas en octubre. Todos los ojos\u2026","rel":"","context":"En \u00abSin categor\u00eda\u00bb","block_context":{"text":"Sin categor\u00eda","link":"https:\/\/lasprimeras.com.do\/index.php\/category\/sin-categoria\/"},"img":{"alt_text":"Ataque","src":"https:\/\/i0.wp.com\/lasprimeras.com.do\/wp-content\/uploads\/2024\/04\/Ataque-4.jpg?resize=350%2C200&ssl=1","width":350,"height":200,"srcset":"https:\/\/i0.wp.com\/lasprimeras.com.do\/wp-content\/uploads\/2024\/04\/Ataque-4.jpg?resize=350%2C200&ssl=1 1x, https:\/\/i0.wp.com\/lasprimeras.com.do\/wp-content\/uploads\/2024\/04\/Ataque-4.jpg?resize=525%2C300&ssl=1 1.5x, https:\/\/i0.wp.com\/lasprimeras.com.do\/wp-content\/uploads\/2024\/04\/Ataque-4.jpg?resize=700%2C400&ssl=1 2x"},"classes":[]},{"id":65290,"url":"https:\/\/lasprimeras.com.do\/index.php\/2023\/10\/27\/ee-uu-bombardea-hoy-posiciones-vinculadas-a-iran-en-este-de-siria\/","url_meta":{"origin":74224,"position":2},"title":"EE.UU. bombardea hoy posiciones vinculadas a Ir\u00e1n en este de Siria","author":"BIMARY DE JES\u00daS Matos","date":"27 de octubre de 2023","format":false,"excerpt":"EE.UU.-Estados Unidos ha bombardeado este viernes instalaciones relacionadas con la Guardia Revolucionaria de Ir\u00e1n en el este de Siria. El ataque ha tenido lugar a las 4:30 cerca de Abu Kamal, una ciudad siria fronteriza con Irak, y ha sido llevado a cabo por dos aviones F-16. El Pent\u00e1gono no\u2026","rel":"","context":"En \u00abSin categor\u00eda\u00bb","block_context":{"text":"Sin categor\u00eda","link":"https:\/\/lasprimeras.com.do\/index.php\/category\/sin-categoria\/"},"img":{"alt_text":"","src":"https:\/\/i0.wp.com\/lasprimeras.com.do\/wp-content\/uploads\/2023\/10\/WhatsApp-Image-2023-10-26-at-6.18.01-PM-3.jpeg?resize=350%2C200&ssl=1","width":350,"height":200,"srcset":"https:\/\/i0.wp.com\/lasprimeras.com.do\/wp-content\/uploads\/2023\/10\/WhatsApp-Image-2023-10-26-at-6.18.01-PM-3.jpeg?resize=350%2C200&ssl=1 1x, https:\/\/i0.wp.com\/lasprimeras.com.do\/wp-content\/uploads\/2023\/10\/WhatsApp-Image-2023-10-26-at-6.18.01-PM-3.jpeg?resize=525%2C300&ssl=1 1.5x, https:\/\/i0.wp.com\/lasprimeras.com.do\/wp-content\/uploads\/2023\/10\/WhatsApp-Image-2023-10-26-at-6.18.01-PM-3.jpeg?resize=700%2C400&ssl=1 2x"},"classes":[]},{"id":73082,"url":"https:\/\/lasprimeras.com.do\/index.php\/2024\/01\/05\/gaza-sigue-sumando-muertos-y-heridos-tras-91-dias-de-fuertes-combates-entre-israel-y-hamas\/","url_meta":{"origin":74224,"position":3},"title":"Gaza sigue sumando muertos y heridos tras 91 d\u00edas de fuertes combates entre Israel y Ham\u00e1s","author":"BIMARY DE JES\u00daS Matos","date":"5 de enero de 2024","format":false,"excerpt":"Ir\u00e1n.- Las autoridades iran\u00edes vincularon el viernes a Israel y Estados Unidos con un atentado suicida reivindicado por el grupo Estado Isl\u00e1mico durante el funeral de algunas de las 89 personas que murieron en el incidente, tratando de entrelazar el ataque con las tensiones m\u00e1s extensas en Oriente Medio derivadas\u2026","rel":"","context":"En \u00abSin categor\u00eda\u00bb","block_context":{"text":"Sin categor\u00eda","link":"https:\/\/lasprimeras.com.do\/index.php\/category\/sin-categoria\/"},"img":{"alt_text":"","src":"https:\/\/i0.wp.com\/lasprimeras.com.do\/wp-content\/uploads\/2024\/01\/Noticias-de-energia-2024-01-05T110914.641-2.webp?resize=350%2C200&ssl=1","width":350,"height":200,"srcset":"https:\/\/i0.wp.com\/lasprimeras.com.do\/wp-content\/uploads\/2024\/01\/Noticias-de-energia-2024-01-05T110914.641-2.webp?resize=350%2C200&ssl=1 1x, https:\/\/i0.wp.com\/lasprimeras.com.do\/wp-content\/uploads\/2024\/01\/Noticias-de-energia-2024-01-05T110914.641-2.webp?resize=525%2C300&ssl=1 1.5x"},"classes":[]},{"id":99852,"url":"https:\/\/lasprimeras.com.do\/index.php\/2025\/05\/28\/iran-ejecuta-a-un-hombre-condenado-por-espiar-para-israel\/","url_meta":{"origin":74224,"position":4},"title":"Ir\u00e1n ejecuta a un hombre condenado por espiar para Israel","author":"Nelson Feliz","date":"28 de mayo de 2025","format":false,"excerpt":"TEHER\u00c1N, Ir\u00e1n (AP) \u2014 Ir\u00e1n ahorc\u00f3 a un hombre condenado por espiar para Israel, inform\u00f3 el mi\u00e9rcoles la prensa estatal. El reporte indic\u00f3 que Pedram Madani fue ahorcado despu\u00e9s de que la corte suprema del pa\u00eds ratificara una sentencia de muerte emitida por un tribunal inferior. La agencia de noticias\u2026","rel":"","context":"En \u00abINTERNACIONALES\u00bb","block_context":{"text":"INTERNACIONALES","link":"https:\/\/lasprimeras.com.do\/index.php\/category\/sin-categoria\/internacionales\/"},"img":{"alt_text":"","src":"https:\/\/i0.wp.com\/lasprimeras.com.do\/wp-content\/uploads\/2025\/05\/Iran-ejecuta-a-un-hombre-condenado-por-espiar-para-Israel.jpg?resize=350%2C200&ssl=1","width":350,"height":200,"srcset":"https:\/\/i0.wp.com\/lasprimeras.com.do\/wp-content\/uploads\/2025\/05\/Iran-ejecuta-a-un-hombre-condenado-por-espiar-para-Israel.jpg?resize=350%2C200&ssl=1 1x, https:\/\/i0.wp.com\/lasprimeras.com.do\/wp-content\/uploads\/2025\/05\/Iran-ejecuta-a-un-hombre-condenado-por-espiar-para-Israel.jpg?resize=525%2C300&ssl=1 1.5x, https:\/\/i0.wp.com\/lasprimeras.com.do\/wp-content\/uploads\/2025\/05\/Iran-ejecuta-a-un-hombre-condenado-por-espiar-para-Israel.jpg?resize=700%2C400&ssl=1 2x"},"classes":[]},{"id":73775,"url":"https:\/\/lasprimeras.com.do\/index.php\/2024\/01\/16\/iran-ataca-objetivos-en-el-norte-de-irak-y-siria-mientras-aumentan-las-tensiones-regionales\/","url_meta":{"origin":74224,"position":5},"title":"Ir\u00e1n ataca objetivos en el norte de Irak y Siria mientras aumentan las tensiones regionales","author":"Nelson Feliz","date":"16 de enero de 2024","format":false,"excerpt":"POR QASSIM ABDUL-ZAHRA Y SALAR SALIM IRBIL, Irak (AP) \u2014 Ir\u00e1n dispar\u00f3 misiles el lunes por la noche contra lo que afirm\u00f3 eran \u201ccuarteles generales de espionaje\u201d israel\u00edes cerca del consulado de Estados Unidos en la ciudad de Irbil, en el norte de Irak, y contra objetivos vinculados al grupo\u2026","rel":"","context":"En \u00abSin categor\u00eda\u00bb","block_context":{"text":"Sin categor\u00eda","link":"https:\/\/lasprimeras.com.do\/index.php\/category\/sin-categoria\/"},"img":{"alt_text":"Ataques","src":"https:\/\/i0.wp.com\/lasprimeras.com.do\/wp-content\/uploads\/2024\/01\/Ataques-1.jpg?resize=350%2C200&ssl=1","width":350,"height":200,"srcset":"https:\/\/i0.wp.com\/lasprimeras.com.do\/wp-content\/uploads\/2024\/01\/Ataques-1.jpg?resize=350%2C200&ssl=1 1x, https:\/\/i0.wp.com\/lasprimeras.com.do\/wp-content\/uploads\/2024\/01\/Ataques-1.jpg?resize=525%2C300&ssl=1 1.5x, https:\/\/i0.wp.com\/lasprimeras.com.do\/wp-content\/uploads\/2024\/01\/Ataques-1.jpg?resize=700%2C400&ssl=1 2x"},"classes":[]}],"jetpack_sharing_enabled":true,"_links":{"self":[{"href":"https:\/\/lasprimeras.com.do\/index.php\/wp-json\/wp\/v2\/posts\/74224","targetHints":{"allow":["GET"]}}],"collection":[{"href":"https:\/\/lasprimeras.com.do\/index.php\/wp-json\/wp\/v2\/posts"}],"about":[{"href":"https:\/\/lasprimeras.com.do\/index.php\/wp-json\/wp\/v2\/types\/post"}],"author":[{"embeddable":true,"href":"https:\/\/lasprimeras.com.do\/index.php\/wp-json\/wp\/v2\/users\/3"}],"replies":[{"embeddable":true,"href":"https:\/\/lasprimeras.com.do\/index.php\/wp-json\/wp\/v2\/comments?post=74224"}],"version-history":[{"count":1,"href":"https:\/\/lasprimeras.com.do\/index.php\/wp-json\/wp\/v2\/posts\/74224\/revisions"}],"predecessor-version":[{"id":74226,"href":"https:\/\/lasprimeras.com.do\/index.php\/wp-json\/wp\/v2\/posts\/74224\/revisions\/74226"}],"wp:featuredmedia":[{"embeddable":true,"href":"https:\/\/lasprimeras.com.do\/index.php\/wp-json\/wp\/v2\/media\/74225"}],"wp:attachment":[{"href":"https:\/\/lasprimeras.com.do\/index.php\/wp-json\/wp\/v2\/media?parent=74224"}],"wp:term":[{"taxonomy":"category","embeddable":true,"href":"https:\/\/lasprimeras.com.do\/index.php\/wp-json\/wp\/v2\/categories?post=74224"},{"taxonomy":"post_tag","embeddable":true,"href":"https:\/\/lasprimeras.com.do\/index.php\/wp-json\/wp\/v2\/tags?post=74224"}],"curies":[{"name":"wp","href":"https:\/\/api.w.org\/{rel}","templated":true}]}}