{"id":74227,"date":"2024-01-20T15:27:34","date_gmt":"2024-01-20T19:27:34","guid":{"rendered":"https:\/\/lasprimeras.com.do\/?p=74227"},"modified":"2024-01-20T15:27:35","modified_gmt":"2024-01-20T19:27:35","slug":"jce-realizara-este-sabado-segunda-prueba-de-computo-electoral","status":"publish","type":"post","link":"https:\/\/lasprimeras.com.do\/index.php\/2024\/01\/20\/jce-realizara-este-sabado-segunda-prueba-de-computo-electoral\/","title":{"rendered":"JCE realizar\u00e1 este s\u00e1bado segunda prueba de c\u00f3mputo electoral"},"content":{"rendered":"\n<p>Santo Domingo.- La Junta Central Electoral (JCE) realizar\u00e1 este s\u00e1bado la segunda prueba regional de los equipos del c\u00f3mputo electoral que ser\u00e1n utilizados en las pr\u00f3ximas elecciones.<\/p>\n\n\n\n<p>Seg\u00fan informaron, el ensayo abordar\u00e1 15 municipios, 53 recintos y 700 Colegios Electorales y en el que participar\u00e1n 193 t\u00e9cnicos, 700 presidentes y 700 secretarios.<\/p>\n\n\n\n<p>La instalaci\u00f3n de los equipos iniciar\u00e1 desde las 8:30 a. m. a 11:00 a. m. y la prueba se realizar\u00e1 de 11:00 a.m. a 2:00 p.m.<\/p>\n\n\n\n<p>En tanto que los municipios donde se realizar\u00e1n las pruebas son Azua, Barahona, Hato Mayor, La Romana, La Vega, Mao, Nagua, Puerto Plata, San Crist\u00f3bal, San Francisco de Macor\u00eds, San Juan de la Maguana, San Pedro de Macor\u00eds, Santiago de los Caballeros, Distrito Nacional y Santo Domingo Este.<\/p>\n","protected":false},"excerpt":{"rendered":"<p>Santo Domingo.- La Junta Central Electoral (JCE) realizar\u00e1 este s\u00e1bado la segunda prueba regional de los equipos del c\u00f3mputo electoral que ser\u00e1n utilizados en las pr\u00f3ximas elecciones. Seg\u00fan informaron, el&hellip;<\/p>\n","protected":false},"author":3,"featured_media":74228,"comment_status":"open","ping_status":"open","sticky":false,"template":"","format":"standard","meta":{"content-type":"","jetpack_post_was_ever_published":false,"_jetpack_newsletter_access":"","_jetpack_dont_email_post_to_subs":false,"_jetpack_newsletter_tier_id":0,"_jetpack_memberships_contains_paywalled_content":false,"_jetpack_memberships_contains_paid_content":false,"footnotes":""},"categories":[1],"tags":[183],"class_list":["post-74227","post","type-post","status-publish","format-standard","has-post-thumbnail","hentry","category-sin-categoria","tag-jce"],"jetpack_featured_media_url":"https:\/\/lasprimeras.com.do\/wp-content\/uploads\/2024\/01\/YHDVOD7ZSNBIXAASMB6QGE55SI-1.jpg","jetpack-related-posts":[{"id":74299,"url":"https:\/\/lasprimeras.com.do\/index.php\/2024\/01\/22\/jce-dice-realizo-con-exito-segunda-prueba-regional-de-computo-de-cara-a-las-municipales\/","url_meta":{"origin":74227,"position":0},"title":"JCE dice realiz\u00f3 con \u00e9xito segunda prueba regional de c\u00f3mputo de cara a las municipales","author":"BIMARY DE JES\u00daS Matos","date":"22 de enero de 2024","format":false,"excerpt":"Santo Domingo.-La Junta Central Electoral (JCE) realiz\u00f3 el s\u00e1bado de manera exitosa la segunda prueba regional al c\u00f3mputo electoral de cara a las pr\u00f3ximas elecciones municipales, constatando el buen funcionamiento de los dispositivos de escaneo, digitaci\u00f3n, impresi\u00f3n y transmisi\u00f3n de datos (EDET). La segunda prueba del c\u00f3mputo electoral comenz\u00f3 a\u2026","rel":"","context":"En \u00abSin categor\u00eda\u00bb","block_context":{"text":"Sin categor\u00eda","link":"https:\/\/lasprimeras.com.do\/index.php\/category\/sin-categoria\/"},"img":{"alt_text":"","src":"https:\/\/i0.wp.com\/lasprimeras.com.do\/wp-content\/uploads\/2024\/01\/Demostenes-Martinez-Al-PRM-le-queda-poco-tiempo-en-el-poder-2-2.jpg?resize=350%2C200&ssl=1","width":350,"height":200,"srcset":"https:\/\/i0.wp.com\/lasprimeras.com.do\/wp-content\/uploads\/2024\/01\/Demostenes-Martinez-Al-PRM-le-queda-poco-tiempo-en-el-poder-2-2.jpg?resize=350%2C200&ssl=1 1x, https:\/\/i0.wp.com\/lasprimeras.com.do\/wp-content\/uploads\/2024\/01\/Demostenes-Martinez-Al-PRM-le-queda-poco-tiempo-en-el-poder-2-2.jpg?resize=525%2C300&ssl=1 1.5x, https:\/\/i0.wp.com\/lasprimeras.com.do\/wp-content\/uploads\/2024\/01\/Demostenes-Martinez-Al-PRM-le-queda-poco-tiempo-en-el-poder-2-2.jpg?resize=700%2C400&ssl=1 2x"},"classes":[]},{"id":73408,"url":"https:\/\/lasprimeras.com.do\/index.php\/2024\/01\/10\/jce-realizara-este-sabado-prueba-regional-del-computo-electoral-para-comicios-municipales\/","url_meta":{"origin":74227,"position":1},"title":"JCE realizar\u00e1 este s\u00e1bado prueba regional del c\u00f3mputo electoral para comicios municipales","author":"BIMARY DE JES\u00daS Matos","date":"10 de enero de 2024","format":false,"excerpt":"Santo Domingo.-La Junta Central Electoral (JCE) realizar\u00e1 este s\u00e1bado 13 de enero la primera prueba regional para probar el proceso del c\u00f3mputo electoral en los equipos de dispositivos de escaneo, digitaci\u00f3n, impresi\u00f3n y transmisi\u00f3n de datos (EDET), de cara a la celebraci\u00f3n de las elecciones municipales a realizarse el pr\u00f3ximo\u2026","rel":"","context":"En \u00abSin categor\u00eda\u00bb","block_context":{"text":"Sin categor\u00eda","link":"https:\/\/lasprimeras.com.do\/index.php\/category\/sin-categoria\/"},"img":{"alt_text":"","src":"https:\/\/i0.wp.com\/lasprimeras.com.do\/wp-content\/uploads\/2024\/01\/En-Ecuador-encapuchados-armados-tomaron-canal-de-television-mientras-transmitia-en-vivo-3-4.jpg?resize=350%2C200&ssl=1","width":350,"height":200,"srcset":"https:\/\/i0.wp.com\/lasprimeras.com.do\/wp-content\/uploads\/2024\/01\/En-Ecuador-encapuchados-armados-tomaron-canal-de-television-mientras-transmitia-en-vivo-3-4.jpg?resize=350%2C200&ssl=1 1x, https:\/\/i0.wp.com\/lasprimeras.com.do\/wp-content\/uploads\/2024\/01\/En-Ecuador-encapuchados-armados-tomaron-canal-de-television-mientras-transmitia-en-vivo-3-4.jpg?resize=525%2C300&ssl=1 1.5x"},"classes":[]},{"id":73620,"url":"https:\/\/lasprimeras.com.do\/index.php\/2024\/01\/14\/jce-realizo-primera-prueba-del-computo-electoral-de-cara-a-elecciones-municipales\/","url_meta":{"origin":74227,"position":2},"title":"JCE realiz\u00f3 primera prueba del c\u00f3mputo electoral de cara a elecciones municipales","author":"BIMARY DE JES\u00daS Matos","date":"14 de enero de 2024","format":false,"excerpt":"Santo Domingo., RD. \u2013 La Junta Central Electoral (JCE) realiz\u00f3 este s\u00e1bado la prueba regional del c\u00f3mputo electoral de cara a la celebraci\u00f3n de las elecciones municipales, logrando comprobar el funcionamiento de los equipos inform\u00e1ticos, as\u00ed como los de escaneo, digitaci\u00f3n, impresi\u00f3n y transmisi\u00f3n de datos (EDET) que se utilizar\u00e1n\u2026","rel":"","context":"En \u00abSin categor\u00eda\u00bb","block_context":{"text":"Sin categor\u00eda","link":"https:\/\/lasprimeras.com.do\/index.php\/category\/sin-categoria\/"},"img":{"alt_text":"","src":"https:\/\/i0.wp.com\/lasprimeras.com.do\/wp-content\/uploads\/2024\/01\/WhatsApp-Image-2024-01-14-at-2.13.17-PM.jpeg?resize=350%2C200&ssl=1","width":350,"height":200,"srcset":"https:\/\/i0.wp.com\/lasprimeras.com.do\/wp-content\/uploads\/2024\/01\/WhatsApp-Image-2024-01-14-at-2.13.17-PM.jpeg?resize=350%2C200&ssl=1 1x, https:\/\/i0.wp.com\/lasprimeras.com.do\/wp-content\/uploads\/2024\/01\/WhatsApp-Image-2024-01-14-at-2.13.17-PM.jpeg?resize=525%2C300&ssl=1 1.5x, https:\/\/i0.wp.com\/lasprimeras.com.do\/wp-content\/uploads\/2024\/01\/WhatsApp-Image-2024-01-14-at-2.13.17-PM.jpeg?resize=700%2C400&ssl=1 2x, https:\/\/i0.wp.com\/lasprimeras.com.do\/wp-content\/uploads\/2024\/01\/WhatsApp-Image-2024-01-14-at-2.13.17-PM.jpeg?resize=1050%2C600&ssl=1 3x, https:\/\/i0.wp.com\/lasprimeras.com.do\/wp-content\/uploads\/2024\/01\/WhatsApp-Image-2024-01-14-at-2.13.17-PM.jpeg?resize=1400%2C800&ssl=1 4x"},"classes":[]},{"id":80920,"url":"https:\/\/lasprimeras.com.do\/index.php\/2024\/04\/14\/jce-realiza-prueba-de-computo-electoral-en-compania-de-delegados-de-partidos\/","url_meta":{"origin":74227,"position":3},"title":"JCE realiza prueba de c\u00f3mputo electoral en compa\u00f1\u00eda de delegados de partidos\u00a0","author":"Nelson Feliz","date":"14 de abril de 2024","format":false,"excerpt":"Comprueban buen funcionamiento de los equipos EDET. La Junta Central Electoral (JCE) realiz\u00f3 este s\u00e1bado la primera prueba regional del c\u00f3mputo electoral de cara a las elecciones presidenciales y congresuales del pr\u00f3ximo 19 de mayo de 2024. En esta jornada se lograron instalar en el tiempo programado los equipos de\u2026","rel":"","context":"En \u00abNACIONALES\u00bb","block_context":{"text":"NACIONALES","link":"https:\/\/lasprimeras.com.do\/index.php\/category\/nacionales\/"},"img":{"alt_text":"JCE","src":"https:\/\/i0.wp.com\/lasprimeras.com.do\/wp-content\/uploads\/2024\/04\/Prueba-7-3.jpg?resize=350%2C200&ssl=1","width":350,"height":200,"srcset":"https:\/\/i0.wp.com\/lasprimeras.com.do\/wp-content\/uploads\/2024\/04\/Prueba-7-3.jpg?resize=350%2C200&ssl=1 1x, https:\/\/i0.wp.com\/lasprimeras.com.do\/wp-content\/uploads\/2024\/04\/Prueba-7-3.jpg?resize=525%2C300&ssl=1 1.5x, https:\/\/i0.wp.com\/lasprimeras.com.do\/wp-content\/uploads\/2024\/04\/Prueba-7-3.jpg?resize=700%2C400&ssl=1 2x"},"classes":[]},{"id":81051,"url":"https:\/\/lasprimeras.com.do\/index.php\/2024\/04\/16\/jce-realiza-primera-prueba-regional-del-computo-electoral-de-cara-a-elecciones-presidenciales-y-congresuales\/","url_meta":{"origin":74227,"position":4},"title":"JCE realiza primera prueba regional del c\u00f3mputo electoral de cara a elecciones presidenciales","author":"BIMARY DE JES\u00daS Matos","date":"16 de abril de 2024","format":false,"excerpt":"Santo Domingo, RD. - La Junta Central Electoral (JCE) realiz\u00f3 este s\u00e1bado la primera prueba regional del c\u00f3mputo electoral de cara a las elecciones presidenciales y congresuales del pr\u00f3ximo 19 de mayo de 2024. En esta jornada se lograron instalar en el tiempo programado los equipos de escaneo, digitaci\u00f3n, impresi\u00f3n\u2026","rel":"","context":"En \u00abSin categor\u00eda\u00bb","block_context":{"text":"Sin categor\u00eda","link":"https:\/\/lasprimeras.com.do\/index.php\/category\/sin-categoria\/"},"img":{"alt_text":"","src":"https:\/\/i0.wp.com\/lasprimeras.com.do\/wp-content\/uploads\/2024\/04\/IMG-20240416-WA0046.jpg?resize=350%2C200&ssl=1","width":350,"height":200,"srcset":"https:\/\/i0.wp.com\/lasprimeras.com.do\/wp-content\/uploads\/2024\/04\/IMG-20240416-WA0046.jpg?resize=350%2C200&ssl=1 1x, https:\/\/i0.wp.com\/lasprimeras.com.do\/wp-content\/uploads\/2024\/04\/IMG-20240416-WA0046.jpg?resize=525%2C300&ssl=1 1.5x, https:\/\/i0.wp.com\/lasprimeras.com.do\/wp-content\/uploads\/2024\/04\/IMG-20240416-WA0046.jpg?resize=700%2C400&ssl=1 2x, https:\/\/i0.wp.com\/lasprimeras.com.do\/wp-content\/uploads\/2024\/04\/IMG-20240416-WA0046.jpg?resize=1050%2C600&ssl=1 3x"},"classes":[]},{"id":80847,"url":"https:\/\/lasprimeras.com.do\/index.php\/2024\/04\/13\/jce-realiza-primera-prueba-regional-de-computos-para-elecciones-del-19-de-mayo\/","url_meta":{"origin":74227,"position":5},"title":"JCE realiza primera prueba regional de c\u00f3mputos para elecciones del 19 de mayo","author":"BIMARY DE JES\u00daS Matos","date":"13 de abril de 2024","format":false,"excerpt":"SANTO DOMINGO.- A 35 d\u00edas paras las elecciones presidenciales de mayo, la Junta Central Electoral realiz\u00f3 este s\u00e1bado la primera prueba regional del c\u00f3mputo electoral para comprobar el funcionamiento de los equipos de escaneo, digitalizaci\u00f3n, impresi\u00f3n y transmisi\u00f3n de datos. La prueba se realiz\u00f3 en 1,700 colegios electorales de 90\u2026","rel":"","context":"En \u00abSin categor\u00eda\u00bb","block_context":{"text":"Sin categor\u00eda","link":"https:\/\/lasprimeras.com.do\/index.php\/category\/sin-categoria\/"},"img":{"alt_text":"","src":"https:\/\/i0.wp.com\/lasprimeras.com.do\/wp-content\/uploads\/2024\/04\/WhatsApp-Image-2024-01-26-at-12.10.49-PM-6.webp?resize=350%2C200&ssl=1","width":350,"height":200,"srcset":"https:\/\/i0.wp.com\/lasprimeras.com.do\/wp-content\/uploads\/2024\/04\/WhatsApp-Image-2024-01-26-at-12.10.49-PM-6.webp?resize=350%2C200&ssl=1 1x, https:\/\/i0.wp.com\/lasprimeras.com.do\/wp-content\/uploads\/2024\/04\/WhatsApp-Image-2024-01-26-at-12.10.49-PM-6.webp?resize=525%2C300&ssl=1 1.5x, https:\/\/i0.wp.com\/lasprimeras.com.do\/wp-content\/uploads\/2024\/04\/WhatsApp-Image-2024-01-26-at-12.10.49-PM-6.webp?resize=700%2C400&ssl=1 2x"},"classes":[]}],"jetpack_sharing_enabled":true,"_links":{"self":[{"href":"https:\/\/lasprimeras.com.do\/index.php\/wp-json\/wp\/v2\/posts\/74227","targetHints":{"allow":["GET"]}}],"collection":[{"href":"https:\/\/lasprimeras.com.do\/index.php\/wp-json\/wp\/v2\/posts"}],"about":[{"href":"https:\/\/lasprimeras.com.do\/index.php\/wp-json\/wp\/v2\/types\/post"}],"author":[{"embeddable":true,"href":"https:\/\/lasprimeras.com.do\/index.php\/wp-json\/wp\/v2\/users\/3"}],"replies":[{"embeddable":true,"href":"https:\/\/lasprimeras.com.do\/index.php\/wp-json\/wp\/v2\/comments?post=74227"}],"version-history":[{"count":1,"href":"https:\/\/lasprimeras.com.do\/index.php\/wp-json\/wp\/v2\/posts\/74227\/revisions"}],"predecessor-version":[{"id":74229,"href":"https:\/\/lasprimeras.com.do\/index.php\/wp-json\/wp\/v2\/posts\/74227\/revisions\/74229"}],"wp:featuredmedia":[{"embeddable":true,"href":"https:\/\/lasprimeras.com.do\/index.php\/wp-json\/wp\/v2\/media\/74228"}],"wp:attachment":[{"href":"https:\/\/lasprimeras.com.do\/index.php\/wp-json\/wp\/v2\/media?parent=74227"}],"wp:term":[{"taxonomy":"category","embeddable":true,"href":"https:\/\/lasprimeras.com.do\/index.php\/wp-json\/wp\/v2\/categories?post=74227"},{"taxonomy":"post_tag","embeddable":true,"href":"https:\/\/lasprimeras.com.do\/index.php\/wp-json\/wp\/v2\/tags?post=74227"}],"curies":[{"name":"wp","href":"https:\/\/api.w.org\/{rel}","templated":true}]}}