{"id":74236,"date":"2024-01-20T21:23:47","date_gmt":"2024-01-21T01:23:47","guid":{"rendered":"https:\/\/lasprimeras.com.do\/?p=74236"},"modified":"2024-01-20T21:23:48","modified_gmt":"2024-01-21T01:23:48","slug":"roberto-angel-ocoa-se-tira-a-las-calles-a-respaldar-el-cambio-de-luis-abinader-y-el-prm","status":"publish","type":"post","link":"https:\/\/lasprimeras.com.do\/index.php\/2024\/01\/20\/roberto-angel-ocoa-se-tira-a-las-calles-a-respaldar-el-cambio-de-luis-abinader-y-el-prm\/","title":{"rendered":"Roberto \u00c1ngel: &#8220;Ocoa se tira a las calles a respaldar el cambio de Luis Abinader y el PRM&#8221;"},"content":{"rendered":"\n<p><strong>En apoyo a candidatos alcaldes, directores municipales, regidores y vocales, recorre este s\u00e1bado&nbsp; municipios Rancho Arriba y Sabana Larga.<\/strong><\/p>\n\n\n\n<p>El miembro de la Direcci\u00f3n Ejecutiva del Partido Revolucionario Moderno (PRM) Roberto \u00c1ngel Salcedo destac\u00f3 este s\u00e1bado el entusiasmo con que la gente de San Jos\u00e9 de Ocoa se ha tirado a las calles a respaldar el cambio que desarrolla esa organizaci\u00f3n pol\u00edtica junto al presidente Luis Abinader.<\/p>\n\n\n\n<p>Roberto \u00c1ngel asegur\u00f3 que ese gran apoyo y el trabajo que realiza la estructura del partido en esa provincia, lograr\u00e1n una contundente victoria, no solo en febrero, sino tambi\u00e9n en las elecciones presidenciales y congresuales de mayo pr\u00f3ximo.<\/p>\n\n\n\n<p>&#8220;La dirigencia alta, media y de base del partido est\u00e1 integrada con entusiasmo y toda la poblaci\u00f3n quiere estar en las calles acompa\u00f1ando a los candidatos municipales&#8221;, expres\u00f3, expres\u00f3 Salcedo, quien asegur\u00f3 que con la ayuda de Dios y el apoyo de la gente volver\u00e1n a ganar.<\/p>\n\n\n\n<p><strong>Ex dirigentes del PLD pasan a PRM<\/strong><\/p>\n\n\n\n<p>El dirigente pol\u00edtico habl\u00f3 luego de juramentar a Hilda Valent\u00edn, exmiembra del Comit\u00e9 Central del PLD, ex presidenta de la ADP en Rancho Arriba y actual candidata a vicealcaldesa en la boleta municipal del PRM en esa demarcaci\u00f3n.<\/p>\n\n\n\n<p>Junto a Valent\u00edn adem\u00e1s, fueron juramentados F\u00e9lix de La Cruz y Ambiorix Mella, quienes junto a sus equipos pol\u00edticos pasan a respaldar las aspiraciones del presidente Abinader y a los candidatos municipales de&nbsp; Rancho Arriba.<\/p>\n\n\n\n<p>Luego de la juramentaci\u00f3n, Roberto \u00c1ngel encabez\u00f3 una marcha caravana en los distintos municipios de San Jos\u00e9 de Ocoa, en apoyo a los candidatos municipales que presentar\u00e1 el PRM en los comicios del pr\u00f3ximo 18 de febrero.<\/p>\n\n\n\n<p><strong>Sobre la caravana<\/strong><\/p>\n\n\n\n<p>La caravana inici\u00f3 en la Rotonda de Los Morones, frente a Monta\u00f1a M\u00e1gica, y recorri\u00f3 calles y sectores de Rancho Arriba y Sabana Larga de Ocoa.<\/p>\n\n\n\n<p>Roberto \u00c1ngel acompa\u00f1\u00f3 a los alcaldes y aspirantes a seguir en el cargo Alcedo de los Santos, de Rancho Arriba y de Milton Brea, de Sabana Larga, as\u00ed como a otros aspirantes a puestos municipales de esas demarcaciones electorales.<\/p>\n\n\n\n<p>Tambi\u00e9n estuvieron en la marcha el alcalde de Ocoa y candidato a senador de la provincia, Aneudy Ortiz; Buenaventura Cruz, presidente del PRM en Rancho Arriba, los aspirantes a diputados \u00c1ngel Pire y Yal\u00ed Soto y el ex alcalde de Rancho Arriba,&nbsp; \u00c1ngel Dar\u00edo Reyes, entre otros.<\/p>\n","protected":false},"excerpt":{"rendered":"<p>En apoyo a candidatos alcaldes, directores municipales, regidores y vocales, recorre este s\u00e1bado&nbsp; municipios Rancho Arriba y Sabana Larga. El miembro de la Direcci\u00f3n Ejecutiva del Partido Revolucionario Moderno (PRM)&hellip;<\/p>\n","protected":false},"author":2,"featured_media":74237,"comment_status":"open","ping_status":"open","sticky":false,"template":"","format":"standard","meta":{"content-type":"","jetpack_post_was_ever_published":false,"_jetpack_newsletter_access":"","_jetpack_dont_email_post_to_subs":false,"_jetpack_newsletter_tier_id":0,"_jetpack_memberships_contains_paywalled_content":false,"_jetpack_memberships_contains_paid_content":false,"footnotes":""},"categories":[25],"tags":[3182,67,5181,31,11143,646,9720],"class_list":["post-74236","post","type-post","status-publish","format-standard","has-post-thumbnail","hentry","category-portada","tag-cambio","tag-luis-abinader","tag-ocoa","tag-prm","tag-rancho-arriba","tag-roberto-angel-salcedo","tag-sabana-larga"],"jetpack_featured_media_url":"https:\/\/lasprimeras.com.do\/wp-content\/uploads\/2024\/01\/Roberto-Angel-Salcedo-02.jpg","jetpack-related-posts":[{"id":83155,"url":"https:\/\/lasprimeras.com.do\/index.php\/2024\/05\/12\/roberto-angel-cierra-junto-a-los-candidatos-provinciales-la-campana-en-ocoa\/","url_meta":{"origin":74236,"position":0},"title":"Roberto \u00c1ngel cierra junto a los candidatos provinciales la campa\u00f1a en Ocoa","author":"Nelson Feliz","date":"12 de mayo de 2024","format":false,"excerpt":"El miembro de la Direcci\u00f3n Ejecutiva del Partido Revolucionario Moderno (PRM), Roberto \u00c1ngel Salcedo, encabez\u00f3 este domingo una impresionante marcha caravana de cierre de campa\u00f1a junto al candidato a senador y los aspirantes a diputados y diputadas de San Jos\u00e9 de Ocoa. Al inicio de la actividad, Roberto \u00c1ngel hizo\u2026","rel":"","context":"En \u00abPORTADA\u00bb","block_context":{"text":"PORTADA","link":"https:\/\/lasprimeras.com.do\/index.php\/category\/portada\/"},"img":{"alt_text":"Roberto \u00c1ngel Salcedo","src":"https:\/\/i0.wp.com\/lasprimeras.com.do\/wp-content\/uploads\/2024\/05\/Roberto-Angel-Salcedo-17.jpg?resize=350%2C200&ssl=1","width":350,"height":200,"srcset":"https:\/\/i0.wp.com\/lasprimeras.com.do\/wp-content\/uploads\/2024\/05\/Roberto-Angel-Salcedo-17.jpg?resize=350%2C200&ssl=1 1x, https:\/\/i0.wp.com\/lasprimeras.com.do\/wp-content\/uploads\/2024\/05\/Roberto-Angel-Salcedo-17.jpg?resize=525%2C300&ssl=1 1.5x"},"classes":[]},{"id":68584,"url":"https:\/\/lasprimeras.com.do\/index.php\/2023\/11\/25\/roberto-angel-supervisa-ampliacion-de-acciones-sociales-del-gobierno-y-reparacion-de-viviendas-en-sj-de-ocoa\/","url_meta":{"origin":74236,"position":1},"title":"Roberto \u00c1ngel supervisa ampliaci\u00f3n de acciones sociales del Gobierno y reparaci\u00f3n de viviendas en SJ de Ocoa","author":"BIMARY DE JES\u00daS Matos","date":"25 de noviembre de 2023","format":false,"excerpt":"San Jos\u00e9 de Ocoa. - El director general de Proyectos Estrat\u00e9gicos y Especiales de la Presidencia, Roberto \u00c1ngel Salcedo, inici\u00f3 este viernes un programa masivo de fumigacion en esta provincia y supervis\u00f3 la ampliaci\u00f3n de las acciones sociales del Gobierno en beneficio de las miles de familias afectadas por las\u2026","rel":"","context":"En \u00abPORTADA\u00bb","block_context":{"text":"PORTADA","link":"https:\/\/lasprimeras.com.do\/index.php\/category\/portada\/"},"img":{"alt_text":"","src":"https:\/\/i0.wp.com\/lasprimeras.com.do\/wp-content\/uploads\/2023\/11\/WhatsApp-Image-2023-11-25-at-5.12.29-PM-3.jpeg?resize=350%2C200&ssl=1","width":350,"height":200,"srcset":"https:\/\/i0.wp.com\/lasprimeras.com.do\/wp-content\/uploads\/2023\/11\/WhatsApp-Image-2023-11-25-at-5.12.29-PM-3.jpeg?resize=350%2C200&ssl=1 1x, https:\/\/i0.wp.com\/lasprimeras.com.do\/wp-content\/uploads\/2023\/11\/WhatsApp-Image-2023-11-25-at-5.12.29-PM-3.jpeg?resize=525%2C300&ssl=1 1.5x, https:\/\/i0.wp.com\/lasprimeras.com.do\/wp-content\/uploads\/2023\/11\/WhatsApp-Image-2023-11-25-at-5.12.29-PM-3.jpeg?resize=700%2C400&ssl=1 2x"},"classes":[]},{"id":76295,"url":"https:\/\/lasprimeras.com.do\/index.php\/2024\/02\/08\/roberto-angel-el-cambio-iniciado-por-abinader-es-irreversible-en-la-victoria-y-el-pais\/","url_meta":{"origin":74236,"position":2},"title":"Roberto \u00c1ngel: El cambio iniciado por Abinader es irreversible en La Victoria y el pais","author":"Nelson Feliz","date":"8 de febrero de 2024","format":false,"excerpt":"Recorre barrios y sectores del distrito municipal La Victoria, junto al dirigente nacional Francisco Guillermo Garc\u00eda, en apoyo al candidato alcalde Miguel Savi\u00f1\u00f3n (El Gringo). El miembro de la Direcci\u00f3n Ejecutiva del Partido Revolucionario Moderno (PRM), Roberto \u00c1ngel Salcedo, afirm\u00f3 que el proceso de cambio iniciado por el presidente Luis\u2026","rel":"","context":"En \u00abPORTADA\u00bb","block_context":{"text":"PORTADA","link":"https:\/\/lasprimeras.com.do\/index.php\/category\/portada\/"},"img":{"alt_text":"Roberto \u00c1ngel Salcedo","src":"https:\/\/i0.wp.com\/lasprimeras.com.do\/wp-content\/uploads\/2024\/02\/Roberto-Angel-Salcedo-1.jpg?resize=350%2C200&ssl=1","width":350,"height":200,"srcset":"https:\/\/i0.wp.com\/lasprimeras.com.do\/wp-content\/uploads\/2024\/02\/Roberto-Angel-Salcedo-1.jpg?resize=350%2C200&ssl=1 1x, https:\/\/i0.wp.com\/lasprimeras.com.do\/wp-content\/uploads\/2024\/02\/Roberto-Angel-Salcedo-1.jpg?resize=525%2C300&ssl=1 1.5x, https:\/\/i0.wp.com\/lasprimeras.com.do\/wp-content\/uploads\/2024\/02\/Roberto-Angel-Salcedo-1.jpg?resize=700%2C400&ssl=1 2x"},"classes":[]},{"id":78434,"url":"https:\/\/lasprimeras.com.do\/index.php\/2024\/03\/16\/roberto-angel-asegura-participacion-de-abinader-en-debate-marcara-una-nueva-etapa\/","url_meta":{"origin":74236,"position":3},"title":"Roberto \u00c1ngel asegura participaci\u00f3n de Abinader en debate marcar\u00e1 una nueva etapa","author":"BIMARY DE JES\u00daS Matos","date":"16 de marzo de 2024","format":false,"excerpt":"San Jos\u00e9 de Ocoa -Roberto \u00c1ngel Salcedo asegur\u00f3 que la aceptaci\u00f3n del presidente Luis Abinader de participar en el debate entre candidatos presidenciales marcar\u00e1 una nueva etapa en la pol\u00edtica dominicana. \"Es la primera vez que un presidente en ejercicio decide participar en un debate y a pesar de estar\u2026","rel":"","context":"En \u00abPORTADA\u00bb","block_context":{"text":"PORTADA","link":"https:\/\/lasprimeras.com.do\/index.php\/category\/portada\/"},"img":{"alt_text":"","src":"https:\/\/i0.wp.com\/lasprimeras.com.do\/wp-content\/uploads\/2024\/03\/IMG-20240316-WA0004.jpg?resize=350%2C200&ssl=1","width":350,"height":200,"srcset":"https:\/\/i0.wp.com\/lasprimeras.com.do\/wp-content\/uploads\/2024\/03\/IMG-20240316-WA0004.jpg?resize=350%2C200&ssl=1 1x, https:\/\/i0.wp.com\/lasprimeras.com.do\/wp-content\/uploads\/2024\/03\/IMG-20240316-WA0004.jpg?resize=525%2C300&ssl=1 1.5x, https:\/\/i0.wp.com\/lasprimeras.com.do\/wp-content\/uploads\/2024\/03\/IMG-20240316-WA0004.jpg?resize=700%2C400&ssl=1 2x, https:\/\/i0.wp.com\/lasprimeras.com.do\/wp-content\/uploads\/2024\/03\/IMG-20240316-WA0004.jpg?resize=1050%2C600&ssl=1 3x"},"classes":[]},{"id":81341,"url":"https:\/\/lasprimeras.com.do\/index.php\/2024\/04\/19\/roberto-angel-peravia-garantiza-triunfo-de-abinader-y-julito-como-senador\/","url_meta":{"origin":74236,"position":4},"title":"Roberto \u00c1ngel: \u201cPeravia garantiza triunfo de Abinader y Julito como Senador\u201d","author":"Nelson Feliz","date":"19 de abril de 2024","format":false,"excerpt":"Encabeza asamblea con dirigencia del PRM en Ban\u00ed, y mano a mano en el distrito Villa Fundaci\u00f3n, de respaldo al candidato a senador y a las diputaciones en la provincia. El miembro de la Direcci\u00f3n Ejecutiva del Partido Revolucionario Moderno (PRM), Roberto \u00c1ngel Salcedo, asegur\u00f3 este viernes que el presidente\u2026","rel":"","context":"En \u00abPORTADA\u00bb","block_context":{"text":"PORTADA","link":"https:\/\/lasprimeras.com.do\/index.php\/category\/portada\/"},"img":{"alt_text":"Roberto \u00c1ngel Salcedo","src":"https:\/\/i0.wp.com\/lasprimeras.com.do\/wp-content\/uploads\/2024\/04\/Roberto-Angel-Salcedo-9.jpg?resize=350%2C200&ssl=1","width":350,"height":200,"srcset":"https:\/\/i0.wp.com\/lasprimeras.com.do\/wp-content\/uploads\/2024\/04\/Roberto-Angel-Salcedo-9.jpg?resize=350%2C200&ssl=1 1x, https:\/\/i0.wp.com\/lasprimeras.com.do\/wp-content\/uploads\/2024\/04\/Roberto-Angel-Salcedo-9.jpg?resize=525%2C300&ssl=1 1.5x, https:\/\/i0.wp.com\/lasprimeras.com.do\/wp-content\/uploads\/2024\/04\/Roberto-Angel-Salcedo-9.jpg?resize=700%2C400&ssl=1 2x"},"classes":[]},{"id":67920,"url":"https:\/\/lasprimeras.com.do\/index.php\/2023\/11\/20\/roberto-angel-encabeza-la-accion-social-del-gobierno-en-san-jose-de-ocoa\/","url_meta":{"origin":74236,"position":5},"title":"Roberto \u00c1ngel encabeza la acci\u00f3n social del Gobierno en San Jos\u00e9 de Ocoa","author":"Nelson Feliz","date":"20 de noviembre de 2023","format":false,"excerpt":"Anuncia Gobierno remozar\u00e1 casas da\u00f1adas por lluvias e inundaciones y supervisa entrega raciones alimenticias, colchones, otros suministros y servicios. El director de Proyectos Estrat\u00e9gicos y Especiales de la Presidencia, Roberto \u00c1ngel Salcedo, encabez\u00f3 este lunes las acciones sociales del Gobierno en esta provincia y por instrucciones del presidente Luis Abinader\u2026","rel":"","context":"En \u00abNACIONALES\u00bb","block_context":{"text":"NACIONALES","link":"https:\/\/lasprimeras.com.do\/index.php\/category\/nacionales\/"},"img":{"alt_text":"Roberto \u00c1ngel Salcedo","src":"https:\/\/i0.wp.com\/lasprimeras.com.do\/wp-content\/uploads\/2023\/11\/Roberto-Angel-Salcedo.jpg?resize=350%2C200&ssl=1","width":350,"height":200,"srcset":"https:\/\/i0.wp.com\/lasprimeras.com.do\/wp-content\/uploads\/2023\/11\/Roberto-Angel-Salcedo.jpg?resize=350%2C200&ssl=1 1x, https:\/\/i0.wp.com\/lasprimeras.com.do\/wp-content\/uploads\/2023\/11\/Roberto-Angel-Salcedo.jpg?resize=525%2C300&ssl=1 1.5x, https:\/\/i0.wp.com\/lasprimeras.com.do\/wp-content\/uploads\/2023\/11\/Roberto-Angel-Salcedo.jpg?resize=700%2C400&ssl=1 2x"},"classes":[]}],"jetpack_sharing_enabled":true,"_links":{"self":[{"href":"https:\/\/lasprimeras.com.do\/index.php\/wp-json\/wp\/v2\/posts\/74236","targetHints":{"allow":["GET"]}}],"collection":[{"href":"https:\/\/lasprimeras.com.do\/index.php\/wp-json\/wp\/v2\/posts"}],"about":[{"href":"https:\/\/lasprimeras.com.do\/index.php\/wp-json\/wp\/v2\/types\/post"}],"author":[{"embeddable":true,"href":"https:\/\/lasprimeras.com.do\/index.php\/wp-json\/wp\/v2\/users\/2"}],"replies":[{"embeddable":true,"href":"https:\/\/lasprimeras.com.do\/index.php\/wp-json\/wp\/v2\/comments?post=74236"}],"version-history":[{"count":1,"href":"https:\/\/lasprimeras.com.do\/index.php\/wp-json\/wp\/v2\/posts\/74236\/revisions"}],"predecessor-version":[{"id":74238,"href":"https:\/\/lasprimeras.com.do\/index.php\/wp-json\/wp\/v2\/posts\/74236\/revisions\/74238"}],"wp:featuredmedia":[{"embeddable":true,"href":"https:\/\/lasprimeras.com.do\/index.php\/wp-json\/wp\/v2\/media\/74237"}],"wp:attachment":[{"href":"https:\/\/lasprimeras.com.do\/index.php\/wp-json\/wp\/v2\/media?parent=74236"}],"wp:term":[{"taxonomy":"category","embeddable":true,"href":"https:\/\/lasprimeras.com.do\/index.php\/wp-json\/wp\/v2\/categories?post=74236"},{"taxonomy":"post_tag","embeddable":true,"href":"https:\/\/lasprimeras.com.do\/index.php\/wp-json\/wp\/v2\/tags?post=74236"}],"curies":[{"name":"wp","href":"https:\/\/api.w.org\/{rel}","templated":true}]}}