{"id":74284,"date":"2024-01-21T22:09:47","date_gmt":"2024-01-22T02:09:47","guid":{"rendered":"https:\/\/lasprimeras.com.do\/?p=74284"},"modified":"2024-01-21T22:09:48","modified_gmt":"2024-01-22T02:09:48","slug":"abel-y-domingo-contreras-recorren-barrios-de-la-circunscripcion-3-del-distrito-nacional","status":"publish","type":"post","link":"https:\/\/lasprimeras.com.do\/index.php\/2024\/01\/21\/abel-y-domingo-contreras-recorren-barrios-de-la-circunscripcion-3-del-distrito-nacional\/","title":{"rendered":"Abel y Domingo Contreras recorren barrios de la Circunscripci\u00f3n #3 del Distrito Nacional"},"content":{"rendered":"\n<p>El candidato presidencial por el Partido de la Liberaci\u00f3n Dominicana (PLD), Abel Mart\u00ednez, y el candidato a alcalde del Distrito Nacional, Domingo Contreras, realizan un recorrido por los sectores y barrios de la Circunscripci\u00f3n #3 del Distrito Nacional, en medio del amor y la alegr\u00eda que desbordan los ciudadanos.<\/p>\n\n\n\n<p>Mart\u00ednez ha recorrido sectores como Villa Francisca, Villa Mar\u00eda, Gualey, Las Ca\u00f1itas, Espaillat y Los Guandules, acompa\u00f1ado de seguidores y simpatizantes.<\/p>\n\n\n\n<p>Los l\u00edderes del PLD visitaron los hogares de los candidatos a regidores Alida Heredia, Ana Silvia de Castro y Valentina Made, Alexander Cardini quienes aseguraron que ganar\u00e1n \u00abmucho a poco\u00bb en las elecciones de febrero, con el objetivo de llevar en mayo a Abel Mart\u00ednez a la presidencia de la Rep\u00fablica.<\/p>\n\n\n\n<p>En el recorrido que realiza Abel Mart\u00ednez le acompa\u00f1an Andr\u00e9s Navarro, coordinador general de Campa\u00f1a; Johnny Pujols, coordinador de Gabinete; los miembros del Comit\u00e9 Pol\u00edtico Radham\u00e9s Segura, Miriam Cabral, Gustavo S\u00e1nchez y Jaime David Fern\u00e1ndez Mirabal.<\/p>\n","protected":false},"excerpt":{"rendered":"<p>El candidato presidencial por el Partido de la Liberaci\u00f3n Dominicana (PLD), Abel Mart\u00ednez, y el candidato a alcalde del Distrito Nacional, Domingo Contreras, realizan un recorrido por los sectores y&hellip;<\/p>\n","protected":false},"author":2,"featured_media":74285,"comment_status":"open","ping_status":"open","sticky":false,"template":"","format":"standard","meta":{"content-type":"","jetpack_post_was_ever_published":false,"_jetpack_newsletter_access":"","_jetpack_dont_email_post_to_subs":false,"_jetpack_newsletter_tier_id":0,"_jetpack_memberships_contains_paywalled_content":false,"_jetpack_memberships_contains_paid_content":false,"footnotes":""},"categories":[25],"tags":[822,5202,11160,2492,3547],"class_list":["post-74284","post","type-post","status-publish","format-standard","has-post-thumbnail","hentry","category-portada","tag-abel-martinez","tag-barrios","tag-circunscripcion-3-2","tag-distrito-nacional","tag-domingo-contreras"],"jetpack_featured_media_url":"https:\/\/lasprimeras.com.do\/wp-content\/uploads\/2024\/01\/abel-y-domingo.jpg","jetpack-related-posts":[{"id":60020,"url":"https:\/\/lasprimeras.com.do\/index.php\/2023\/09\/09\/abel-martinez-el-pais-esta-en-estado-de-emergencia\/","url_meta":{"origin":74284,"position":0},"title":"Abel Mart\u00ednez: &#8220;El pa\u00eds est\u00e1 en estado de emergencia&#8221;","author":"Nelson Feliz","date":"9 de septiembre de 2023","format":false,"excerpt":"-Recorre barrios de la zona norte del Distrito Nacional. El candidato presidencial del Partido de la Liberaci\u00f3n Dominicana (PLD), Abel Mart\u00ednez, asegur\u00f3 este s\u00e1bado que el pa\u00eds completo est\u00e1 en estado de emergencia gracias al gobierno que encabeza Luis Abinader. \"No es solo por el dengue, el pa\u00eds completo debe\u2026","rel":"","context":"En \u00abPORTADA\u00bb","block_context":{"text":"PORTADA","link":"https:\/\/lasprimeras.com.do\/index.php\/category\/portada\/"},"img":{"alt_text":"Abel Martinez","src":"https:\/\/i0.wp.com\/lasprimeras.com.do\/wp-content\/uploads\/2023\/09\/Abel-Martinez-2.jpg?resize=350%2C200&ssl=1","width":350,"height":200},"classes":[]},{"id":69544,"url":"https:\/\/lasprimeras.com.do\/index.php\/2023\/12\/04\/fp-pld-y-aliados-recorren-barrios-del-distrito-nacional-y-sd-este\/","url_meta":{"origin":74284,"position":1},"title":"FP, PLD y aliados recorren barrios del Distrito Nacional y SD Este","author":"BIMARY DE JES\u00daS Matos","date":"4 de diciembre de 2023","format":false,"excerpt":"SANTO DOMINGO.- Candidatos, militantes, simpatizantes y amigos de los partidos Fuerza del Pueblo (FP), de la Liberaci\u00f3n Dominicana (PLD), Revolucionario Dominicano (PRD) y dem\u00e1s entidades que integran una alianza opositora recorrieron sectores populares de la circunscripci\u00f3n electoral n\u00famero 2 y 3 del Distrito Nacional y barrios de Santo Domingo Este.\u2026","rel":"","context":"En \u00abSin categor\u00eda\u00bb","block_context":{"text":"Sin categor\u00eda","link":"https:\/\/lasprimeras.com.do\/index.php\/category\/sin-categoria\/"},"img":{"alt_text":"","src":"https:\/\/i0.wp.com\/lasprimeras.com.do\/wp-content\/uploads\/2023\/12\/Nuestro-Mundo-8-4.jpg?resize=350%2C200&ssl=1","width":350,"height":200,"srcset":"https:\/\/i0.wp.com\/lasprimeras.com.do\/wp-content\/uploads\/2023\/12\/Nuestro-Mundo-8-4.jpg?resize=350%2C200&ssl=1 1x, https:\/\/i0.wp.com\/lasprimeras.com.do\/wp-content\/uploads\/2023\/12\/Nuestro-Mundo-8-4.jpg?resize=525%2C300&ssl=1 1.5x"},"classes":[]},{"id":76308,"url":"https:\/\/lasprimeras.com.do\/index.php\/2024\/02\/08\/actividades-del-pld-promoviendo-sus-candidaturas-municipales\/","url_meta":{"origin":74284,"position":2},"title":"Actividades del PLD promoviendo sus candidaturas municipales","author":"Nelson Feliz","date":"8 de febrero de 2024","format":false,"excerpt":"Abel Mart\u00ednez encabeza este jueves una marcha-caravana en la circunscripci\u00f3n Tres de Santiago junto a V\u00edctor Fadul y Marino Collante. Restando apenas d\u00edas para las elecciones municipales, programadas para el domingo 18 de febrero, el Partido de la Liberaci\u00f3n Dominicana (PLD), se moviliza en todo el territorio nacional, promoviendo sus\u2026","rel":"","context":"En \u00abPORTADA\u00bb","block_context":{"text":"PORTADA","link":"https:\/\/lasprimeras.com.do\/index.php\/category\/portada\/"},"img":{"alt_text":"","src":"https:\/\/i0.wp.com\/lasprimeras.com.do\/wp-content\/uploads\/2024\/02\/aBEL.jpeg?resize=350%2C200&ssl=1","width":350,"height":200,"srcset":"https:\/\/i0.wp.com\/lasprimeras.com.do\/wp-content\/uploads\/2024\/02\/aBEL.jpeg?resize=350%2C200&ssl=1 1x, https:\/\/i0.wp.com\/lasprimeras.com.do\/wp-content\/uploads\/2024\/02\/aBEL.jpeg?resize=525%2C300&ssl=1 1.5x, https:\/\/i0.wp.com\/lasprimeras.com.do\/wp-content\/uploads\/2024\/02\/aBEL.jpeg?resize=700%2C400&ssl=1 2x"},"classes":[]},{"id":59863,"url":"https:\/\/lasprimeras.com.do\/index.php\/2023\/09\/08\/abel-martinez-y-el-pld-marcharan-este-sabado-en-el-dn\/","url_meta":{"origin":74284,"position":3},"title":"Abel Mart\u00ednez y el PLD marchar\u00e1n este s\u00e1bado en el DN","author":"Nelson Feliz","date":"8 de septiembre de 2023","format":false,"excerpt":"La marcha en la Circunscripci\u00f3n Tres de la Capital el pr\u00f3ximo s\u00e1bado es contra los males generados por el desgobierno del PRM. El Partido de Liberaci\u00f3n Dominicana (PLD) en la Circunscripci\u00f3n Electoral Tres del Distrito Nacional afina los detalles finales para la Marcha de la Esperanza, que encabezar\u00e1 su candidato\u2026","rel":"","context":"En \u00abPORTADA\u00bb","block_context":{"text":"PORTADA","link":"https:\/\/lasprimeras.com.do\/index.php\/category\/portada\/"},"img":{"alt_text":"Dirigentes PLD","src":"https:\/\/i0.wp.com\/lasprimeras.com.do\/wp-content\/uploads\/2023\/09\/Dirigentes-PLD.jpg?resize=350%2C200&ssl=1","width":350,"height":200,"srcset":"https:\/\/i0.wp.com\/lasprimeras.com.do\/wp-content\/uploads\/2023\/09\/Dirigentes-PLD.jpg?resize=350%2C200&ssl=1 1x, https:\/\/i0.wp.com\/lasprimeras.com.do\/wp-content\/uploads\/2023\/09\/Dirigentes-PLD.jpg?resize=525%2C300&ssl=1 1.5x, https:\/\/i0.wp.com\/lasprimeras.com.do\/wp-content\/uploads\/2023\/09\/Dirigentes-PLD.jpg?resize=700%2C400&ssl=1 2x"},"classes":[]},{"id":60121,"url":"https:\/\/lasprimeras.com.do\/index.php\/2023\/09\/09\/domingo-contreras-sera-el-proximo-alcalde-de-la-capital\/","url_meta":{"origin":74284,"position":4},"title":"Domingo Contreras ser\u00e1 el pr\u00f3ximo alcalde de la Capital","author":"Nelson Feliz","date":"9 de septiembre de 2023","format":false,"excerpt":"El candidato a la alcald\u00eda del Distrito Nacional del Partido de la Liberaci\u00f3n Dominicana ( PLD) Domingo Contreras, acompa\u00f1\u00f3 a Abel Mart\u00ednez, candidato presidencial, en la Marcha de la Esperanza realizada este s\u00e1bado en los barrios de la Circunscripci\u00f3n Tres de la Capital tras calificar de desbordante entusiasmo la actividad.\u2026","rel":"","context":"En \u00abPORTADA\u00bb","block_context":{"text":"PORTADA","link":"https:\/\/lasprimeras.com.do\/index.php\/category\/portada\/"},"img":{"alt_text":"Domingo Contreras","src":"https:\/\/i0.wp.com\/lasprimeras.com.do\/wp-content\/uploads\/2023\/09\/Domingo-Contreras.jpeg?resize=350%2C200&ssl=1","width":350,"height":200,"srcset":"https:\/\/i0.wp.com\/lasprimeras.com.do\/wp-content\/uploads\/2023\/09\/Domingo-Contreras.jpeg?resize=350%2C200&ssl=1 1x, https:\/\/i0.wp.com\/lasprimeras.com.do\/wp-content\/uploads\/2023\/09\/Domingo-Contreras.jpeg?resize=525%2C300&ssl=1 1.5x, https:\/\/i0.wp.com\/lasprimeras.com.do\/wp-content\/uploads\/2023\/09\/Domingo-Contreras.jpeg?resize=700%2C400&ssl=1 2x"},"classes":[]},{"id":76503,"url":"https:\/\/lasprimeras.com.do\/index.php\/2024\/02\/11\/abel-los-capitalenos-merecen-vivir-en-una-ciudad-digna\/","url_meta":{"origin":74284,"position":5},"title":"Abel: \u00abLos capitale\u00f1os merecen vivir en una ciudad digna\u00bb","author":"Nelson Feliz","date":"11 de febrero de 2024","format":false,"excerpt":"En casa de la candidata a regidora por la circunscripci\u00f3n 1 del Distrito Nacional, Digna M\u00e9ndez, el candidato presidencial del Partido de la Liberaci\u00f3n Dominicana (PLD), Abel Mart\u00ednez, declar\u00f3 que los capitale\u00f1os merecen vivir en una ciudad digna. \u00ab\u00bfPor qu\u00e9 vivir en una ciudad sucia y en desorden, con contaminaci\u00f3n\u2026","rel":"","context":"En \u00abPORTADA\u00bb","block_context":{"text":"PORTADA","link":"https:\/\/lasprimeras.com.do\/index.php\/category\/portada\/"},"img":{"alt_text":"Abel Mart\u00ednez","src":"https:\/\/i0.wp.com\/lasprimeras.com.do\/wp-content\/uploads\/2024\/02\/Abel-Martinez.jpg?resize=350%2C200&ssl=1","width":350,"height":200,"srcset":"https:\/\/i0.wp.com\/lasprimeras.com.do\/wp-content\/uploads\/2024\/02\/Abel-Martinez.jpg?resize=350%2C200&ssl=1 1x, https:\/\/i0.wp.com\/lasprimeras.com.do\/wp-content\/uploads\/2024\/02\/Abel-Martinez.jpg?resize=525%2C300&ssl=1 1.5x"},"classes":[]}],"jetpack_sharing_enabled":true,"_links":{"self":[{"href":"https:\/\/lasprimeras.com.do\/index.php\/wp-json\/wp\/v2\/posts\/74284","targetHints":{"allow":["GET"]}}],"collection":[{"href":"https:\/\/lasprimeras.com.do\/index.php\/wp-json\/wp\/v2\/posts"}],"about":[{"href":"https:\/\/lasprimeras.com.do\/index.php\/wp-json\/wp\/v2\/types\/post"}],"author":[{"embeddable":true,"href":"https:\/\/lasprimeras.com.do\/index.php\/wp-json\/wp\/v2\/users\/2"}],"replies":[{"embeddable":true,"href":"https:\/\/lasprimeras.com.do\/index.php\/wp-json\/wp\/v2\/comments?post=74284"}],"version-history":[{"count":1,"href":"https:\/\/lasprimeras.com.do\/index.php\/wp-json\/wp\/v2\/posts\/74284\/revisions"}],"predecessor-version":[{"id":74286,"href":"https:\/\/lasprimeras.com.do\/index.php\/wp-json\/wp\/v2\/posts\/74284\/revisions\/74286"}],"wp:featuredmedia":[{"embeddable":true,"href":"https:\/\/lasprimeras.com.do\/index.php\/wp-json\/wp\/v2\/media\/74285"}],"wp:attachment":[{"href":"https:\/\/lasprimeras.com.do\/index.php\/wp-json\/wp\/v2\/media?parent=74284"}],"wp:term":[{"taxonomy":"category","embeddable":true,"href":"https:\/\/lasprimeras.com.do\/index.php\/wp-json\/wp\/v2\/categories?post=74284"},{"taxonomy":"post_tag","embeddable":true,"href":"https:\/\/lasprimeras.com.do\/index.php\/wp-json\/wp\/v2\/tags?post=74284"}],"curies":[{"name":"wp","href":"https:\/\/api.w.org\/{rel}","templated":true}]}}