{"id":74287,"date":"2024-01-21T22:29:26","date_gmt":"2024-01-22T02:29:26","guid":{"rendered":"https:\/\/lasprimeras.com.do\/?p=74287"},"modified":"2024-01-21T22:29:26","modified_gmt":"2024-01-22T02:29:26","slug":"miguel-vargas-llama-a-este-gobierno-moralista-de-hoja-lata","status":"publish","type":"post","link":"https:\/\/lasprimeras.com.do\/index.php\/2024\/01\/21\/miguel-vargas-llama-a-este-gobierno-moralista-de-hoja-lata\/","title":{"rendered":"Miguel Vargas llama a este gobierno \u201cmoralista de hoja lata\u201d"},"content":{"rendered":"\n<p><strong>El presidente del PRD reaccion\u00f3 de este modo a las reiteradas denuncias que le manifestaron los candidatos locales de la Alianza Rescate RD durante su recorrido del fin de semana. Alertaron sobre el uso desmedido por parte de las autoridades de los recursos del Estado para beneficiar a los candidatos oficialistas.<\/strong><\/p>\n\n\n\n<figure class=\"wp-block-embed is-type-video is-provider-youtube wp-block-embed-youtube wp-embed-aspect-16-9 wp-has-aspect-ratio\"><div class=\"wp-block-embed__wrapper\">\n<iframe title=\"Miguel Vargas llama al gobierno del PRM de moralista de hoja lata\" width=\"500\" height=\"281\" src=\"https:\/\/www.youtube.com\/embed\/i7zlRKd8b2c?feature=oembed\" frameborder=\"0\" allow=\"accelerometer; autoplay; clipboard-write; encrypted-media; gyroscope; picture-in-picture; web-share\" referrerpolicy=\"strict-origin-when-cross-origin\" allowfullscreen><\/iframe>\n<\/div><\/figure>\n\n\n\n<p><strong>Puerto Plata. \u2013 <\/strong>El presidente del Partido Revolucionario Dominicano(PRD) Miguel Vargas Maldonado encabez\u00f3 un recorrido por esta provincia en apoyo a los candidatos de la Alianza Opositora Rescate RD, jornada durante la cual se destacaron m\u00faltiples denuncias del uso abusivo de los recursos del Estado por parte del gobierno.<\/p>\n\n\n\n<p>\u201cHe recibido llamadas de todo el pa\u00eds, de candidatos y dirigentes, expres\u00e1ndome la queja de que est\u00e1n yendo equipos completos del gobierno a respaldar candidatos y candidatas con bonos, con diferentes acciones de planes sociales y otras cosas que no se corresponden con lo que establece la Ley Electoral\u201d, inform\u00f3 Vargas.<\/p>\n\n\n\n<p>El candidato presidencial del PRD y vocero de la Alianza Opositora Rescate RD se\u00f1al\u00f3 que este tipo de pr\u00e1ctica constituye un abuso por parte de las autoridades.<\/p>\n\n\n\n<p>Otras acciones que, a su juicio, exponen el uso excesivo del erario p\u00fablico en actividades proselitistas en favor del partido oficialista son las inauguraciones de obras. Indic\u00f3 que estas se convierten en eventos de campa\u00f1a por parte del presidente de la Rep\u00fablica y su Administraci\u00f3n.<\/p>\n\n\n\n<p>\u201cRechazamos tambi\u00e9n esas cosas, porque van en contra de lo que es un proceso democr\u00e1tico electoral, equilibrado y transparente\u201d, expres\u00f3.<\/p>\n\n\n\n<p>Tras calificar a la actual gesti\u00f3n como \u201cmoralista de hoja lata\u201d, Vargas llam\u00f3 a votar \u201cpor la dignidad\u201d en las elecciones municipales de febrero y en las presidenciales y congresuales de mayo pr\u00f3ximos. \u201cEsto podr\u00e1n hacerlo marcando la casilla n\u00famero 4, la del PRD, eligiendo a los candidatos de la Alianza Rescate RD\u201d, declar\u00f3.<\/p>\n\n\n\n<p><strong>Detalles del recorrido<\/strong><\/p>\n\n\n\n<p>Durante la jornada de este fin de semana, Miguel Vargas oficializ\u00f3 el apoyo del PRD a los candidatos a alcalde Javier Clark y a vicealcaldesa, Angelina V\u00e1squez, del municipio San Felipe, cabecera de Puerto Plata. Tambi\u00e9n, el respaldo a Walter Musa, para senador de la provincia, as\u00ed como a la candidata a diputada Anarca Guerrero y a Luis Morrobel, para alcalde de Villa Isabela.<\/p>\n\n\n\n<p>En el concurrido acto participaron los candidatos a directores de los distritos municipales de Altamira, R\u00edo Bravo, a regidores, as\u00ed como el liderazgo provincial y regional del PRD y el Partido de la Liberaci\u00f3n Dominicana (PLD). Estas organizaciones van unidas a los comicios municipales en Puerto Plata, como parte de la citada coalici\u00f3n.<\/p>\n\n\n\n<p>Mientras que en Sos\u00faa, Vargas encabez\u00f3 un masivo encuentro en apoyo a Melania Guzm\u00e1n, candidata a la alcald\u00eda de ese municipio en las boletas del PRD, Fuerza del Pueblo, PLD y Bloque Institucional Social Dem\u00f3crata (BIS).<\/p>\n","protected":false},"excerpt":{"rendered":"<p>El presidente del PRD reaccion\u00f3 de este modo a las reiteradas denuncias que le manifestaron los candidatos locales de la Alianza Rescate RD durante su recorrido del fin de semana.&hellip;<\/p>\n","protected":false},"author":2,"featured_media":74288,"comment_status":"open","ping_status":"open","sticky":false,"template":"","format":"standard","meta":{"content-type":"","jetpack_post_was_ever_published":false,"_jetpack_newsletter_access":"","_jetpack_dont_email_post_to_subs":false,"_jetpack_newsletter_tier_id":0,"_jetpack_memberships_contains_paywalled_content":false,"_jetpack_memberships_contains_paid_content":false,"footnotes":""},"categories":[25],"tags":[171,1040,11161,575],"class_list":["post-74287","post","type-post","status-publish","format-standard","has-post-thumbnail","hentry","category-portada","tag-gobierno","tag-miguel-vargas","tag-moralista-de-hoja-lata","tag-prd"],"jetpack_featured_media_url":"https:\/\/lasprimeras.com.do\/wp-content\/uploads\/2024\/01\/Miguel-Vargas-1.jpg","jetpack-related-posts":[{"id":69519,"url":"https:\/\/lasprimeras.com.do\/index.php\/2023\/12\/03\/miguel-vargas-llama-poblacion-a-votar-por-alianza-rescate-rd\/","url_meta":{"origin":74287,"position":0},"title":"Miguel Vargas llama poblaci\u00f3n a votar por Alianza Rescate RD","author":"Nelson Feliz","date":"3 de diciembre de 2023","format":false,"excerpt":"El presidente y candidato presidencial del Partido Revolucionario Dominicano (PRD), Miguel Vargas, llam\u00f3 a la poblaci\u00f3n dominicana a votar masivamente por los candidatos de la \u201cAlianza Opositora Rescate RD\u201d, para cambiar el rumbo del pa\u00eds a partir del 2024. Vargas Maldonado hizo ese llamado durante un recorrido por la provincia\u2026","rel":"","context":"En \u00abPORTADA\u00bb","block_context":{"text":"PORTADA","link":"https:\/\/lasprimeras.com.do\/index.php\/category\/portada\/"},"img":{"alt_text":"Miguel Vargas","src":"https:\/\/i0.wp.com\/lasprimeras.com.do\/wp-content\/uploads\/2023\/12\/Miguel-Vargas.jpg?resize=350%2C200&ssl=1","width":350,"height":200,"srcset":"https:\/\/i0.wp.com\/lasprimeras.com.do\/wp-content\/uploads\/2023\/12\/Miguel-Vargas.jpg?resize=350%2C200&ssl=1 1x, https:\/\/i0.wp.com\/lasprimeras.com.do\/wp-content\/uploads\/2023\/12\/Miguel-Vargas.jpg?resize=525%2C300&ssl=1 1.5x, https:\/\/i0.wp.com\/lasprimeras.com.do\/wp-content\/uploads\/2023\/12\/Miguel-Vargas.jpg?resize=700%2C400&ssl=1 2x"},"classes":[]},{"id":81491,"url":"https:\/\/lasprimeras.com.do\/index.php\/2024\/04\/21\/miguel-vargas-llama-a-salvar-democracia-votando-masivamente\/","url_meta":{"origin":74287,"position":1},"title":"Miguel Vargas llama a \u201csalvar democracia\u201d votando masivamente","author":"Nelson Feliz","date":"21 de abril de 2024","format":false,"excerpt":"\u201cCondenamos la compra indiscriminada de dirigentes y candidatos opositores que desarrolla el gobierno, con el uso abusivo de los recursos del Estado, y evidenciando que, m\u00e1s que ganar las elecciones, procuran comprarlas\u201d. El candidato presidencial del Partido Revolucionario Dominicano (PRD) y representante de la Alianza Opositora Rescate RD, Miguel Vargas\u2026","rel":"","context":"En \u00abSin categor\u00eda\u00bb","block_context":{"text":"Sin categor\u00eda","link":"https:\/\/lasprimeras.com.do\/index.php\/category\/sin-categoria\/"},"img":{"alt_text":"Miguel Vargas","src":"https:\/\/i0.wp.com\/lasprimeras.com.do\/wp-content\/uploads\/2024\/04\/Miguel-Vargas-9.jpg?resize=350%2C200&ssl=1","width":350,"height":200,"srcset":"https:\/\/i0.wp.com\/lasprimeras.com.do\/wp-content\/uploads\/2024\/04\/Miguel-Vargas-9.jpg?resize=350%2C200&ssl=1 1x, https:\/\/i0.wp.com\/lasprimeras.com.do\/wp-content\/uploads\/2024\/04\/Miguel-Vargas-9.jpg?resize=525%2C300&ssl=1 1.5x"},"classes":[]},{"id":75633,"url":"https:\/\/lasprimeras.com.do\/index.php\/2024\/02\/02\/miguel-vargas-asegura-carlos-guzman-ganara-arrolladoramente-en-sdn\/","url_meta":{"origin":74287,"position":2},"title":"Miguel Vargas asegura Carlos Guzm\u00e1n ganar\u00e1 arrolladoramente en SDN","author":"Nelson Feliz","date":"2 de febrero de 2024","format":false,"excerpt":"El presidente del Partido Revolucionario Dominicano (PRD), Miguel Vargas Maldonado, asegur\u00f3 que el alcalde de Santo Domingo Norte (SDN) y candidato a la misma posici\u00f3n por la Alianza Opositora Rescate RD, Carlos Guzm\u00e1n, ganar\u00e1 de manera arrolladora las elecciones municipales del 18 de febrero, indicando que los ciudadanos no dejar\u00e1n\u2026","rel":"","context":"En \u00abPORTADA\u00bb","block_context":{"text":"PORTADA","link":"https:\/\/lasprimeras.com.do\/index.php\/category\/portada\/"},"img":{"alt_text":"Miguel Vargas Maldonado","src":"https:\/\/i0.wp.com\/lasprimeras.com.do\/wp-content\/uploads\/2024\/02\/Miguel-Vargas-Maldonado-1.jpg?resize=350%2C200&ssl=1","width":350,"height":200,"srcset":"https:\/\/i0.wp.com\/lasprimeras.com.do\/wp-content\/uploads\/2024\/02\/Miguel-Vargas-Maldonado-1.jpg?resize=350%2C200&ssl=1 1x, https:\/\/i0.wp.com\/lasprimeras.com.do\/wp-content\/uploads\/2024\/02\/Miguel-Vargas-Maldonado-1.jpg?resize=525%2C300&ssl=1 1.5x, https:\/\/i0.wp.com\/lasprimeras.com.do\/wp-content\/uploads\/2024\/02\/Miguel-Vargas-Maldonado-1.jpg?resize=700%2C400&ssl=1 2x"},"classes":[]},{"id":78621,"url":"https:\/\/lasprimeras.com.do\/index.php\/2024\/03\/18\/miguel-vargas-rescate-rd-implementara-acciones-concretas-para-su-fortalecimiento\/","url_meta":{"origin":74287,"position":3},"title":"Miguel Vargas: \u201cRescate RD implementar\u00e1 acciones concretas para su fortalecimiento\u201d","author":"BIMARY DE JES\u00daS Matos","date":"18 de marzo de 2024","format":false,"excerpt":"Santo domingo. \u2013 El candidato presidencial del Partido Revolucionario Dominicano (PRD), Miguel Vargas Maldonado, dijo este domingo que la Alianza Opositora Rescate RD desarrollar\u00e1, a partir de la semana pr\u00f3xima, un plan de acci\u00f3n para su fortificaci\u00f3n. Detall\u00f3 que los partidos de la Liberaci\u00f3n Dominicana (PLD), Fuerza del Pueblo (FP)\u2026","rel":"","context":"En \u00abSin categor\u00eda\u00bb","block_context":{"text":"Sin categor\u00eda","link":"https:\/\/lasprimeras.com.do\/index.php\/category\/sin-categoria\/"},"img":{"alt_text":"","src":"https:\/\/i0.wp.com\/lasprimeras.com.do\/wp-content\/uploads\/2024\/03\/Diseno-sin-titulo-3-7.jpg?resize=350%2C200&ssl=1","width":350,"height":200,"srcset":"https:\/\/i0.wp.com\/lasprimeras.com.do\/wp-content\/uploads\/2024\/03\/Diseno-sin-titulo-3-7.jpg?resize=350%2C200&ssl=1 1x, https:\/\/i0.wp.com\/lasprimeras.com.do\/wp-content\/uploads\/2024\/03\/Diseno-sin-titulo-3-7.jpg?resize=525%2C300&ssl=1 1.5x, https:\/\/i0.wp.com\/lasprimeras.com.do\/wp-content\/uploads\/2024\/03\/Diseno-sin-titulo-3-7.jpg?resize=700%2C400&ssl=1 2x, https:\/\/i0.wp.com\/lasprimeras.com.do\/wp-content\/uploads\/2024\/03\/Diseno-sin-titulo-3-7.jpg?resize=1050%2C600&ssl=1 3x"},"classes":[]},{"id":83462,"url":"https:\/\/lasprimeras.com.do\/index.php\/2024\/05\/16\/miguel-vargas-convoca-a-votar-el-domingo-y-honrar-deber-ciudadano\/","url_meta":{"origin":74287,"position":4},"title":"Miguel Vargas convoca a votar el domingo y honrar deber ciudadano","author":"Nelson Feliz","date":"16 de mayo de 2024","format":false,"excerpt":"\u201cLlamamos a la Junta Central Electoral a aplicar rigurosamente la ley, para que haga valer su autoridad y lleve al gobierno a la legalidad\u201d. El candidato presidencial del Partido Revolucionario Dominicano (PRD), Miguel Vargas encabez\u00f3 una gran manifestaci\u00f3n, junto al candidato a senador del PRD y la Alianza Opositora Rescate\u2026","rel":"","context":"En \u00abPORTADA\u00bb","block_context":{"text":"PORTADA","link":"https:\/\/lasprimeras.com.do\/index.php\/category\/portada\/"},"img":{"alt_text":"Miguel Vargas","src":"https:\/\/i0.wp.com\/lasprimeras.com.do\/wp-content\/uploads\/2024\/05\/Miguel-Vargas-10.jpg?resize=350%2C200&ssl=1","width":350,"height":200,"srcset":"https:\/\/i0.wp.com\/lasprimeras.com.do\/wp-content\/uploads\/2024\/05\/Miguel-Vargas-10.jpg?resize=350%2C200&ssl=1 1x, https:\/\/i0.wp.com\/lasprimeras.com.do\/wp-content\/uploads\/2024\/05\/Miguel-Vargas-10.jpg?resize=525%2C300&ssl=1 1.5x"},"classes":[]},{"id":66303,"url":"https:\/\/lasprimeras.com.do\/index.php\/2023\/11\/06\/proclaman-a-vargas-candidato-de-prd-cuestiona-al-gobierno-prm\/","url_meta":{"origin":74287,"position":5},"title":"Proclaman a Vargas candidato de PRD; cuestiona al Gobierno PRM","author":"BIMARY DE JES\u00daS Matos","date":"6 de noviembre de 2023","format":false,"excerpt":"Santo Domingo- El Gobierno ha causado un retroceso en todos los sectores y est\u00e1 compuesto por \u00abmoralistas de hojalata\u00bb, afirm\u00f3 este domingo Miguel Vargas Maldonado tras ser proclamado candidato presidencial del Partido Revolucionario Dominicano (PRD). \u00abHoy vivimos una situaci\u00f3n de crisis muy dif\u00edcil, que nos afecta y preocupa a todos:\u2026","rel":"","context":"En \u00abSin categor\u00eda\u00bb","block_context":{"text":"Sin categor\u00eda","link":"https:\/\/lasprimeras.com.do\/index.php\/category\/sin-categoria\/"},"img":{"alt_text":"","src":"https:\/\/i0.wp.com\/lasprimeras.com.do\/wp-content\/uploads\/2023\/11\/WhatsApp-Image-2023-11-04-at-7.05.43-PM-2.jpeg?resize=350%2C200&ssl=1","width":350,"height":200,"srcset":"https:\/\/i0.wp.com\/lasprimeras.com.do\/wp-content\/uploads\/2023\/11\/WhatsApp-Image-2023-11-04-at-7.05.43-PM-2.jpeg?resize=350%2C200&ssl=1 1x, https:\/\/i0.wp.com\/lasprimeras.com.do\/wp-content\/uploads\/2023\/11\/WhatsApp-Image-2023-11-04-at-7.05.43-PM-2.jpeg?resize=525%2C300&ssl=1 1.5x"},"classes":[]}],"jetpack_sharing_enabled":true,"_links":{"self":[{"href":"https:\/\/lasprimeras.com.do\/index.php\/wp-json\/wp\/v2\/posts\/74287","targetHints":{"allow":["GET"]}}],"collection":[{"href":"https:\/\/lasprimeras.com.do\/index.php\/wp-json\/wp\/v2\/posts"}],"about":[{"href":"https:\/\/lasprimeras.com.do\/index.php\/wp-json\/wp\/v2\/types\/post"}],"author":[{"embeddable":true,"href":"https:\/\/lasprimeras.com.do\/index.php\/wp-json\/wp\/v2\/users\/2"}],"replies":[{"embeddable":true,"href":"https:\/\/lasprimeras.com.do\/index.php\/wp-json\/wp\/v2\/comments?post=74287"}],"version-history":[{"count":1,"href":"https:\/\/lasprimeras.com.do\/index.php\/wp-json\/wp\/v2\/posts\/74287\/revisions"}],"predecessor-version":[{"id":74289,"href":"https:\/\/lasprimeras.com.do\/index.php\/wp-json\/wp\/v2\/posts\/74287\/revisions\/74289"}],"wp:featuredmedia":[{"embeddable":true,"href":"https:\/\/lasprimeras.com.do\/index.php\/wp-json\/wp\/v2\/media\/74288"}],"wp:attachment":[{"href":"https:\/\/lasprimeras.com.do\/index.php\/wp-json\/wp\/v2\/media?parent=74287"}],"wp:term":[{"taxonomy":"category","embeddable":true,"href":"https:\/\/lasprimeras.com.do\/index.php\/wp-json\/wp\/v2\/categories?post=74287"},{"taxonomy":"post_tag","embeddable":true,"href":"https:\/\/lasprimeras.com.do\/index.php\/wp-json\/wp\/v2\/tags?post=74287"}],"curies":[{"name":"wp","href":"https:\/\/api.w.org\/{rel}","templated":true}]}}