{"id":74293,"date":"2024-01-22T07:29:52","date_gmt":"2024-01-22T11:29:52","guid":{"rendered":"https:\/\/lasprimeras.com.do\/?p=74293"},"modified":"2024-01-22T07:29:54","modified_gmt":"2024-01-22T11:29:54","slug":"miles-de-devotos-catolicos-veneran-a-la-virgen-de-la-altagracia-en-republica-dominicana","status":"publish","type":"post","link":"https:\/\/lasprimeras.com.do\/index.php\/2024\/01\/22\/miles-de-devotos-catolicos-veneran-a-la-virgen-de-la-altagracia-en-republica-dominicana\/","title":{"rendered":"Miles de devotos cat\u00f3licos veneran a la Virgen de la Altagracia en Rep\u00fablica Dominicana"},"content":{"rendered":"\n<p>Hig\u00fcey.-Miles de devotos cat\u00f3licos dominicanos acudieron este domingo a decenas de templos, incluyendo la Bas\u00edlica de Hig\u00fcey (este) donde se encuentra la imagen principal de la Virgen de la Altagracia, para venerar a la &#8220;madre espiritual y protectora&#8221; del pa\u00eds.<\/p>\n\n\n\n<p>Un nutrido grupo de personas se apost\u00f3 desde el viernes pasado en la amplia explanada y los jardines de la Bas\u00edlica, n\u00famero que se increment\u00f3 a miles el s\u00e1bado y aument\u00f3 a\u00fan m\u00e1s este domingo cuando se celebraron los actos centrales en honor a esta advocaci\u00f3n de la madre de Jesucristo.<\/p>\n\n\n\n<p>El lugar de peregrinaci\u00f3n se vio colmado, este 21 de enero, por feligreses que acudieron a cumplir con &#8220;promesas a la virgen&#8221;, para pedir por su salud y la de familiares, por la mejor\u00eda de su situaci\u00f3n econ\u00f3mica o para que le haga realidad un &#8220;milagro&#8221;.<\/p>\n\n\n\n<p>Los feligreses arribaron desde los cuatro puntos cardinales del pa\u00eds y, como en otras ocasiones, varios de ellos se toman los \u00faltimos metros para llegar al templo de rodillas.<\/p>\n\n\n\n<p>Tambi\u00e9n se observa que en los \u00faltimos a\u00f1os es cada vez m\u00e1s numerosa la presencia de ciudadanos haitianos que acuden a adorar a la virgen.<\/p>\n\n\n\n<p>El presidente dominicano, Luis Abinader, acudi\u00f3 a la Bas\u00edlica de Hig\u00fcey en compa\u00f1\u00eda de la vicepresidenta del pa\u00eds, Raquel Pe\u00f1a, y de la primera dama, Raquel Arbaje, siendo el mandatario recibido con aplausos.<\/p>\n\n\n\n<p>El socialdem\u00f3crata Abinader, quien busca la reelecci\u00f3n en las elecciones de mayo pr\u00f3ximo, se sent\u00f3 en primera fila donde acudi\u00f3 a saludarle sonriente el derechista Ramfis Dom\u00ednguez Trujillo, nieto del exdictador dominicano Rafael Le\u00f3nidas Trujillo Molina (1930-1961).<\/p>\n\n\n\n<p>Dom\u00ednguez Trujillo, quien intent\u00f3 por segunda vez, en igual n\u00famero de elecciones, presentar su candidatura a la Presidencia, vio impedido ese prop\u00f3sito por las disposiciones constitucionales del pa\u00eds, que determinan que para ser candidato al cargo solo se permite la nacionalidad dominicana.<\/p>\n\n\n\n<p>Ramfis Trujillo naci\u00f3 en Estados Unidos, tiene doble nacionalidad y no ha renunciado a la de la naci\u00f3n norteamericana.<\/p>\n\n\n\n<p>El nuncio apost\u00f3lico en Rep\u00fablica Dominicana, Piergiorgio Bertoldi, celebr\u00f3 la eucarist\u00eda y record\u00f3 recientes palabras del papa Francisco que rezan: &#8220;me alegra pensar que el a\u00f1o 2024, que precede el acontecimiento del Jubileo, pueda dedicarse a una gran sinfon\u00eda de la oraci\u00f3n, ante todo para recuperar el deseo de estar en la presencia del Se\u00f1or, de escucharlo y adorarlo&#8221;.<\/p>\n\n\n\n<p>Iglesa pide orar para las elecciones<\/p>\n\n\n\n<p>Mientras esto ocurr\u00eda en la Bas\u00edlica, donde antes de finalizar los actos Abinader permaneci\u00f3 por unos segundos con un vel\u00f3n encendido frente a la imagen de la virgen, en la capital dominicana el arzobispo de Santo Domingo, Francisco Osoria, llam\u00f3 al pa\u00eds a &#8220;no elegir candidatos se\u00f1alados por corrupci\u00f3n o por &#8220;alg\u00fan tipo de tacha delictiva&#8221; en las elecciones municipales, congresionales y presidenciales.<\/p>\n\n\n\n<p>Llam\u00f3 a los votantes a ponerse en &#8220;oraci\u00f3n&#8221; antes de decidir a qui\u00e9nes elegir\u00e1n como los l\u00edderes del Gobierno.<\/p>\n\n\n\n<p>&#8220;No podemos escoger gente que busque el inter\u00e9s propio y menos escoger gente que ha sido tachado, delincuentes. Si nosotros votamos por gente que ha sido tachado o (por) corruptos, ah\u00ed no estamos ejerciendo el voto como se debe. En este proceso electoral debemos de tomar en cuenta el bien de la naci\u00f3n, el bien de todos&#8221;, afirm\u00f3 el alto jerarca de la Iglesia cat\u00f3lica en Rep\u00fablica Dominicana.<\/p>\n\n\n\n<p>En Santo Domingo, horas m\u00e1s tarde de estas palabras de Osoria en la iglesia de la Virgen de la Altagracia, se desarroll\u00f3 la tradicional procesi\u00f3n de la imagen de la madre de Dios seguida por decenas de personas que recorrieron varias calles de la ciudad colonial, donde se encuentran las primeras edificaciones europeas de Am\u00e9rica.<\/p>\n\n\n\n<p>De la procesi\u00f3n participaron tambi\u00e9n miembros de las Fuerzas Armadas, la Polic\u00eda Nacional y el Cuerpo de Bomberos del Distrito Nacional, que, con su banda, puso el toque musical acorde a la ocasi\u00f3n.<\/p>\n\n\n\n<p>Los historiadores afirman que la primera imagen de la Virgen de la Altagracia o de Nuestra Se\u00f1ora de la Altagracia, donde figura la madre de Jes\u00fas mirando al reci\u00e9n nacido y detr\u00e1s de esta al padre Jos\u00e9, lleg\u00f3 a la isla de Santo Domingo en el tercer viaje de Crist\u00f3bal Col\u00f3n.<\/p>\n","protected":false},"excerpt":{"rendered":"<p>Hig\u00fcey.-Miles de devotos cat\u00f3licos dominicanos acudieron este domingo a decenas de templos, incluyendo la Bas\u00edlica de Hig\u00fcey (este) donde se encuentra la imagen principal de la Virgen de la Altagracia,&hellip;<\/p>\n","protected":false},"author":3,"featured_media":74294,"comment_status":"open","ping_status":"open","sticky":false,"template":"","format":"standard","meta":{"content-type":"","jetpack_post_was_ever_published":false,"_jetpack_newsletter_access":"","_jetpack_dont_email_post_to_subs":false,"_jetpack_newsletter_tier_id":0,"_jetpack_memberships_contains_paywalled_content":false,"_jetpack_memberships_contains_paid_content":false,"footnotes":""},"categories":[25],"tags":[],"class_list":["post-74293","post","type-post","status-publish","format-standard","has-post-thumbnail","hentry","category-portada"],"jetpack_featured_media_url":"https:\/\/lasprimeras.com.do\/wp-content\/uploads\/2024\/01\/Demostenes-Martinez-Al-PRM-le-queda-poco-tiempo-en-el-poder-2.jpg","jetpack-related-posts":[{"id":120206,"url":"https:\/\/lasprimeras.com.do\/index.php\/2026\/01\/21\/en-el-dia-de-la-altagracia\/","url_meta":{"origin":74293,"position":0},"title":"En el D\u00eda de La Altagracia","author":"Nelson Feliz","date":"21 de enero de 2026","format":false,"excerpt":"Este 21 de enero es el D\u00eda de La Altagracia, una de las v\u00edrgenes del culto a la madre de Jes\u00fas, la Virgen Mar\u00eda. Es la madre espiritual del pueblo dominicano, su virgen protectora, t\u00edtulo que se establece para diferenciarla de la Virgen de las Mercedes que es la Patrona\u2026","rel":"","context":"En \u00abNACIONALES\u00bb","block_context":{"text":"NACIONALES","link":"https:\/\/lasprimeras.com.do\/index.php\/category\/nacionales\/"},"img":{"alt_text":"Nuestra Se\u00f1ora de la Altagracia","src":"https:\/\/i0.wp.com\/lasprimeras.com.do\/wp-content\/uploads\/2026\/01\/Altagracia_oficial.jpg?resize=350%2C200&ssl=1","width":350,"height":200,"srcset":"https:\/\/i0.wp.com\/lasprimeras.com.do\/wp-content\/uploads\/2026\/01\/Altagracia_oficial.jpg?resize=350%2C200&ssl=1 1x, https:\/\/i0.wp.com\/lasprimeras.com.do\/wp-content\/uploads\/2026\/01\/Altagracia_oficial.jpg?resize=525%2C300&ssl=1 1.5x, https:\/\/i0.wp.com\/lasprimeras.com.do\/wp-content\/uploads\/2026\/01\/Altagracia_oficial.jpg?resize=700%2C400&ssl=1 2x"},"classes":[]},{"id":92981,"url":"https:\/\/lasprimeras.com.do\/index.php\/2025\/01\/21\/las-promesas-a-la-virgen-una-caracteristica-distintiva-del-dia-de-la-altagracia\/","url_meta":{"origin":74293,"position":1},"title":"Las promesas a la Virgen: una caracter\u00edstica distintiva del D\u00eda de la Altagracia","author":"Nelson Feliz","date":"21 de enero de 2025","format":false,"excerpt":"Desde tempranas horas de la ma\u00f1ana, devotos de todo el pa\u00eds se movilizan hacia la regi\u00f3n este para participar en la celebraci\u00f3n. Jes\u00fas V\u00e1squez Hig\u00fcey - San Luis Mar\u00eda Gri\u00f1\u00f3n de Montfort dec\u00eda: \"A quien Dios quiere hacer muy santo, lo hace devoto de la Virgen Mar\u00eda\". Estas palabras, divididas\u2026","rel":"","context":"En \u00abNACIONALES\u00bb","block_context":{"text":"NACIONALES","link":"https:\/\/lasprimeras.com.do\/index.php\/category\/nacionales\/"},"img":{"alt_text":"","src":"https:\/\/i0.wp.com\/lasprimeras.com.do\/wp-content\/uploads\/2025\/01\/BASILICA.jpg?resize=350%2C200&ssl=1","width":350,"height":200,"srcset":"https:\/\/i0.wp.com\/lasprimeras.com.do\/wp-content\/uploads\/2025\/01\/BASILICA.jpg?resize=350%2C200&ssl=1 1x, https:\/\/i0.wp.com\/lasprimeras.com.do\/wp-content\/uploads\/2025\/01\/BASILICA.jpg?resize=525%2C300&ssl=1 1.5x, https:\/\/i0.wp.com\/lasprimeras.com.do\/wp-content\/uploads\/2025\/01\/BASILICA.jpg?resize=700%2C400&ssl=1 2x"},"classes":[]},{"id":120219,"url":"https:\/\/lasprimeras.com.do\/index.php\/2026\/01\/21\/abinader-no-asiste-a-la-misa-de-la-virgen-de-la-altagracia-a-la-basilica-de-higuey-afectado-por-virus-gripal\/","url_meta":{"origin":74293,"position":2},"title":"Abinader no asiste a la misa de la Virgen de la Altagracia a la Bas\u00edlica de Hig\u00fcey, afectado por Virus gripal","author":"Nelson Feliz","date":"21 de enero de 2026","format":false,"excerpt":"La salud del presidente Luis Abinader fue el eje central de las declaraciones ofrecidas este mi\u00e9rcoles por la primera dama Raquel Arbaje, durante la misa de acci\u00f3n de gracias por el D\u00eda de Nuestra Se\u00f1ora de la Altagracia, celebrada en la Bas\u00edlica de Hig\u00fcey. Arbaje inform\u00f3 que el mandatario no\u2026","rel":"","context":"En \u00abNACIONALES\u00bb","block_context":{"text":"NACIONALES","link":"https:\/\/lasprimeras.com.do\/index.php\/category\/nacionales\/"},"img":{"alt_text":"Funcionario en La Bas\u00edlica","src":"https:\/\/i0.wp.com\/lasprimeras.com.do\/wp-content\/uploads\/2026\/01\/Funcionario-en-La-Basilica.jpg?resize=350%2C200&ssl=1","width":350,"height":200,"srcset":"https:\/\/i0.wp.com\/lasprimeras.com.do\/wp-content\/uploads\/2026\/01\/Funcionario-en-La-Basilica.jpg?resize=350%2C200&ssl=1 1x, https:\/\/i0.wp.com\/lasprimeras.com.do\/wp-content\/uploads\/2026\/01\/Funcionario-en-La-Basilica.jpg?resize=525%2C300&ssl=1 1.5x, https:\/\/i0.wp.com\/lasprimeras.com.do\/wp-content\/uploads\/2026\/01\/Funcionario-en-La-Basilica.jpg?resize=700%2C400&ssl=1 2x, https:\/\/i0.wp.com\/lasprimeras.com.do\/wp-content\/uploads\/2026\/01\/Funcionario-en-La-Basilica.jpg?resize=1050%2C600&ssl=1 3x"},"classes":[]},{"id":120138,"url":"https:\/\/lasprimeras.com.do\/index.php\/2026\/01\/21\/nuestra-senora-de-la-altagracia\/","url_meta":{"origin":74293,"position":3},"title":"Nuestra Se\u00f1ora de la Altagracia","author":"Nelson Feliz","date":"21 de enero de 2026","format":false,"excerpt":"Nuestra Se\u00f1ora de la Altagracia o Virgen de la Altagracia es una advocaci\u00f3n mariana conocida por ser la protectora del pueblo dominicano. Su festividad es el 21 de enero, d\u00eda no laborable en la Rep\u00fablica Dominicana en el que muchos fieles devotos de la Virgen concurren desde toda la regi\u00f3n\u2026","rel":"","context":"En \u00abNACIONALES\u00bb","block_context":{"text":"NACIONALES","link":"https:\/\/lasprimeras.com.do\/index.php\/category\/nacionales\/"},"img":{"alt_text":"Nuestra Se\u00f1ora de la Altagracia","src":"https:\/\/i0.wp.com\/lasprimeras.com.do\/wp-content\/uploads\/2026\/01\/Altagracia_oficial.jpg?resize=350%2C200&ssl=1","width":350,"height":200,"srcset":"https:\/\/i0.wp.com\/lasprimeras.com.do\/wp-content\/uploads\/2026\/01\/Altagracia_oficial.jpg?resize=350%2C200&ssl=1 1x, https:\/\/i0.wp.com\/lasprimeras.com.do\/wp-content\/uploads\/2026\/01\/Altagracia_oficial.jpg?resize=525%2C300&ssl=1 1.5x, https:\/\/i0.wp.com\/lasprimeras.com.do\/wp-content\/uploads\/2026\/01\/Altagracia_oficial.jpg?resize=700%2C400&ssl=1 2x"},"classes":[]},{"id":74278,"url":"https:\/\/lasprimeras.com.do\/index.php\/2024\/01\/21\/abinader-asiste-a-eucaristia-en-honor-a-la-virgen-de-la-altagracia\/","url_meta":{"origin":74293,"position":4},"title":"Abinader asiste a eucarist\u00eda en honor a la Virgen de la Altagracia","author":"Nelson Feliz","date":"21 de enero de 2024","format":false,"excerpt":"El presidente Luis Abinader, junto a la primera dama Raquel Arbaje, asisti\u00f3 este domingo a la tradicional eucarist\u00eda de acci\u00f3n de gracias al celebrarse el D\u00eda de Nuestra Se\u00f1ora de la Altagracia, madre y protectora del pueblo dominicano. La misma tuvo lugar en la Bas\u00edlica Catedral Nuestra Se\u00f1ora de la\u2026","rel":"","context":"En \u00abNACIONALES\u00bb","block_context":{"text":"NACIONALES","link":"https:\/\/lasprimeras.com.do\/index.php\/category\/nacionales\/"},"img":{"alt_text":"Luis Abinader","src":"https:\/\/i0.wp.com\/lasprimeras.com.do\/wp-content\/uploads\/2024\/01\/Luis-Abinader-Higuey.jpg?resize=350%2C200&ssl=1","width":350,"height":200,"srcset":"https:\/\/i0.wp.com\/lasprimeras.com.do\/wp-content\/uploads\/2024\/01\/Luis-Abinader-Higuey.jpg?resize=350%2C200&ssl=1 1x, https:\/\/i0.wp.com\/lasprimeras.com.do\/wp-content\/uploads\/2024\/01\/Luis-Abinader-Higuey.jpg?resize=525%2C300&ssl=1 1.5x, https:\/\/i0.wp.com\/lasprimeras.com.do\/wp-content\/uploads\/2024\/01\/Luis-Abinader-Higuey.jpg?resize=700%2C400&ssl=1 2x"},"classes":[]},{"id":89826,"url":"https:\/\/lasprimeras.com.do\/index.php\/2024\/11\/13\/conatra-celebrara-misa-en-la-basilica-de-higuey-por-dia-el-chofer-y-mes-aniversario\/","url_meta":{"origin":74293,"position":5},"title":"CONATRA celebrar\u00e1 misa en la Bas\u00edlica de Hig\u00fcey por D\u00eda el Chofer y mes aniversario","author":"Nelson Feliz","date":"13 de noviembre de 2024","format":false,"excerpt":"La Confederaci\u00f3n Nacional de Organizaciones del Transporte (CONATRA) celebrar\u00e1 este 14 de noviembre el \u201cD\u00eda del Chofer\u201d, con una invocaci\u00f3n en agradecimiento a Dios, y en favor de los directivos y afiliados de la organizaci\u00f3n, sus familiares y allegados.\u00a0 El presidente de CONATRA, Antonio Marte dijo que promover\u00e1 esta invocaci\u00f3n\u2026","rel":"","context":"En \u00abNACIONALES\u00bb","block_context":{"text":"NACIONALES","link":"https:\/\/lasprimeras.com.do\/index.php\/category\/nacionales\/"},"img":{"alt_text":"Antonio Marte","src":"https:\/\/i0.wp.com\/lasprimeras.com.do\/wp-content\/uploads\/2024\/10\/Antonio-Marte.jpg?resize=350%2C200&ssl=1","width":350,"height":200,"srcset":"https:\/\/i0.wp.com\/lasprimeras.com.do\/wp-content\/uploads\/2024\/10\/Antonio-Marte.jpg?resize=350%2C200&ssl=1 1x, https:\/\/i0.wp.com\/lasprimeras.com.do\/wp-content\/uploads\/2024\/10\/Antonio-Marte.jpg?resize=525%2C300&ssl=1 1.5x, https:\/\/i0.wp.com\/lasprimeras.com.do\/wp-content\/uploads\/2024\/10\/Antonio-Marte.jpg?resize=700%2C400&ssl=1 2x"},"classes":[]}],"jetpack_sharing_enabled":true,"_links":{"self":[{"href":"https:\/\/lasprimeras.com.do\/index.php\/wp-json\/wp\/v2\/posts\/74293","targetHints":{"allow":["GET"]}}],"collection":[{"href":"https:\/\/lasprimeras.com.do\/index.php\/wp-json\/wp\/v2\/posts"}],"about":[{"href":"https:\/\/lasprimeras.com.do\/index.php\/wp-json\/wp\/v2\/types\/post"}],"author":[{"embeddable":true,"href":"https:\/\/lasprimeras.com.do\/index.php\/wp-json\/wp\/v2\/users\/3"}],"replies":[{"embeddable":true,"href":"https:\/\/lasprimeras.com.do\/index.php\/wp-json\/wp\/v2\/comments?post=74293"}],"version-history":[{"count":1,"href":"https:\/\/lasprimeras.com.do\/index.php\/wp-json\/wp\/v2\/posts\/74293\/revisions"}],"predecessor-version":[{"id":74295,"href":"https:\/\/lasprimeras.com.do\/index.php\/wp-json\/wp\/v2\/posts\/74293\/revisions\/74295"}],"wp:featuredmedia":[{"embeddable":true,"href":"https:\/\/lasprimeras.com.do\/index.php\/wp-json\/wp\/v2\/media\/74294"}],"wp:attachment":[{"href":"https:\/\/lasprimeras.com.do\/index.php\/wp-json\/wp\/v2\/media?parent=74293"}],"wp:term":[{"taxonomy":"category","embeddable":true,"href":"https:\/\/lasprimeras.com.do\/index.php\/wp-json\/wp\/v2\/categories?post=74293"},{"taxonomy":"post_tag","embeddable":true,"href":"https:\/\/lasprimeras.com.do\/index.php\/wp-json\/wp\/v2\/tags?post=74293"}],"curies":[{"name":"wp","href":"https:\/\/api.w.org\/{rel}","templated":true}]}}