{"id":74311,"date":"2024-01-22T08:22:10","date_gmt":"2024-01-22T12:22:10","guid":{"rendered":"https:\/\/lasprimeras.com.do\/?p=74311"},"modified":"2024-01-22T08:22:12","modified_gmt":"2024-01-22T12:22:12","slug":"carlos-segura-foster-dice-que-el-prm-no-prioriza-alimentos","status":"publish","type":"post","link":"https:\/\/lasprimeras.com.do\/index.php\/2024\/01\/22\/carlos-segura-foster-dice-que-el-prm-no-prioriza-alimentos\/","title":{"rendered":"Carlos Segura Foster dice que el PRM no prioriza alimentos"},"content":{"rendered":"\n<p>El miembro del Comit\u00e9 Central del Partido de la Liberaci\u00f3n Dominicana (PLD), Carlos Segura Foster sostuvo que la producci\u00f3n de alimentos no ha sido prioridad para el Gobierno del Partido Revolucionario Moderno (PRM), que en tres a\u00f1os de gesti\u00f3n hundi\u00f3 al campo dominicano.<\/p>\n\n\n\n<p>El experto agropecuario, denunci\u00f3 que hoy se produce menos, aumentan las importaciones, mientras los consumidores pagan los precios m\u00e1s altos de la historia.<\/p>\n\n\n\n<p>Al ser entrevistado en la estaci\u00f3n Zol 106.5, Segura Foster, explic\u00f3 que productos como la yuca, la batata y la papa, muy com\u00fan en la mesa del dominicano, se consiguen a precios muy elevados y por tanto escasean en la dieta diaria.<\/p>\n\n\n\n<p>El dirigente peledeista, se\u00f1al\u00f3 que a la disminuci\u00f3n de las cosechas se suma el ingreso de plagas y enfermedades que han diezmado a\u00fan m\u00e1s la producci\u00f3n, en lo que influye el descuido sanitario denunciado esta semana por el Gabinete T\u00e9cnico del PLD.<\/p>\n\n\n\n<p>Cit\u00f3 la Peste Porcina Africana, que ha destruido la producci\u00f3n de cerdo, la Mosca del Mediterr\u00e1neo, con notables da\u00f1os a los frutales, la Sigatoka Negra, el insecto identificado como Trips y el Caracol Gigante, entre otras.<\/p>\n\n\n\n<p>Preguntado sobre la tasa cero para las importaciones, dijo que tal como lo predijo el PLD ha llevado a la ruina a miles de productores.<\/p>\n\n\n\n<p>Carlos Segura Foster, argument\u00f3 que, de los 67 productos con cero aranceles, 66 aumentaron su valor.<\/p>\n\n\n\n<p>\u201cEn el Gobierno del PRM se ha generado un verdadero desastre en el sector agropecuario que ha llevado al pa\u00eds a producir menos, a comer menos y a exportar menos\u201d, apunt\u00f3.<\/p>\n","protected":false},"excerpt":{"rendered":"<p>El miembro del Comit\u00e9 Central del Partido de la Liberaci\u00f3n Dominicana (PLD), Carlos Segura Foster sostuvo que la producci\u00f3n de alimentos no ha sido prioridad para el Gobierno del Partido&hellip;<\/p>\n","protected":false},"author":2,"featured_media":74312,"comment_status":"open","ping_status":"open","sticky":false,"template":"","format":"standard","meta":{"content-type":"","jetpack_post_was_ever_published":false,"_jetpack_newsletter_access":"","_jetpack_dont_email_post_to_subs":false,"_jetpack_newsletter_tier_id":0,"_jetpack_memberships_contains_paywalled_content":false,"_jetpack_memberships_contains_paid_content":false,"footnotes":""},"categories":[25],"tags":[1598,7664,269,31],"class_list":["post-74311","post","type-post","status-publish","format-standard","has-post-thumbnail","hentry","category-portada","tag-alimentos","tag-carlos-segura-foster","tag-pld","tag-prm"],"jetpack_featured_media_url":"https:\/\/lasprimeras.com.do\/wp-content\/uploads\/2024\/01\/Carlos-Segura-Foster.jpg","jetpack-related-posts":[{"id":109563,"url":"https:\/\/lasprimeras.com.do\/index.php\/2025\/09\/19\/carlos-segura-foster-denuncia-que-el-prm-ha-desnaturalizado-al-banco-agricola\/","url_meta":{"origin":74311,"position":0},"title":"Carlos Segura Foster denuncia que el PRM ha desnaturalizado al Banco agr\u00edcola","author":"Nelson Feliz","date":"19 de septiembre de 2025","format":false,"excerpt":"El experto agropecuario y ex administrador del Banco Agr\u00edcola de la Rep\u00fablica Dominicana, Carlos Segura Foster, critic\u00f3 que en el Gobierno del PRM la funci\u00f3n fundamental de esa instituci\u00f3n, soporte de la producci\u00f3n agropecuaria nacional, haya sido desnaturalizada en perjuicio de los productores nacionales. \u201cEn este gobierno convirtieron la instituci\u00f3n\u2026","rel":"","context":"En \u00abECONOM\u00cdA\u00bb","block_context":{"text":"ECONOM\u00cdA","link":"https:\/\/lasprimeras.com.do\/index.php\/category\/economia\/"},"img":{"alt_text":"Carlos Segura Foster","src":"https:\/\/i0.wp.com\/lasprimeras.com.do\/wp-content\/uploads\/2025\/09\/Carlos-Segura-Foster.jpg?resize=350%2C200&ssl=1","width":350,"height":200,"srcset":"https:\/\/i0.wp.com\/lasprimeras.com.do\/wp-content\/uploads\/2025\/09\/Carlos-Segura-Foster.jpg?resize=350%2C200&ssl=1 1x, https:\/\/i0.wp.com\/lasprimeras.com.do\/wp-content\/uploads\/2025\/09\/Carlos-Segura-Foster.jpg?resize=525%2C300&ssl=1 1.5x, https:\/\/i0.wp.com\/lasprimeras.com.do\/wp-content\/uploads\/2025\/09\/Carlos-Segura-Foster.jpg?resize=700%2C400&ssl=1 2x"},"classes":[]},{"id":72216,"url":"https:\/\/lasprimeras.com.do\/index.php\/2023\/12\/27\/carlos-segura-rd-registra-en-el-2023-las-navidades-mas-caras-de-la-historia\/","url_meta":{"origin":74311,"position":1},"title":"Carlos Segura: &#8220;RD registra en el 2023 las navidades m\u00e1s caras de la historia&#8221;","author":"Nelson Feliz","date":"27 de diciembre de 2023","format":false,"excerpt":"El experto agropecuario y miembro del Comit\u00e9 Central del Partido de la Liberaci\u00f3n Dominicana (PLD), Carlos Segura Foster, atribuy\u00f3 a la err\u00e1tica pol\u00edtica del gobierno del PRM, privilegiando las importaciones en detrimento de la producci\u00f3n local, la paralizaci\u00f3n de la agropecuaria nacional. \u201cEn los cuatro meses finales del a\u00f1o 2020,\u2026","rel":"","context":"En \u00abPORTADA\u00bb","block_context":{"text":"PORTADA","link":"https:\/\/lasprimeras.com.do\/index.php\/category\/portada\/"},"img":{"alt_text":"Carlos Segura Foster","src":"https:\/\/i0.wp.com\/lasprimeras.com.do\/wp-content\/uploads\/2023\/12\/Carlos-Segura-Foster.jpeg?resize=350%2C200&ssl=1","width":350,"height":200,"srcset":"https:\/\/i0.wp.com\/lasprimeras.com.do\/wp-content\/uploads\/2023\/12\/Carlos-Segura-Foster.jpeg?resize=350%2C200&ssl=1 1x, https:\/\/i0.wp.com\/lasprimeras.com.do\/wp-content\/uploads\/2023\/12\/Carlos-Segura-Foster.jpeg?resize=525%2C300&ssl=1 1.5x"},"classes":[]},{"id":100445,"url":"https:\/\/lasprimeras.com.do\/index.php\/2025\/06\/06\/gobierno-del-prm-da-la-espalda-a-mas-500-productores-avicolas\/","url_meta":{"origin":74311,"position":2},"title":"Gobierno del PRM da la espalda a m\u00e1s 500 productores av\u00edcolas","author":"Nelson Feliz","date":"6 de junio de 2025","format":false,"excerpt":"Carlos Segura Foster denuncia plan de concentraci\u00f3n de la producci\u00f3n av\u00edcola en un grupo de empresas, marginando a los peque\u00f1os y medianos productores. El miembro del Comit\u00e9 Central del Partido de la Liberaci\u00f3n Dominicana (PLD), Carlos Segura Foster, advirti\u00f3 sobre la existencia de un plan que se ejecuta desde el\u2026","rel":"","context":"En \u00abECONOM\u00cdA\u00bb","block_context":{"text":"ECONOM\u00cdA","link":"https:\/\/lasprimeras.com.do\/index.php\/category\/economia\/"},"img":{"alt_text":"","src":"https:\/\/i0.wp.com\/lasprimeras.com.do\/wp-content\/uploads\/2025\/06\/Carlos-Segura-Foster.jpg?resize=350%2C200&ssl=1","width":350,"height":200,"srcset":"https:\/\/i0.wp.com\/lasprimeras.com.do\/wp-content\/uploads\/2025\/06\/Carlos-Segura-Foster.jpg?resize=350%2C200&ssl=1 1x, https:\/\/i0.wp.com\/lasprimeras.com.do\/wp-content\/uploads\/2025\/06\/Carlos-Segura-Foster.jpg?resize=525%2C300&ssl=1 1.5x"},"classes":[]},{"id":90241,"url":"https:\/\/lasprimeras.com.do\/index.php\/2024\/10\/16\/carlos-segura-foster-reduccion-drastica-de-la-produccion-de-alimentos-en-rd\/","url_meta":{"origin":74311,"position":3},"title":"Carlos Segura Foster: Reducci\u00f3n dr\u00e1stica de la producci\u00f3n de alimentos en RD","author":"Nelson Feliz","date":"16 de octubre de 2024","format":false,"excerpt":"La incertidumbre predomina entre productores, comercializadores y consumidores en el D\u00eda Mundial de la Alimentaci\u00f3n, denuncia Carlos Segura Foster. El miembro del Comit\u00e9 Central del Partido de la Liberaci\u00f3n (PLD) Carlos Segura Foster, lament\u00f3 que el D\u00eda Mundial de la Alimentaci\u00f3n encuentre a los sectores involucrados en la alimentaci\u00f3n de\u2026","rel":"","context":"En \u00abSin categor\u00eda\u00bb","block_context":{"text":"Sin categor\u00eda","link":"https:\/\/lasprimeras.com.do\/index.php\/category\/sin-categoria\/"},"img":{"alt_text":"Carlos Segura Foster","src":"https:\/\/i0.wp.com\/lasprimeras.com.do\/wp-content\/uploads\/2023\/12\/Carlos-Segura-Foster.jpeg?resize=350%2C200&ssl=1","width":350,"height":200,"srcset":"https:\/\/i0.wp.com\/lasprimeras.com.do\/wp-content\/uploads\/2023\/12\/Carlos-Segura-Foster.jpeg?resize=350%2C200&ssl=1 1x, https:\/\/i0.wp.com\/lasprimeras.com.do\/wp-content\/uploads\/2023\/12\/Carlos-Segura-Foster.jpeg?resize=525%2C300&ssl=1 1.5x"},"classes":[]},{"id":118549,"url":"https:\/\/lasprimeras.com.do\/index.php\/2025\/12\/30\/segura-foster-atribuye-alza-carne-de-pollo-y-cerdo-a-masivas-importaciones\/","url_meta":{"origin":74311,"position":4},"title":"Segura Foster atribuye alza carne de pollo y cerdo a masivas importaciones","author":"Nelson Feliz","date":"30 de diciembre de 2025","format":false,"excerpt":"El experto en asuntos agropecuarios, Carlos Segura Foster, miembro del Comit\u00e9 Central del Partido de la Liberaci\u00f3n Dominicana (PLD), denunci\u00f3 que los beneficiarios de las importaciones que compran \u201cparte de pollos\u201d a precio de despojo han hecho \u201csu agosto en diciembre\u201d vendiendo con ganancias excesivas. Segura Foster dijo que cada\u2026","rel":"","context":"En \u00abECONOM\u00cdA\u00bb","block_context":{"text":"ECONOM\u00cdA","link":"https:\/\/lasprimeras.com.do\/index.php\/category\/economia\/"},"img":{"alt_text":"Carlos Segura Foster","src":"https:\/\/i0.wp.com\/lasprimeras.com.do\/wp-content\/uploads\/2025\/09\/Carlos-Segura-Foster.jpg?resize=350%2C200&ssl=1","width":350,"height":200,"srcset":"https:\/\/i0.wp.com\/lasprimeras.com.do\/wp-content\/uploads\/2025\/09\/Carlos-Segura-Foster.jpg?resize=350%2C200&ssl=1 1x, https:\/\/i0.wp.com\/lasprimeras.com.do\/wp-content\/uploads\/2025\/09\/Carlos-Segura-Foster.jpg?resize=525%2C300&ssl=1 1.5x, https:\/\/i0.wp.com\/lasprimeras.com.do\/wp-content\/uploads\/2025\/09\/Carlos-Segura-Foster.jpg?resize=700%2C400&ssl=1 2x"},"classes":[]},{"id":118111,"url":"https:\/\/lasprimeras.com.do\/index.php\/2025\/12\/22\/segura-foster-navidades-con-record-en-precios-altos-video\/","url_meta":{"origin":74311,"position":5},"title":"Segura Foster: Navidades con r\u00e9cord en precios altos | Video","author":"Nelson Feliz","date":"22 de diciembre de 2025","format":false,"excerpt":"Carlos Segura Foster considera alarmante los precios de la carne de pollo, que aleja su consumo de los sectores pobres. El experto agropecuario, Carlos Segura Foster, ratific\u00f3 la queja de la poblaci\u00f3n sobre los altos precios de la carne de pollo, que sumado al alza registrada en el cerdo, res\u2026","rel":"","context":"En \u00abECONOM\u00cdA\u00bb","block_context":{"text":"ECONOM\u00cdA","link":"https:\/\/lasprimeras.com.do\/index.php\/category\/economia\/"},"img":{"alt_text":"Carlos Segura Foster","src":"https:\/\/i0.wp.com\/lasprimeras.com.do\/wp-content\/uploads\/2025\/12\/Carlos-Segura-Foster.jpg?resize=350%2C200&ssl=1","width":350,"height":200,"srcset":"https:\/\/i0.wp.com\/lasprimeras.com.do\/wp-content\/uploads\/2025\/12\/Carlos-Segura-Foster.jpg?resize=350%2C200&ssl=1 1x, https:\/\/i0.wp.com\/lasprimeras.com.do\/wp-content\/uploads\/2025\/12\/Carlos-Segura-Foster.jpg?resize=525%2C300&ssl=1 1.5x, https:\/\/i0.wp.com\/lasprimeras.com.do\/wp-content\/uploads\/2025\/12\/Carlos-Segura-Foster.jpg?resize=700%2C400&ssl=1 2x"},"classes":[]}],"jetpack_sharing_enabled":true,"_links":{"self":[{"href":"https:\/\/lasprimeras.com.do\/index.php\/wp-json\/wp\/v2\/posts\/74311","targetHints":{"allow":["GET"]}}],"collection":[{"href":"https:\/\/lasprimeras.com.do\/index.php\/wp-json\/wp\/v2\/posts"}],"about":[{"href":"https:\/\/lasprimeras.com.do\/index.php\/wp-json\/wp\/v2\/types\/post"}],"author":[{"embeddable":true,"href":"https:\/\/lasprimeras.com.do\/index.php\/wp-json\/wp\/v2\/users\/2"}],"replies":[{"embeddable":true,"href":"https:\/\/lasprimeras.com.do\/index.php\/wp-json\/wp\/v2\/comments?post=74311"}],"version-history":[{"count":1,"href":"https:\/\/lasprimeras.com.do\/index.php\/wp-json\/wp\/v2\/posts\/74311\/revisions"}],"predecessor-version":[{"id":74313,"href":"https:\/\/lasprimeras.com.do\/index.php\/wp-json\/wp\/v2\/posts\/74311\/revisions\/74313"}],"wp:featuredmedia":[{"embeddable":true,"href":"https:\/\/lasprimeras.com.do\/index.php\/wp-json\/wp\/v2\/media\/74312"}],"wp:attachment":[{"href":"https:\/\/lasprimeras.com.do\/index.php\/wp-json\/wp\/v2\/media?parent=74311"}],"wp:term":[{"taxonomy":"category","embeddable":true,"href":"https:\/\/lasprimeras.com.do\/index.php\/wp-json\/wp\/v2\/categories?post=74311"},{"taxonomy":"post_tag","embeddable":true,"href":"https:\/\/lasprimeras.com.do\/index.php\/wp-json\/wp\/v2\/tags?post=74311"}],"curies":[{"name":"wp","href":"https:\/\/api.w.org\/{rel}","templated":true}]}}