{"id":74314,"date":"2024-01-22T08:40:12","date_gmt":"2024-01-22T12:40:12","guid":{"rendered":"https:\/\/lasprimeras.com.do\/?p=74314"},"modified":"2024-01-22T08:40:13","modified_gmt":"2024-01-22T12:40:13","slug":"atacantes-asesinan-a-claude-joazard-un-viceconsul-de-haiti-en-dajabon","status":"publish","type":"post","link":"https:\/\/lasprimeras.com.do\/index.php\/2024\/01\/22\/atacantes-asesinan-a-claude-joazard-un-viceconsul-de-haiti-en-dajabon\/","title":{"rendered":"Atacantes asesinan a Claude Joazard, un vicec\u00f3nsul de Hait\u00ed en Dajab\u00f3n"},"content":{"rendered":"\n<ul class=\"wp-block-list\">\n<li><strong>Fue sorprendido por hombres armados frente al Aeropuerto de Cabo Haitiano.<\/strong><\/li>\n<\/ul>\n\n\n\n<p>Javier GenaoJavier Genao<\/p>\n\n\n\n<p>Dajab\u00f3n &#8211; Claude Joazard, quien fung\u00eda actualmente como vicec\u00f3nsul haitiano en Dajab\u00f3n, fue intersectado por varios delincuentes haitianos encapuchados que la emprendieron a tiros con pistolas y escopetas en su contra, provoc\u00e1ndole la muerte en el lugar del hecho que ocurri\u00f3 frente al Aeropuerto de Cabo Haitiano.<\/p>\n\n\n\n<p>Joazard, un m\u00e9dico de profesi\u00f3n, fue candidato a senador al Parlamento. En las \u00faltimas elecciones fue candidato a alcalde del municipio de Juana M\u00e9ndez.<\/p>\n\n\n\n<p>Era catalogado como una persona estricta, trabajadora y defensor de los derechos de los haitianos en el paso fronterizo entre Hait\u00ed y Rep\u00fablica dominicana.<\/p>\n\n\n\n<p>Archivos de prensa se\u00f1alan que, en 2019, Joazard intent\u00f3 pedir asilo en Estados Unidos por razones no conocidas.<\/p>\n\n\n\n<p>La violencia ha preocupado a los funcionarios consulares haitianos en la zona nordeste de Hait\u00ed. La mayor\u00eda dice que han sacado a sus familias de ese territorio, debido a la inseguridad que impera.<\/p>\n\n\n\n<p>Para final de mes, diferentes grupos han convocado a una huelga general por tres d\u00edas para protestar contra la inseguridad y exigir la salida del primer ministro Ariel Henry el 7 de febrero, fecha en que debe asumir un nuevo presidente en Hait\u00ed. No obstante, las elecciones no se han organizado.<\/p>\n","protected":false},"excerpt":{"rendered":"<p>Javier GenaoJavier Genao Dajab\u00f3n &#8211; Claude Joazard, quien fung\u00eda actualmente como vicec\u00f3nsul haitiano en Dajab\u00f3n, fue intersectado por varios delincuentes haitianos encapuchados que la emprendieron a tiros con pistolas y&hellip;<\/p>\n","protected":false},"author":2,"featured_media":74315,"comment_status":"open","ping_status":"open","sticky":false,"template":"","format":"standard","meta":{"content-type":"","jetpack_post_was_ever_published":false,"_jetpack_newsletter_access":"","_jetpack_dont_email_post_to_subs":false,"_jetpack_newsletter_tier_id":0,"_jetpack_memberships_contains_paywalled_content":false,"_jetpack_memberships_contains_paid_content":false,"footnotes":""},"categories":[25],"tags":[3940,11164,11165,1814,217,11166],"class_list":["post-74314","post","type-post","status-publish","format-standard","has-post-thumbnail","hentry","category-portada","tag-asesinan","tag-atacantes","tag-claude-joazard","tag-dajabon","tag-haiti","tag-viceconsul"],"jetpack_featured_media_url":"https:\/\/lasprimeras.com.do\/wp-content\/uploads\/2024\/01\/Claude-Joazard.jpg","jetpack-related-posts":[{"id":102456,"url":"https:\/\/lasprimeras.com.do\/index.php\/2025\/07\/04\/apresan-35-haitianos-indocumentados-en-zonas-rurales-de-montecristi-y-dajabon\/","url_meta":{"origin":74314,"position":0},"title":"Apresan 35 haitianos indocumentados en zonas rurales de Montecristi y Dajab\u00f3n","author":"Nelson Feliz","date":"4 de julio de 2025","format":false,"excerpt":"Patrullas de la 4ta. Brigada de Infanter\u00eda, del Ej\u00e9rcito de Rep\u00fablica Dominicana detuvieron a 35 nacionales haitianos indocumentados en zonas rurales de las provincias Montecristi y Dajab\u00f3n. En una parcela en el municipio Hatillo Palma de Montecristi, 10 nacionales haitianos indocumentados que se escond\u00edan en la oscuridad de la noche\u2026","rel":"","context":"En \u00abMILITARES\u00bb","block_context":{"text":"MILITARES","link":"https:\/\/lasprimeras.com.do\/index.php\/category\/militares\/"},"img":{"alt_text":"","src":"https:\/\/i0.wp.com\/lasprimeras.com.do\/wp-content\/uploads\/2025\/07\/Patrullas-del-Ejercito-1.jpg?resize=350%2C200&ssl=1","width":350,"height":200,"srcset":"https:\/\/i0.wp.com\/lasprimeras.com.do\/wp-content\/uploads\/2025\/07\/Patrullas-del-Ejercito-1.jpg?resize=350%2C200&ssl=1 1x, https:\/\/i0.wp.com\/lasprimeras.com.do\/wp-content\/uploads\/2025\/07\/Patrullas-del-Ejercito-1.jpg?resize=525%2C300&ssl=1 1.5x, https:\/\/i0.wp.com\/lasprimeras.com.do\/wp-content\/uploads\/2025\/07\/Patrullas-del-Ejercito-1.jpg?resize=700%2C400&ssl=1 2x"},"classes":[]},{"id":107746,"url":"https:\/\/lasprimeras.com.do\/index.php\/2025\/08\/30\/entregan-en-dajabon-a-dos-miembros-de-la-banda-haitiana-400-mawozo\/","url_meta":{"origin":74314,"position":1},"title":"Entregan en Dajab\u00f3n a dos miembros de la banda haitiana 400 Mawozo","author":"Nelson Feliz","date":"30 de agosto de 2025","format":false,"excerpt":"Residentes fronterizos preocupados por la facilidad con la que pandillas haitianas ingresan a Rep\u00fablica Dominicana. Dos presuntos integrantes de la temida banda haitiana 400 Mawozo, vinculada a hechos de violencia y criminalidad en Hait\u00ed, fueron entregados este s\u00e1bado por las autoridades dominicanas en la zona fronteriza de Dajab\u00f3n. Se trata\u2026","rel":"","context":"En \u00abMILITARES\u00bb","block_context":{"text":"MILITARES","link":"https:\/\/lasprimeras.com.do\/index.php\/category\/militares\/"},"img":{"alt_text":"","src":"https:\/\/i0.wp.com\/lasprimeras.com.do\/wp-content\/uploads\/2025\/08\/Miembros-de-la-banda-400-Mawozo-entregados-en-la-frontera.jpg?resize=350%2C200&ssl=1","width":350,"height":200,"srcset":"https:\/\/i0.wp.com\/lasprimeras.com.do\/wp-content\/uploads\/2025\/08\/Miembros-de-la-banda-400-Mawozo-entregados-en-la-frontera.jpg?resize=350%2C200&ssl=1 1x, https:\/\/i0.wp.com\/lasprimeras.com.do\/wp-content\/uploads\/2025\/08\/Miembros-de-la-banda-400-Mawozo-entregados-en-la-frontera.jpg?resize=525%2C300&ssl=1 1.5x, https:\/\/i0.wp.com\/lasprimeras.com.do\/wp-content\/uploads\/2025\/08\/Miembros-de-la-banda-400-Mawozo-entregados-en-la-frontera.jpg?resize=700%2C400&ssl=1 2x"},"classes":[]},{"id":100541,"url":"https:\/\/lasprimeras.com.do\/index.php\/2025\/06\/08\/entregan-ganado-recuperado-a-sus-propietarios-en-dajabon-tras-reunion-con-autoridades-haitianas\/","url_meta":{"origin":74314,"position":2},"title":"Entregan ganado recuperado a sus propietarios en Dajab\u00f3n tras reuni\u00f3n con autoridades haitianas","author":"Nelson Feliz","date":"8 de junio de 2025","format":false,"excerpt":"Las vacas hab\u00edan sido robadas y llevadas hacia Hait\u00ed Luego de una reuni\u00f3n sostenida con autoridades haitianas en la provincia de Dajab\u00f3n y en coordinaci\u00f3n con el Ej\u00e9rcito de Rep\u00fablica Dominicana, fueron entregadas a sus propietarios, dos de cinco reses que hab\u00edan sido sustra\u00eddas de una parcela el 13 de\u2026","rel":"","context":"En \u00abMILITARES\u00bb","block_context":{"text":"MILITARES","link":"https:\/\/lasprimeras.com.do\/index.php\/category\/militares\/"},"img":{"alt_text":"","src":"https:\/\/i0.wp.com\/lasprimeras.com.do\/wp-content\/uploads\/2025\/06\/VACAS-HAITIANOS.jpg?resize=350%2C200&ssl=1","width":350,"height":200,"srcset":"https:\/\/i0.wp.com\/lasprimeras.com.do\/wp-content\/uploads\/2025\/06\/VACAS-HAITIANOS.jpg?resize=350%2C200&ssl=1 1x, https:\/\/i0.wp.com\/lasprimeras.com.do\/wp-content\/uploads\/2025\/06\/VACAS-HAITIANOS.jpg?resize=525%2C300&ssl=1 1.5x, https:\/\/i0.wp.com\/lasprimeras.com.do\/wp-content\/uploads\/2025\/06\/VACAS-HAITIANOS.jpg?resize=700%2C400&ssl=1 2x"},"classes":[]},{"id":60285,"url":"https:\/\/lasprimeras.com.do\/index.php\/2023\/09\/12\/claude-joseph-dice-rd-reconocio-en-2021-que-obra-hidrica-en-masacre-no-desviaria-rio\/","url_meta":{"origin":74314,"position":3},"title":"Claude Joseph dice RD reconoci\u00f3 en 2021 que obra h\u00eddrica en Masacre no desviar\u00eda r\u00edo","author":"Nelson Feliz","date":"12 de septiembre de 2023","format":false,"excerpt":"Reitera que Hait\u00ed no est\u00e1 obligado a obedecer a Rep\u00fablica Dominicana con paralizaci\u00f3n de construcci\u00f3n de canal. El excanciller de Hait\u00ed Claude Joseph dijo que en 2021 el Gobierno dominicano lleg\u00f3 a firmar una declaraci\u00f3n conjunta en la que reconoci\u00f3 que los trabajos que se realizaban para la captaci\u00f3n de\u2026","rel":"","context":"En \u00abSin categor\u00eda\u00bb","block_context":{"text":"Sin categor\u00eda","link":"https:\/\/lasprimeras.com.do\/index.php\/category\/sin-categoria\/"},"img":{"alt_text":"Claude Joseph","src":"https:\/\/i0.wp.com\/lasprimeras.com.do\/wp-content\/uploads\/2023\/09\/Claude-Joseph.jpg?resize=350%2C200&ssl=1","width":350,"height":200,"srcset":"https:\/\/i0.wp.com\/lasprimeras.com.do\/wp-content\/uploads\/2023\/09\/Claude-Joseph.jpg?resize=350%2C200&ssl=1 1x, https:\/\/i0.wp.com\/lasprimeras.com.do\/wp-content\/uploads\/2023\/09\/Claude-Joseph.jpg?resize=525%2C300&ssl=1 1.5x, https:\/\/i0.wp.com\/lasprimeras.com.do\/wp-content\/uploads\/2023\/09\/Claude-Joseph.jpg?resize=700%2C400&ssl=1 2x"},"classes":[]},{"id":64679,"url":"https:\/\/lasprimeras.com.do\/index.php\/2023\/10\/22\/haiti-iglesias-recolectan-fondos-para-construir-canal-del-rio-masacre\/","url_meta":{"origin":74314,"position":4},"title":"Hait\u00ed: Iglesias recolectan fondos para construir canal del r\u00edo Masacre","author":"Nelson Feliz","date":"22 de octubre de 2023","format":false,"excerpt":"La construcci\u00f3n del canal \"es una se\u00f1al de que un nuevo Hait\u00ed es posible\", declar\u00f3 el pastor Jean Baptiste Jean-Claude. AGENCIA EFE Puerto Pr\u00edncipe, Hait\u00ed.-. Iglesias haitianas realizaron este domingo un acto para recaudar fondos para terminar la construcci\u00f3n de un canal que busca desviar agua del r\u00edo Masacre, frontera\u2026","rel":"","context":"En \u00abSin categor\u00eda\u00bb","block_context":{"text":"Sin categor\u00eda","link":"https:\/\/lasprimeras.com.do\/index.php\/category\/sin-categoria\/"},"img":{"alt_text":"Canal Rio Masacre","src":"https:\/\/i0.wp.com\/lasprimeras.com.do\/wp-content\/uploads\/2023\/10\/Canal-Rio-Masacre.jpeg?resize=350%2C200&ssl=1","width":350,"height":200,"srcset":"https:\/\/i0.wp.com\/lasprimeras.com.do\/wp-content\/uploads\/2023\/10\/Canal-Rio-Masacre.jpeg?resize=350%2C200&ssl=1 1x, https:\/\/i0.wp.com\/lasprimeras.com.do\/wp-content\/uploads\/2023\/10\/Canal-Rio-Masacre.jpeg?resize=525%2C300&ssl=1 1.5x, https:\/\/i0.wp.com\/lasprimeras.com.do\/wp-content\/uploads\/2023\/10\/Canal-Rio-Masacre.jpeg?resize=700%2C400&ssl=1 2x"},"classes":[]},{"id":128246,"url":"https:\/\/lasprimeras.com.do\/index.php\/2026\/04\/21\/ejercito-detiene-a-40-indocumentados-en-operativos-realizados-en-dajabon\/","url_meta":{"origin":74314,"position":5},"title":"Ej\u00e9rcito detiene a 40 indocumentados en operativos realizados en Dajab\u00f3n","author":"Nelson Feliz","date":"21 de abril de 2026","format":false,"excerpt":"El Ej\u00e9rcito de Rep\u00fablica Dominicana (ERD) intercept\u00f3 un grupo de cuarenta (40) nacionales haitianos en condici\u00f3n migratoria irregular, durante dos operativos realizados en la zona fronteriza de la provincia Dajab\u00f3n. En un primer operativo, soldados adscritos al puesto de Masacre, perteneciente al 10mo. Batall\u00f3n de Infanter\u00eda, interceptaron a diecinueve (19)\u2026","rel":"","context":"En \u00abMILITARES\u00bb","block_context":{"text":"MILITARES","link":"https:\/\/lasprimeras.com.do\/index.php\/category\/militares\/"},"img":{"alt_text":"","src":"https:\/\/i0.wp.com\/lasprimeras.com.do\/wp-content\/uploads\/2026\/04\/IMG-20260421-WA0227.jpg?resize=350%2C200&ssl=1","width":350,"height":200,"srcset":"https:\/\/i0.wp.com\/lasprimeras.com.do\/wp-content\/uploads\/2026\/04\/IMG-20260421-WA0227.jpg?resize=350%2C200&ssl=1 1x, https:\/\/i0.wp.com\/lasprimeras.com.do\/wp-content\/uploads\/2026\/04\/IMG-20260421-WA0227.jpg?resize=525%2C300&ssl=1 1.5x, https:\/\/i0.wp.com\/lasprimeras.com.do\/wp-content\/uploads\/2026\/04\/IMG-20260421-WA0227.jpg?resize=700%2C400&ssl=1 2x, https:\/\/i0.wp.com\/lasprimeras.com.do\/wp-content\/uploads\/2026\/04\/IMG-20260421-WA0227.jpg?resize=1050%2C600&ssl=1 3x"},"classes":[]}],"jetpack_sharing_enabled":true,"_links":{"self":[{"href":"https:\/\/lasprimeras.com.do\/index.php\/wp-json\/wp\/v2\/posts\/74314","targetHints":{"allow":["GET"]}}],"collection":[{"href":"https:\/\/lasprimeras.com.do\/index.php\/wp-json\/wp\/v2\/posts"}],"about":[{"href":"https:\/\/lasprimeras.com.do\/index.php\/wp-json\/wp\/v2\/types\/post"}],"author":[{"embeddable":true,"href":"https:\/\/lasprimeras.com.do\/index.php\/wp-json\/wp\/v2\/users\/2"}],"replies":[{"embeddable":true,"href":"https:\/\/lasprimeras.com.do\/index.php\/wp-json\/wp\/v2\/comments?post=74314"}],"version-history":[{"count":1,"href":"https:\/\/lasprimeras.com.do\/index.php\/wp-json\/wp\/v2\/posts\/74314\/revisions"}],"predecessor-version":[{"id":74316,"href":"https:\/\/lasprimeras.com.do\/index.php\/wp-json\/wp\/v2\/posts\/74314\/revisions\/74316"}],"wp:featuredmedia":[{"embeddable":true,"href":"https:\/\/lasprimeras.com.do\/index.php\/wp-json\/wp\/v2\/media\/74315"}],"wp:attachment":[{"href":"https:\/\/lasprimeras.com.do\/index.php\/wp-json\/wp\/v2\/media?parent=74314"}],"wp:term":[{"taxonomy":"category","embeddable":true,"href":"https:\/\/lasprimeras.com.do\/index.php\/wp-json\/wp\/v2\/categories?post=74314"},{"taxonomy":"post_tag","embeddable":true,"href":"https:\/\/lasprimeras.com.do\/index.php\/wp-json\/wp\/v2\/tags?post=74314"}],"curies":[{"name":"wp","href":"https:\/\/api.w.org\/{rel}","templated":true}]}}