{"id":74358,"date":"2024-01-22T21:34:31","date_gmt":"2024-01-23T01:34:31","guid":{"rendered":"https:\/\/lasprimeras.com.do\/?p=74358"},"modified":"2024-01-22T21:34:33","modified_gmt":"2024-01-23T01:34:33","slug":"ejercitos-estadounidense-y-britanico-lanzan-nueva-ronda-de-ataques-contra-yemen","status":"publish","type":"post","link":"https:\/\/lasprimeras.com.do\/index.php\/2024\/01\/22\/ejercitos-estadounidense-y-britanico-lanzan-nueva-ronda-de-ataques-contra-yemen\/","title":{"rendered":"Ej\u00e9rcitos estadounidense y brit\u00e1nico lanzan nueva ronda de ataques contra Yemen"},"content":{"rendered":"\n<p>POR LOLITA C. BALDOR Y TARA COPP<\/p>\n\n\n\n<p>WASHINGTON (AP) \u2014 Los ej\u00e9rcitos estadounidense y brit\u00e1nico bombardearon m\u00faltiples objetivos en ocho lugares utilizados por los hut\u00edes respaldados por Ir\u00e1n en Yemen el lunes por la noche, la segunda vez que los dos aliados han llevado a cabo ataques coordinados de represalia contra una serie de centros de lanzamiento de misiles de los rebeldes. capacidades.<\/p>\n\n\n\n<p>Seg\u00fan funcionarios, Estados Unidos y el Reino Unido utilizaron misiles Tomahawk lanzados desde buques de guerra y submarinos y aviones de combate para destruir los sitios de almacenamiento de misiles, drones y lanzadores de los hut\u00edes.<\/p>\n\n\n\n<p>Los funcionarios, que hablaron bajo condici\u00f3n de anonimato para discutir una operaci\u00f3n militar, dijeron que Australia, Bahrein, Canad\u00e1 y los Pa\u00edses Bajos contribuyeron a la misi\u00f3n, incluso con inteligencia y vigilancia.<\/p>\n\n\n\n<p>En una declaraci\u00f3n conjunta, las seis naciones aliadas dijeron que los ataques apuntaron espec\u00edficamente a un sitio de almacenamiento subterr\u00e1neo de los hut\u00edes y a lugares asociados con las capacidades de vigilancia a\u00e9rea y de misiles de los hut\u00edes.<\/p>\n\n\n\n<p>Agregaron: \u201cNuestro objetivo sigue siendo reducir las tensiones y restaurar la estabilidad en el Mar Rojo, pero reiteremos nuestra advertencia a los l\u00edderes hut\u00edes: no dudaremos en defender vidas y el libre flujo del comercio en uno de los pa\u00edses m\u00e1s cr\u00edticos del mundo. v\u00edas fluviales frente a continuas amenazas\u201d.<\/p>\n\n\n\n<p>El Ministerio de Defensa de Gran Breta\u00f1a confirm\u00f3 que cuatro aviones Typhoon de la Royal Air Force atacaron \u201cm\u00faltiples objetivos en dos sitios militares en las cercan\u00edas del aer\u00f3dromo de Sanaa\u201d con bombas guiadas con precisi\u00f3n.<\/p>\n\n\n\n<p>Los ataques, dijo el secretario de Defensa, Grant Shapps, estaban &#8220;destinados a degradar las capacidades de los hut\u00edes&#8221; y &#8220;asestar\u00edan otro golpe a sus limitadas reservas y a su capacidad de amenazar el comercio mundial&#8221;.<\/p>\n\n\n\n<p>Un alto funcionario militar estadounidense dijo a los periodistas que los ataques arrojaron entre 25 y 30 municiones y alcanzaron m\u00faltiples objetivos en cada lugar, y agreg\u00f3 que Estados Unidos \u201cobserv\u00f3 buenos impactos y efectos\u201d en todos los sitios, incluida la destrucci\u00f3n de armas m\u00e1s avanzadas en las instalaciones de almacenamiento subterr\u00e1neo.<\/p>\n\n\n\n<p>El funcionario dijo que esta es la primera vez que se atacan armas tan avanzadas.<\/p>\n\n\n\n<p>El funcionario tambi\u00e9n dijo que aviones de combate del portaaviones USS Dwight D. Eisenhower realizaron ataques, y otros barcos involucrados incluyeron el USS Gravely y el USS Mason, ambos destructores navales, y el USS Philippine Sea, un crucero.<\/p>\n\n\n\n<p>La operaci\u00f3n conjunta se produce unos 10 d\u00edas despu\u00e9s de que buques de guerra y aviones de combate estadounidenses y brit\u00e1nicos atacaran m\u00e1s de 60 objetivos en 28 lugares.<\/p>\n\n\n\n<p>Esa fue la primera respuesta militar estadounidense a lo que ha sido una campa\u00f1a persistente de ataques con aviones no tripulados y misiles hut\u00edes contra barcos comerciales desde el inicio de la guerra entre Israel y Hamas en octubre.<\/p>\n","protected":false},"excerpt":{"rendered":"<p>POR LOLITA C. BALDOR Y TARA COPP WASHINGTON (AP) \u2014 Los ej\u00e9rcitos estadounidense y brit\u00e1nico bombardearon m\u00faltiples objetivos en ocho lugares utilizados por los hut\u00edes respaldados por Ir\u00e1n en Yemen&hellip;<\/p>\n","protected":false},"author":2,"featured_media":74359,"comment_status":"open","ping_status":"open","sticky":false,"template":"","format":"standard","meta":{"content-type":"","jetpack_post_was_ever_published":false,"_jetpack_newsletter_access":"","_jetpack_dont_email_post_to_subs":false,"_jetpack_newsletter_tier_id":0,"_jetpack_memberships_contains_paywalled_content":false,"_jetpack_memberships_contains_paid_content":false,"footnotes":""},"categories":[1],"tags":[5605,11184,11183,4051,9644],"class_list":["post-74358","post","type-post","status-publish","format-standard","has-post-thumbnail","hentry","category-sin-categoria","tag-ataques","tag-britanico","tag-ejercitos","tag-estadounidense","tag-yemen"],"jetpack_featured_media_url":"https:\/\/lasprimeras.com.do\/wp-content\/uploads\/2024\/01\/Ataques-2.jpg","jetpack-related-posts":[{"id":73995,"url":"https:\/\/lasprimeras.com.do\/index.php\/2024\/01\/18\/el-ejercito-estadounidense-lanza-misiles-contra-sitios-huties-en-yemen\/","url_meta":{"origin":74358,"position":0},"title":"El ej\u00e9rcito estadounidense lanza misiles contra sitios hut\u00edes en Yemen","author":"Nelson Feliz","date":"18 de enero de 2024","format":false,"excerpt":"POR TARA COPP Y LOLITA C. BALDOR WASHINGTON (AP) \u2014 El ej\u00e9rcito estadounidense lanz\u00f3 otra ola de ataques con misiles desde barcos y submarinos contra sitios controlados por los hut\u00edes el mi\u00e9rcoles, dijo el Comando Central de Estados Unidos, marcando la cuarta vez en d\u00edas que ataca directamente al grupo\u2026","rel":"","context":"En \u00abSin categor\u00eda\u00bb","block_context":{"text":"Sin categor\u00eda","link":"https:\/\/lasprimeras.com.do\/index.php\/category\/sin-categoria\/"},"img":{"alt_text":"Combatientes","src":"https:\/\/i0.wp.com\/lasprimeras.com.do\/wp-content\/uploads\/2024\/01\/Combatientes.jpg?resize=350%2C200&ssl=1","width":350,"height":200,"srcset":"https:\/\/i0.wp.com\/lasprimeras.com.do\/wp-content\/uploads\/2024\/01\/Combatientes.jpg?resize=350%2C200&ssl=1 1x, https:\/\/i0.wp.com\/lasprimeras.com.do\/wp-content\/uploads\/2024\/01\/Combatientes.jpg?resize=525%2C300&ssl=1 1.5x, https:\/\/i0.wp.com\/lasprimeras.com.do\/wp-content\/uploads\/2024\/01\/Combatientes.jpg?resize=700%2C400&ssl=1 2x"},"classes":[]},{"id":86261,"url":"https:\/\/lasprimeras.com.do\/index.php\/2024\/07\/21\/israel-derriba-un-misil-lanzado-desde-yemen-tras-un-ataque-israeli-a-rebeldes-huties\/","url_meta":{"origin":74358,"position":1},"title":"Israel derriba un misil lanzado desde Yemen tras un ataque israel\u00ed a rebeldes hut\u00edes","author":"Nelson Feliz","date":"21 de julio de 2024","format":false,"excerpt":"BY JOSEF FEDERMAN AND MICHAEL WAKIN JERUSAL\u00c9N (AP) \u2014 El ej\u00e9rcito israel\u00ed dijo haber interceptado un misil lanzado desde Yemen el domingo por la ma\u00f1ana, horas despu\u00e9s de que aviones israel\u00edes golpearan varios objetivos hut\u00edes en el pa\u00eds de la pen\u00ednsula Ar\u00e1biga. Los bombardeos israel\u00edes, que respond\u00edan a un ataque\u2026","rel":"","context":"En \u00abSin categor\u00eda\u00bb","block_context":{"text":"Sin categor\u00eda","link":"https:\/\/lasprimeras.com.do\/index.php\/category\/sin-categoria\/"},"img":{"alt_text":"","src":"https:\/\/i0.wp.com\/lasprimeras.com.do\/wp-content\/uploads\/2024\/07\/Ataques.png?resize=350%2C200&ssl=1","width":350,"height":200,"srcset":"https:\/\/i0.wp.com\/lasprimeras.com.do\/wp-content\/uploads\/2024\/07\/Ataques.png?resize=350%2C200&ssl=1 1x, https:\/\/i0.wp.com\/lasprimeras.com.do\/wp-content\/uploads\/2024\/07\/Ataques.png?resize=525%2C300&ssl=1 1.5x, https:\/\/i0.wp.com\/lasprimeras.com.do\/wp-content\/uploads\/2024\/07\/Ataques.png?resize=700%2C400&ssl=1 2x"},"classes":[]},{"id":77729,"url":"https:\/\/lasprimeras.com.do\/index.php\/2024\/02\/24\/un-ataque-a-un-carguero-en-el-mar-rojo-ha-provocado-una-marea-negra-de-kilometros-de-longitud\/","url_meta":{"origin":74358,"position":2},"title":"Un ataque a un carguero en el Mar Rojo ha provocado una marea negra de kil\u00f3metros de longitud","author":"Nelson Feliz","date":"24 de febrero de 2024","format":false,"excerpt":"Las cosas podr\u00edan empeorar POR SAMY MAGDY EL CAIRO (AP) \u2014 Un ataque de rebeldes hut\u00edes yemen\u00edes a un barco con bandera de Belice a principios de este mes provoc\u00f3 una marea negra de petr\u00f3leo de 29 kil\u00f3metros (18 millas), dijo el ej\u00e9rcito estadounidense el s\u00e1bado. Tambi\u00e9n advirti\u00f3 del peligro\u2026","rel":"","context":"En \u00abSin categor\u00eda\u00bb","block_context":{"text":"Sin categor\u00eda","link":"https:\/\/lasprimeras.com.do\/index.php\/category\/sin-categoria\/"},"img":{"alt_text":"Mar Rojo","src":"https:\/\/i0.wp.com\/lasprimeras.com.do\/wp-content\/uploads\/2024\/02\/Mar-Rojo.jpg?resize=350%2C200&ssl=1","width":350,"height":200,"srcset":"https:\/\/i0.wp.com\/lasprimeras.com.do\/wp-content\/uploads\/2024\/02\/Mar-Rojo.jpg?resize=350%2C200&ssl=1 1x, https:\/\/i0.wp.com\/lasprimeras.com.do\/wp-content\/uploads\/2024\/02\/Mar-Rojo.jpg?resize=525%2C300&ssl=1 1.5x, https:\/\/i0.wp.com\/lasprimeras.com.do\/wp-content\/uploads\/2024\/02\/Mar-Rojo.jpg?resize=700%2C400&ssl=1 2x"},"classes":[]},{"id":102606,"url":"https:\/\/lasprimeras.com.do\/index.php\/2025\/07\/07\/israel-lanza-ataques-aereos-contra-rebeldes-huties-en-yemen-y-los-huties-disparan-misil-a-israel\/","url_meta":{"origin":74358,"position":3},"title":"Israel lanza ataques a\u00e9reos contra rebeldes hut\u00edes en Yemen, y los hut\u00edes disparan misil a Israel","author":"Nelson Feliz","date":"7 de julio de 2025","format":false,"excerpt":"POR JON GAMBRELL and ASSOCIATED PRESS DUB\u00c1I, Emiratos \u00c1rabes Unidos (AP) \u2014 El ej\u00e9rcito de Israel lanz\u00f3 ataques a\u00e9reos el lunes temprano, dirigidos a puertos e instalaciones controladas por los rebeldes hut\u00edes de Yemen, a lo que los rebeldes respondieron con disparos de misiles dirigidos a Israel. Los ataques ocurrieron\u2026","rel":"","context":"En \u00abINTERNACIONALES\u00bb","block_context":{"text":"INTERNACIONALES","link":"https:\/\/lasprimeras.com.do\/index.php\/category\/sin-categoria\/internacionales\/"},"img":{"alt_text":"","src":"https:\/\/i0.wp.com\/lasprimeras.com.do\/wp-content\/uploads\/2025\/07\/Israel-lanza-ataques-aereos-contra-rebeldes-huties-en-Yemen.jpg?resize=350%2C200&ssl=1","width":350,"height":200,"srcset":"https:\/\/i0.wp.com\/lasprimeras.com.do\/wp-content\/uploads\/2025\/07\/Israel-lanza-ataques-aereos-contra-rebeldes-huties-en-Yemen.jpg?resize=350%2C200&ssl=1 1x, https:\/\/i0.wp.com\/lasprimeras.com.do\/wp-content\/uploads\/2025\/07\/Israel-lanza-ataques-aereos-contra-rebeldes-huties-en-Yemen.jpg?resize=525%2C300&ssl=1 1.5x, https:\/\/i0.wp.com\/lasprimeras.com.do\/wp-content\/uploads\/2025\/07\/Israel-lanza-ataques-aereos-contra-rebeldes-huties-en-Yemen.jpg?resize=700%2C400&ssl=1 2x"},"classes":[]},{"id":96531,"url":"https:\/\/lasprimeras.com.do\/index.php\/2025\/04\/02\/rebeldes-huties-en-yemen-reportan-4-muertos-en-ataques-aereos-de-eeuu-cerca-de-hodeida\/","url_meta":{"origin":74358,"position":4},"title":"Rebeldes hut\u00edes en Yemen reportan 4 muertos en ataques a\u00e9reos de EEUU cerca de Hodeida","author":"Nelson Feliz","date":"2 de abril de 2025","format":false,"excerpt":"POR JON GAMBRELL DUB\u00c1I, Emiratos \u00c1rabes Unidos (AP) \u2014 Ataques a\u00e9reos que se sospechaba eran obra de Estados Unidos golpearon \u00e1reas controladas por rebeldes en Yemen durante la noche, y los hut\u00edes dijeron el mi\u00e9rcoles que un ataque mat\u00f3 al menos a cuatro personas cerca de la ciudad portuaria de\u2026","rel":"","context":"En \u00abINTERNACIONALES\u00bb","block_context":{"text":"INTERNACIONALES","link":"https:\/\/lasprimeras.com.do\/index.php\/category\/sin-categoria\/internacionales\/"},"img":{"alt_text":"","src":"https:\/\/i0.wp.com\/lasprimeras.com.do\/wp-content\/uploads\/2025\/04\/ataq.jpg?resize=350%2C200&ssl=1","width":350,"height":200,"srcset":"https:\/\/i0.wp.com\/lasprimeras.com.do\/wp-content\/uploads\/2025\/04\/ataq.jpg?resize=350%2C200&ssl=1 1x, https:\/\/i0.wp.com\/lasprimeras.com.do\/wp-content\/uploads\/2025\/04\/ataq.jpg?resize=525%2C300&ssl=1 1.5x, https:\/\/i0.wp.com\/lasprimeras.com.do\/wp-content\/uploads\/2025\/04\/ataq.jpg?resize=700%2C400&ssl=1 2x"},"classes":[]},{"id":73504,"url":"https:\/\/lasprimeras.com.do\/index.php\/2024\/01\/12\/ee-uu-confirma-accion-militar-conjunta-con-reino-unido-contra-huties-en-yemen\/","url_meta":{"origin":74358,"position":5},"title":"EE.UU. confirma acci\u00f3n militar conjunta con Reino Unido contra hut\u00edes en Yemen","author":"BIMARY DE JES\u00daS Matos","date":"12 de enero de 2024","format":false,"excerpt":"WASHINGTON.- Estados Unidos confirm\u00f3 este jueves que realiz\u00f3 una acci\u00f3n militar conjunta con apoyo de varios pa\u00edses contra los rebeldes hut\u00edes de Yemen, tras el aumento de ataques de estos contra embarcaciones en el mar Rojo. El presidente, Joe Biden, explic\u00f3 en un comunicado que bajo su direcci\u00f3n las fuerzas\u2026","rel":"","context":"En \u00abSin categor\u00eda\u00bb","block_context":{"text":"Sin categor\u00eda","link":"https:\/\/lasprimeras.com.do\/index.php\/category\/sin-categoria\/"},"img":{"alt_text":"","src":"https:\/\/i0.wp.com\/lasprimeras.com.do\/wp-content\/uploads\/2024\/01\/WhatsApp-Image-2024-01-11-at-9.04.36-PM-4.webp?resize=350%2C200&ssl=1","width":350,"height":200,"srcset":"https:\/\/i0.wp.com\/lasprimeras.com.do\/wp-content\/uploads\/2024\/01\/WhatsApp-Image-2024-01-11-at-9.04.36-PM-4.webp?resize=350%2C200&ssl=1 1x, https:\/\/i0.wp.com\/lasprimeras.com.do\/wp-content\/uploads\/2024\/01\/WhatsApp-Image-2024-01-11-at-9.04.36-PM-4.webp?resize=525%2C300&ssl=1 1.5x"},"classes":[]}],"jetpack_sharing_enabled":true,"_links":{"self":[{"href":"https:\/\/lasprimeras.com.do\/index.php\/wp-json\/wp\/v2\/posts\/74358","targetHints":{"allow":["GET"]}}],"collection":[{"href":"https:\/\/lasprimeras.com.do\/index.php\/wp-json\/wp\/v2\/posts"}],"about":[{"href":"https:\/\/lasprimeras.com.do\/index.php\/wp-json\/wp\/v2\/types\/post"}],"author":[{"embeddable":true,"href":"https:\/\/lasprimeras.com.do\/index.php\/wp-json\/wp\/v2\/users\/2"}],"replies":[{"embeddable":true,"href":"https:\/\/lasprimeras.com.do\/index.php\/wp-json\/wp\/v2\/comments?post=74358"}],"version-history":[{"count":1,"href":"https:\/\/lasprimeras.com.do\/index.php\/wp-json\/wp\/v2\/posts\/74358\/revisions"}],"predecessor-version":[{"id":74360,"href":"https:\/\/lasprimeras.com.do\/index.php\/wp-json\/wp\/v2\/posts\/74358\/revisions\/74360"}],"wp:featuredmedia":[{"embeddable":true,"href":"https:\/\/lasprimeras.com.do\/index.php\/wp-json\/wp\/v2\/media\/74359"}],"wp:attachment":[{"href":"https:\/\/lasprimeras.com.do\/index.php\/wp-json\/wp\/v2\/media?parent=74358"}],"wp:term":[{"taxonomy":"category","embeddable":true,"href":"https:\/\/lasprimeras.com.do\/index.php\/wp-json\/wp\/v2\/categories?post=74358"},{"taxonomy":"post_tag","embeddable":true,"href":"https:\/\/lasprimeras.com.do\/index.php\/wp-json\/wp\/v2\/tags?post=74358"}],"curies":[{"name":"wp","href":"https:\/\/api.w.org\/{rel}","templated":true}]}}