{"id":74361,"date":"2024-01-22T21:42:32","date_gmt":"2024-01-23T01:42:32","guid":{"rendered":"https:\/\/lasprimeras.com.do\/?p=74361"},"modified":"2024-01-22T21:42:34","modified_gmt":"2024-01-23T01:42:34","slug":"modi-inaugura-un-templo-hindu-sobre-las-ruinas-de-una-mezquita","status":"publish","type":"post","link":"https:\/\/lasprimeras.com.do\/index.php\/2024\/01\/22\/modi-inaugura-un-templo-hindu-sobre-las-ruinas-de-una-mezquita\/","title":{"rendered":"Modi inaugura un templo hind\u00fa sobre las ruinas de una mezquita"},"content":{"rendered":"\n<p>POR BISWAJEET BANERJEE, SHEIKH SAALIQ Y KRUTIKA PATHI<\/p>\n\n\n\n<p>AYODHYA, India (AP) \u2014 El primer ministro indio, Narendra Modi, inaugur\u00f3 el lunes un controvertido templo hind\u00fa construido sobre las ruinas de una mezquita hist\u00f3rica en la ciudad norte\u00f1a de Ayodhya, en un triunfo pol\u00edtico para el l\u00edder populista que busca transformar el pa\u00eds de una democracia secular en un estado hind\u00fa.<\/p>\n\n\n\n<p>El templo est\u00e1 dedicado a Lord Ram del hinduismo y satisface una demanda de larga data de millones de hind\u00faes que adoran a la venerada deidad y lo ensalzan por las virtudes de la verdad, el sacrificio y el gobierno \u00e9tico.<\/p>\n\n\n\n<p>El partido de Modi y otros grupos nacionalistas hind\u00faes que aprovecharon la demanda han retratado el templo como central para su visi\u00f3n de recuperar el orgullo hind\u00fa, que dicen fue suprimido por siglos de dominio mogol y colonialismo brit\u00e1nico.<\/p>\n\n\n\n<p>Modi y su gobernante Partido Bharatiya Janata esperan que la apertura del templo ayude a catapultar al primer ministro a un tercer mandato consecutivo r\u00e9cord en las elecciones previstas para esta primavera. Pero con el templo a\u00fan en construcci\u00f3n, los cr\u00edticos acusan a Modi de una apertura apresurada para atraer a los votantes.<\/p>\n\n\n\n<p>Modi, vestido con una t\u00fanica kurta tradicional, dirigi\u00f3 la ceremonia de apertura mientras los sacerdotes hind\u00faes cantaban himnos dentro del santuario interior del templo, donde la semana pasada se instal\u00f3 una escultura de piedra de 1,3 metros (4,3 pies) de Lord Ram.<\/p>\n\n\n\n<p>Un sacerdote hizo sonar una caracola para marcar la apertura del templo y Modi coloc\u00f3 una flor de loto frente al \u00eddolo de piedra negra, adornado con intrincados adornos dorados y sosteniendo un arco y una flecha dorados. Posteriormente se postr\u00f3 ante el \u00eddolo.<\/p>\n\n\n\n<p>Casi 7.500 personas, entre ellas industriales de \u00e9lite, pol\u00edticos y estrellas de cine, presenciaron el ritual en una pantalla gigante fuera del templo mientras un helic\u00f3ptero militar arrojaba p\u00e9talos de flores.<\/p>\n\n\n\n<p>\u201cNuestro Lord Ram ha llegado despu\u00e9s de siglos de espera\u201d, dijo Modi en un discurso tras la ceremonia, recibiendo un sonoro aplauso de miles de asistentes. Dijo que el templo fue construido despu\u00e9s de \u201cinnumerables sacrificios\u201d y es testimonio de una India en ascenso que \u201crompi\u00f3 los grilletes de la mentalidad esclava\u201d.<\/p>\n\n\n\n<p>&#8220;Ene. El 22 de diciembre de 2024 no es simplemente una fecha, sino que marca el comienzo de una nueva era\u201d, dijo Modi.<\/p>\n","protected":false},"excerpt":{"rendered":"<p>POR BISWAJEET BANERJEE, SHEIKH SAALIQ Y KRUTIKA PATHI AYODHYA, India (AP) \u2014 El primer ministro indio, Narendra Modi, inaugur\u00f3 el lunes un controvertido templo hind\u00fa construido sobre las ruinas de&hellip;<\/p>\n","protected":false},"author":2,"featured_media":74362,"comment_status":"open","ping_status":"open","sticky":false,"template":"","format":"standard","meta":{"content-type":"","jetpack_post_was_ever_published":false,"_jetpack_newsletter_access":"","_jetpack_dont_email_post_to_subs":false,"_jetpack_newsletter_tier_id":0,"_jetpack_memberships_contains_paywalled_content":false,"_jetpack_memberships_contains_paid_content":false,"footnotes":""},"categories":[1],"tags":[11185,373,11188,11186,11187,11189],"class_list":["post-74361","post","type-post","status-publish","format-standard","has-post-thumbnail","hentry","category-sin-categoria","tag-mezquita","tag-ministro","tag-modi","tag-ruinas","tag-templo-hindu","tag-triunfo-politico"],"jetpack_featured_media_url":"https:\/\/lasprimeras.com.do\/wp-content\/uploads\/2024\/01\/hindu.jpg","jetpack-related-posts":[{"id":59842,"url":"https:\/\/lasprimeras.com.do\/index.php\/2023\/09\/08\/biden-y-modi-buscan-estrechar-los-lazos-entre-estados-unidos-e-india-a-medida-que-aumentan-las-preocupaciones-sobre-china\/","url_meta":{"origin":74361,"position":0},"title":"Biden y Modi buscan estrechar los lazos entre Estados Unidos e India a medida que aumentan las preocupaciones sobre China","author":"Nelson Feliz","date":"8 de septiembre de 2023","format":false,"excerpt":"POR AAMER MADHANI Y JOSH BOAK NUEVA DELHI (AP) \u2014 El presidente Joe Biden y el primer ministro Narendra Modi ciertamente est\u00e1n dedicando tiempo a cultivar su relaci\u00f3n. Menos de tres meses despu\u00e9s de honrar a Modi con una visita de Estado a la Casa Blanca, Biden llegar\u00e1 a Nueva\u2026","rel":"","context":"En \u00abSin categor\u00eda\u00bb","block_context":{"text":"Sin categor\u00eda","link":"https:\/\/lasprimeras.com.do\/index.php\/category\/sin-categoria\/"},"img":{"alt_text":"Joe Biden y Narendra Modi","src":"https:\/\/i0.wp.com\/lasprimeras.com.do\/wp-content\/uploads\/2023\/09\/Joe-Biden-y-Narendra-Modi.jpg?resize=350%2C200&ssl=1","width":350,"height":200,"srcset":"https:\/\/i0.wp.com\/lasprimeras.com.do\/wp-content\/uploads\/2023\/09\/Joe-Biden-y-Narendra-Modi.jpg?resize=350%2C200&ssl=1 1x, https:\/\/i0.wp.com\/lasprimeras.com.do\/wp-content\/uploads\/2023\/09\/Joe-Biden-y-Narendra-Modi.jpg?resize=525%2C300&ssl=1 1.5x, https:\/\/i0.wp.com\/lasprimeras.com.do\/wp-content\/uploads\/2023\/09\/Joe-Biden-y-Narendra-Modi.jpg?resize=700%2C400&ssl=1 2x"},"classes":[]},{"id":66611,"url":"https:\/\/lasprimeras.com.do\/index.php\/2023\/11\/08\/india-prohibe-las-protestas-que-apoyan-a-los-palestinos\/","url_meta":{"origin":74361,"position":1},"title":"India proh\u00edbe las protestas que apoyan a los palestinos","author":"Nelson Feliz","date":"8 de noviembre de 2023","format":false,"excerpt":"Los analistas dicen que un cambio a favor de Israel ayuda en casa. POR AIJAZ HUSSAIN Y SHEIKH SAALIQ SRINAGAR, India (AP) \u2014 Desde las capitales occidentales hasta los estados musulmanes, las manifestaciones de protesta por la guerra entre Israel y Hamas han copado los titulares. Pero un lugar conocido\u2026","rel":"","context":"En \u00abSin categor\u00eda\u00bb","block_context":{"text":"Sin categor\u00eda","link":"https:\/\/lasprimeras.com.do\/index.php\/category\/sin-categoria\/"},"img":{"alt_text":"Narendra Modi","src":"https:\/\/i0.wp.com\/lasprimeras.com.do\/wp-content\/uploads\/2023\/11\/Narendra-Modi.jpg?resize=350%2C200&ssl=1","width":350,"height":200,"srcset":"https:\/\/i0.wp.com\/lasprimeras.com.do\/wp-content\/uploads\/2023\/11\/Narendra-Modi.jpg?resize=350%2C200&ssl=1 1x, https:\/\/i0.wp.com\/lasprimeras.com.do\/wp-content\/uploads\/2023\/11\/Narendra-Modi.jpg?resize=525%2C300&ssl=1 1.5x, https:\/\/i0.wp.com\/lasprimeras.com.do\/wp-content\/uploads\/2023\/11\/Narendra-Modi.jpg?resize=700%2C400&ssl=1 2x"},"classes":[]},{"id":95084,"url":"https:\/\/lasprimeras.com.do\/index.php\/2025\/03\/09\/911-intensifica-busqueda-con-drones-de-joven-hindu-desaparecida-en-punta-cana\/","url_meta":{"origin":74361,"position":2},"title":"911 intensifica b\u00fasqueda con drones de joven hind\u00fa desaparecida en Punta Cana","author":"Nelson Feliz","date":"9 de marzo de 2025","format":false,"excerpt":"El Sistema Nacional de Atenci\u00f3n a Emergencias y Seguridad 911 informa que ha intensificado las labores de apoyo en la b\u00fasqueda de la joven de origen hind\u00fa, Sudiksha Konanki, de 20 a\u00f1os, desaparecida desde el 6 de marzo de 2025 en la playa del Hotel Riu Rep\u00fablica, en Punta Cana.\u2026","rel":"","context":"En \u00abNACIONALES\u00bb","block_context":{"text":"NACIONALES","link":"https:\/\/lasprimeras.com.do\/index.php\/category\/nacionales\/"},"img":{"alt_text":"","src":"https:\/\/i0.wp.com\/lasprimeras.com.do\/wp-content\/uploads\/2025\/03\/911-intensifica-apoyo-en-la-buisqueda-de-joven-hindui-desaparecida-en-Punta-Cana-con-despliegue-de-equipos-de-dronesWhatsApp-Image-2025-03-09-at-3.35.26-PM-3.jpg?resize=350%2C200&ssl=1","width":350,"height":200,"srcset":"https:\/\/i0.wp.com\/lasprimeras.com.do\/wp-content\/uploads\/2025\/03\/911-intensifica-apoyo-en-la-buisqueda-de-joven-hindui-desaparecida-en-Punta-Cana-con-despliegue-de-equipos-de-dronesWhatsApp-Image-2025-03-09-at-3.35.26-PM-3.jpg?resize=350%2C200&ssl=1 1x, https:\/\/i0.wp.com\/lasprimeras.com.do\/wp-content\/uploads\/2025\/03\/911-intensifica-apoyo-en-la-buisqueda-de-joven-hindui-desaparecida-en-Punta-Cana-con-despliegue-de-equipos-de-dronesWhatsApp-Image-2025-03-09-at-3.35.26-PM-3.jpg?resize=525%2C300&ssl=1 1.5x, https:\/\/i0.wp.com\/lasprimeras.com.do\/wp-content\/uploads\/2025\/03\/911-intensifica-apoyo-en-la-buisqueda-de-joven-hindui-desaparecida-en-Punta-Cana-con-despliegue-de-equipos-de-dronesWhatsApp-Image-2025-03-09-at-3.35.26-PM-3.jpg?resize=700%2C400&ssl=1 2x"},"classes":[]},{"id":51296,"url":"https:\/\/lasprimeras.com.do\/index.php\/2023\/05\/30\/accidente-de-bus-deja-10-muertos-y-55-heridos-en-cachemira-india\/","url_meta":{"origin":74361,"position":3},"title":"Accidente de bus deja 10 muertos y 55 heridos en Cachemira india","author":"prenxa100","date":"30 de mayo de 2023","format":false,"excerpt":"SRINAGAR, India, AP.-. Al menos 10 personas fallecieron el martes y otras 55 resultaron heridas cuando un autob\u00fas que llevaba a peregrinos hind\u00faes a un santuario en la zona de Cachemira controlada por India cay\u00f3 desde un puente de la autopista a un desfiladero en el Himalaya, dijo la polic\u00eda.\u2026","rel":"","context":"En \u00abSin categor\u00eda\u00bb","block_context":{"text":"Sin categor\u00eda","link":"https:\/\/lasprimeras.com.do\/index.php\/category\/sin-categoria\/"},"img":{"alt_text":"","src":"","width":0,"height":0},"classes":[]},{"id":68749,"url":"https:\/\/lasprimeras.com.do\/index.php\/2023\/11\/27\/india-empieza-la-arriesgada-perforacion-vertical-para-sacar-a-los-41-trabajadores-del-tunel\/","url_meta":{"origin":74361,"position":4},"title":"India empieza la arriesgada perforaci\u00f3n vertical para sacar a los 41 trabajadores del t\u00fanel","author":"Nelson Feliz","date":"27 de noviembre de 2023","format":false,"excerpt":"Los equipos de rescate han activado un plan B que se podr\u00eda demorar un mes para sacar a los operarios de la monta\u00f1a en la que ya acumulan dos semanas. Adri\u00e1n Foncillas Pek\u00edn.-. El \u00faltimo contratiempo ha sumado varios cap\u00edtulos a la epopeya del t\u00fanel indio cuando ya se escrib\u00eda\u2026","rel":"","context":"En \u00abSin categor\u00eda\u00bb","block_context":{"text":"Sin categor\u00eda","link":"https:\/\/lasprimeras.com.do\/index.php\/category\/sin-categoria\/"},"img":{"alt_text":"tunel","src":"https:\/\/i0.wp.com\/lasprimeras.com.do\/wp-content\/uploads\/2023\/11\/tunel.jpg?resize=350%2C200&ssl=1","width":350,"height":200},"classes":[]},{"id":98052,"url":"https:\/\/lasprimeras.com.do\/index.php\/2025\/05\/01\/rubio-llama-a-india-y-pakistan-en-un-intento-de-aliviar-la-crisis-tras-ataque-en-cachemira\/","url_meta":{"origin":74361,"position":5},"title":"Rubio llama a India y Pakist\u00e1n en un intento de aliviar la crisis tras ataque en Cachemira","author":"Nelson Feliz","date":"1 de mayo de 2025","format":false,"excerpt":"POR SHEIKH SAALIQ and MUNIR AHMED NUEVA DELHI (AP) \u2014 El Secretario de Estado de Estados Unidos, Marco Rubio, llam\u00f3 a altos funcionarios de India y Pakist\u00e1n en un esfuerzo por apaciguar la crisis desencadenada por el letal ataque de la semana pasada en Cachemira, inform\u00f3 el Departamento de Estado.\u2026","rel":"","context":"En \u00abINTERNACIONALES\u00bb","block_context":{"text":"INTERNACIONALES","link":"https:\/\/lasprimeras.com.do\/index.php\/category\/sin-categoria\/internacionales\/"},"img":{"alt_text":"","src":"https:\/\/i0.wp.com\/lasprimeras.com.do\/wp-content\/uploads\/2025\/05\/FRONTE.jpg?resize=350%2C200&ssl=1","width":350,"height":200,"srcset":"https:\/\/i0.wp.com\/lasprimeras.com.do\/wp-content\/uploads\/2025\/05\/FRONTE.jpg?resize=350%2C200&ssl=1 1x, https:\/\/i0.wp.com\/lasprimeras.com.do\/wp-content\/uploads\/2025\/05\/FRONTE.jpg?resize=525%2C300&ssl=1 1.5x, https:\/\/i0.wp.com\/lasprimeras.com.do\/wp-content\/uploads\/2025\/05\/FRONTE.jpg?resize=700%2C400&ssl=1 2x"},"classes":[]}],"jetpack_sharing_enabled":true,"_links":{"self":[{"href":"https:\/\/lasprimeras.com.do\/index.php\/wp-json\/wp\/v2\/posts\/74361","targetHints":{"allow":["GET"]}}],"collection":[{"href":"https:\/\/lasprimeras.com.do\/index.php\/wp-json\/wp\/v2\/posts"}],"about":[{"href":"https:\/\/lasprimeras.com.do\/index.php\/wp-json\/wp\/v2\/types\/post"}],"author":[{"embeddable":true,"href":"https:\/\/lasprimeras.com.do\/index.php\/wp-json\/wp\/v2\/users\/2"}],"replies":[{"embeddable":true,"href":"https:\/\/lasprimeras.com.do\/index.php\/wp-json\/wp\/v2\/comments?post=74361"}],"version-history":[{"count":1,"href":"https:\/\/lasprimeras.com.do\/index.php\/wp-json\/wp\/v2\/posts\/74361\/revisions"}],"predecessor-version":[{"id":74363,"href":"https:\/\/lasprimeras.com.do\/index.php\/wp-json\/wp\/v2\/posts\/74361\/revisions\/74363"}],"wp:featuredmedia":[{"embeddable":true,"href":"https:\/\/lasprimeras.com.do\/index.php\/wp-json\/wp\/v2\/media\/74362"}],"wp:attachment":[{"href":"https:\/\/lasprimeras.com.do\/index.php\/wp-json\/wp\/v2\/media?parent=74361"}],"wp:term":[{"taxonomy":"category","embeddable":true,"href":"https:\/\/lasprimeras.com.do\/index.php\/wp-json\/wp\/v2\/categories?post=74361"},{"taxonomy":"post_tag","embeddable":true,"href":"https:\/\/lasprimeras.com.do\/index.php\/wp-json\/wp\/v2\/tags?post=74361"}],"curies":[{"name":"wp","href":"https:\/\/api.w.org\/{rel}","templated":true}]}}