{"id":74364,"date":"2024-01-22T21:51:33","date_gmt":"2024-01-23T01:51:33","guid":{"rendered":"https:\/\/lasprimeras.com.do\/?p=74364"},"modified":"2024-01-22T21:51:35","modified_gmt":"2024-01-23T01:51:35","slug":"joseph-boakai-asume-como-presidente-de-liberia","status":"publish","type":"post","link":"https:\/\/lasprimeras.com.do\/index.php\/2024\/01\/22\/joseph-boakai-asume-como-presidente-de-liberia\/","title":{"rendered":"Joseph Boakai asume como presidente de Liberia"},"content":{"rendered":"\n<p><strong>El nuevo presidente tom\u00f3 juramento con la promesa de &#8220;rescatar&#8221; a la rep\u00fablica m\u00e1s antigua de \u00c1frica.<\/strong><\/p>\n\n\n\n<p>POR MARK N. MENGONFIA Y CHINEDU ASADU<\/p>\n\n\n\n<p>MONROVIA, Liberia (AP) \u2014 El nuevo presidente de Liberia, Joseph Boakai , tom\u00f3 juramento el lunes despu\u00e9s de su estrecha victoria en las elecciones de noviembre.<\/p>\n\n\n\n<p>Boakai, que a sus 79 a\u00f1os se ha convertido en el presidente de mayor edad del pa\u00eds, prometi\u00f3 unir y rescatar a la rep\u00fablica m\u00e1s antigua de \u00c1frica de sus problemas econ\u00f3micos.<\/p>\n\n\n\n<p>\u201cEl partidismo debe dar paso al nacionalismo\u201d, dijo Boakai a los ciudadanos y miembros de la delegaci\u00f3n extranjera que asistieron a su ceremonia de toma de posesi\u00f3n en Monrovia, la capital de Liberia.<\/p>\n\n\n\n<p>Enumer\u00f3 como sus prioridades mejorar la observancia del Estado de derecho, luchar contra la corrupci\u00f3n y renovar \u201cla esperanza perdida\u201d de los ciudadanos.<\/p>\n\n\n\n<p>La ceremonia, sin embargo, termin\u00f3 abruptamente despu\u00e9s de que Boakai, que vest\u00eda el traje tradicional liberiano para la ocasi\u00f3n, comenzara a mostrar signos de angustia f\u00edsica mientras hablaba.<\/p>\n\n\n\n<p>Los funcionarios lo sacaron del podio despu\u00e9s de que intent\u00f3 sin \u00e9xito continuar con su discurso.<\/p>\n\n\n\n<p>Un portavoz del partido pol\u00edtico de Boakai dijo que la debilidad del presidente era causada por el calor y no ten\u00eda nada que ver con su salud.<\/p>\n\n\n\n<p>Boakai ha desestimado las preocupaciones sobre su edad, argumentando que viene con una gran experiencia y logros que beneficiar\u00edan al pa\u00eds.<\/p>\n\n\n\n<p>Gan\u00f3 una re\u00f1ida segunda vuelta para derrotar al presidente m\u00e1s joven de la historia de Liberia, George Weah.<\/p>\n\n\n\n<p>La buena voluntad del p\u00fablico hacia la leyenda del f\u00fatbol convertida en pol\u00edtico Weah disminuy\u00f3 a medida que se acercaba el final de su primer mandato de seis a\u00f1os.<\/p>\n\n\n\n<p>Los cr\u00edticos lo acusaron de no cumplir sus promesas de campa\u00f1a de arreglar la debilitada econom\u00eda de Liberia, erradicar la corrupci\u00f3n y garantizar justicia para las v\u00edctimas de las guerras civiles consecutivas del pa\u00eds entre 1989 y 2003.<\/p>\n\n\n\n<p>Boakai, que obtuvo un t\u00edtulo universitario en administraci\u00f3n de empresas, ha participado activamente en la pol\u00edtica nacional de Liberia desde la d\u00e9cada de 1980, cuando se desempe\u00f1aba como ministro de Agricultura.<\/p>\n\n\n\n<p>A partir de 2006, pas\u00f3 12 a\u00f1os como vicepresidente bajo la primera l\u00edder mujer democr\u00e1ticamente elegida en \u00c1frica, Ellen Johnson Sirleaf.<\/p>\n\n\n\n<p>Perdi\u00f3 su primera candidatura a la presidencia en 2017 ante Weah, quien reemplaz\u00f3 a Sirleaf en la primera transferencia democr\u00e1tica de poder en la naci\u00f3n de \u00c1frica Occidental desde el fin de sus guerras civiles.<\/p>\n\n\n\n<p>Boakai promocion\u00f3 su segunda campa\u00f1a presidencial como una misi\u00f3n de rescate para liberar a los liberianos de lo que describi\u00f3 como el liderazgo fallido de Weah.<\/p>\n","protected":false},"excerpt":{"rendered":"<p>El nuevo presidente tom\u00f3 juramento con la promesa de &#8220;rescatar&#8221; a la rep\u00fablica m\u00e1s antigua de \u00c1frica. POR MARK N. MENGONFIA Y CHINEDU ASADU MONROVIA, Liberia (AP) \u2014 El nuevo&hellip;<\/p>\n","protected":false},"author":2,"featured_media":74365,"comment_status":"open","ping_status":"open","sticky":false,"template":"","format":"standard","meta":{"content-type":"","jetpack_post_was_ever_published":false,"_jetpack_newsletter_access":"","_jetpack_dont_email_post_to_subs":false,"_jetpack_newsletter_tier_id":0,"_jetpack_memberships_contains_paywalled_content":false,"_jetpack_memberships_contains_paid_content":false,"footnotes":""},"categories":[1],"tags":[11190,11191,935],"class_list":["post-74364","post","type-post","status-publish","format-standard","has-post-thumbnail","hentry","category-sin-categoria","tag-joseph-boakai","tag-liberia","tag-presidente"],"jetpack_featured_media_url":"https:\/\/lasprimeras.com.do\/wp-content\/uploads\/2024\/01\/Joseph-Boakai.jpg","jetpack-related-posts":[{"id":103006,"url":"https:\/\/lasprimeras.com.do\/index.php\/2025\/07\/10\/muchos-liberianos-se-ofenden-despues-de-que-trump-elogia-el-ingles-de-su-presidente\/","url_meta":{"origin":74364,"position":0},"title":"Muchos liberianos se ofenden despu\u00e9s de que Trump elogia el ingl\u00e9s de su presidente","author":"Nelson Feliz","date":"10 de julio de 2025","format":false,"excerpt":"Por MARK MENGONFIA, MONIKA PRONCZUK y WILSON MCMAKIN MONROVIA, Liberia (AP) \u2014 Los elogios del presidente estadounidense Donald Trump al \u201chermoso\u201d ingl\u00e9s del presidente de Liberia, Joseph Boakai, provocaron confusi\u00f3n el jueves en el pa\u00eds africano de habla inglesa y resentimiento por lo que muchos consideraron comentarios condescendientes. \u00abQu\u00e9 buen\u2026","rel":"","context":"En \u00abINTERNACIONALES\u00bb","block_context":{"text":"INTERNACIONALES","link":"https:\/\/lasprimeras.com.do\/index.php\/category\/sin-categoria\/internacionales\/"},"img":{"alt_text":"","src":"https:\/\/i0.wp.com\/lasprimeras.com.do\/wp-content\/uploads\/2025\/07\/Donald-Trump-2.jpg?resize=350%2C200&ssl=1","width":350,"height":200,"srcset":"https:\/\/i0.wp.com\/lasprimeras.com.do\/wp-content\/uploads\/2025\/07\/Donald-Trump-2.jpg?resize=350%2C200&ssl=1 1x, https:\/\/i0.wp.com\/lasprimeras.com.do\/wp-content\/uploads\/2025\/07\/Donald-Trump-2.jpg?resize=525%2C300&ssl=1 1.5x, https:\/\/i0.wp.com\/lasprimeras.com.do\/wp-content\/uploads\/2025\/07\/Donald-Trump-2.jpg?resize=700%2C400&ssl=1 2x"},"classes":[]},{"id":102735,"url":"https:\/\/lasprimeras.com.do\/index.php\/2025\/07\/08\/rebeldes-huties-de-yemen-atacan-un-barco-en-el-mar-rojo-tras-afirmar-que-hundieron-otro\/","url_meta":{"origin":74364,"position":1},"title":"Rebeldes hut\u00edes de Yemen atacan un barco en el mar Rojo tras afirmar que hundieron otro","author":"Nelson Feliz","date":"8 de julio de 2025","format":false,"excerpt":"POR JON GAMBRELL DUB\u00c1I, Emiratos \u00c1rabes Unidos (AP) \u2014 Los rebeldes hut\u00edes de Yemen continuaron el martes un ataque de varias horas contra un buque de carga con bandera de Liberia en el mar Rojo, seg\u00fan informaron las autoridades, despu\u00e9s de que el grupo afirmara haber hundido otra embarcaci\u00f3n en\u2026","rel":"","context":"En \u00abINTERNACIONALES\u00bb","block_context":{"text":"INTERNACIONALES","link":"https:\/\/lasprimeras.com.do\/index.php\/category\/sin-categoria\/internacionales\/"},"img":{"alt_text":"","src":"https:\/\/i0.wp.com\/lasprimeras.com.do\/wp-content\/uploads\/2025\/07\/eternity-c.jpg?resize=350%2C200&ssl=1","width":350,"height":200,"srcset":"https:\/\/i0.wp.com\/lasprimeras.com.do\/wp-content\/uploads\/2025\/07\/eternity-c.jpg?resize=350%2C200&ssl=1 1x, https:\/\/i0.wp.com\/lasprimeras.com.do\/wp-content\/uploads\/2025\/07\/eternity-c.jpg?resize=525%2C300&ssl=1 1.5x, https:\/\/i0.wp.com\/lasprimeras.com.do\/wp-content\/uploads\/2025\/07\/eternity-c.jpg?resize=700%2C400&ssl=1 2x"},"classes":[]},{"id":102824,"url":"https:\/\/lasprimeras.com.do\/index.php\/2025\/07\/09\/rescatistas-buscan-sobrevivientes-tras-el-ataque-huti-a-un-carguero-en-el-mar-rojo\/","url_meta":{"origin":74364,"position":2},"title":"Rescatistas buscan sobrevivientes tras el ataque hut\u00ed a un carguero en el mar Rojo","author":"Nelson Feliz","date":"9 de julio de 2025","format":false,"excerpt":"POR JON GAMBRELL DUB\u00c1I, Emiratos \u00c1rabes Unidos (AP) \u2014 Los rescatistas emprendieron el mi\u00e9rcoles una b\u00fasqueda de sobrevivientes de un carguero con bandera de Liberia que fue atacado por los rebeldes hut\u00edes de Yemen en el mar Rojo, seg\u00fan informaron las autoridades. Al menos tres marineros murieron y dos resultaron\u2026","rel":"","context":"En \u00abINTERNACIONALES\u00bb","block_context":{"text":"INTERNACIONALES","link":"https:\/\/lasprimeras.com.do\/index.php\/category\/sin-categoria\/internacionales\/"},"img":{"alt_text":"","src":"https:\/\/i0.wp.com\/lasprimeras.com.do\/wp-content\/uploads\/2025\/07\/eternity-c-1.jpg?resize=350%2C200&ssl=1","width":350,"height":200,"srcset":"https:\/\/i0.wp.com\/lasprimeras.com.do\/wp-content\/uploads\/2025\/07\/eternity-c-1.jpg?resize=350%2C200&ssl=1 1x, https:\/\/i0.wp.com\/lasprimeras.com.do\/wp-content\/uploads\/2025\/07\/eternity-c-1.jpg?resize=525%2C300&ssl=1 1.5x, https:\/\/i0.wp.com\/lasprimeras.com.do\/wp-content\/uploads\/2025\/07\/eternity-c-1.jpg?resize=700%2C400&ssl=1 2x"},"classes":[]},{"id":68698,"url":"https:\/\/lasprimeras.com.do\/index.php\/2023\/11\/27\/udc-rechaza-mediacion-de-tony-blair-en-conflicto-del-masacre\/","url_meta":{"origin":74364,"position":3},"title":"UDC rechaza mediaci\u00f3n de Tony Blair en conflicto del Masacre","author":"Nelson Feliz","date":"27 de noviembre de 2023","format":false,"excerpt":"Luis \u201cEl Gallo\u201d alerta de maniobras peligrosas ocultas. El presidente de la Uni\u00f3n Dem\u00f3crata Cristiana -UDC-, Luis Acosta Moreta, Luis \u201cEl Gallo\u201d, rechaz\u00f3 hoy la mediaci\u00f3n del ex-primer ministro brit\u00e1nico Tony Blair, en el diferendo en torno al desv\u00edo de las aguas del r\u00edo Masacre. Apunt\u00f3 que Blair no es\u2026","rel":"","context":"En \u00abPORTADA\u00bb","block_context":{"text":"PORTADA","link":"https:\/\/lasprimeras.com.do\/index.php\/category\/portada\/"},"img":{"alt_text":"Luis Abinader Y Tony Blair","src":"https:\/\/i0.wp.com\/lasprimeras.com.do\/wp-content\/uploads\/2023\/11\/Luis-Abinader-Y-Tony-Blair.jpg?resize=350%2C200&ssl=1","width":350,"height":200,"srcset":"https:\/\/i0.wp.com\/lasprimeras.com.do\/wp-content\/uploads\/2023\/11\/Luis-Abinader-Y-Tony-Blair.jpg?resize=350%2C200&ssl=1 1x, https:\/\/i0.wp.com\/lasprimeras.com.do\/wp-content\/uploads\/2023\/11\/Luis-Abinader-Y-Tony-Blair.jpg?resize=525%2C300&ssl=1 1.5x, https:\/\/i0.wp.com\/lasprimeras.com.do\/wp-content\/uploads\/2023\/11\/Luis-Abinader-Y-Tony-Blair.jpg?resize=700%2C400&ssl=1 2x"},"classes":[]},{"id":60524,"url":"https:\/\/lasprimeras.com.do\/index.php\/2023\/09\/15\/claude-joseph-sobre-el-rio-masacre-el-presidente-luis-abinader-esta-explotando-politicamente-el-tema\/","url_meta":{"origin":74364,"position":4},"title":"Claude Joseph sobre el R\u00edo Masacre: &#8220;El presidente Luis Abinader est\u00e1 explotando pol\u00edticamente el tema&#8221;","author":"Nelson Feliz","date":"15 de septiembre de 2023","format":false,"excerpt":"El presidente dominicano, Luis Abinader, reiter\u00f3 ayer que ordenar\u00e1 el cierre total de la frontera si a partir del jueves contin\u00faa la construcci\u00f3n del canal. El ex primer ministro haitiano Claude Joseph afirm\u00f3 este martes que la construcci\u00f3n de un canal de riego en su pa\u00eds para tomar agua de\u2026","rel":"","context":"En \u00abPORTADA\u00bb","block_context":{"text":"PORTADA","link":"https:\/\/lasprimeras.com.do\/index.php\/category\/portada\/"},"img":{"alt_text":"Claude Joseph","src":"https:\/\/i0.wp.com\/lasprimeras.com.do\/wp-content\/uploads\/2023\/09\/Claude-Joseph.jpeg?resize=350%2C200&ssl=1","width":350,"height":200,"srcset":"https:\/\/i0.wp.com\/lasprimeras.com.do\/wp-content\/uploads\/2023\/09\/Claude-Joseph.jpeg?resize=350%2C200&ssl=1 1x, https:\/\/i0.wp.com\/lasprimeras.com.do\/wp-content\/uploads\/2023\/09\/Claude-Joseph.jpeg?resize=525%2C300&ssl=1 1.5x, https:\/\/i0.wp.com\/lasprimeras.com.do\/wp-content\/uploads\/2023\/09\/Claude-Joseph.jpeg?resize=700%2C400&ssl=1 2x"},"classes":[]},{"id":120111,"url":"https:\/\/lasprimeras.com.do\/index.php\/2026\/01\/20\/fuerzas-de-eeuu-en-el-caribe-incautan-septimo-buque-petrolero-sancionado-ligado-a-venezuela\/","url_meta":{"origin":74364,"position":5},"title":"Fuerzas de EEUU en el Caribe incautan s\u00e9ptimo buque petrolero sancionado ligado a Venezuela","author":"Nelson Feliz","date":"20 de enero de 2026","format":false,"excerpt":"POR KONSTANTIN TOROPIN and MICHAEL BIESECKER WASHINGTON (AP) \u2014 Las fuerzas militares de Estados Unidos abordaron y tomaron el mando de un s\u00e9ptimo buque petrolero vinculado con Venezuela el martes, mientras el gobierno del presidente Donald Trump mantiene sus esfuerzos por asumir el control del petr\u00f3leo del pa\u00eds sudamericano. El\u2026","rel":"","context":"En \u00abINTERNACIONALES\u00bb","block_context":{"text":"INTERNACIONALES","link":"https:\/\/lasprimeras.com.do\/index.php\/category\/sin-categoria\/internacionales\/"},"img":{"alt_text":"Fuerzas de EEUU en el Caribe","src":"https:\/\/i0.wp.com\/lasprimeras.com.do\/wp-content\/uploads\/2026\/01\/Fuerzas-de-EEUU-en-el-Caribe.jpg?resize=350%2C200&ssl=1","width":350,"height":200,"srcset":"https:\/\/i0.wp.com\/lasprimeras.com.do\/wp-content\/uploads\/2026\/01\/Fuerzas-de-EEUU-en-el-Caribe.jpg?resize=350%2C200&ssl=1 1x, https:\/\/i0.wp.com\/lasprimeras.com.do\/wp-content\/uploads\/2026\/01\/Fuerzas-de-EEUU-en-el-Caribe.jpg?resize=525%2C300&ssl=1 1.5x, https:\/\/i0.wp.com\/lasprimeras.com.do\/wp-content\/uploads\/2026\/01\/Fuerzas-de-EEUU-en-el-Caribe.jpg?resize=700%2C400&ssl=1 2x"},"classes":[]}],"jetpack_sharing_enabled":true,"_links":{"self":[{"href":"https:\/\/lasprimeras.com.do\/index.php\/wp-json\/wp\/v2\/posts\/74364","targetHints":{"allow":["GET"]}}],"collection":[{"href":"https:\/\/lasprimeras.com.do\/index.php\/wp-json\/wp\/v2\/posts"}],"about":[{"href":"https:\/\/lasprimeras.com.do\/index.php\/wp-json\/wp\/v2\/types\/post"}],"author":[{"embeddable":true,"href":"https:\/\/lasprimeras.com.do\/index.php\/wp-json\/wp\/v2\/users\/2"}],"replies":[{"embeddable":true,"href":"https:\/\/lasprimeras.com.do\/index.php\/wp-json\/wp\/v2\/comments?post=74364"}],"version-history":[{"count":1,"href":"https:\/\/lasprimeras.com.do\/index.php\/wp-json\/wp\/v2\/posts\/74364\/revisions"}],"predecessor-version":[{"id":74366,"href":"https:\/\/lasprimeras.com.do\/index.php\/wp-json\/wp\/v2\/posts\/74364\/revisions\/74366"}],"wp:featuredmedia":[{"embeddable":true,"href":"https:\/\/lasprimeras.com.do\/index.php\/wp-json\/wp\/v2\/media\/74365"}],"wp:attachment":[{"href":"https:\/\/lasprimeras.com.do\/index.php\/wp-json\/wp\/v2\/media?parent=74364"}],"wp:term":[{"taxonomy":"category","embeddable":true,"href":"https:\/\/lasprimeras.com.do\/index.php\/wp-json\/wp\/v2\/categories?post=74364"},{"taxonomy":"post_tag","embeddable":true,"href":"https:\/\/lasprimeras.com.do\/index.php\/wp-json\/wp\/v2\/tags?post=74364"}],"curies":[{"name":"wp","href":"https:\/\/api.w.org\/{rel}","templated":true}]}}